{"id":221508,"date":"2026-02-22T09:04:00","date_gmt":"2026-02-22T12:04:00","guid":{"rendered":"https:\/\/portaltela.pt\/noticias\/2026\/02\/22\/carro-incendiado-na-a2-junto-a-saida-para-o-ic21\/"},"modified":"2026-02-22T09:04:00","modified_gmt":"2026-02-22T12:04:00","slug":"carro-incendiado-na-a2-junto-a-saida-para-o-ic21","status":"publish","type":"post","link":"https:\/\/portaltela.pt\/noticias\/2026\/02\/22\/carro-incendiado-na-a2-junto-a-saida-para-o-ic21\/","title":{"rendered":"Carro incendiado na A2, junto \u00e0 sa\u00edda para o IC21"},"content":{"rendered":"<p>Um inc\u00eandio est\u00e1 a ocorrer na A2, junto \u00e0 sa\u00edda para o IC21. O fogo envolve um carro, segundo o Centro Municipal de Defesa (CM). As autoridades j\u00e1 enviaram meios para o local.<\/p>\n<p>Os bombeiros envolvidos s\u00e3o os de Barreiro, Palmela e Amora, que j\u00e1 trabalham no combate \u00e0s chamas. N\u00e3o h\u00e1 registo de v\u00edtimas, e os ocupantes do ve\u00edculo foram retirados a salvo.<\/p>\n<p>O incidente ocorreu entre as duas portagens de Coina, com o tr\u00e2nsito inicialmente condicionado. Atualmente, o tr\u00e1fego j\u00e1 circula sem constrangimentos. O alerta foi dado por volta das 11h10.<\/p>\n<h3>Situa\u00e7\u00e3o de circula\u00e7\u00e3o<\/h3>\n<p>As autoridades mant\u00eam vigil\u00e2ncia sobre a evolu\u00e7\u00e3o da interven\u00e7\u00e3o e o restabelecimento da normalidade na circula\u00e7\u00e3o na zona afectada. N\u00e3o foram divulgadas causas oficiais do fogo.<\/p>\n","protected":false},"excerpt":{"rendered":"<ul>\n<li>Inc\u00eandio ativo na A2, pr\u00f3ximo da sa\u00edda para o IC21, envolvendo um autom\u00f3vel.<\/li>\n<li>Corpo de bombeiros do Barreiro, Palmela e Amora est\u00e1 a combater as chamas.<\/li>\n<li>N\u00e3o h\u00e1 v\u00edtimas reportadas; passageiros foram retirados do ve\u00edculo em seguran\u00e7a.<\/li>\n<li>O fogo ocorreu entre as duas portagens de Coina; o tr\u00e2nsito j\u00e1 circula sem constrangimentos.<\/li>\n<li>O alerta foi dado por volta das 11h10.<\/li>\n<\/ul>\n","protected":false},"author":2,"featured_media":221509,"comment_status":"closed","ping_status":"closed","sticky":false,"template":"","format":"standard","meta":{"footnotes":""},"categories":[1],"tags":[5487,3354,1056,1438,1066,1629],"class_list":["post-221508","post","type-post","status-publish","format-standard","has-post-thumbnail","hentry","category-noticias","tag-acidente","tag-amora","tag-barreiro","tag-incendio","tag-palmela","tag-transito"],"yoast_head":"<!-- This site is optimized with the Yoast SEO plugin v27.2 - https:\/\/yoast.com\/product\/yoast-seo-wordpress\/ -->\n<title>Carro incendiado na A2, junto \u00e0 sa\u00edda para o IC21 - Portal Tela Portugal<\/title>\n<meta name=\"robots\" content=\"index, follow, max-snippet:-1, max-image-preview:large, max-video-preview:-1\" \/>\n<meta property=\"og:locale\" content=\"pt_PT\" \/>\n<meta property=\"og:type\" content=\"article\" \/>\n<meta property=\"og:title\" content=\"Carro incendiado na A2, junto \u00e0 sa\u00edda para o IC21 - Portal Tela Portugal\" \/>\n<meta property=\"og:description\" content=\"Inc\u00eandio ativo na A2, pr\u00f3ximo da sa\u00edda para o IC21, envolvendo um autom\u00f3vel. Corpo de bombeiros do Barreiro, Palmela e Amora est\u00e1 a combater as chamas. N\u00e3o h\u00e1 v\u00edtimas reportadas; passageiros foram retirados do ve\u00edculo em seguran\u00e7a. O fogo ocorreu entre as duas portagens de Coina; o tr\u00e2nsito j\u00e1 circula sem constrangimentos. O alerta foi dado por volta das 11h10.\" \/>\n<meta property=\"og:url\" content=\"https:\/\/portaltela.pt\/noticias\/2026\/02\/22\/carro-incendiado-na-a2-junto-a-saida-para-o-ic21\/\" \/>\n<meta property=\"og:site_name\" content=\"Portal Tela Portugal\" \/>\n<meta property=\"article:published_time\" content=\"2026-02-22T12:04:00+00:00\" \/>\n<meta name=\"author\" content=\"Telinha\" \/>\n<meta name=\"twitter:card\" content=\"summary_large_image\" \/>\n<meta name=\"twitter:label1\" content=\"Escrito por\" \/>\n\t<meta name=\"twitter:data1\" content=\"Telinha\" \/>\n\t<meta name=\"twitter:label2\" content=\"Tempo estimado de leitura\" \/>\n\t<meta name=\"twitter:data2\" content=\"1 minuto\" \/>\n<script type=\"application\/ld+json\" class=\"yoast-schema-graph\">{\"@context\":\"https:\/\/schema.org\",\"@graph\":[{\"@type\":\"Article\",\"@id\":\"https:\/\/portaltela.pt\/noticias\/2026\/02\/22\/carro-incendiado-na-a2-junto-a-saida-para-o-ic21\/#article\",\"isPartOf\":{\"@id\":\"https:\/\/portaltela.pt\/noticias\/2026\/02\/22\/carro-incendiado-na-a2-junto-a-saida-para-o-ic21\/\"},\"author\":{\"name\":\"Telinha\",\"@id\":\"https:\/\/portaltela.pt\/#\/schema\/person\/c4278d4a6028830caff9ee44b42d32ed\"},\"headline\":\"Carro incendiado na A2, junto \u00e0 sa\u00edda para o IC21\",\"datePublished\":\"2026-02-22T12:04:00+00:00\",\"mainEntityOfPage\":{\"@id\":\"https:\/\/portaltela.pt\/noticias\/2026\/02\/22\/carro-incendiado-na-a2-junto-a-saida-para-o-ic21\/\"},\"wordCount\":147,\"image\":{\"@id\":\"https:\/\/portaltela.pt\/noticias\/2026\/02\/22\/carro-incendiado-na-a2-junto-a-saida-para-o-ic21\/#primaryimage\"},\"thumbnailUrl\":\"https:\/\/portaltela.pt\/s.01k8rhncp4jt1\/2026\/02\/img_1280x721uu2024-08-18-19-46-14-1728261.jpg\",\"keywords\":[\"acidente\",\"Amora\",\"Barreiro\",\"inc\u00eandio\",\"Palmela\",\"tr\u00e2nsito\"],\"articleSection\":[\"Not\u00edcias\"],\"inLanguage\":\"pt-PT\"},{\"@type\":\"WebPage\",\"@id\":\"https:\/\/portaltela.pt\/noticias\/2026\/02\/22\/carro-incendiado-na-a2-junto-a-saida-para-o-ic21\/\",\"url\":\"https:\/\/portaltela.pt\/noticias\/2026\/02\/22\/carro-incendiado-na-a2-junto-a-saida-para-o-ic21\/\",\"name\":\"Carro incendiado na A2, junto \u00e0 sa\u00edda para o IC21 - Portal Tela Portugal\",\"isPartOf\":{\"@id\":\"https:\/\/portaltela.pt\/#website\"},\"primaryImageOfPage\":{\"@id\":\"https:\/\/portaltela.pt\/noticias\/2026\/02\/22\/carro-incendiado-na-a2-junto-a-saida-para-o-ic21\/#primaryimage\"},\"image\":{\"@id\":\"https:\/\/portaltela.pt\/noticias\/2026\/02\/22\/carro-incendiado-na-a2-junto-a-saida-para-o-ic21\/#primaryimage\"},\"thumbnailUrl\":\"https:\/\/portaltela.pt\/s.01k8rhncp4jt1\/2026\/02\/img_1280x721uu2024-08-18-19-46-14-1728261.jpg\",\"datePublished\":\"2026-02-22T12:04:00+00:00\",\"author\":{\"@id\":\"https:\/\/portaltela.pt\/#\/schema\/person\/c4278d4a6028830caff9ee44b42d32ed\"},\"breadcrumb\":{\"@id\":\"https:\/\/portaltela.pt\/noticias\/2026\/02\/22\/carro-incendiado-na-a2-junto-a-saida-para-o-ic21\/#breadcrumb\"},\"inLanguage\":\"pt-PT\",\"potentialAction\":[{\"@type\":\"ReadAction\",\"target\":[\"https:\/\/portaltela.pt\/noticias\/2026\/02\/22\/carro-incendiado-na-a2-junto-a-saida-para-o-ic21\/\"]}]},{\"@type\":\"ImageObject\",\"inLanguage\":\"pt-PT\",\"@id\":\"https:\/\/portaltela.pt\/noticias\/2026\/02\/22\/carro-incendiado-na-a2-junto-a-saida-para-o-ic21\/#primaryimage\",\"url\":\"https:\/\/portaltela.pt\/s.01k8rhncp4jt1\/2026\/02\/img_1280x721uu2024-08-18-19-46-14-1728261.jpg\",\"contentUrl\":\"https:\/\/portaltela.pt\/s.01k8rhncp4jt1\/2026\/02\/img_1280x721uu2024-08-18-19-46-14-1728261.jpg\",\"width\":796,\"height\":448,\"caption\":\"Fogo est\u00e1 a ser combatido pelos bombeiros do Barreiro, Palmela e Amora.\"},{\"@type\":\"BreadcrumbList\",\"@id\":\"https:\/\/portaltela.pt\/noticias\/2026\/02\/22\/carro-incendiado-na-a2-junto-a-saida-para-o-ic21\/#breadcrumb\",\"itemListElement\":[{\"@type\":\"ListItem\",\"position\":1,\"name\":\"In\u00edcio\",\"item\":\"https:\/\/portaltela.pt\/\"},{\"@type\":\"ListItem\",\"position\":2,\"name\":\"Carro incendiado na A2, junto \u00e0 sa\u00edda para o IC21\"}]},{\"@type\":\"WebSite\",\"@id\":\"https:\/\/portaltela.pt\/#website\",\"url\":\"https:\/\/portaltela.pt\/\",\"name\":\"Portal Tela Portugal\",\"description\":\"\",\"potentialAction\":[{\"@type\":\"SearchAction\",\"target\":{\"@type\":\"EntryPoint\",\"urlTemplate\":\"https:\/\/portaltela.pt\/?s={search_term_string}\"},\"query-input\":{\"@type\":\"PropertyValueSpecification\",\"valueRequired\":true,\"valueName\":\"search_term_string\"}}],\"inLanguage\":\"pt-PT\"},{\"@type\":\"Person\",\"@id\":\"https:\/\/portaltela.pt\/#\/schema\/person\/c4278d4a6028830caff9ee44b42d32ed\",\"name\":\"Telinha\",\"image\":{\"@type\":\"ImageObject\",\"inLanguage\":\"pt-PT\",\"@id\":\"https:\/\/portaltela.pt\/s.01k8rhncp4jt1\/2025\/11\/talking-bot-125x125.png\",\"url\":\"https:\/\/portaltela.pt\/s.01k8rhncp4jt1\/2025\/11\/talking-bot-125x125.png\",\"contentUrl\":\"https:\/\/portaltela.pt\/s.01k8rhncp4jt1\/2025\/11\/talking-bot-125x125.png\",\"caption\":\"Telinha\"},\"sameAs\":[\"https:\/\/portaltela.pt\/\"],\"url\":\"https:\/\/portaltela.pt\/por\/367410592786\/\"}]}<\/script>\n<!-- \/ Yoast SEO plugin. -->","yoast_head_json":{"title":"Carro incendiado na A2, junto \u00e0 sa\u00edda para o IC21 - Portal Tela Portugal","robots":{"index":"index","follow":"follow","max-snippet":"max-snippet:-1","max-image-preview":"max-image-preview:large","max-video-preview":"max-video-preview:-1"},"og_locale":"pt_PT","og_type":"article","og_title":"Carro incendiado na A2, junto \u00e0 sa\u00edda para o IC21 - Portal Tela Portugal","og_description":"Inc\u00eandio ativo na A2, pr\u00f3ximo da sa\u00edda para o IC21, envolvendo um autom\u00f3vel. Corpo de bombeiros do Barreiro, Palmela e Amora est\u00e1 a combater as chamas. N\u00e3o h\u00e1 v\u00edtimas reportadas; passageiros foram retirados do ve\u00edculo em seguran\u00e7a. O fogo ocorreu entre as duas portagens de Coina; o tr\u00e2nsito j\u00e1 circula sem constrangimentos. O alerta foi dado por volta das 11h10.","og_url":"https:\/\/portaltela.pt\/noticias\/2026\/02\/22\/carro-incendiado-na-a2-junto-a-saida-para-o-ic21\/","og_site_name":"Portal Tela Portugal","article_published_time":"2026-02-22T12:04:00+00:00","author":"Telinha","twitter_card":"summary_large_image","twitter_misc":{"Escrito por":"Telinha","Tempo estimado de leitura":"1 minuto"},"schema":{"@context":"https:\/\/schema.org","@graph":[{"@type":"Article","@id":"https:\/\/portaltela.pt\/noticias\/2026\/02\/22\/carro-incendiado-na-a2-junto-a-saida-para-o-ic21\/#article","isPartOf":{"@id":"https:\/\/portaltela.pt\/noticias\/2026\/02\/22\/carro-incendiado-na-a2-junto-a-saida-para-o-ic21\/"},"author":{"name":"Telinha","@id":"https:\/\/portaltela.pt\/#\/schema\/person\/c4278d4a6028830caff9ee44b42d32ed"},"headline":"Carro incendiado na A2, junto \u00e0 sa\u00edda para o IC21","datePublished":"2026-02-22T12:04:00+00:00","mainEntityOfPage":{"@id":"https:\/\/portaltela.pt\/noticias\/2026\/02\/22\/carro-incendiado-na-a2-junto-a-saida-para-o-ic21\/"},"wordCount":147,"image":{"@id":"https:\/\/portaltela.pt\/noticias\/2026\/02\/22\/carro-incendiado-na-a2-junto-a-saida-para-o-ic21\/#primaryimage"},"thumbnailUrl":"https:\/\/portaltela.pt\/s.01k8rhncp4jt1\/2026\/02\/img_1280x721uu2024-08-18-19-46-14-1728261.jpg","keywords":["acidente","Amora","Barreiro","inc\u00eandio","Palmela","tr\u00e2nsito"],"articleSection":["Not\u00edcias"],"inLanguage":"pt-PT"},{"@type":"WebPage","@id":"https:\/\/portaltela.pt\/noticias\/2026\/02\/22\/carro-incendiado-na-a2-junto-a-saida-para-o-ic21\/","url":"https:\/\/portaltela.pt\/noticias\/2026\/02\/22\/carro-incendiado-na-a2-junto-a-saida-para-o-ic21\/","name":"Carro incendiado na A2, junto \u00e0 sa\u00edda para o IC21 - Portal Tela Portugal","isPartOf":{"@id":"https:\/\/portaltela.pt\/#website"},"primaryImageOfPage":{"@id":"https:\/\/portaltela.pt\/noticias\/2026\/02\/22\/carro-incendiado-na-a2-junto-a-saida-para-o-ic21\/#primaryimage"},"image":{"@id":"https:\/\/portaltela.pt\/noticias\/2026\/02\/22\/carro-incendiado-na-a2-junto-a-saida-para-o-ic21\/#primaryimage"},"thumbnailUrl":"https:\/\/portaltela.pt\/s.01k8rhncp4jt1\/2026\/02\/img_1280x721uu2024-08-18-19-46-14-1728261.jpg","datePublished":"2026-02-22T12:04:00+00:00","author":{"@id":"https:\/\/portaltela.pt\/#\/schema\/person\/c4278d4a6028830caff9ee44b42d32ed"},"breadcrumb":{"@id":"https:\/\/portaltela.pt\/noticias\/2026\/02\/22\/carro-incendiado-na-a2-junto-a-saida-para-o-ic21\/#breadcrumb"},"inLanguage":"pt-PT","potentialAction":[{"@type":"ReadAction","target":["https:\/\/portaltela.pt\/noticias\/2026\/02\/22\/carro-incendiado-na-a2-junto-a-saida-para-o-ic21\/"]}]},{"@type":"ImageObject","inLanguage":"pt-PT","@id":"https:\/\/portaltela.pt\/noticias\/2026\/02\/22\/carro-incendiado-na-a2-junto-a-saida-para-o-ic21\/#primaryimage","url":"https:\/\/portaltela.pt\/s.01k8rhncp4jt1\/2026\/02\/img_1280x721uu2024-08-18-19-46-14-1728261.jpg","contentUrl":"https:\/\/portaltela.pt\/s.01k8rhncp4jt1\/2026\/02\/img_1280x721uu2024-08-18-19-46-14-1728261.jpg","width":796,"height":448,"caption":"Fogo est\u00e1 a ser combatido pelos bombeiros do Barreiro, Palmela e Amora."},{"@type":"BreadcrumbList","@id":"https:\/\/portaltela.pt\/noticias\/2026\/02\/22\/carro-incendiado-na-a2-junto-a-saida-para-o-ic21\/#breadcrumb","itemListElement":[{"@type":"ListItem","position":1,"name":"In\u00edcio","item":"https:\/\/portaltela.pt\/"},{"@type":"ListItem","position":2,"name":"Carro incendiado na A2, junto \u00e0 sa\u00edda para o IC21"}]},{"@type":"WebSite","@id":"https:\/\/portaltela.pt\/#website","url":"https:\/\/portaltela.pt\/","name":"Portal Tela Portugal","description":"","potentialAction":[{"@type":"SearchAction","target":{"@type":"EntryPoint","urlTemplate":"https:\/\/portaltela.pt\/?s={search_term_string}"},"query-input":{"@type":"PropertyValueSpecification","valueRequired":true,"valueName":"search_term_string"}}],"inLanguage":"pt-PT"},{"@type":"Person","@id":"https:\/\/portaltela.pt\/#\/schema\/person\/c4278d4a6028830caff9ee44b42d32ed","name":"Telinha","image":{"@type":"ImageObject","inLanguage":"pt-PT","@id":"https:\/\/portaltela.pt\/s.01k8rhncp4jt1\/2025\/11\/talking-bot-125x125.png","url":"https:\/\/portaltela.pt\/s.01k8rhncp4jt1\/2025\/11\/talking-bot-125x125.png","contentUrl":"https:\/\/portaltela.pt\/s.01k8rhncp4jt1\/2025\/11\/talking-bot-125x125.png","caption":"Telinha"},"sameAs":["https:\/\/portaltela.pt\/"],"url":"https:\/\/portaltela.pt\/por\/367410592786\/"}]}},"_links":{"self":[{"href":"https:\/\/portaltela.pt\/api\/wp\/v2\/posts\/221508","targetHints":{"allow":["GET"]}}],"collection":[{"href":"https:\/\/portaltela.pt\/api\/wp\/v2\/posts"}],"about":[{"href":"https:\/\/portaltela.pt\/api\/wp\/v2\/types\/post"}],"author":[{"embeddable":true,"href":"https:\/\/portaltela.pt\/api\/wp\/v2\/users\/2"}],"replies":[{"embeddable":true,"href":"https:\/\/portaltela.pt\/api\/wp\/v2\/comments?post=221508"}],"version-history":[{"count":0,"href":"https:\/\/portaltela.pt\/api\/wp\/v2\/posts\/221508\/revisions"}],"wp:featuredmedia":[{"embeddable":true,"href":"https:\/\/portaltela.pt\/api\/wp\/v2\/media\/221509"}],"wp:attachment":[{"href":"https:\/\/portaltela.pt\/api\/wp\/v2\/media?parent=221508"}],"wp:term":[{"taxonomy":"category","embeddable":true,"href":"https:\/\/portaltela.pt\/api\/wp\/v2\/categories?post=221508"},{"taxonomy":"post_tag","embeddable":true,"href":"https:\/\/portaltela.pt\/api\/wp\/v2\/tags?post=221508"}],"curies":[{"name":"wp","href":"https:\/\/api.w.org\/{rel}","templated":true}]}}