{"id":221479,"date":"2026-02-22T08:27:00","date_gmt":"2026-02-22T11:27:00","guid":{"rendered":"https:\/\/portaltela.pt\/noticias\/2026\/02\/22\/quatro-lideres-do-anonymous-detidos-por-ciberataques-a-orgaos-em-espanha\/"},"modified":"2026-02-22T08:27:00","modified_gmt":"2026-02-22T11:27:00","slug":"quatro-lideres-do-anonymous-detidos-por-ciberataques-a-orgaos-em-espanha","status":"publish","type":"post","link":"https:\/\/portaltela.pt\/noticias\/2026\/02\/22\/quatro-lideres-do-anonymous-detidos-por-ciberataques-a-orgaos-em-espanha\/","title":{"rendered":"Quatro l\u00edderes do Anonymous detidos por ciberataques a \u00f3rg\u00e3os em Espanha"},"content":{"rendered":"<p>Os quatro l\u00edderes do Anonymous F\u00e9nix, grupo espanhol de hackers, foram detidos pela Guardia Civil por suspeita de ciberataques a organismos p\u00fablicos. A opera\u00e7\u00e3o seguiu-se \u00e0 trag\u00e9dia provocada pela tempestade em Val\u00eancia e envolve a\u00e7\u00f5es de nega\u00e7\u00e3o de servi\u00e7o (DDoS).<\/p>\n<p>Inicialmente, a pol\u00edcia identificou o administrador e o moderador do grupo, detidos em maio, em Alcal\u00e1 de Henares (Madrid) e Oviedo (Ast\u00farias). As informa\u00e7\u00f5es obtidas levaram \u00e0 deten\u00e7\u00e3o de mais dois membros.<\/p>\n<p>Os dois \u00faltimos suspeitos foram detidos em meados deste m\u00eas, em Ibiza e M\u00f3stoles (Madrid), conforme o comunicado da Guardia Civil. O grupo atuava desde abril de 2023, com forte presen\u00e7a na X e no Telegram, divulgando conte\u00fados contra institui\u00e7\u00f5es espanholas e de outros pa\u00edses.<\/p>\n<h3>Desdobramentos<\/h3>\n<p>A partir de setembro de 2024, a atividade cresceu, incluindo recrutamento de volunt\u00e1rios para ciberataques a dom\u00ednios relevantes. Os ataques visavam minist\u00e9rios, partidos pol\u00edticos e institui\u00e7\u00f5es p\u00fablicas, atrav\u00e9s de DDoS para saturar servi\u00e7os digitais.<\/p>\n<p>Como consequ\u00eancia, o perfil do grupo na X e o YouTube foram bloqueados judicialmente, e o canal do Telegram encerrado. A investiga\u00e7\u00e3o \u00e9 coordenada pela Procuradoria da Sala de Criminalidade Inform\u00e1tica, pela Procuradoria de Madrid e pela Plaza 50 da Sec\u00e7\u00e3o de Instru\u00e7\u00e3o do Tribunal de Inst\u00e2ncia de Madrid, com colabora\u00e7\u00e3o do Centro Criptol\u00f3gico Nacional.<\/p>\n","protected":false},"excerpt":{"rendered":"<ul>\n<li>Quatro l\u00edderes do Anonymous F\u00e9nix foram detidos em Espanha por suspeita de ciberataques a organismos p\u00fablicos, incluindo ap\u00f3s a tempestade em Val\u00eancia.<\/li>\n<li>A investiga\u00e7\u00e3o identificou primeiro o administrador e o moderador do grupo, detidos em Alcal\u00e1 de Henares (Madrid) e Oviedo (Ast\u00farias), seguido pela localiza\u00e7\u00e3o de dois membros adicionais em Ibiza e M\u00f3stoles (Madrid).<\/li>\n<li>O grupo atuou desde abril de 2023, com aumento de atividade a partir de setembro de 2024, incluindo recrutamento de volunt\u00e1rios para ataques a dom\u00ednios relevantes, principalmente na rede social X e no Telegram.<\/li>\n<li>Realizava ataques de distruibui\u00e7\u00e3o de nega\u00e7\u00e3o de servi\u00e7o (DDoS) a sites de minist\u00e9rios, partidos pol\u00edticos e institui\u00e7\u00f5es p\u00fablicas, com pico de atividade ap\u00f3s a tempestade em Val\u00eancia.<\/li>\n<li>A opera\u00e7\u00e3o contou com colabora\u00e7\u00e3o do Centro Criptol\u00f3gico Nacional, da Procuradoria da Sala de Criminalidade Inform\u00e1tica, da Procuradoria de Madrid e da Plaza 50 da Sec\u00e7\u00e3o de Instru\u00e7\u00e3o do Tribunal de Inst\u00e2ncia de Madrid; perfis foram bloqueados e o canal do Telegram encerrado.<\/li>\n<\/ul>\n","protected":false},"author":2,"featured_media":221485,"comment_status":"closed","ping_status":"closed","sticky":false,"template":"","format":"standard","meta":{"footnotes":""},"categories":[1],"tags":[1471,2441,2189,217,352,250],"class_list":["post-221479","post","type-post","status-publish","format-standard","has-post-thumbnail","hentry","category-noticias","tag-ciberataque","tag-cybercrime","tag-espana","tag-investigacao-criminal","tag-organizacao-criminosa","tag-seguranca-publica"],"yoast_head":"<!-- This site is optimized with the Yoast SEO plugin v27.2 - https:\/\/yoast.com\/product\/yoast-seo-wordpress\/ -->\n<title>Quatro l\u00edderes do Anonymous detidos por ciberataques a \u00f3rg\u00e3os em Espanha - Portal Tela Portugal<\/title>\n<meta name=\"robots\" content=\"index, follow, max-snippet:-1, max-image-preview:large, max-video-preview:-1\" \/>\n<meta property=\"og:locale\" content=\"pt_PT\" \/>\n<meta property=\"og:type\" content=\"article\" \/>\n<meta property=\"og:title\" content=\"Quatro l\u00edderes do Anonymous detidos por ciberataques a \u00f3rg\u00e3os em Espanha - Portal Tela Portugal\" \/>\n<meta property=\"og:description\" content=\"Quatro l\u00edderes do Anonymous F\u00e9nix foram detidos em Espanha por suspeita de ciberataques a organismos p\u00fablicos, incluindo ap\u00f3s a tempestade em Val\u00eancia. A investiga\u00e7\u00e3o identificou primeiro o administrador e o moderador do grupo, detidos em Alcal\u00e1 de Henares (Madrid) e Oviedo (Ast\u00farias), seguido pela localiza\u00e7\u00e3o de dois membros adicionais em Ibiza e M\u00f3stoles (Madrid). O grupo atuou desde abril de 2023, com aumento de atividade a partir de setembro de 2024, incluindo recrutamento de volunt\u00e1rios para ataques a dom\u00ednios relevantes, principalmente na rede social X e no Telegram. Realizava ataques de distruibui\u00e7\u00e3o de nega\u00e7\u00e3o de servi\u00e7o (DDoS) a sites de minist\u00e9rios, partidos pol\u00edticos e institui\u00e7\u00f5es p\u00fablicas, com pico de atividade ap\u00f3s a tempestade em Val\u00eancia. A opera\u00e7\u00e3o contou com colabora\u00e7\u00e3o do Centro Criptol\u00f3gico Nacional, da Procuradoria da Sala de Criminalidade Inform\u00e1tica, da Procuradoria de Madrid e da Plaza 50 da Sec\u00e7\u00e3o de Instru\u00e7\u00e3o do Tribunal de Inst\u00e2ncia de Madrid; perfis foram bloqueados e o canal do Telegram encerrado.\" \/>\n<meta property=\"og:url\" content=\"https:\/\/portaltela.pt\/noticias\/2026\/02\/22\/quatro-lideres-do-anonymous-detidos-por-ciberataques-a-orgaos-em-espanha\/\" \/>\n<meta property=\"og:site_name\" content=\"Portal Tela Portugal\" \/>\n<meta property=\"article:published_time\" content=\"2026-02-22T11:27:00+00:00\" \/>\n<meta name=\"author\" content=\"Telinha\" \/>\n<meta name=\"twitter:card\" content=\"summary_large_image\" \/>\n<meta name=\"twitter:label1\" content=\"Escrito por\" \/>\n\t<meta name=\"twitter:data1\" content=\"Telinha\" \/>\n\t<meta name=\"twitter:label2\" content=\"Tempo estimado de leitura\" \/>\n\t<meta name=\"twitter:data2\" content=\"1 minuto\" \/>\n<script type=\"application\/ld+json\" class=\"yoast-schema-graph\">{\"@context\":\"https:\/\/schema.org\",\"@graph\":[{\"@type\":\"Article\",\"@id\":\"https:\/\/portaltela.pt\/noticias\/2026\/02\/22\/quatro-lideres-do-anonymous-detidos-por-ciberataques-a-orgaos-em-espanha\/#article\",\"isPartOf\":{\"@id\":\"https:\/\/portaltela.pt\/noticias\/2026\/02\/22\/quatro-lideres-do-anonymous-detidos-por-ciberataques-a-orgaos-em-espanha\/\"},\"author\":{\"name\":\"Telinha\",\"@id\":\"https:\/\/portaltela.pt\/#\/schema\/person\/c4278d4a6028830caff9ee44b42d32ed\"},\"headline\":\"Quatro l\u00edderes do Anonymous detidos por ciberataques a \u00f3rg\u00e3os em Espanha\",\"datePublished\":\"2026-02-22T11:27:00+00:00\",\"mainEntityOfPage\":{\"@id\":\"https:\/\/portaltela.pt\/noticias\/2026\/02\/22\/quatro-lideres-do-anonymous-detidos-por-ciberataques-a-orgaos-em-espanha\/\"},\"wordCount\":249,\"image\":{\"@id\":\"https:\/\/portaltela.pt\/noticias\/2026\/02\/22\/quatro-lideres-do-anonymous-detidos-por-ciberataques-a-orgaos-em-espanha\/#primaryimage\"},\"thumbnailUrl\":\"https:\/\/portaltela.pt\/s.01k8rhncp4jt1\/2026\/02\/image-1621.jpg\",\"keywords\":[\"ciberataque\",\"cybercrime\",\"Espa\u00f1a\",\"investiga\u00e7\u00e3o criminal\",\"organiza\u00e7\u00e3o criminosa\",\"seguran\u00e7a p\u00fablica\"],\"articleSection\":[\"Not\u00edcias\"],\"inLanguage\":\"pt-PT\"},{\"@type\":\"WebPage\",\"@id\":\"https:\/\/portaltela.pt\/noticias\/2026\/02\/22\/quatro-lideres-do-anonymous-detidos-por-ciberataques-a-orgaos-em-espanha\/\",\"url\":\"https:\/\/portaltela.pt\/noticias\/2026\/02\/22\/quatro-lideres-do-anonymous-detidos-por-ciberataques-a-orgaos-em-espanha\/\",\"name\":\"Quatro l\u00edderes do Anonymous detidos por ciberataques a \u00f3rg\u00e3os em Espanha - Portal Tela Portugal\",\"isPartOf\":{\"@id\":\"https:\/\/portaltela.pt\/#website\"},\"primaryImageOfPage\":{\"@id\":\"https:\/\/portaltela.pt\/noticias\/2026\/02\/22\/quatro-lideres-do-anonymous-detidos-por-ciberataques-a-orgaos-em-espanha\/#primaryimage\"},\"image\":{\"@id\":\"https:\/\/portaltela.pt\/noticias\/2026\/02\/22\/quatro-lideres-do-anonymous-detidos-por-ciberataques-a-orgaos-em-espanha\/#primaryimage\"},\"thumbnailUrl\":\"https:\/\/portaltela.pt\/s.01k8rhncp4jt1\/2026\/02\/image-1621.jpg\",\"datePublished\":\"2026-02-22T11:27:00+00:00\",\"author\":{\"@id\":\"https:\/\/portaltela.pt\/#\/schema\/person\/c4278d4a6028830caff9ee44b42d32ed\"},\"breadcrumb\":{\"@id\":\"https:\/\/portaltela.pt\/noticias\/2026\/02\/22\/quatro-lideres-do-anonymous-detidos-por-ciberataques-a-orgaos-em-espanha\/#breadcrumb\"},\"inLanguage\":\"pt-PT\",\"potentialAction\":[{\"@type\":\"ReadAction\",\"target\":[\"https:\/\/portaltela.pt\/noticias\/2026\/02\/22\/quatro-lideres-do-anonymous-detidos-por-ciberataques-a-orgaos-em-espanha\/\"]}]},{\"@type\":\"ImageObject\",\"inLanguage\":\"pt-PT\",\"@id\":\"https:\/\/portaltela.pt\/noticias\/2026\/02\/22\/quatro-lideres-do-anonymous-detidos-por-ciberataques-a-orgaos-em-espanha\/#primaryimage\",\"url\":\"https:\/\/portaltela.pt\/s.01k8rhncp4jt1\/2026\/02\/image-1621.jpg\",\"contentUrl\":\"https:\/\/portaltela.pt\/s.01k8rhncp4jt1\/2026\/02\/image-1621.jpg\",\"width\":796,\"height\":448,\"caption\":\"Hacker in data security concept. Hacker using laptop. Hacking the Internet. Cyber attack.\"},{\"@type\":\"BreadcrumbList\",\"@id\":\"https:\/\/portaltela.pt\/noticias\/2026\/02\/22\/quatro-lideres-do-anonymous-detidos-por-ciberataques-a-orgaos-em-espanha\/#breadcrumb\",\"itemListElement\":[{\"@type\":\"ListItem\",\"position\":1,\"name\":\"In\u00edcio\",\"item\":\"https:\/\/portaltela.pt\/\"},{\"@type\":\"ListItem\",\"position\":2,\"name\":\"Quatro l\u00edderes do Anonymous detidos por ciberataques a \u00f3rg\u00e3os em Espanha\"}]},{\"@type\":\"WebSite\",\"@id\":\"https:\/\/portaltela.pt\/#website\",\"url\":\"https:\/\/portaltela.pt\/\",\"name\":\"Portal Tela Portugal\",\"description\":\"\",\"potentialAction\":[{\"@type\":\"SearchAction\",\"target\":{\"@type\":\"EntryPoint\",\"urlTemplate\":\"https:\/\/portaltela.pt\/?s={search_term_string}\"},\"query-input\":{\"@type\":\"PropertyValueSpecification\",\"valueRequired\":true,\"valueName\":\"search_term_string\"}}],\"inLanguage\":\"pt-PT\"},{\"@type\":\"Person\",\"@id\":\"https:\/\/portaltela.pt\/#\/schema\/person\/c4278d4a6028830caff9ee44b42d32ed\",\"name\":\"Telinha\",\"image\":{\"@type\":\"ImageObject\",\"inLanguage\":\"pt-PT\",\"@id\":\"https:\/\/portaltela.pt\/s.01k8rhncp4jt1\/2025\/11\/talking-bot-125x125.png\",\"url\":\"https:\/\/portaltela.pt\/s.01k8rhncp4jt1\/2025\/11\/talking-bot-125x125.png\",\"contentUrl\":\"https:\/\/portaltela.pt\/s.01k8rhncp4jt1\/2025\/11\/talking-bot-125x125.png\",\"caption\":\"Telinha\"},\"sameAs\":[\"https:\/\/portaltela.pt\/\"],\"url\":\"https:\/\/portaltela.pt\/por\/367410592786\/\"}]}<\/script>\n<!-- \/ Yoast SEO plugin. -->","yoast_head_json":{"title":"Quatro l\u00edderes do Anonymous detidos por ciberataques a \u00f3rg\u00e3os em Espanha - Portal Tela Portugal","robots":{"index":"index","follow":"follow","max-snippet":"max-snippet:-1","max-image-preview":"max-image-preview:large","max-video-preview":"max-video-preview:-1"},"og_locale":"pt_PT","og_type":"article","og_title":"Quatro l\u00edderes do Anonymous detidos por ciberataques a \u00f3rg\u00e3os em Espanha - Portal Tela Portugal","og_description":"Quatro l\u00edderes do Anonymous F\u00e9nix foram detidos em Espanha por suspeita de ciberataques a organismos p\u00fablicos, incluindo ap\u00f3s a tempestade em Val\u00eancia. A investiga\u00e7\u00e3o identificou primeiro o administrador e o moderador do grupo, detidos em Alcal\u00e1 de Henares (Madrid) e Oviedo (Ast\u00farias), seguido pela localiza\u00e7\u00e3o de dois membros adicionais em Ibiza e M\u00f3stoles (Madrid). O grupo atuou desde abril de 2023, com aumento de atividade a partir de setembro de 2024, incluindo recrutamento de volunt\u00e1rios para ataques a dom\u00ednios relevantes, principalmente na rede social X e no Telegram. Realizava ataques de distruibui\u00e7\u00e3o de nega\u00e7\u00e3o de servi\u00e7o (DDoS) a sites de minist\u00e9rios, partidos pol\u00edticos e institui\u00e7\u00f5es p\u00fablicas, com pico de atividade ap\u00f3s a tempestade em Val\u00eancia. A opera\u00e7\u00e3o contou com colabora\u00e7\u00e3o do Centro Criptol\u00f3gico Nacional, da Procuradoria da Sala de Criminalidade Inform\u00e1tica, da Procuradoria de Madrid e da Plaza 50 da Sec\u00e7\u00e3o de Instru\u00e7\u00e3o do Tribunal de Inst\u00e2ncia de Madrid; perfis foram bloqueados e o canal do Telegram encerrado.","og_url":"https:\/\/portaltela.pt\/noticias\/2026\/02\/22\/quatro-lideres-do-anonymous-detidos-por-ciberataques-a-orgaos-em-espanha\/","og_site_name":"Portal Tela Portugal","article_published_time":"2026-02-22T11:27:00+00:00","author":"Telinha","twitter_card":"summary_large_image","twitter_misc":{"Escrito por":"Telinha","Tempo estimado de leitura":"1 minuto"},"schema":{"@context":"https:\/\/schema.org","@graph":[{"@type":"Article","@id":"https:\/\/portaltela.pt\/noticias\/2026\/02\/22\/quatro-lideres-do-anonymous-detidos-por-ciberataques-a-orgaos-em-espanha\/#article","isPartOf":{"@id":"https:\/\/portaltela.pt\/noticias\/2026\/02\/22\/quatro-lideres-do-anonymous-detidos-por-ciberataques-a-orgaos-em-espanha\/"},"author":{"name":"Telinha","@id":"https:\/\/portaltela.pt\/#\/schema\/person\/c4278d4a6028830caff9ee44b42d32ed"},"headline":"Quatro l\u00edderes do Anonymous detidos por ciberataques a \u00f3rg\u00e3os em Espanha","datePublished":"2026-02-22T11:27:00+00:00","mainEntityOfPage":{"@id":"https:\/\/portaltela.pt\/noticias\/2026\/02\/22\/quatro-lideres-do-anonymous-detidos-por-ciberataques-a-orgaos-em-espanha\/"},"wordCount":249,"image":{"@id":"https:\/\/portaltela.pt\/noticias\/2026\/02\/22\/quatro-lideres-do-anonymous-detidos-por-ciberataques-a-orgaos-em-espanha\/#primaryimage"},"thumbnailUrl":"https:\/\/portaltela.pt\/s.01k8rhncp4jt1\/2026\/02\/image-1621.jpg","keywords":["ciberataque","cybercrime","Espa\u00f1a","investiga\u00e7\u00e3o criminal","organiza\u00e7\u00e3o criminosa","seguran\u00e7a p\u00fablica"],"articleSection":["Not\u00edcias"],"inLanguage":"pt-PT"},{"@type":"WebPage","@id":"https:\/\/portaltela.pt\/noticias\/2026\/02\/22\/quatro-lideres-do-anonymous-detidos-por-ciberataques-a-orgaos-em-espanha\/","url":"https:\/\/portaltela.pt\/noticias\/2026\/02\/22\/quatro-lideres-do-anonymous-detidos-por-ciberataques-a-orgaos-em-espanha\/","name":"Quatro l\u00edderes do Anonymous detidos por ciberataques a \u00f3rg\u00e3os em Espanha - Portal Tela Portugal","isPartOf":{"@id":"https:\/\/portaltela.pt\/#website"},"primaryImageOfPage":{"@id":"https:\/\/portaltela.pt\/noticias\/2026\/02\/22\/quatro-lideres-do-anonymous-detidos-por-ciberataques-a-orgaos-em-espanha\/#primaryimage"},"image":{"@id":"https:\/\/portaltela.pt\/noticias\/2026\/02\/22\/quatro-lideres-do-anonymous-detidos-por-ciberataques-a-orgaos-em-espanha\/#primaryimage"},"thumbnailUrl":"https:\/\/portaltela.pt\/s.01k8rhncp4jt1\/2026\/02\/image-1621.jpg","datePublished":"2026-02-22T11:27:00+00:00","author":{"@id":"https:\/\/portaltela.pt\/#\/schema\/person\/c4278d4a6028830caff9ee44b42d32ed"},"breadcrumb":{"@id":"https:\/\/portaltela.pt\/noticias\/2026\/02\/22\/quatro-lideres-do-anonymous-detidos-por-ciberataques-a-orgaos-em-espanha\/#breadcrumb"},"inLanguage":"pt-PT","potentialAction":[{"@type":"ReadAction","target":["https:\/\/portaltela.pt\/noticias\/2026\/02\/22\/quatro-lideres-do-anonymous-detidos-por-ciberataques-a-orgaos-em-espanha\/"]}]},{"@type":"ImageObject","inLanguage":"pt-PT","@id":"https:\/\/portaltela.pt\/noticias\/2026\/02\/22\/quatro-lideres-do-anonymous-detidos-por-ciberataques-a-orgaos-em-espanha\/#primaryimage","url":"https:\/\/portaltela.pt\/s.01k8rhncp4jt1\/2026\/02\/image-1621.jpg","contentUrl":"https:\/\/portaltela.pt\/s.01k8rhncp4jt1\/2026\/02\/image-1621.jpg","width":796,"height":448,"caption":"Hacker in data security concept. Hacker using laptop. Hacking the Internet. Cyber attack."},{"@type":"BreadcrumbList","@id":"https:\/\/portaltela.pt\/noticias\/2026\/02\/22\/quatro-lideres-do-anonymous-detidos-por-ciberataques-a-orgaos-em-espanha\/#breadcrumb","itemListElement":[{"@type":"ListItem","position":1,"name":"In\u00edcio","item":"https:\/\/portaltela.pt\/"},{"@type":"ListItem","position":2,"name":"Quatro l\u00edderes do Anonymous detidos por ciberataques a \u00f3rg\u00e3os em Espanha"}]},{"@type":"WebSite","@id":"https:\/\/portaltela.pt\/#website","url":"https:\/\/portaltela.pt\/","name":"Portal Tela Portugal","description":"","potentialAction":[{"@type":"SearchAction","target":{"@type":"EntryPoint","urlTemplate":"https:\/\/portaltela.pt\/?s={search_term_string}"},"query-input":{"@type":"PropertyValueSpecification","valueRequired":true,"valueName":"search_term_string"}}],"inLanguage":"pt-PT"},{"@type":"Person","@id":"https:\/\/portaltela.pt\/#\/schema\/person\/c4278d4a6028830caff9ee44b42d32ed","name":"Telinha","image":{"@type":"ImageObject","inLanguage":"pt-PT","@id":"https:\/\/portaltela.pt\/s.01k8rhncp4jt1\/2025\/11\/talking-bot-125x125.png","url":"https:\/\/portaltela.pt\/s.01k8rhncp4jt1\/2025\/11\/talking-bot-125x125.png","contentUrl":"https:\/\/portaltela.pt\/s.01k8rhncp4jt1\/2025\/11\/talking-bot-125x125.png","caption":"Telinha"},"sameAs":["https:\/\/portaltela.pt\/"],"url":"https:\/\/portaltela.pt\/por\/367410592786\/"}]}},"_links":{"self":[{"href":"https:\/\/portaltela.pt\/api\/wp\/v2\/posts\/221479","targetHints":{"allow":["GET"]}}],"collection":[{"href":"https:\/\/portaltela.pt\/api\/wp\/v2\/posts"}],"about":[{"href":"https:\/\/portaltela.pt\/api\/wp\/v2\/types\/post"}],"author":[{"embeddable":true,"href":"https:\/\/portaltela.pt\/api\/wp\/v2\/users\/2"}],"replies":[{"embeddable":true,"href":"https:\/\/portaltela.pt\/api\/wp\/v2\/comments?post=221479"}],"version-history":[{"count":0,"href":"https:\/\/portaltela.pt\/api\/wp\/v2\/posts\/221479\/revisions"}],"wp:featuredmedia":[{"embeddable":true,"href":"https:\/\/portaltela.pt\/api\/wp\/v2\/media\/221485"}],"wp:attachment":[{"href":"https:\/\/portaltela.pt\/api\/wp\/v2\/media?parent=221479"}],"wp:term":[{"taxonomy":"category","embeddable":true,"href":"https:\/\/portaltela.pt\/api\/wp\/v2\/categories?post=221479"},{"taxonomy":"post_tag","embeddable":true,"href":"https:\/\/portaltela.pt\/api\/wp\/v2\/tags?post=221479"}],"curies":[{"name":"wp","href":"https:\/\/api.w.org\/{rel}","templated":true}]}}