{"id":221460,"date":"2026-02-22T07:56:05","date_gmt":"2026-02-22T10:56:05","guid":{"rendered":"https:\/\/portaltela.pt\/noticias\/2026\/02\/22\/nova-camisola-do-benfica-envolve-lukebakio-antonio-silva-e-salvio\/"},"modified":"2026-02-22T07:56:05","modified_gmt":"2026-02-22T10:56:05","slug":"nova-camisola-do-benfica-envolve-lukebakio-antonio-silva-e-salvio","status":"publish","type":"post","link":"https:\/\/portaltela.pt\/desporto\/futebol\/2026\/02\/22\/nova-camisola-do-benfica-envolve-lukebakio-antonio-silva-e-salvio\/","title":{"rendered":"Nova camisola do Benfica envolve Lukebakio, Ant\u00f3nio Silva e Salvio"},"content":{"rendered":"<p>O Benfica estreou uma nova camisola no encontro frente ao AVS SAD, registando uma vit\u00f3ria por 3-0. A pe\u00e7a, que visa celebrar a liga\u00e7\u00e3o entre o clube e o futebol de rua, foi apresentada durante o jogo. A estreia ocorreu no \u00e2mbito de uma parceria com o artista Vhils.<\/p>\n<p>A pele zela pela mem\u00f3ria do desporto de rua, segundo a interpreta\u00e7\u00e3o do clube. A camisola nasceu de uma colabora\u00e7\u00e3o com Vhils, refer\u00eancia nacional e internacional nas artes urbanas. O pedido para estrear o equipamento foi formalizado junto do marketing da Liga Portugal h\u00e1 cerca de duas semanas.<\/p>\n<h3>Parceria e divulga\u00e7\u00e3o<\/h3>\n<p>No lan\u00e7amento nas redes, o Benfica partilhou um v\u00eddeo com Lukebakio, Ant\u00f3nio Silva, Diogo Prioste, Henrique Ara\u00fajo, Jo\u00e3o Rego e An\u00edsio em tom de miss\u00e3o ligada a refer\u00eancias pop. O v\u00eddeo gerou curiosidade entre os adeptos, com rea\u00e7\u00f5es a ver crescer o interesse pela camisola.<\/p>\n<p>Entretanto, a rea\u00e7\u00e3o entre os f\u00e3s teve eco nas redes sociais, com f\u00e3s a pedir a pe\u00e7a para uso imediato. O antigo jogador Salvio manifestou interesse na camisola, deixando a mensagem de desejar possuir o equipamento.<\/p>\n<p>A apresenta\u00e7\u00e3o foi acompanhada pela cobertura habitual das plataformas oficiais do clube, sem conte\u00fado adicional de opini\u00e3o. A iniciativa refor\u00e7a a estrat\u00e9gia de imagem do Benfica, associando o clube a artistas de renome e a uma est\u00e9tica urbana.<\/p>\n","protected":false},"excerpt":{"rendered":"<ul>\n<li>O Benfica estreou uma nova camisola, criada em parceria com o artista Vhils, no jogo frente ao AVS SAD, que terminou 3-0 para as \u00c1guias.<\/li>\n<li>A pe\u00e7a assinala a liga\u00e7\u00e3o ao futebol de rua, conforme a apresenta\u00e7\u00e3o do clube.<\/li>\n<li>O pedido para estrear o equipamento foi feito h\u00e1 duas semanas ao marketing da Liga Portugal.<\/li>\n<li>O lan\u00e7amento incluiu um v\u00eddeo com Lukebakio, Ant\u00f3nio Silva, Diogo Prioste, Henrique Ara\u00fajo, Jo\u00e3o Rego e An\u00edsio, em tom de miss\u00e3o \u00e0 Lupin.<\/li>\n<li>Nas redes sociais, Salvio comentou: &#8220;Quero uma, Benfica&#8221;, sinalizando o interesse na camisola.<\/li>\n<\/ul>\n","protected":false},"author":2,"featured_media":221461,"comment_status":"closed","ping_status":"closed","sticky":false,"template":"","format":"standard","meta":{"footnotes":""},"categories":[21,24],"tags":[70,1984,1946,152,32,5367],"class_list":["post-221460","post","type-post","status-publish","format-standard","has-post-thumbnail","hentry","category-desporto","category-futebol","tag-arte","tag-avs-sad","tag-benfica","tag-desporto","tag-futebol","tag-vhils"],"yoast_head":"<!-- This site is optimized with the Yoast SEO plugin v27.2 - https:\/\/yoast.com\/product\/yoast-seo-wordpress\/ -->\n<title>Nova camisola do Benfica envolve Lukebakio, Ant\u00f3nio Silva e Salvio - Portal Tela Portugal<\/title>\n<meta name=\"robots\" content=\"index, follow, max-snippet:-1, max-image-preview:large, max-video-preview:-1\" \/>\n<meta property=\"og:locale\" content=\"pt_PT\" \/>\n<meta property=\"og:type\" content=\"article\" \/>\n<meta property=\"og:title\" content=\"Nova camisola do Benfica envolve Lukebakio, Ant\u00f3nio Silva e Salvio - Portal Tela Portugal\" \/>\n<meta property=\"og:description\" content=\"O Benfica estreou uma nova camisola, criada em parceria com o artista Vhils, no jogo frente ao AVS SAD, que terminou 3-0 para as \u00c1guias. A pe\u00e7a assinala a liga\u00e7\u00e3o ao futebol de rua, conforme a apresenta\u00e7\u00e3o do clube. O pedido para estrear o equipamento foi feito h\u00e1 duas semanas ao marketing da Liga Portugal. O lan\u00e7amento incluiu um v\u00eddeo com Lukebakio, Ant\u00f3nio Silva, Diogo Prioste, Henrique Ara\u00fajo, Jo\u00e3o Rego e An\u00edsio, em tom de miss\u00e3o \u00e0 Lupin. Nas redes sociais, Salvio comentou: &quot;Quero uma, Benfica&quot;, sinalizando o interesse na camisola.\" \/>\n<meta property=\"og:url\" content=\"https:\/\/portaltela.pt\/noticias\/2026\/02\/22\/nova-camisola-do-benfica-envolve-lukebakio-antonio-silva-e-salvio\/\" \/>\n<meta property=\"og:site_name\" content=\"Portal Tela Portugal\" \/>\n<meta property=\"article:published_time\" content=\"2026-02-22T10:56:05+00:00\" \/>\n<meta name=\"author\" content=\"Telinha\" \/>\n<meta name=\"twitter:card\" content=\"summary_large_image\" \/>\n<meta name=\"twitter:label1\" content=\"Escrito por\" \/>\n\t<meta name=\"twitter:data1\" content=\"Telinha\" \/>\n\t<meta name=\"twitter:label2\" content=\"Tempo estimado de leitura\" \/>\n\t<meta name=\"twitter:data2\" content=\"1 minuto\" \/>\n<script type=\"application\/ld+json\" class=\"yoast-schema-graph\">{\"@context\":\"https:\/\/schema.org\",\"@graph\":[{\"@type\":\"Article\",\"@id\":\"https:\/\/portaltela.pt\/noticias\/2026\/02\/22\/nova-camisola-do-benfica-envolve-lukebakio-antonio-silva-e-salvio\/#article\",\"isPartOf\":{\"@id\":\"https:\/\/portaltela.pt\/noticias\/2026\/02\/22\/nova-camisola-do-benfica-envolve-lukebakio-antonio-silva-e-salvio\/\"},\"author\":{\"name\":\"Telinha\",\"@id\":\"https:\/\/portaltela.pt\/#\/schema\/person\/c4278d4a6028830caff9ee44b42d32ed\"},\"headline\":\"Nova camisola do Benfica envolve Lukebakio, Ant\u00f3nio Silva e Salvio\",\"datePublished\":\"2026-02-22T10:56:05+00:00\",\"mainEntityOfPage\":{\"@id\":\"https:\/\/portaltela.pt\/noticias\/2026\/02\/22\/nova-camisola-do-benfica-envolve-lukebakio-antonio-silva-e-salvio\/\"},\"wordCount\":258,\"image\":{\"@id\":\"https:\/\/portaltela.pt\/noticias\/2026\/02\/22\/nova-camisola-do-benfica-envolve-lukebakio-antonio-silva-e-salvio\/#primaryimage\"},\"thumbnailUrl\":\"https:\/\/portaltela.pt\/s.01k8rhncp4jt1\/2026\/02\/img_1200x721uu2026-02-22-10-32-36-2423037.jpg\",\"keywords\":[\"arte\",\"AVS SAD\",\"Benfica\",\"desporto\",\"futebol\",\"Vhils\"],\"articleSection\":[\"Desporto\",\"Futebol\"],\"inLanguage\":\"pt-PT\"},{\"@type\":\"WebPage\",\"@id\":\"https:\/\/portaltela.pt\/noticias\/2026\/02\/22\/nova-camisola-do-benfica-envolve-lukebakio-antonio-silva-e-salvio\/\",\"url\":\"https:\/\/portaltela.pt\/noticias\/2026\/02\/22\/nova-camisola-do-benfica-envolve-lukebakio-antonio-silva-e-salvio\/\",\"name\":\"Nova camisola do Benfica envolve Lukebakio, Ant\u00f3nio Silva e Salvio - Portal Tela Portugal\",\"isPartOf\":{\"@id\":\"https:\/\/portaltela.pt\/#website\"},\"primaryImageOfPage\":{\"@id\":\"https:\/\/portaltela.pt\/noticias\/2026\/02\/22\/nova-camisola-do-benfica-envolve-lukebakio-antonio-silva-e-salvio\/#primaryimage\"},\"image\":{\"@id\":\"https:\/\/portaltela.pt\/noticias\/2026\/02\/22\/nova-camisola-do-benfica-envolve-lukebakio-antonio-silva-e-salvio\/#primaryimage\"},\"thumbnailUrl\":\"https:\/\/portaltela.pt\/s.01k8rhncp4jt1\/2026\/02\/img_1200x721uu2026-02-22-10-32-36-2423037.jpg\",\"datePublished\":\"2026-02-22T10:56:05+00:00\",\"author\":{\"@id\":\"https:\/\/portaltela.pt\/#\/schema\/person\/c4278d4a6028830caff9ee44b42d32ed\"},\"breadcrumb\":{\"@id\":\"https:\/\/portaltela.pt\/noticias\/2026\/02\/22\/nova-camisola-do-benfica-envolve-lukebakio-antonio-silva-e-salvio\/#breadcrumb\"},\"inLanguage\":\"pt-PT\",\"potentialAction\":[{\"@type\":\"ReadAction\",\"target\":[\"https:\/\/portaltela.pt\/noticias\/2026\/02\/22\/nova-camisola-do-benfica-envolve-lukebakio-antonio-silva-e-salvio\/\"]}]},{\"@type\":\"ImageObject\",\"inLanguage\":\"pt-PT\",\"@id\":\"https:\/\/portaltela.pt\/noticias\/2026\/02\/22\/nova-camisola-do-benfica-envolve-lukebakio-antonio-silva-e-salvio\/#primaryimage\",\"url\":\"https:\/\/portaltela.pt\/s.01k8rhncp4jt1\/2026\/02\/img_1200x721uu2026-02-22-10-32-36-2423037.jpg\",\"contentUrl\":\"https:\/\/portaltela.pt\/s.01k8rhncp4jt1\/2026\/02\/img_1200x721uu2026-02-22-10-32-36-2423037.jpg\",\"width\":796,\"height\":448,\"caption\":\"Encarnados estrearam equipamento no jogo com o AVS SAD\"},{\"@type\":\"BreadcrumbList\",\"@id\":\"https:\/\/portaltela.pt\/noticias\/2026\/02\/22\/nova-camisola-do-benfica-envolve-lukebakio-antonio-silva-e-salvio\/#breadcrumb\",\"itemListElement\":[{\"@type\":\"ListItem\",\"position\":1,\"name\":\"In\u00edcio\",\"item\":\"https:\/\/portaltela.pt\/\"},{\"@type\":\"ListItem\",\"position\":2,\"name\":\"Nova camisola do Benfica envolve Lukebakio, Ant\u00f3nio Silva e Salvio\"}]},{\"@type\":\"WebSite\",\"@id\":\"https:\/\/portaltela.pt\/#website\",\"url\":\"https:\/\/portaltela.pt\/\",\"name\":\"Portal Tela Portugal\",\"description\":\"\",\"potentialAction\":[{\"@type\":\"SearchAction\",\"target\":{\"@type\":\"EntryPoint\",\"urlTemplate\":\"https:\/\/portaltela.pt\/?s={search_term_string}\"},\"query-input\":{\"@type\":\"PropertyValueSpecification\",\"valueRequired\":true,\"valueName\":\"search_term_string\"}}],\"inLanguage\":\"pt-PT\"},{\"@type\":\"Person\",\"@id\":\"https:\/\/portaltela.pt\/#\/schema\/person\/c4278d4a6028830caff9ee44b42d32ed\",\"name\":\"Telinha\",\"image\":{\"@type\":\"ImageObject\",\"inLanguage\":\"pt-PT\",\"@id\":\"https:\/\/portaltela.pt\/s.01k8rhncp4jt1\/2025\/11\/talking-bot-125x125.png\",\"url\":\"https:\/\/portaltela.pt\/s.01k8rhncp4jt1\/2025\/11\/talking-bot-125x125.png\",\"contentUrl\":\"https:\/\/portaltela.pt\/s.01k8rhncp4jt1\/2025\/11\/talking-bot-125x125.png\",\"caption\":\"Telinha\"},\"sameAs\":[\"https:\/\/portaltela.pt\/\"],\"url\":\"https:\/\/portaltela.pt\/por\/367410592786\/\"}]}<\/script>\n<!-- \/ Yoast SEO plugin. -->","yoast_head_json":{"title":"Nova camisola do Benfica envolve Lukebakio, Ant\u00f3nio Silva e Salvio - Portal Tela Portugal","robots":{"index":"index","follow":"follow","max-snippet":"max-snippet:-1","max-image-preview":"max-image-preview:large","max-video-preview":"max-video-preview:-1"},"og_locale":"pt_PT","og_type":"article","og_title":"Nova camisola do Benfica envolve Lukebakio, Ant\u00f3nio Silva e Salvio - Portal Tela Portugal","og_description":"O Benfica estreou uma nova camisola, criada em parceria com o artista Vhils, no jogo frente ao AVS SAD, que terminou 3-0 para as \u00c1guias. A pe\u00e7a assinala a liga\u00e7\u00e3o ao futebol de rua, conforme a apresenta\u00e7\u00e3o do clube. O pedido para estrear o equipamento foi feito h\u00e1 duas semanas ao marketing da Liga Portugal. O lan\u00e7amento incluiu um v\u00eddeo com Lukebakio, Ant\u00f3nio Silva, Diogo Prioste, Henrique Ara\u00fajo, Jo\u00e3o Rego e An\u00edsio, em tom de miss\u00e3o \u00e0 Lupin. Nas redes sociais, Salvio comentou: \"Quero uma, Benfica\", sinalizando o interesse na camisola.","og_url":"https:\/\/portaltela.pt\/noticias\/2026\/02\/22\/nova-camisola-do-benfica-envolve-lukebakio-antonio-silva-e-salvio\/","og_site_name":"Portal Tela Portugal","article_published_time":"2026-02-22T10:56:05+00:00","author":"Telinha","twitter_card":"summary_large_image","twitter_misc":{"Escrito por":"Telinha","Tempo estimado de leitura":"1 minuto"},"schema":{"@context":"https:\/\/schema.org","@graph":[{"@type":"Article","@id":"https:\/\/portaltela.pt\/noticias\/2026\/02\/22\/nova-camisola-do-benfica-envolve-lukebakio-antonio-silva-e-salvio\/#article","isPartOf":{"@id":"https:\/\/portaltela.pt\/noticias\/2026\/02\/22\/nova-camisola-do-benfica-envolve-lukebakio-antonio-silva-e-salvio\/"},"author":{"name":"Telinha","@id":"https:\/\/portaltela.pt\/#\/schema\/person\/c4278d4a6028830caff9ee44b42d32ed"},"headline":"Nova camisola do Benfica envolve Lukebakio, Ant\u00f3nio Silva e Salvio","datePublished":"2026-02-22T10:56:05+00:00","mainEntityOfPage":{"@id":"https:\/\/portaltela.pt\/noticias\/2026\/02\/22\/nova-camisola-do-benfica-envolve-lukebakio-antonio-silva-e-salvio\/"},"wordCount":258,"image":{"@id":"https:\/\/portaltela.pt\/noticias\/2026\/02\/22\/nova-camisola-do-benfica-envolve-lukebakio-antonio-silva-e-salvio\/#primaryimage"},"thumbnailUrl":"https:\/\/portaltela.pt\/s.01k8rhncp4jt1\/2026\/02\/img_1200x721uu2026-02-22-10-32-36-2423037.jpg","keywords":["arte","AVS SAD","Benfica","desporto","futebol","Vhils"],"articleSection":["Desporto","Futebol"],"inLanguage":"pt-PT"},{"@type":"WebPage","@id":"https:\/\/portaltela.pt\/noticias\/2026\/02\/22\/nova-camisola-do-benfica-envolve-lukebakio-antonio-silva-e-salvio\/","url":"https:\/\/portaltela.pt\/noticias\/2026\/02\/22\/nova-camisola-do-benfica-envolve-lukebakio-antonio-silva-e-salvio\/","name":"Nova camisola do Benfica envolve Lukebakio, Ant\u00f3nio Silva e Salvio - Portal Tela Portugal","isPartOf":{"@id":"https:\/\/portaltela.pt\/#website"},"primaryImageOfPage":{"@id":"https:\/\/portaltela.pt\/noticias\/2026\/02\/22\/nova-camisola-do-benfica-envolve-lukebakio-antonio-silva-e-salvio\/#primaryimage"},"image":{"@id":"https:\/\/portaltela.pt\/noticias\/2026\/02\/22\/nova-camisola-do-benfica-envolve-lukebakio-antonio-silva-e-salvio\/#primaryimage"},"thumbnailUrl":"https:\/\/portaltela.pt\/s.01k8rhncp4jt1\/2026\/02\/img_1200x721uu2026-02-22-10-32-36-2423037.jpg","datePublished":"2026-02-22T10:56:05+00:00","author":{"@id":"https:\/\/portaltela.pt\/#\/schema\/person\/c4278d4a6028830caff9ee44b42d32ed"},"breadcrumb":{"@id":"https:\/\/portaltela.pt\/noticias\/2026\/02\/22\/nova-camisola-do-benfica-envolve-lukebakio-antonio-silva-e-salvio\/#breadcrumb"},"inLanguage":"pt-PT","potentialAction":[{"@type":"ReadAction","target":["https:\/\/portaltela.pt\/noticias\/2026\/02\/22\/nova-camisola-do-benfica-envolve-lukebakio-antonio-silva-e-salvio\/"]}]},{"@type":"ImageObject","inLanguage":"pt-PT","@id":"https:\/\/portaltela.pt\/noticias\/2026\/02\/22\/nova-camisola-do-benfica-envolve-lukebakio-antonio-silva-e-salvio\/#primaryimage","url":"https:\/\/portaltela.pt\/s.01k8rhncp4jt1\/2026\/02\/img_1200x721uu2026-02-22-10-32-36-2423037.jpg","contentUrl":"https:\/\/portaltela.pt\/s.01k8rhncp4jt1\/2026\/02\/img_1200x721uu2026-02-22-10-32-36-2423037.jpg","width":796,"height":448,"caption":"Encarnados estrearam equipamento no jogo com o AVS SAD"},{"@type":"BreadcrumbList","@id":"https:\/\/portaltela.pt\/noticias\/2026\/02\/22\/nova-camisola-do-benfica-envolve-lukebakio-antonio-silva-e-salvio\/#breadcrumb","itemListElement":[{"@type":"ListItem","position":1,"name":"In\u00edcio","item":"https:\/\/portaltela.pt\/"},{"@type":"ListItem","position":2,"name":"Nova camisola do Benfica envolve Lukebakio, Ant\u00f3nio Silva e Salvio"}]},{"@type":"WebSite","@id":"https:\/\/portaltela.pt\/#website","url":"https:\/\/portaltela.pt\/","name":"Portal Tela Portugal","description":"","potentialAction":[{"@type":"SearchAction","target":{"@type":"EntryPoint","urlTemplate":"https:\/\/portaltela.pt\/?s={search_term_string}"},"query-input":{"@type":"PropertyValueSpecification","valueRequired":true,"valueName":"search_term_string"}}],"inLanguage":"pt-PT"},{"@type":"Person","@id":"https:\/\/portaltela.pt\/#\/schema\/person\/c4278d4a6028830caff9ee44b42d32ed","name":"Telinha","image":{"@type":"ImageObject","inLanguage":"pt-PT","@id":"https:\/\/portaltela.pt\/s.01k8rhncp4jt1\/2025\/11\/talking-bot-125x125.png","url":"https:\/\/portaltela.pt\/s.01k8rhncp4jt1\/2025\/11\/talking-bot-125x125.png","contentUrl":"https:\/\/portaltela.pt\/s.01k8rhncp4jt1\/2025\/11\/talking-bot-125x125.png","caption":"Telinha"},"sameAs":["https:\/\/portaltela.pt\/"],"url":"https:\/\/portaltela.pt\/por\/367410592786\/"}]}},"_links":{"self":[{"href":"https:\/\/portaltela.pt\/api\/wp\/v2\/posts\/221460","targetHints":{"allow":["GET"]}}],"collection":[{"href":"https:\/\/portaltela.pt\/api\/wp\/v2\/posts"}],"about":[{"href":"https:\/\/portaltela.pt\/api\/wp\/v2\/types\/post"}],"author":[{"embeddable":true,"href":"https:\/\/portaltela.pt\/api\/wp\/v2\/users\/2"}],"replies":[{"embeddable":true,"href":"https:\/\/portaltela.pt\/api\/wp\/v2\/comments?post=221460"}],"version-history":[{"count":0,"href":"https:\/\/portaltela.pt\/api\/wp\/v2\/posts\/221460\/revisions"}],"wp:featuredmedia":[{"embeddable":true,"href":"https:\/\/portaltela.pt\/api\/wp\/v2\/media\/221461"}],"wp:attachment":[{"href":"https:\/\/portaltela.pt\/api\/wp\/v2\/media?parent=221460"}],"wp:term":[{"taxonomy":"category","embeddable":true,"href":"https:\/\/portaltela.pt\/api\/wp\/v2\/categories?post=221460"},{"taxonomy":"post_tag","embeddable":true,"href":"https:\/\/portaltela.pt\/api\/wp\/v2\/tags?post=221460"}],"curies":[{"name":"wp","href":"https:\/\/api.w.org\/{rel}","templated":true}]}}