{"id":221432,"date":"2026-02-22T07:04:21","date_gmt":"2026-02-22T10:04:21","guid":{"rendered":"https:\/\/portaltela.pt\/noticias\/2026\/02\/22\/proprietaria-de-lar-ilegal-na-maia-julgada-por-maus-tratos-a-idosos\/"},"modified":"2026-02-22T07:04:21","modified_gmt":"2026-02-22T10:04:21","slug":"proprietaria-de-lar-ilegal-na-maia-julgada-por-maus-tratos-a-idosos","status":"publish","type":"post","link":"https:\/\/portaltela.pt\/noticias\/2026\/02\/22\/proprietaria-de-lar-ilegal-na-maia-julgada-por-maus-tratos-a-idosos\/","title":{"rendered":"Propriet\u00e1ria de lar ilegal na Maia julgada por maus-tratos a idosos"},"content":{"rendered":"<p>Dona de lar ilegal na Maia foi levada a julgamento por alegados maus-tratos a idosos sob a sua supervis\u00e3o. As v\u00edtimas, com idades entre 80 e 92 anos, eram dependentes de terceiros.<\/p>\n<p>O caso ocorreu na Maia e envolve uma mulher respons\u00e1vel pelo estabelecimento sem autoriza\u00e7\u00e3o. A acusa\u00e7\u00e3o centra-se em situa\u00e7\u00f5es de abuso que afetaram o bem-estar dos idosos sob a sua gest\u00e3o.<\/p>\n<p>Segundo fontes judiciais, o processo foca-se em condutas consideradas inadequadas \u00e0 prote\u00e7\u00e3o e dignidade das pessoas dependentes. O veredicto e eventuais consequ\u00eancias legais ainda n\u00e3o foram tornados p\u00fablicos.<\/p>\n","protected":false},"excerpt":{"rendered":"<ul>\n<li>Dona de lar ilegal na Maia foi julgada por maus-tratos a idosos.<\/li>\n<li>As v\u00edtimas eram dependentes de terceiros e tinham entre 80 e 92 anos.<\/li>\n<li>O fato foi reportado a 22 de fevereiro de 2026 \u00e0s 10:04.<\/li>\n<li>O texto n\u00e3o inclui detalhes sobre a senten\u00e7a ou decis\u00e3o definitiva.<\/li>\n<li>O caso envolve moradores da Maia, cidade portuguesa.<\/li>\n<\/ul>\n","protected":false},"author":2,"featured_media":221435,"comment_status":"closed","ping_status":"closed","sticky":false,"template":"","format":"standard","meta":{"footnotes":""},"categories":[1],"tags":[237,2736,803,1743,5869,3667],"class_list":["post-221432","post","type-post","status-publish","format-standard","has-post-thumbnail","hentry","category-noticias","tag-abuso-de-maiores-dependentes","tag-idosos","tag-justica","tag-maia","tag-maus-tratos","tag-processos"],"yoast_head":"<!-- This site is optimized with the Yoast SEO plugin v27.2 - https:\/\/yoast.com\/product\/yoast-seo-wordpress\/ -->\n<title>Propriet\u00e1ria de lar ilegal na Maia julgada por maus-tratos a idosos - Portal Tela Portugal<\/title>\n<meta name=\"robots\" content=\"index, follow, max-snippet:-1, max-image-preview:large, max-video-preview:-1\" \/>\n<meta property=\"og:locale\" content=\"pt_PT\" \/>\n<meta property=\"og:type\" content=\"article\" \/>\n<meta property=\"og:title\" content=\"Propriet\u00e1ria de lar ilegal na Maia julgada por maus-tratos a idosos - Portal Tela Portugal\" \/>\n<meta property=\"og:description\" content=\"Dona de lar ilegal na Maia foi julgada por maus-tratos a idosos. As v\u00edtimas eram dependentes de terceiros e tinham entre 80 e 92 anos. O fato foi reportado a 22 de fevereiro de 2026 \u00e0s 10:04. O texto n\u00e3o inclui detalhes sobre a senten\u00e7a ou decis\u00e3o definitiva. O caso envolve moradores da Maia, cidade portuguesa.\" \/>\n<meta property=\"og:url\" content=\"https:\/\/portaltela.pt\/noticias\/2026\/02\/22\/proprietaria-de-lar-ilegal-na-maia-julgada-por-maus-tratos-a-idosos\/\" \/>\n<meta property=\"og:site_name\" content=\"Portal Tela Portugal\" \/>\n<meta property=\"article:published_time\" content=\"2026-02-22T10:04:21+00:00\" \/>\n<meta name=\"author\" content=\"Telinha\" \/>\n<meta name=\"twitter:card\" content=\"summary_large_image\" \/>\n<meta name=\"twitter:label1\" content=\"Escrito por\" \/>\n\t<meta name=\"twitter:data1\" content=\"Telinha\" \/>\n<script type=\"application\/ld+json\" class=\"yoast-schema-graph\">{\"@context\":\"https:\/\/schema.org\",\"@graph\":[{\"@type\":\"Article\",\"@id\":\"https:\/\/portaltela.pt\/noticias\/2026\/02\/22\/proprietaria-de-lar-ilegal-na-maia-julgada-por-maus-tratos-a-idosos\/#article\",\"isPartOf\":{\"@id\":\"https:\/\/portaltela.pt\/noticias\/2026\/02\/22\/proprietaria-de-lar-ilegal-na-maia-julgada-por-maus-tratos-a-idosos\/\"},\"author\":{\"name\":\"Telinha\",\"@id\":\"https:\/\/portaltela.pt\/#\/schema\/person\/c4278d4a6028830caff9ee44b42d32ed\"},\"headline\":\"Propriet\u00e1ria de lar ilegal na Maia julgada por maus-tratos a idosos\",\"datePublished\":\"2026-02-22T10:04:21+00:00\",\"mainEntityOfPage\":{\"@id\":\"https:\/\/portaltela.pt\/noticias\/2026\/02\/22\/proprietaria-de-lar-ilegal-na-maia-julgada-por-maus-tratos-a-idosos\/\"},\"wordCount\":111,\"image\":{\"@id\":\"https:\/\/portaltela.pt\/noticias\/2026\/02\/22\/proprietaria-de-lar-ilegal-na-maia-julgada-por-maus-tratos-a-idosos\/#primaryimage\"},\"thumbnailUrl\":\"https:\/\/portaltela.pt\/s.01k8rhncp4jt1\/2026\/02\/img_400x516uu2026-02-21-23-17-05-2268269.jpg\",\"keywords\":[\"abuso de maiores dependentes\",\"idosos\",\"justi\u00e7a\",\"Maia\",\"maus-tratos\",\"processos\"],\"articleSection\":[\"Not\u00edcias\"],\"inLanguage\":\"pt-PT\"},{\"@type\":\"WebPage\",\"@id\":\"https:\/\/portaltela.pt\/noticias\/2026\/02\/22\/proprietaria-de-lar-ilegal-na-maia-julgada-por-maus-tratos-a-idosos\/\",\"url\":\"https:\/\/portaltela.pt\/noticias\/2026\/02\/22\/proprietaria-de-lar-ilegal-na-maia-julgada-por-maus-tratos-a-idosos\/\",\"name\":\"Propriet\u00e1ria de lar ilegal na Maia julgada por maus-tratos a idosos - Portal Tela Portugal\",\"isPartOf\":{\"@id\":\"https:\/\/portaltela.pt\/#website\"},\"primaryImageOfPage\":{\"@id\":\"https:\/\/portaltela.pt\/noticias\/2026\/02\/22\/proprietaria-de-lar-ilegal-na-maia-julgada-por-maus-tratos-a-idosos\/#primaryimage\"},\"image\":{\"@id\":\"https:\/\/portaltela.pt\/noticias\/2026\/02\/22\/proprietaria-de-lar-ilegal-na-maia-julgada-por-maus-tratos-a-idosos\/#primaryimage\"},\"thumbnailUrl\":\"https:\/\/portaltela.pt\/s.01k8rhncp4jt1\/2026\/02\/img_400x516uu2026-02-21-23-17-05-2268269.jpg\",\"datePublished\":\"2026-02-22T10:04:21+00:00\",\"author\":{\"@id\":\"https:\/\/portaltela.pt\/#\/schema\/person\/c4278d4a6028830caff9ee44b42d32ed\"},\"breadcrumb\":{\"@id\":\"https:\/\/portaltela.pt\/noticias\/2026\/02\/22\/proprietaria-de-lar-ilegal-na-maia-julgada-por-maus-tratos-a-idosos\/#breadcrumb\"},\"inLanguage\":\"pt-PT\",\"potentialAction\":[{\"@type\":\"ReadAction\",\"target\":[\"https:\/\/portaltela.pt\/noticias\/2026\/02\/22\/proprietaria-de-lar-ilegal-na-maia-julgada-por-maus-tratos-a-idosos\/\"]}]},{\"@type\":\"ImageObject\",\"inLanguage\":\"pt-PT\",\"@id\":\"https:\/\/portaltela.pt\/noticias\/2026\/02\/22\/proprietaria-de-lar-ilegal-na-maia-julgada-por-maus-tratos-a-idosos\/#primaryimage\",\"url\":\"https:\/\/portaltela.pt\/s.01k8rhncp4jt1\/2026\/02\/img_400x516uu2026-02-21-23-17-05-2268269.jpg\",\"contentUrl\":\"https:\/\/portaltela.pt\/s.01k8rhncp4jt1\/2026\/02\/img_400x516uu2026-02-21-23-17-05-2268269.jpg\",\"width\":796,\"height\":448,\"caption\":\"Capa do jornal\"},{\"@type\":\"BreadcrumbList\",\"@id\":\"https:\/\/portaltela.pt\/noticias\/2026\/02\/22\/proprietaria-de-lar-ilegal-na-maia-julgada-por-maus-tratos-a-idosos\/#breadcrumb\",\"itemListElement\":[{\"@type\":\"ListItem\",\"position\":1,\"name\":\"In\u00edcio\",\"item\":\"https:\/\/portaltela.pt\/\"},{\"@type\":\"ListItem\",\"position\":2,\"name\":\"Propriet\u00e1ria de lar ilegal na Maia julgada por maus-tratos a idosos\"}]},{\"@type\":\"WebSite\",\"@id\":\"https:\/\/portaltela.pt\/#website\",\"url\":\"https:\/\/portaltela.pt\/\",\"name\":\"Portal Tela Portugal\",\"description\":\"\",\"potentialAction\":[{\"@type\":\"SearchAction\",\"target\":{\"@type\":\"EntryPoint\",\"urlTemplate\":\"https:\/\/portaltela.pt\/?s={search_term_string}\"},\"query-input\":{\"@type\":\"PropertyValueSpecification\",\"valueRequired\":true,\"valueName\":\"search_term_string\"}}],\"inLanguage\":\"pt-PT\"},{\"@type\":\"Person\",\"@id\":\"https:\/\/portaltela.pt\/#\/schema\/person\/c4278d4a6028830caff9ee44b42d32ed\",\"name\":\"Telinha\",\"image\":{\"@type\":\"ImageObject\",\"inLanguage\":\"pt-PT\",\"@id\":\"https:\/\/portaltela.pt\/s.01k8rhncp4jt1\/2025\/11\/talking-bot-125x125.png\",\"url\":\"https:\/\/portaltela.pt\/s.01k8rhncp4jt1\/2025\/11\/talking-bot-125x125.png\",\"contentUrl\":\"https:\/\/portaltela.pt\/s.01k8rhncp4jt1\/2025\/11\/talking-bot-125x125.png\",\"caption\":\"Telinha\"},\"sameAs\":[\"https:\/\/portaltela.pt\/\"],\"url\":\"https:\/\/portaltela.pt\/por\/367410592786\/\"}]}<\/script>\n<!-- \/ Yoast SEO plugin. -->","yoast_head_json":{"title":"Propriet\u00e1ria de lar ilegal na Maia julgada por maus-tratos a idosos - Portal Tela Portugal","robots":{"index":"index","follow":"follow","max-snippet":"max-snippet:-1","max-image-preview":"max-image-preview:large","max-video-preview":"max-video-preview:-1"},"og_locale":"pt_PT","og_type":"article","og_title":"Propriet\u00e1ria de lar ilegal na Maia julgada por maus-tratos a idosos - Portal Tela Portugal","og_description":"Dona de lar ilegal na Maia foi julgada por maus-tratos a idosos. As v\u00edtimas eram dependentes de terceiros e tinham entre 80 e 92 anos. O fato foi reportado a 22 de fevereiro de 2026 \u00e0s 10:04. O texto n\u00e3o inclui detalhes sobre a senten\u00e7a ou decis\u00e3o definitiva. O caso envolve moradores da Maia, cidade portuguesa.","og_url":"https:\/\/portaltela.pt\/noticias\/2026\/02\/22\/proprietaria-de-lar-ilegal-na-maia-julgada-por-maus-tratos-a-idosos\/","og_site_name":"Portal Tela Portugal","article_published_time":"2026-02-22T10:04:21+00:00","author":"Telinha","twitter_card":"summary_large_image","twitter_misc":{"Escrito por":"Telinha"},"schema":{"@context":"https:\/\/schema.org","@graph":[{"@type":"Article","@id":"https:\/\/portaltela.pt\/noticias\/2026\/02\/22\/proprietaria-de-lar-ilegal-na-maia-julgada-por-maus-tratos-a-idosos\/#article","isPartOf":{"@id":"https:\/\/portaltela.pt\/noticias\/2026\/02\/22\/proprietaria-de-lar-ilegal-na-maia-julgada-por-maus-tratos-a-idosos\/"},"author":{"name":"Telinha","@id":"https:\/\/portaltela.pt\/#\/schema\/person\/c4278d4a6028830caff9ee44b42d32ed"},"headline":"Propriet\u00e1ria de lar ilegal na Maia julgada por maus-tratos a idosos","datePublished":"2026-02-22T10:04:21+00:00","mainEntityOfPage":{"@id":"https:\/\/portaltela.pt\/noticias\/2026\/02\/22\/proprietaria-de-lar-ilegal-na-maia-julgada-por-maus-tratos-a-idosos\/"},"wordCount":111,"image":{"@id":"https:\/\/portaltela.pt\/noticias\/2026\/02\/22\/proprietaria-de-lar-ilegal-na-maia-julgada-por-maus-tratos-a-idosos\/#primaryimage"},"thumbnailUrl":"https:\/\/portaltela.pt\/s.01k8rhncp4jt1\/2026\/02\/img_400x516uu2026-02-21-23-17-05-2268269.jpg","keywords":["abuso de maiores dependentes","idosos","justi\u00e7a","Maia","maus-tratos","processos"],"articleSection":["Not\u00edcias"],"inLanguage":"pt-PT"},{"@type":"WebPage","@id":"https:\/\/portaltela.pt\/noticias\/2026\/02\/22\/proprietaria-de-lar-ilegal-na-maia-julgada-por-maus-tratos-a-idosos\/","url":"https:\/\/portaltela.pt\/noticias\/2026\/02\/22\/proprietaria-de-lar-ilegal-na-maia-julgada-por-maus-tratos-a-idosos\/","name":"Propriet\u00e1ria de lar ilegal na Maia julgada por maus-tratos a idosos - Portal Tela Portugal","isPartOf":{"@id":"https:\/\/portaltela.pt\/#website"},"primaryImageOfPage":{"@id":"https:\/\/portaltela.pt\/noticias\/2026\/02\/22\/proprietaria-de-lar-ilegal-na-maia-julgada-por-maus-tratos-a-idosos\/#primaryimage"},"image":{"@id":"https:\/\/portaltela.pt\/noticias\/2026\/02\/22\/proprietaria-de-lar-ilegal-na-maia-julgada-por-maus-tratos-a-idosos\/#primaryimage"},"thumbnailUrl":"https:\/\/portaltela.pt\/s.01k8rhncp4jt1\/2026\/02\/img_400x516uu2026-02-21-23-17-05-2268269.jpg","datePublished":"2026-02-22T10:04:21+00:00","author":{"@id":"https:\/\/portaltela.pt\/#\/schema\/person\/c4278d4a6028830caff9ee44b42d32ed"},"breadcrumb":{"@id":"https:\/\/portaltela.pt\/noticias\/2026\/02\/22\/proprietaria-de-lar-ilegal-na-maia-julgada-por-maus-tratos-a-idosos\/#breadcrumb"},"inLanguage":"pt-PT","potentialAction":[{"@type":"ReadAction","target":["https:\/\/portaltela.pt\/noticias\/2026\/02\/22\/proprietaria-de-lar-ilegal-na-maia-julgada-por-maus-tratos-a-idosos\/"]}]},{"@type":"ImageObject","inLanguage":"pt-PT","@id":"https:\/\/portaltela.pt\/noticias\/2026\/02\/22\/proprietaria-de-lar-ilegal-na-maia-julgada-por-maus-tratos-a-idosos\/#primaryimage","url":"https:\/\/portaltela.pt\/s.01k8rhncp4jt1\/2026\/02\/img_400x516uu2026-02-21-23-17-05-2268269.jpg","contentUrl":"https:\/\/portaltela.pt\/s.01k8rhncp4jt1\/2026\/02\/img_400x516uu2026-02-21-23-17-05-2268269.jpg","width":796,"height":448,"caption":"Capa do jornal"},{"@type":"BreadcrumbList","@id":"https:\/\/portaltela.pt\/noticias\/2026\/02\/22\/proprietaria-de-lar-ilegal-na-maia-julgada-por-maus-tratos-a-idosos\/#breadcrumb","itemListElement":[{"@type":"ListItem","position":1,"name":"In\u00edcio","item":"https:\/\/portaltela.pt\/"},{"@type":"ListItem","position":2,"name":"Propriet\u00e1ria de lar ilegal na Maia julgada por maus-tratos a idosos"}]},{"@type":"WebSite","@id":"https:\/\/portaltela.pt\/#website","url":"https:\/\/portaltela.pt\/","name":"Portal Tela Portugal","description":"","potentialAction":[{"@type":"SearchAction","target":{"@type":"EntryPoint","urlTemplate":"https:\/\/portaltela.pt\/?s={search_term_string}"},"query-input":{"@type":"PropertyValueSpecification","valueRequired":true,"valueName":"search_term_string"}}],"inLanguage":"pt-PT"},{"@type":"Person","@id":"https:\/\/portaltela.pt\/#\/schema\/person\/c4278d4a6028830caff9ee44b42d32ed","name":"Telinha","image":{"@type":"ImageObject","inLanguage":"pt-PT","@id":"https:\/\/portaltela.pt\/s.01k8rhncp4jt1\/2025\/11\/talking-bot-125x125.png","url":"https:\/\/portaltela.pt\/s.01k8rhncp4jt1\/2025\/11\/talking-bot-125x125.png","contentUrl":"https:\/\/portaltela.pt\/s.01k8rhncp4jt1\/2025\/11\/talking-bot-125x125.png","caption":"Telinha"},"sameAs":["https:\/\/portaltela.pt\/"],"url":"https:\/\/portaltela.pt\/por\/367410592786\/"}]}},"_links":{"self":[{"href":"https:\/\/portaltela.pt\/api\/wp\/v2\/posts\/221432","targetHints":{"allow":["GET"]}}],"collection":[{"href":"https:\/\/portaltela.pt\/api\/wp\/v2\/posts"}],"about":[{"href":"https:\/\/portaltela.pt\/api\/wp\/v2\/types\/post"}],"author":[{"embeddable":true,"href":"https:\/\/portaltela.pt\/api\/wp\/v2\/users\/2"}],"replies":[{"embeddable":true,"href":"https:\/\/portaltela.pt\/api\/wp\/v2\/comments?post=221432"}],"version-history":[{"count":0,"href":"https:\/\/portaltela.pt\/api\/wp\/v2\/posts\/221432\/revisions"}],"wp:featuredmedia":[{"embeddable":true,"href":"https:\/\/portaltela.pt\/api\/wp\/v2\/media\/221435"}],"wp:attachment":[{"href":"https:\/\/portaltela.pt\/api\/wp\/v2\/media?parent=221432"}],"wp:term":[{"taxonomy":"category","embeddable":true,"href":"https:\/\/portaltela.pt\/api\/wp\/v2\/categories?post=221432"},{"taxonomy":"post_tag","embeddable":true,"href":"https:\/\/portaltela.pt\/api\/wp\/v2\/tags?post=221432"}],"curies":[{"name":"wp","href":"https:\/\/api.w.org\/{rel}","templated":true}]}}