{"id":221415,"date":"2026-02-22T06:36:00","date_gmt":"2026-02-22T09:36:00","guid":{"rendered":"https:\/\/portaltela.pt\/noticias\/2026\/02\/22\/madalena-dorme-num-anexo-em-leiria-devido-a-falta-de-telhado\/"},"modified":"2026-02-22T06:36:00","modified_gmt":"2026-02-22T09:36:00","slug":"madalena-dorme-num-anexo-em-leiria-devido-a-falta-de-telhado","status":"publish","type":"post","link":"https:\/\/portaltela.pt\/noticias\/2026\/02\/22\/madalena-dorme-num-anexo-em-leiria-devido-a-falta-de-telhado\/","title":{"rendered":"Madalena dorme num anexo em Leiria devido \u00e0 falta de telhado"},"content":{"rendered":"<p>Madalena Azevedo perdeu o teto da casa nas Colmeias, Leiria, ap\u00f3s vento ter arrancado telhado e chamin\u00e9, seguido pela chuva. O desabamento atingiu tamb\u00e9m o pladur do teto falso, tornando a habita\u00e7\u00e3o insegura. A moradora, de 64 anos, vive num anexo transformado em quarto tempor\u00e1rio.<\/p>\n<p>O anexo \u00e9 pequeno: cerca de quatro por dois metros, com uma cama de ferro, uma mesa e uma salamandra para aquecer. Um cart\u00e3o no ch\u00e3o funciona como tapete. O espa\u00e7o funciona desde h\u00e1 duas semanas como quarto de Madalena.<\/p>\n<p>Na casa, as infiltra\u00e7\u00f5es s\u00e3o vis\u00edveis. A cozinha tem infiltra\u00e7\u00f5es, a sala exp\u00f5e o c\u00e9u entre lonas, e a chamin\u00e9 desabou para dentro, danificando estruturas. No quarto onde dormia, o pladur cedeu, e na cave, onde dormia o filho, tamb\u00e9m houve queda de teto.<\/p>\n<p>Madalena relata que tudo ficou destru\u00eddo e que a fam\u00edlia n\u00e3o tem nada que se aproveite. O filho, que estava a fazer obras para melhorar a casa, n\u00e3o tem divis\u00e3o que n\u00e3o chova, e a situa\u00e7\u00e3o impede a habita\u00e7\u00e3o segura. A moradora vive apenas com a pens\u00e3o de viuvez.<\/p>\n<p>A madrugada foi marcada pelo colapso durante uma tempestade, que coincidiu com um per\u00edodo de depress\u00e3o. A fam\u00edlia chegou a regressar para o lar, apesar da humidade e da falta de condi\u00e7\u00f5es, e manteve-se sem luz. Na casa, a cama foi improvisada na antiga cozinha anexa.<\/p>\n<p>Nos \u00faltimos dias, Madalena recebeu apoio de volunt\u00e1rios de Leiria Unida, que levaram mercearia e forneceram apoio psicol\u00f3gico. A moradora procurou apoio social para gerir a ansiedade, tomar medica\u00e7\u00e3o e manter a rotina. O objetivo atual \u00e9 encontrar solu\u00e7\u00f5es para a habita\u00e7\u00e3o e reconstru\u00e7\u00e3o.<\/p>\n<p>A vida de Madalena tem sido marcada por dificuldades e perdas. Os pais eram alco\u00f3licos, o primeiro casamento terminou em viol\u00eancia, e a moradora vive com a pens\u00e3o de viuvez. Agora, aguarda respostas sobre apoios e sobre se a seguradora pode cobrir os danos para retomar a vida.<\/p>\n","protected":false},"excerpt":{"rendered":"<ul>\n<li>Em Leiria, nas Colmeias, vento derrubou telhado e chamin\u00e9 da casa de Madalena Azevedo, levando \u00e0 queda do teto de pladur em v\u00e1rias divis\u00f5es.<\/li>\n<li>A moradora de 64 anos mudou-se para um anexo transformado em quarto, com cerca de quatro metros de comprimento por dois de largura, onde dorme h\u00e1 duas semanas.<\/li>\n<li>O espa\u00e7o improvisado tem uma cama de ferro, uma mesinha, um escorredor e uma salamandra; no ch\u00e3o h\u00e1 um cart\u00e3o que faz de tapete.<\/li>\n<li>Al\u00e9m dos danos estruturais, a casa continua sem luz e com infiltra\u00e7\u00f5es significativas; a fam\u00edlia j\u00e1 tentou reconstru\u00e7\u00f5es m\u00ednimas, mas o quadro permanece destru\u00eddo.<\/li>\n<li>Madalena afirma n\u00e3o ter recebido visitas de prote\u00e7\u00e3o civil nem da Junta de Freguesia, apenas apoio de volunt\u00e1rios da iniciativa Leiria Unida, que tamb\u00e9m lhe proporcionaram apoio psicol\u00f3gico e alimenta\u00e7\u00e3o.<\/li>\n<\/ul>\n","protected":false},"author":2,"featured_media":221418,"comment_status":"closed","ping_status":"closed","sticky":false,"template":"","format":"standard","meta":{"footnotes":""},"categories":[1],"tags":[1211,5956,4590,150,4676,1385],"class_list":["post-221415","post","type-post","status-publish","format-standard","has-post-thumbnail","hentry","category-noticias","tag-apoio-social","tag-desabamento","tag-desabrigos","tag-habitacao","tag-infiltracoes","tag-leiria"],"yoast_head":"<!-- This site is optimized with the Yoast SEO plugin v27.2 - https:\/\/yoast.com\/product\/yoast-seo-wordpress\/ -->\n<title>Madalena dorme num anexo em Leiria devido \u00e0 falta de telhado - Portal Tela Portugal<\/title>\n<meta name=\"robots\" content=\"index, follow, max-snippet:-1, max-image-preview:large, max-video-preview:-1\" \/>\n<meta property=\"og:locale\" content=\"pt_PT\" \/>\n<meta property=\"og:type\" content=\"article\" \/>\n<meta property=\"og:title\" content=\"Madalena dorme num anexo em Leiria devido \u00e0 falta de telhado - Portal Tela Portugal\" \/>\n<meta property=\"og:description\" content=\"Em Leiria, nas Colmeias, vento derrubou telhado e chamin\u00e9 da casa de Madalena Azevedo, levando \u00e0 queda do teto de pladur em v\u00e1rias divis\u00f5es. A moradora de 64 anos mudou-se para um anexo transformado em quarto, com cerca de quatro metros de comprimento por dois de largura, onde dorme h\u00e1 duas semanas. O espa\u00e7o improvisado tem uma cama de ferro, uma mesinha, um escorredor e uma salamandra; no ch\u00e3o h\u00e1 um cart\u00e3o que faz de tapete. Al\u00e9m dos danos estruturais, a casa continua sem luz e com infiltra\u00e7\u00f5es significativas; a fam\u00edlia j\u00e1 tentou reconstru\u00e7\u00f5es m\u00ednimas, mas o quadro permanece destru\u00eddo. Madalena afirma n\u00e3o ter recebido visitas de prote\u00e7\u00e3o civil nem da Junta de Freguesia, apenas apoio de volunt\u00e1rios da iniciativa Leiria Unida, que tamb\u00e9m lhe proporcionaram apoio psicol\u00f3gico e alimenta\u00e7\u00e3o.\" \/>\n<meta property=\"og:url\" content=\"https:\/\/portaltela.pt\/noticias\/2026\/02\/22\/madalena-dorme-num-anexo-em-leiria-devido-a-falta-de-telhado\/\" \/>\n<meta property=\"og:site_name\" content=\"Portal Tela Portugal\" \/>\n<meta property=\"article:published_time\" content=\"2026-02-22T09:36:00+00:00\" \/>\n<meta name=\"author\" content=\"Telinha\" \/>\n<meta name=\"twitter:card\" content=\"summary_large_image\" \/>\n<meta name=\"twitter:label1\" content=\"Escrito por\" \/>\n\t<meta name=\"twitter:data1\" content=\"Telinha\" \/>\n\t<meta name=\"twitter:label2\" content=\"Tempo estimado de leitura\" \/>\n\t<meta name=\"twitter:data2\" content=\"2 minutos\" \/>\n<script type=\"application\/ld+json\" class=\"yoast-schema-graph\">{\"@context\":\"https:\/\/schema.org\",\"@graph\":[{\"@type\":\"Article\",\"@id\":\"https:\/\/portaltela.pt\/noticias\/2026\/02\/22\/madalena-dorme-num-anexo-em-leiria-devido-a-falta-de-telhado\/#article\",\"isPartOf\":{\"@id\":\"https:\/\/portaltela.pt\/noticias\/2026\/02\/22\/madalena-dorme-num-anexo-em-leiria-devido-a-falta-de-telhado\/\"},\"author\":{\"name\":\"Telinha\",\"@id\":\"https:\/\/portaltela.pt\/#\/schema\/person\/c4278d4a6028830caff9ee44b42d32ed\"},\"headline\":\"Madalena dorme num anexo em Leiria devido \u00e0 falta de telhado\",\"datePublished\":\"2026-02-22T09:36:00+00:00\",\"mainEntityOfPage\":{\"@id\":\"https:\/\/portaltela.pt\/noticias\/2026\/02\/22\/madalena-dorme-num-anexo-em-leiria-devido-a-falta-de-telhado\/\"},\"wordCount\":359,\"image\":{\"@id\":\"https:\/\/portaltela.pt\/noticias\/2026\/02\/22\/madalena-dorme-num-anexo-em-leiria-devido-a-falta-de-telhado\/#primaryimage\"},\"thumbnailUrl\":\"https:\/\/portaltela.pt\/s.01k8rhncp4jt1\/2026\/02\/image-84.webp\",\"keywords\":[\"Apoio Social\",\"desabamento\",\"desabrigos\",\"habita\u00e7\u00e3o\",\"infiltra\u00e7\u00f5es\",\"Leiria\"],\"articleSection\":[\"Not\u00edcias\"],\"inLanguage\":\"pt-PT\"},{\"@type\":\"WebPage\",\"@id\":\"https:\/\/portaltela.pt\/noticias\/2026\/02\/22\/madalena-dorme-num-anexo-em-leiria-devido-a-falta-de-telhado\/\",\"url\":\"https:\/\/portaltela.pt\/noticias\/2026\/02\/22\/madalena-dorme-num-anexo-em-leiria-devido-a-falta-de-telhado\/\",\"name\":\"Madalena dorme num anexo em Leiria devido \u00e0 falta de telhado - Portal Tela Portugal\",\"isPartOf\":{\"@id\":\"https:\/\/portaltela.pt\/#website\"},\"primaryImageOfPage\":{\"@id\":\"https:\/\/portaltela.pt\/noticias\/2026\/02\/22\/madalena-dorme-num-anexo-em-leiria-devido-a-falta-de-telhado\/#primaryimage\"},\"image\":{\"@id\":\"https:\/\/portaltela.pt\/noticias\/2026\/02\/22\/madalena-dorme-num-anexo-em-leiria-devido-a-falta-de-telhado\/#primaryimage\"},\"thumbnailUrl\":\"https:\/\/portaltela.pt\/s.01k8rhncp4jt1\/2026\/02\/image-84.webp\",\"datePublished\":\"2026-02-22T09:36:00+00:00\",\"author\":{\"@id\":\"https:\/\/portaltela.pt\/#\/schema\/person\/c4278d4a6028830caff9ee44b42d32ed\"},\"breadcrumb\":{\"@id\":\"https:\/\/portaltela.pt\/noticias\/2026\/02\/22\/madalena-dorme-num-anexo-em-leiria-devido-a-falta-de-telhado\/#breadcrumb\"},\"inLanguage\":\"pt-PT\",\"potentialAction\":[{\"@type\":\"ReadAction\",\"target\":[\"https:\/\/portaltela.pt\/noticias\/2026\/02\/22\/madalena-dorme-num-anexo-em-leiria-devido-a-falta-de-telhado\/\"]}]},{\"@type\":\"ImageObject\",\"inLanguage\":\"pt-PT\",\"@id\":\"https:\/\/portaltela.pt\/noticias\/2026\/02\/22\/madalena-dorme-num-anexo-em-leiria-devido-a-falta-de-telhado\/#primaryimage\",\"url\":\"https:\/\/portaltela.pt\/s.01k8rhncp4jt1\/2026\/02\/image-84.webp\",\"contentUrl\":\"https:\/\/portaltela.pt\/s.01k8rhncp4jt1\/2026\/02\/image-84.webp\",\"width\":1200,\"height\":800,\"caption\":\"Madalena Azevedo vive numa casa sem condi\u00e7\u00f5es de habitabilidade desde a passagem da depress\u00e3o Kristin\"},{\"@type\":\"BreadcrumbList\",\"@id\":\"https:\/\/portaltela.pt\/noticias\/2026\/02\/22\/madalena-dorme-num-anexo-em-leiria-devido-a-falta-de-telhado\/#breadcrumb\",\"itemListElement\":[{\"@type\":\"ListItem\",\"position\":1,\"name\":\"In\u00edcio\",\"item\":\"https:\/\/portaltela.pt\/\"},{\"@type\":\"ListItem\",\"position\":2,\"name\":\"Madalena dorme num anexo em Leiria devido \u00e0 falta de telhado\"}]},{\"@type\":\"WebSite\",\"@id\":\"https:\/\/portaltela.pt\/#website\",\"url\":\"https:\/\/portaltela.pt\/\",\"name\":\"Portal Tela Portugal\",\"description\":\"\",\"potentialAction\":[{\"@type\":\"SearchAction\",\"target\":{\"@type\":\"EntryPoint\",\"urlTemplate\":\"https:\/\/portaltela.pt\/?s={search_term_string}\"},\"query-input\":{\"@type\":\"PropertyValueSpecification\",\"valueRequired\":true,\"valueName\":\"search_term_string\"}}],\"inLanguage\":\"pt-PT\"},{\"@type\":\"Person\",\"@id\":\"https:\/\/portaltela.pt\/#\/schema\/person\/c4278d4a6028830caff9ee44b42d32ed\",\"name\":\"Telinha\",\"image\":{\"@type\":\"ImageObject\",\"inLanguage\":\"pt-PT\",\"@id\":\"https:\/\/portaltela.pt\/s.01k8rhncp4jt1\/2025\/11\/talking-bot-125x125.png\",\"url\":\"https:\/\/portaltela.pt\/s.01k8rhncp4jt1\/2025\/11\/talking-bot-125x125.png\",\"contentUrl\":\"https:\/\/portaltela.pt\/s.01k8rhncp4jt1\/2025\/11\/talking-bot-125x125.png\",\"caption\":\"Telinha\"},\"sameAs\":[\"https:\/\/portaltela.pt\/\"],\"url\":\"https:\/\/portaltela.pt\/por\/367410592786\/\"}]}<\/script>\n<!-- \/ Yoast SEO plugin. -->","yoast_head_json":{"title":"Madalena dorme num anexo em Leiria devido \u00e0 falta de telhado - Portal Tela Portugal","robots":{"index":"index","follow":"follow","max-snippet":"max-snippet:-1","max-image-preview":"max-image-preview:large","max-video-preview":"max-video-preview:-1"},"og_locale":"pt_PT","og_type":"article","og_title":"Madalena dorme num anexo em Leiria devido \u00e0 falta de telhado - Portal Tela Portugal","og_description":"Em Leiria, nas Colmeias, vento derrubou telhado e chamin\u00e9 da casa de Madalena Azevedo, levando \u00e0 queda do teto de pladur em v\u00e1rias divis\u00f5es. A moradora de 64 anos mudou-se para um anexo transformado em quarto, com cerca de quatro metros de comprimento por dois de largura, onde dorme h\u00e1 duas semanas. O espa\u00e7o improvisado tem uma cama de ferro, uma mesinha, um escorredor e uma salamandra; no ch\u00e3o h\u00e1 um cart\u00e3o que faz de tapete. Al\u00e9m dos danos estruturais, a casa continua sem luz e com infiltra\u00e7\u00f5es significativas; a fam\u00edlia j\u00e1 tentou reconstru\u00e7\u00f5es m\u00ednimas, mas o quadro permanece destru\u00eddo. Madalena afirma n\u00e3o ter recebido visitas de prote\u00e7\u00e3o civil nem da Junta de Freguesia, apenas apoio de volunt\u00e1rios da iniciativa Leiria Unida, que tamb\u00e9m lhe proporcionaram apoio psicol\u00f3gico e alimenta\u00e7\u00e3o.","og_url":"https:\/\/portaltela.pt\/noticias\/2026\/02\/22\/madalena-dorme-num-anexo-em-leiria-devido-a-falta-de-telhado\/","og_site_name":"Portal Tela Portugal","article_published_time":"2026-02-22T09:36:00+00:00","author":"Telinha","twitter_card":"summary_large_image","twitter_misc":{"Escrito por":"Telinha","Tempo estimado de leitura":"2 minutos"},"schema":{"@context":"https:\/\/schema.org","@graph":[{"@type":"Article","@id":"https:\/\/portaltela.pt\/noticias\/2026\/02\/22\/madalena-dorme-num-anexo-em-leiria-devido-a-falta-de-telhado\/#article","isPartOf":{"@id":"https:\/\/portaltela.pt\/noticias\/2026\/02\/22\/madalena-dorme-num-anexo-em-leiria-devido-a-falta-de-telhado\/"},"author":{"name":"Telinha","@id":"https:\/\/portaltela.pt\/#\/schema\/person\/c4278d4a6028830caff9ee44b42d32ed"},"headline":"Madalena dorme num anexo em Leiria devido \u00e0 falta de telhado","datePublished":"2026-02-22T09:36:00+00:00","mainEntityOfPage":{"@id":"https:\/\/portaltela.pt\/noticias\/2026\/02\/22\/madalena-dorme-num-anexo-em-leiria-devido-a-falta-de-telhado\/"},"wordCount":359,"image":{"@id":"https:\/\/portaltela.pt\/noticias\/2026\/02\/22\/madalena-dorme-num-anexo-em-leiria-devido-a-falta-de-telhado\/#primaryimage"},"thumbnailUrl":"https:\/\/portaltela.pt\/s.01k8rhncp4jt1\/2026\/02\/image-84.webp","keywords":["Apoio Social","desabamento","desabrigos","habita\u00e7\u00e3o","infiltra\u00e7\u00f5es","Leiria"],"articleSection":["Not\u00edcias"],"inLanguage":"pt-PT"},{"@type":"WebPage","@id":"https:\/\/portaltela.pt\/noticias\/2026\/02\/22\/madalena-dorme-num-anexo-em-leiria-devido-a-falta-de-telhado\/","url":"https:\/\/portaltela.pt\/noticias\/2026\/02\/22\/madalena-dorme-num-anexo-em-leiria-devido-a-falta-de-telhado\/","name":"Madalena dorme num anexo em Leiria devido \u00e0 falta de telhado - Portal Tela Portugal","isPartOf":{"@id":"https:\/\/portaltela.pt\/#website"},"primaryImageOfPage":{"@id":"https:\/\/portaltela.pt\/noticias\/2026\/02\/22\/madalena-dorme-num-anexo-em-leiria-devido-a-falta-de-telhado\/#primaryimage"},"image":{"@id":"https:\/\/portaltela.pt\/noticias\/2026\/02\/22\/madalena-dorme-num-anexo-em-leiria-devido-a-falta-de-telhado\/#primaryimage"},"thumbnailUrl":"https:\/\/portaltela.pt\/s.01k8rhncp4jt1\/2026\/02\/image-84.webp","datePublished":"2026-02-22T09:36:00+00:00","author":{"@id":"https:\/\/portaltela.pt\/#\/schema\/person\/c4278d4a6028830caff9ee44b42d32ed"},"breadcrumb":{"@id":"https:\/\/portaltela.pt\/noticias\/2026\/02\/22\/madalena-dorme-num-anexo-em-leiria-devido-a-falta-de-telhado\/#breadcrumb"},"inLanguage":"pt-PT","potentialAction":[{"@type":"ReadAction","target":["https:\/\/portaltela.pt\/noticias\/2026\/02\/22\/madalena-dorme-num-anexo-em-leiria-devido-a-falta-de-telhado\/"]}]},{"@type":"ImageObject","inLanguage":"pt-PT","@id":"https:\/\/portaltela.pt\/noticias\/2026\/02\/22\/madalena-dorme-num-anexo-em-leiria-devido-a-falta-de-telhado\/#primaryimage","url":"https:\/\/portaltela.pt\/s.01k8rhncp4jt1\/2026\/02\/image-84.webp","contentUrl":"https:\/\/portaltela.pt\/s.01k8rhncp4jt1\/2026\/02\/image-84.webp","width":1200,"height":800,"caption":"Madalena Azevedo vive numa casa sem condi\u00e7\u00f5es de habitabilidade desde a passagem da depress\u00e3o Kristin"},{"@type":"BreadcrumbList","@id":"https:\/\/portaltela.pt\/noticias\/2026\/02\/22\/madalena-dorme-num-anexo-em-leiria-devido-a-falta-de-telhado\/#breadcrumb","itemListElement":[{"@type":"ListItem","position":1,"name":"In\u00edcio","item":"https:\/\/portaltela.pt\/"},{"@type":"ListItem","position":2,"name":"Madalena dorme num anexo em Leiria devido \u00e0 falta de telhado"}]},{"@type":"WebSite","@id":"https:\/\/portaltela.pt\/#website","url":"https:\/\/portaltela.pt\/","name":"Portal Tela Portugal","description":"","potentialAction":[{"@type":"SearchAction","target":{"@type":"EntryPoint","urlTemplate":"https:\/\/portaltela.pt\/?s={search_term_string}"},"query-input":{"@type":"PropertyValueSpecification","valueRequired":true,"valueName":"search_term_string"}}],"inLanguage":"pt-PT"},{"@type":"Person","@id":"https:\/\/portaltela.pt\/#\/schema\/person\/c4278d4a6028830caff9ee44b42d32ed","name":"Telinha","image":{"@type":"ImageObject","inLanguage":"pt-PT","@id":"https:\/\/portaltela.pt\/s.01k8rhncp4jt1\/2025\/11\/talking-bot-125x125.png","url":"https:\/\/portaltela.pt\/s.01k8rhncp4jt1\/2025\/11\/talking-bot-125x125.png","contentUrl":"https:\/\/portaltela.pt\/s.01k8rhncp4jt1\/2025\/11\/talking-bot-125x125.png","caption":"Telinha"},"sameAs":["https:\/\/portaltela.pt\/"],"url":"https:\/\/portaltela.pt\/por\/367410592786\/"}]}},"_links":{"self":[{"href":"https:\/\/portaltela.pt\/api\/wp\/v2\/posts\/221415","targetHints":{"allow":["GET"]}}],"collection":[{"href":"https:\/\/portaltela.pt\/api\/wp\/v2\/posts"}],"about":[{"href":"https:\/\/portaltela.pt\/api\/wp\/v2\/types\/post"}],"author":[{"embeddable":true,"href":"https:\/\/portaltela.pt\/api\/wp\/v2\/users\/2"}],"replies":[{"embeddable":true,"href":"https:\/\/portaltela.pt\/api\/wp\/v2\/comments?post=221415"}],"version-history":[{"count":0,"href":"https:\/\/portaltela.pt\/api\/wp\/v2\/posts\/221415\/revisions"}],"wp:featuredmedia":[{"embeddable":true,"href":"https:\/\/portaltela.pt\/api\/wp\/v2\/media\/221418"}],"wp:attachment":[{"href":"https:\/\/portaltela.pt\/api\/wp\/v2\/media?parent=221415"}],"wp:term":[{"taxonomy":"category","embeddable":true,"href":"https:\/\/portaltela.pt\/api\/wp\/v2\/categories?post=221415"},{"taxonomy":"post_tag","embeddable":true,"href":"https:\/\/portaltela.pt\/api\/wp\/v2\/tags?post=221415"}],"curies":[{"name":"wp","href":"https:\/\/api.w.org\/{rel}","templated":true}]}}