{"id":221386,"date":"2026-02-22T06:10:24","date_gmt":"2026-02-22T09:10:24","guid":{"rendered":"https:\/\/portaltela.pt\/noticias\/2026\/02\/22\/poeiras-do-saara-noites-frias-e-dias-primaveris-moldam-a-previsao\/"},"modified":"2026-02-22T06:10:24","modified_gmt":"2026-02-22T09:10:24","slug":"poeiras-do-saara-noites-frias-e-dias-primaveris-moldam-a-previsao","status":"publish","type":"post","link":"https:\/\/portaltela.pt\/noticias\/2026\/02\/22\/poeiras-do-saara-noites-frias-e-dias-primaveris-moldam-a-previsao\/","title":{"rendered":"Poeiras do Saara, noites frias e dias primaveris moldam a previs\u00e3o"},"content":{"rendered":"<p>O c\u00e9u permanece limpo at\u00e9 ter\u00e7a-feira, com temperaturas acima de 20\u00baC em v\u00e1rios distritos. As noites continuam frias, com m\u00ednimas na casa dos 1\u00baC no interior norte e abaixo de 5\u00baC noutras regi\u00f5es. A amplitude t\u00e9rmica deve manter-se elevada, perto de 20\u00baC entre m\u00ednimas e m\u00e1ximas.<\/p>\n<p>Para hoje, as m\u00ednimas v\u00e3o ser de -1\u00baC em Miranda do Douro e de 1\u00baC em v\u00e1rios concelhos dos distritos de Bragan\u00e7a e Guarda. As m\u00e1ximas ultrapassam 20\u00baC no centro e no sul, com 24\u00baC esperados amanh\u00e3 em Leiria e em concelhos de Santar\u00e9m, como Coruche, Const\u00e2ncia, Goleg\u00e3 ou Entroncamento.<\/p>\n<p>A partir de ter\u00e7a-feira voltam os aguaceiros, que se estender\u00e3o aos dias seguintes em grande parte do territ\u00f3rio. As precipita\u00e7\u00f5es v\u00e3o acompanhar-se de uma diminui\u00e7\u00e3o das temperaturas m\u00e1ximas e subida das m\u00ednimas, mantendo o padr\u00e3o de varia\u00e7\u00e3o t\u00e9rmica di\u00e1ria.<\/p>\n<h3>Perspetivas para os pr\u00f3ximos dias<\/h3>\n<ul>\n<li>A massa de ar quente mant\u00e9m-se at\u00e9 ter\u00e7a-feira, condicionando tempo est\u00e1vel e seco em grande parte do continente.<\/li>\n<li>A partir de ter\u00e7a-feira, as chuvas ganham express\u00e3o, com aumento da instabilidade atmosf\u00e9rica e queda das m\u00e1ximas.<\/li>\n<li>As noites frias devem manter-se, especialmente no interior norte, com valores pr\u00f3ximos de 0\u00baC.<\/li>\n<\/ul>\n","protected":false},"excerpt":{"rendered":"<ul>\n<li>O c\u00e9u ficar\u00e1 limpo at\u00e9 ter\u00e7a-feira, com poeiras do Saara a chegar nesse dia.<\/li>\n<li>As noites v\u00e3o manter-se frias, com m\u00ednimas em torno de 1\u00b0C no interior norte e inferiores a 5\u00b0C noutras regi\u00f5es, gerando uma grande amplitude t\u00e9rmica de cerca de 20\u00b0C.<\/li>\n<li>Hoje as m\u00ednimas chegam a -1\u00b0C em Miranda do Douro e a 1\u00b0C noutras zonas dos distritos de Bragan\u00e7a e da Guarda; as m\u00e1ximas passam dos 20\u00b0C no centro e no sul.<\/li>\n<li>Amanh\u00e3 prev\u00eaem-se 24\u00b0C de m\u00e1xima em Leiria e em partes do distrito de Santar\u00e9m (Coruche, Const\u00e2ncia, Goleg\u00e3, Entroncamento).<\/li>\n<li>A partir de ter\u00e7a-feira voltam os aguaceiros, com queda das temperaturas m\u00e1ximas e subida das m\u00ednimas.<\/li>\n<\/ul>\n","protected":false},"author":2,"featured_media":221392,"comment_status":"closed","ping_status":"closed","sticky":false,"template":"","format":"standard","meta":{"footnotes":""},"categories":[1],"tags":[1309,5329,5224,4364,2765,5538],"class_list":["post-221386","post","type-post","status-publish","format-standard","has-post-thumbnail","hentry","category-noticias","tag-centro","tag-chuva","tag-clima","tag-meteorologia","tag-norte","tag-sul"],"yoast_head":"<!-- This site is optimized with the Yoast SEO plugin v27.2 - https:\/\/yoast.com\/product\/yoast-seo-wordpress\/ -->\n<title>Poeiras do Saara, noites frias e dias primaveris moldam a previs\u00e3o - Portal Tela Portugal<\/title>\n<meta name=\"robots\" content=\"index, follow, max-snippet:-1, max-image-preview:large, max-video-preview:-1\" \/>\n<meta property=\"og:locale\" content=\"pt_PT\" \/>\n<meta property=\"og:type\" content=\"article\" \/>\n<meta property=\"og:title\" content=\"Poeiras do Saara, noites frias e dias primaveris moldam a previs\u00e3o - Portal Tela Portugal\" \/>\n<meta property=\"og:description\" content=\"O c\u00e9u ficar\u00e1 limpo at\u00e9 ter\u00e7a-feira, com poeiras do Saara a chegar nesse dia. As noites v\u00e3o manter-se frias, com m\u00ednimas em torno de 1\u00b0C no interior norte e inferiores a 5\u00b0C noutras regi\u00f5es, gerando uma grande amplitude t\u00e9rmica de cerca de 20\u00b0C. Hoje as m\u00ednimas chegam a -1\u00b0C em Miranda do Douro e a 1\u00b0C noutras zonas dos distritos de Bragan\u00e7a e da Guarda; as m\u00e1ximas passam dos 20\u00b0C no centro e no sul. Amanh\u00e3 prev\u00eaem-se 24\u00b0C de m\u00e1xima em Leiria e em partes do distrito de Santar\u00e9m (Coruche, Const\u00e2ncia, Goleg\u00e3, Entroncamento). A partir de ter\u00e7a-feira voltam os aguaceiros, com queda das temperaturas m\u00e1ximas e subida das m\u00ednimas.\" \/>\n<meta property=\"og:url\" content=\"https:\/\/portaltela.pt\/noticias\/2026\/02\/22\/poeiras-do-saara-noites-frias-e-dias-primaveris-moldam-a-previsao\/\" \/>\n<meta property=\"og:site_name\" content=\"Portal Tela Portugal\" \/>\n<meta property=\"article:published_time\" content=\"2026-02-22T09:10:24+00:00\" \/>\n<meta name=\"author\" content=\"Telinha\" \/>\n<meta name=\"twitter:card\" content=\"summary_large_image\" \/>\n<meta name=\"twitter:label1\" content=\"Escrito por\" \/>\n\t<meta name=\"twitter:data1\" content=\"Telinha\" \/>\n\t<meta name=\"twitter:label2\" content=\"Tempo estimado de leitura\" \/>\n\t<meta name=\"twitter:data2\" content=\"1 minuto\" \/>\n<script type=\"application\/ld+json\" class=\"yoast-schema-graph\">{\"@context\":\"https:\/\/schema.org\",\"@graph\":[{\"@type\":\"Article\",\"@id\":\"https:\/\/portaltela.pt\/noticias\/2026\/02\/22\/poeiras-do-saara-noites-frias-e-dias-primaveris-moldam-a-previsao\/#article\",\"isPartOf\":{\"@id\":\"https:\/\/portaltela.pt\/noticias\/2026\/02\/22\/poeiras-do-saara-noites-frias-e-dias-primaveris-moldam-a-previsao\/\"},\"author\":{\"name\":\"Telinha\",\"@id\":\"https:\/\/portaltela.pt\/#\/schema\/person\/c4278d4a6028830caff9ee44b42d32ed\"},\"headline\":\"Poeiras do Saara, noites frias e dias primaveris moldam a previs\u00e3o\",\"datePublished\":\"2026-02-22T09:10:24+00:00\",\"mainEntityOfPage\":{\"@id\":\"https:\/\/portaltela.pt\/noticias\/2026\/02\/22\/poeiras-do-saara-noites-frias-e-dias-primaveris-moldam-a-previsao\/\"},\"wordCount\":238,\"image\":{\"@id\":\"https:\/\/portaltela.pt\/noticias\/2026\/02\/22\/poeiras-do-saara-noites-frias-e-dias-primaveris-moldam-a-previsao\/#primaryimage\"},\"thumbnailUrl\":\"https:\/\/portaltela.pt\/s.01k8rhncp4jt1\/2026\/02\/img_920x518uu2026-02-22-09-09-40-2423027-im-639073481978049870.jpg\",\"keywords\":[\"Centro\",\"chuva\",\"clima\",\"meteorologia\",\"Norte\",\"Sul\"],\"articleSection\":[\"Not\u00edcias\"],\"inLanguage\":\"pt-PT\"},{\"@type\":\"WebPage\",\"@id\":\"https:\/\/portaltela.pt\/noticias\/2026\/02\/22\/poeiras-do-saara-noites-frias-e-dias-primaveris-moldam-a-previsao\/\",\"url\":\"https:\/\/portaltela.pt\/noticias\/2026\/02\/22\/poeiras-do-saara-noites-frias-e-dias-primaveris-moldam-a-previsao\/\",\"name\":\"Poeiras do Saara, noites frias e dias primaveris moldam a previs\u00e3o - Portal Tela Portugal\",\"isPartOf\":{\"@id\":\"https:\/\/portaltela.pt\/#website\"},\"primaryImageOfPage\":{\"@id\":\"https:\/\/portaltela.pt\/noticias\/2026\/02\/22\/poeiras-do-saara-noites-frias-e-dias-primaveris-moldam-a-previsao\/#primaryimage\"},\"image\":{\"@id\":\"https:\/\/portaltela.pt\/noticias\/2026\/02\/22\/poeiras-do-saara-noites-frias-e-dias-primaveris-moldam-a-previsao\/#primaryimage\"},\"thumbnailUrl\":\"https:\/\/portaltela.pt\/s.01k8rhncp4jt1\/2026\/02\/img_920x518uu2026-02-22-09-09-40-2423027-im-639073481978049870.jpg\",\"datePublished\":\"2026-02-22T09:10:24+00:00\",\"author\":{\"@id\":\"https:\/\/portaltela.pt\/#\/schema\/person\/c4278d4a6028830caff9ee44b42d32ed\"},\"breadcrumb\":{\"@id\":\"https:\/\/portaltela.pt\/noticias\/2026\/02\/22\/poeiras-do-saara-noites-frias-e-dias-primaveris-moldam-a-previsao\/#breadcrumb\"},\"inLanguage\":\"pt-PT\",\"potentialAction\":[{\"@type\":\"ReadAction\",\"target\":[\"https:\/\/portaltela.pt\/noticias\/2026\/02\/22\/poeiras-do-saara-noites-frias-e-dias-primaveris-moldam-a-previsao\/\"]}]},{\"@type\":\"ImageObject\",\"inLanguage\":\"pt-PT\",\"@id\":\"https:\/\/portaltela.pt\/noticias\/2026\/02\/22\/poeiras-do-saara-noites-frias-e-dias-primaveris-moldam-a-previsao\/#primaryimage\",\"url\":\"https:\/\/portaltela.pt\/s.01k8rhncp4jt1\/2026\/02\/img_920x518uu2026-02-22-09-09-40-2423027-im-639073481978049870.jpg\",\"contentUrl\":\"https:\/\/portaltela.pt\/s.01k8rhncp4jt1\/2026\/02\/img_920x518uu2026-02-22-09-09-40-2423027-im-639073481978049870.jpg\",\"width\":796,\"height\":448,\"caption\":\"Poeiras do Saara\"},{\"@type\":\"BreadcrumbList\",\"@id\":\"https:\/\/portaltela.pt\/noticias\/2026\/02\/22\/poeiras-do-saara-noites-frias-e-dias-primaveris-moldam-a-previsao\/#breadcrumb\",\"itemListElement\":[{\"@type\":\"ListItem\",\"position\":1,\"name\":\"In\u00edcio\",\"item\":\"https:\/\/portaltela.pt\/\"},{\"@type\":\"ListItem\",\"position\":2,\"name\":\"Poeiras do Saara, noites frias e dias primaveris moldam a previs\u00e3o\"}]},{\"@type\":\"WebSite\",\"@id\":\"https:\/\/portaltela.pt\/#website\",\"url\":\"https:\/\/portaltela.pt\/\",\"name\":\"Portal Tela Portugal\",\"description\":\"\",\"potentialAction\":[{\"@type\":\"SearchAction\",\"target\":{\"@type\":\"EntryPoint\",\"urlTemplate\":\"https:\/\/portaltela.pt\/?s={search_term_string}\"},\"query-input\":{\"@type\":\"PropertyValueSpecification\",\"valueRequired\":true,\"valueName\":\"search_term_string\"}}],\"inLanguage\":\"pt-PT\"},{\"@type\":\"Person\",\"@id\":\"https:\/\/portaltela.pt\/#\/schema\/person\/c4278d4a6028830caff9ee44b42d32ed\",\"name\":\"Telinha\",\"image\":{\"@type\":\"ImageObject\",\"inLanguage\":\"pt-PT\",\"@id\":\"https:\/\/portaltela.pt\/s.01k8rhncp4jt1\/2025\/11\/talking-bot-125x125.png\",\"url\":\"https:\/\/portaltela.pt\/s.01k8rhncp4jt1\/2025\/11\/talking-bot-125x125.png\",\"contentUrl\":\"https:\/\/portaltela.pt\/s.01k8rhncp4jt1\/2025\/11\/talking-bot-125x125.png\",\"caption\":\"Telinha\"},\"sameAs\":[\"https:\/\/portaltela.pt\/\"],\"url\":\"https:\/\/portaltela.pt\/por\/367410592786\/\"}]}<\/script>\n<!-- \/ Yoast SEO plugin. -->","yoast_head_json":{"title":"Poeiras do Saara, noites frias e dias primaveris moldam a previs\u00e3o - Portal Tela Portugal","robots":{"index":"index","follow":"follow","max-snippet":"max-snippet:-1","max-image-preview":"max-image-preview:large","max-video-preview":"max-video-preview:-1"},"og_locale":"pt_PT","og_type":"article","og_title":"Poeiras do Saara, noites frias e dias primaveris moldam a previs\u00e3o - Portal Tela Portugal","og_description":"O c\u00e9u ficar\u00e1 limpo at\u00e9 ter\u00e7a-feira, com poeiras do Saara a chegar nesse dia. As noites v\u00e3o manter-se frias, com m\u00ednimas em torno de 1\u00b0C no interior norte e inferiores a 5\u00b0C noutras regi\u00f5es, gerando uma grande amplitude t\u00e9rmica de cerca de 20\u00b0C. Hoje as m\u00ednimas chegam a -1\u00b0C em Miranda do Douro e a 1\u00b0C noutras zonas dos distritos de Bragan\u00e7a e da Guarda; as m\u00e1ximas passam dos 20\u00b0C no centro e no sul. Amanh\u00e3 prev\u00eaem-se 24\u00b0C de m\u00e1xima em Leiria e em partes do distrito de Santar\u00e9m (Coruche, Const\u00e2ncia, Goleg\u00e3, Entroncamento). A partir de ter\u00e7a-feira voltam os aguaceiros, com queda das temperaturas m\u00e1ximas e subida das m\u00ednimas.","og_url":"https:\/\/portaltela.pt\/noticias\/2026\/02\/22\/poeiras-do-saara-noites-frias-e-dias-primaveris-moldam-a-previsao\/","og_site_name":"Portal Tela Portugal","article_published_time":"2026-02-22T09:10:24+00:00","author":"Telinha","twitter_card":"summary_large_image","twitter_misc":{"Escrito por":"Telinha","Tempo estimado de leitura":"1 minuto"},"schema":{"@context":"https:\/\/schema.org","@graph":[{"@type":"Article","@id":"https:\/\/portaltela.pt\/noticias\/2026\/02\/22\/poeiras-do-saara-noites-frias-e-dias-primaveris-moldam-a-previsao\/#article","isPartOf":{"@id":"https:\/\/portaltela.pt\/noticias\/2026\/02\/22\/poeiras-do-saara-noites-frias-e-dias-primaveris-moldam-a-previsao\/"},"author":{"name":"Telinha","@id":"https:\/\/portaltela.pt\/#\/schema\/person\/c4278d4a6028830caff9ee44b42d32ed"},"headline":"Poeiras do Saara, noites frias e dias primaveris moldam a previs\u00e3o","datePublished":"2026-02-22T09:10:24+00:00","mainEntityOfPage":{"@id":"https:\/\/portaltela.pt\/noticias\/2026\/02\/22\/poeiras-do-saara-noites-frias-e-dias-primaveris-moldam-a-previsao\/"},"wordCount":238,"image":{"@id":"https:\/\/portaltela.pt\/noticias\/2026\/02\/22\/poeiras-do-saara-noites-frias-e-dias-primaveris-moldam-a-previsao\/#primaryimage"},"thumbnailUrl":"https:\/\/portaltela.pt\/s.01k8rhncp4jt1\/2026\/02\/img_920x518uu2026-02-22-09-09-40-2423027-im-639073481978049870.jpg","keywords":["Centro","chuva","clima","meteorologia","Norte","Sul"],"articleSection":["Not\u00edcias"],"inLanguage":"pt-PT"},{"@type":"WebPage","@id":"https:\/\/portaltela.pt\/noticias\/2026\/02\/22\/poeiras-do-saara-noites-frias-e-dias-primaveris-moldam-a-previsao\/","url":"https:\/\/portaltela.pt\/noticias\/2026\/02\/22\/poeiras-do-saara-noites-frias-e-dias-primaveris-moldam-a-previsao\/","name":"Poeiras do Saara, noites frias e dias primaveris moldam a previs\u00e3o - Portal Tela Portugal","isPartOf":{"@id":"https:\/\/portaltela.pt\/#website"},"primaryImageOfPage":{"@id":"https:\/\/portaltela.pt\/noticias\/2026\/02\/22\/poeiras-do-saara-noites-frias-e-dias-primaveris-moldam-a-previsao\/#primaryimage"},"image":{"@id":"https:\/\/portaltela.pt\/noticias\/2026\/02\/22\/poeiras-do-saara-noites-frias-e-dias-primaveris-moldam-a-previsao\/#primaryimage"},"thumbnailUrl":"https:\/\/portaltela.pt\/s.01k8rhncp4jt1\/2026\/02\/img_920x518uu2026-02-22-09-09-40-2423027-im-639073481978049870.jpg","datePublished":"2026-02-22T09:10:24+00:00","author":{"@id":"https:\/\/portaltela.pt\/#\/schema\/person\/c4278d4a6028830caff9ee44b42d32ed"},"breadcrumb":{"@id":"https:\/\/portaltela.pt\/noticias\/2026\/02\/22\/poeiras-do-saara-noites-frias-e-dias-primaveris-moldam-a-previsao\/#breadcrumb"},"inLanguage":"pt-PT","potentialAction":[{"@type":"ReadAction","target":["https:\/\/portaltela.pt\/noticias\/2026\/02\/22\/poeiras-do-saara-noites-frias-e-dias-primaveris-moldam-a-previsao\/"]}]},{"@type":"ImageObject","inLanguage":"pt-PT","@id":"https:\/\/portaltela.pt\/noticias\/2026\/02\/22\/poeiras-do-saara-noites-frias-e-dias-primaveris-moldam-a-previsao\/#primaryimage","url":"https:\/\/portaltela.pt\/s.01k8rhncp4jt1\/2026\/02\/img_920x518uu2026-02-22-09-09-40-2423027-im-639073481978049870.jpg","contentUrl":"https:\/\/portaltela.pt\/s.01k8rhncp4jt1\/2026\/02\/img_920x518uu2026-02-22-09-09-40-2423027-im-639073481978049870.jpg","width":796,"height":448,"caption":"Poeiras do Saara"},{"@type":"BreadcrumbList","@id":"https:\/\/portaltela.pt\/noticias\/2026\/02\/22\/poeiras-do-saara-noites-frias-e-dias-primaveris-moldam-a-previsao\/#breadcrumb","itemListElement":[{"@type":"ListItem","position":1,"name":"In\u00edcio","item":"https:\/\/portaltela.pt\/"},{"@type":"ListItem","position":2,"name":"Poeiras do Saara, noites frias e dias primaveris moldam a previs\u00e3o"}]},{"@type":"WebSite","@id":"https:\/\/portaltela.pt\/#website","url":"https:\/\/portaltela.pt\/","name":"Portal Tela Portugal","description":"","potentialAction":[{"@type":"SearchAction","target":{"@type":"EntryPoint","urlTemplate":"https:\/\/portaltela.pt\/?s={search_term_string}"},"query-input":{"@type":"PropertyValueSpecification","valueRequired":true,"valueName":"search_term_string"}}],"inLanguage":"pt-PT"},{"@type":"Person","@id":"https:\/\/portaltela.pt\/#\/schema\/person\/c4278d4a6028830caff9ee44b42d32ed","name":"Telinha","image":{"@type":"ImageObject","inLanguage":"pt-PT","@id":"https:\/\/portaltela.pt\/s.01k8rhncp4jt1\/2025\/11\/talking-bot-125x125.png","url":"https:\/\/portaltela.pt\/s.01k8rhncp4jt1\/2025\/11\/talking-bot-125x125.png","contentUrl":"https:\/\/portaltela.pt\/s.01k8rhncp4jt1\/2025\/11\/talking-bot-125x125.png","caption":"Telinha"},"sameAs":["https:\/\/portaltela.pt\/"],"url":"https:\/\/portaltela.pt\/por\/367410592786\/"}]}},"_links":{"self":[{"href":"https:\/\/portaltela.pt\/api\/wp\/v2\/posts\/221386","targetHints":{"allow":["GET"]}}],"collection":[{"href":"https:\/\/portaltela.pt\/api\/wp\/v2\/posts"}],"about":[{"href":"https:\/\/portaltela.pt\/api\/wp\/v2\/types\/post"}],"author":[{"embeddable":true,"href":"https:\/\/portaltela.pt\/api\/wp\/v2\/users\/2"}],"replies":[{"embeddable":true,"href":"https:\/\/portaltela.pt\/api\/wp\/v2\/comments?post=221386"}],"version-history":[{"count":0,"href":"https:\/\/portaltela.pt\/api\/wp\/v2\/posts\/221386\/revisions"}],"wp:featuredmedia":[{"embeddable":true,"href":"https:\/\/portaltela.pt\/api\/wp\/v2\/media\/221392"}],"wp:attachment":[{"href":"https:\/\/portaltela.pt\/api\/wp\/v2\/media?parent=221386"}],"wp:term":[{"taxonomy":"category","embeddable":true,"href":"https:\/\/portaltela.pt\/api\/wp\/v2\/categories?post=221386"},{"taxonomy":"post_tag","embeddable":true,"href":"https:\/\/portaltela.pt\/api\/wp\/v2\/tags?post=221386"}],"curies":[{"name":"wp","href":"https:\/\/api.w.org\/{rel}","templated":true}]}}