{"id":221384,"date":"2026-02-22T06:00:00","date_gmt":"2026-02-22T09:00:00","guid":{"rendered":"https:\/\/portaltela.pt\/noticias\/2026\/02\/22\/incidente-num-baile-som-alto-e-grelha-quente-causam-problemas\/"},"modified":"2026-02-22T06:00:00","modified_gmt":"2026-02-22T09:00:00","slug":"incidente-num-baile-som-alto-e-grelha-quente-causam-problemas","status":"publish","type":"post","link":"https:\/\/portaltela.pt\/noticias\/2026\/02\/22\/incidente-num-baile-som-alto-e-grelha-quente-causam-problemas\/","title":{"rendered":"Incidente num baile: som alto e grelha quente causam problemas"},"content":{"rendered":"<p>O Bateu Matou lan\u00e7ou o EP1 e prepara-se para apresentar o projeto ao vivo e a cores. O concerto de apresenta\u00e7\u00e3o decorre este domingo na Casa Capit\u00e3o, em Lisboa. A banda descreve o lan\u00e7amento como uma resposta ao isolamento e \u00e0 press\u00e3o social.<\/p>\n<p>No est\u00fadio do Beato, em Lisboa, a forma\u00e7\u00e3o composta por Quim Albergaria, Rui Pit\u00e9 e Ivo Costa gravou o EP. O objetivo foi traduzir em som a energia que a banda tem vindo a desenvolver ao longo de anos de atua\u00e7\u00e3o.<\/p>\n<p>O EP1 marca a afirma\u00e7\u00e3o do projeto ao vivo, com sonoridades que combinam percuss\u00e3o marcada, timbal\u00f5es graves e teclados que criam uma ambienta\u00e7\u00e3o dan\u00e7\u00e1vel. O refr\u00e3o funciona como um mantra de resist\u00eancia.<\/p>\n<h3>Em palco e contexto<\/h3>\n<p>No espet\u00e1culo, a banda apresenta um conjunto de faixas novas numa log\u00edstica orientada para o espa\u00e7o e a proje\u00e7\u00e3o visual. O trio mant\u00e9m a pr\u00e1tica de explorar ritmos centrais, mantendo a ess\u00eancia de uma atua\u00e7\u00e3o en\u00e9rgica.<\/p>\n<p>A apresenta\u00e7\u00e3o na Casa Capit\u00e3o promete uma experi\u00eancia marcada pela fus\u00e3o entre m\u00fasica de raiz e electr\u00f3nica, procurando envolver o p\u00fablico na resposta coletiva ao que consideram como poder paralisante do isolamento.<\/p>\n","protected":false},"excerpt":{"rendered":"<ul>\n<li>O grupo Bateu Matou lan\u00e7a este domingo, na Casa Capit\u00e3o, em Lisboa, o EP1, apresentado ao vivo e a cores.<\/li>\n<li>A apresenta\u00e7\u00e3o acontece num momento em que a banda concretiza o projeto de forma p\u00fablica.<\/li>\n<li>O registo foi feito no est\u00fadio do Beato, em Lisboa, com Quim Albergaria, Rui Pit\u00e9 e Ivo Costa.<\/li>\n<li>A atua\u00e7\u00e3o surge como resposta ao \u201cpoder paralisante do isolamento\u201d.<\/li>\n<li>O tema inclui o refr\u00e3o: \u201choje eu vou p\u00f3 baile\/ vou p\u00f3 baile sem ti\/ vou p\u00f3 baile, tenho de ir\u201d.<\/li>\n<\/ul>\n","protected":false},"author":2,"featured_media":221387,"comment_status":"closed","ping_status":"closed","sticky":false,"template":"","format":"standard","meta":{"footnotes":""},"categories":[12,1],"tags":[593,145,5292,981,122,6126],"class_list":["post-221384","post","type-post","status-publish","format-standard","has-post-thumbnail","hentry","category-entretenimento","category-noticias","tag-concertos","tag-cultura","tag-isolamento","tag-lisboa","tag-musica","tag-publico"],"yoast_head":"<!-- This site is optimized with the Yoast SEO plugin v27.2 - https:\/\/yoast.com\/product\/yoast-seo-wordpress\/ -->\n<title>Incidente num baile: som alto e grelha quente causam problemas - Portal Tela Portugal<\/title>\n<meta name=\"robots\" content=\"index, follow, max-snippet:-1, max-image-preview:large, max-video-preview:-1\" \/>\n<meta property=\"og:locale\" content=\"pt_PT\" \/>\n<meta property=\"og:type\" content=\"article\" \/>\n<meta property=\"og:title\" content=\"Incidente num baile: som alto e grelha quente causam problemas - Portal Tela Portugal\" \/>\n<meta property=\"og:description\" content=\"O grupo Bateu Matou lan\u00e7a este domingo, na Casa Capit\u00e3o, em Lisboa, o EP1, apresentado ao vivo e a cores. A apresenta\u00e7\u00e3o acontece num momento em que a banda concretiza o projeto de forma p\u00fablica. O registo foi feito no est\u00fadio do Beato, em Lisboa, com Quim Albergaria, Rui Pit\u00e9 e Ivo Costa. A atua\u00e7\u00e3o surge como resposta ao \u201cpoder paralisante do isolamento\u201d. O tema inclui o refr\u00e3o: \u201choje eu vou p\u00f3 baile\/ vou p\u00f3 baile sem ti\/ vou p\u00f3 baile, tenho de ir\u201d.\" \/>\n<meta property=\"og:url\" content=\"https:\/\/portaltela.pt\/noticias\/2026\/02\/22\/incidente-num-baile-som-alto-e-grelha-quente-causam-problemas\/\" \/>\n<meta property=\"og:site_name\" content=\"Portal Tela Portugal\" \/>\n<meta property=\"article:published_time\" content=\"2026-02-22T09:00:00+00:00\" \/>\n<meta name=\"author\" content=\"Telinha\" \/>\n<meta name=\"twitter:card\" content=\"summary_large_image\" \/>\n<meta name=\"twitter:label1\" content=\"Escrito por\" \/>\n\t<meta name=\"twitter:data1\" content=\"Telinha\" \/>\n\t<meta name=\"twitter:label2\" content=\"Tempo estimado de leitura\" \/>\n\t<meta name=\"twitter:data2\" content=\"1 minuto\" \/>\n<script type=\"application\/ld+json\" class=\"yoast-schema-graph\">{\"@context\":\"https:\/\/schema.org\",\"@graph\":[{\"@type\":\"Article\",\"@id\":\"https:\/\/portaltela.pt\/noticias\/2026\/02\/22\/incidente-num-baile-som-alto-e-grelha-quente-causam-problemas\/#article\",\"isPartOf\":{\"@id\":\"https:\/\/portaltela.pt\/noticias\/2026\/02\/22\/incidente-num-baile-som-alto-e-grelha-quente-causam-problemas\/\"},\"author\":{\"name\":\"Telinha\",\"@id\":\"https:\/\/portaltela.pt\/#\/schema\/person\/c4278d4a6028830caff9ee44b42d32ed\"},\"headline\":\"Incidente num baile: som alto e grelha quente causam problemas\",\"datePublished\":\"2026-02-22T09:00:00+00:00\",\"mainEntityOfPage\":{\"@id\":\"https:\/\/portaltela.pt\/noticias\/2026\/02\/22\/incidente-num-baile-som-alto-e-grelha-quente-causam-problemas\/\"},\"wordCount\":228,\"image\":{\"@id\":\"https:\/\/portaltela.pt\/noticias\/2026\/02\/22\/incidente-num-baile-som-alto-e-grelha-quente-causam-problemas\/#primaryimage\"},\"thumbnailUrl\":\"https:\/\/portaltela.pt\/s.01k8rhncp4jt1\/2026\/02\/2068868.jpg\",\"keywords\":[\"concertos\",\"cultura\",\"isolamento\",\"Lisboa\",\"m\u00fasica\",\"p\u00fablico\"],\"articleSection\":[\"Entretenimento\",\"Not\u00edcias\"],\"inLanguage\":\"pt-PT\"},{\"@type\":\"WebPage\",\"@id\":\"https:\/\/portaltela.pt\/noticias\/2026\/02\/22\/incidente-num-baile-som-alto-e-grelha-quente-causam-problemas\/\",\"url\":\"https:\/\/portaltela.pt\/noticias\/2026\/02\/22\/incidente-num-baile-som-alto-e-grelha-quente-causam-problemas\/\",\"name\":\"Incidente num baile: som alto e grelha quente causam problemas - Portal Tela Portugal\",\"isPartOf\":{\"@id\":\"https:\/\/portaltela.pt\/#website\"},\"primaryImageOfPage\":{\"@id\":\"https:\/\/portaltela.pt\/noticias\/2026\/02\/22\/incidente-num-baile-som-alto-e-grelha-quente-causam-problemas\/#primaryimage\"},\"image\":{\"@id\":\"https:\/\/portaltela.pt\/noticias\/2026\/02\/22\/incidente-num-baile-som-alto-e-grelha-quente-causam-problemas\/#primaryimage\"},\"thumbnailUrl\":\"https:\/\/portaltela.pt\/s.01k8rhncp4jt1\/2026\/02\/2068868.jpg\",\"datePublished\":\"2026-02-22T09:00:00+00:00\",\"author\":{\"@id\":\"https:\/\/portaltela.pt\/#\/schema\/person\/c4278d4a6028830caff9ee44b42d32ed\"},\"breadcrumb\":{\"@id\":\"https:\/\/portaltela.pt\/noticias\/2026\/02\/22\/incidente-num-baile-som-alto-e-grelha-quente-causam-problemas\/#breadcrumb\"},\"inLanguage\":\"pt-PT\",\"potentialAction\":[{\"@type\":\"ReadAction\",\"target\":[\"https:\/\/portaltela.pt\/noticias\/2026\/02\/22\/incidente-num-baile-som-alto-e-grelha-quente-causam-problemas\/\"]}]},{\"@type\":\"ImageObject\",\"inLanguage\":\"pt-PT\",\"@id\":\"https:\/\/portaltela.pt\/noticias\/2026\/02\/22\/incidente-num-baile-som-alto-e-grelha-quente-causam-problemas\/#primaryimage\",\"url\":\"https:\/\/portaltela.pt\/s.01k8rhncp4jt1\/2026\/02\/2068868.jpg\",\"contentUrl\":\"https:\/\/portaltela.pt\/s.01k8rhncp4jt1\/2026\/02\/2068868.jpg\",\"width\":796,\"height\":448,\"caption\":\"Quim Albergaria, Rui Pit\u00e9 e Ivo Costa: os Bateu Matou no est\u00fadio do Beato, em Lisboa\"},{\"@type\":\"BreadcrumbList\",\"@id\":\"https:\/\/portaltela.pt\/noticias\/2026\/02\/22\/incidente-num-baile-som-alto-e-grelha-quente-causam-problemas\/#breadcrumb\",\"itemListElement\":[{\"@type\":\"ListItem\",\"position\":1,\"name\":\"In\u00edcio\",\"item\":\"https:\/\/portaltela.pt\/\"},{\"@type\":\"ListItem\",\"position\":2,\"name\":\"Incidente num baile: som alto e grelha quente causam problemas\"}]},{\"@type\":\"WebSite\",\"@id\":\"https:\/\/portaltela.pt\/#website\",\"url\":\"https:\/\/portaltela.pt\/\",\"name\":\"Portal Tela Portugal\",\"description\":\"\",\"potentialAction\":[{\"@type\":\"SearchAction\",\"target\":{\"@type\":\"EntryPoint\",\"urlTemplate\":\"https:\/\/portaltela.pt\/?s={search_term_string}\"},\"query-input\":{\"@type\":\"PropertyValueSpecification\",\"valueRequired\":true,\"valueName\":\"search_term_string\"}}],\"inLanguage\":\"pt-PT\"},{\"@type\":\"Person\",\"@id\":\"https:\/\/portaltela.pt\/#\/schema\/person\/c4278d4a6028830caff9ee44b42d32ed\",\"name\":\"Telinha\",\"image\":{\"@type\":\"ImageObject\",\"inLanguage\":\"pt-PT\",\"@id\":\"https:\/\/portaltela.pt\/s.01k8rhncp4jt1\/2025\/11\/talking-bot-125x125.png\",\"url\":\"https:\/\/portaltela.pt\/s.01k8rhncp4jt1\/2025\/11\/talking-bot-125x125.png\",\"contentUrl\":\"https:\/\/portaltela.pt\/s.01k8rhncp4jt1\/2025\/11\/talking-bot-125x125.png\",\"caption\":\"Telinha\"},\"sameAs\":[\"https:\/\/portaltela.pt\/\"],\"url\":\"https:\/\/portaltela.pt\/por\/367410592786\/\"}]}<\/script>\n<!-- \/ Yoast SEO plugin. -->","yoast_head_json":{"title":"Incidente num baile: som alto e grelha quente causam problemas - Portal Tela Portugal","robots":{"index":"index","follow":"follow","max-snippet":"max-snippet:-1","max-image-preview":"max-image-preview:large","max-video-preview":"max-video-preview:-1"},"og_locale":"pt_PT","og_type":"article","og_title":"Incidente num baile: som alto e grelha quente causam problemas - Portal Tela Portugal","og_description":"O grupo Bateu Matou lan\u00e7a este domingo, na Casa Capit\u00e3o, em Lisboa, o EP1, apresentado ao vivo e a cores. A apresenta\u00e7\u00e3o acontece num momento em que a banda concretiza o projeto de forma p\u00fablica. O registo foi feito no est\u00fadio do Beato, em Lisboa, com Quim Albergaria, Rui Pit\u00e9 e Ivo Costa. A atua\u00e7\u00e3o surge como resposta ao \u201cpoder paralisante do isolamento\u201d. O tema inclui o refr\u00e3o: \u201choje eu vou p\u00f3 baile\/ vou p\u00f3 baile sem ti\/ vou p\u00f3 baile, tenho de ir\u201d.","og_url":"https:\/\/portaltela.pt\/noticias\/2026\/02\/22\/incidente-num-baile-som-alto-e-grelha-quente-causam-problemas\/","og_site_name":"Portal Tela Portugal","article_published_time":"2026-02-22T09:00:00+00:00","author":"Telinha","twitter_card":"summary_large_image","twitter_misc":{"Escrito por":"Telinha","Tempo estimado de leitura":"1 minuto"},"schema":{"@context":"https:\/\/schema.org","@graph":[{"@type":"Article","@id":"https:\/\/portaltela.pt\/noticias\/2026\/02\/22\/incidente-num-baile-som-alto-e-grelha-quente-causam-problemas\/#article","isPartOf":{"@id":"https:\/\/portaltela.pt\/noticias\/2026\/02\/22\/incidente-num-baile-som-alto-e-grelha-quente-causam-problemas\/"},"author":{"name":"Telinha","@id":"https:\/\/portaltela.pt\/#\/schema\/person\/c4278d4a6028830caff9ee44b42d32ed"},"headline":"Incidente num baile: som alto e grelha quente causam problemas","datePublished":"2026-02-22T09:00:00+00:00","mainEntityOfPage":{"@id":"https:\/\/portaltela.pt\/noticias\/2026\/02\/22\/incidente-num-baile-som-alto-e-grelha-quente-causam-problemas\/"},"wordCount":228,"image":{"@id":"https:\/\/portaltela.pt\/noticias\/2026\/02\/22\/incidente-num-baile-som-alto-e-grelha-quente-causam-problemas\/#primaryimage"},"thumbnailUrl":"https:\/\/portaltela.pt\/s.01k8rhncp4jt1\/2026\/02\/2068868.jpg","keywords":["concertos","cultura","isolamento","Lisboa","m\u00fasica","p\u00fablico"],"articleSection":["Entretenimento","Not\u00edcias"],"inLanguage":"pt-PT"},{"@type":"WebPage","@id":"https:\/\/portaltela.pt\/noticias\/2026\/02\/22\/incidente-num-baile-som-alto-e-grelha-quente-causam-problemas\/","url":"https:\/\/portaltela.pt\/noticias\/2026\/02\/22\/incidente-num-baile-som-alto-e-grelha-quente-causam-problemas\/","name":"Incidente num baile: som alto e grelha quente causam problemas - Portal Tela Portugal","isPartOf":{"@id":"https:\/\/portaltela.pt\/#website"},"primaryImageOfPage":{"@id":"https:\/\/portaltela.pt\/noticias\/2026\/02\/22\/incidente-num-baile-som-alto-e-grelha-quente-causam-problemas\/#primaryimage"},"image":{"@id":"https:\/\/portaltela.pt\/noticias\/2026\/02\/22\/incidente-num-baile-som-alto-e-grelha-quente-causam-problemas\/#primaryimage"},"thumbnailUrl":"https:\/\/portaltela.pt\/s.01k8rhncp4jt1\/2026\/02\/2068868.jpg","datePublished":"2026-02-22T09:00:00+00:00","author":{"@id":"https:\/\/portaltela.pt\/#\/schema\/person\/c4278d4a6028830caff9ee44b42d32ed"},"breadcrumb":{"@id":"https:\/\/portaltela.pt\/noticias\/2026\/02\/22\/incidente-num-baile-som-alto-e-grelha-quente-causam-problemas\/#breadcrumb"},"inLanguage":"pt-PT","potentialAction":[{"@type":"ReadAction","target":["https:\/\/portaltela.pt\/noticias\/2026\/02\/22\/incidente-num-baile-som-alto-e-grelha-quente-causam-problemas\/"]}]},{"@type":"ImageObject","inLanguage":"pt-PT","@id":"https:\/\/portaltela.pt\/noticias\/2026\/02\/22\/incidente-num-baile-som-alto-e-grelha-quente-causam-problemas\/#primaryimage","url":"https:\/\/portaltela.pt\/s.01k8rhncp4jt1\/2026\/02\/2068868.jpg","contentUrl":"https:\/\/portaltela.pt\/s.01k8rhncp4jt1\/2026\/02\/2068868.jpg","width":796,"height":448,"caption":"Quim Albergaria, Rui Pit\u00e9 e Ivo Costa: os Bateu Matou no est\u00fadio do Beato, em Lisboa"},{"@type":"BreadcrumbList","@id":"https:\/\/portaltela.pt\/noticias\/2026\/02\/22\/incidente-num-baile-som-alto-e-grelha-quente-causam-problemas\/#breadcrumb","itemListElement":[{"@type":"ListItem","position":1,"name":"In\u00edcio","item":"https:\/\/portaltela.pt\/"},{"@type":"ListItem","position":2,"name":"Incidente num baile: som alto e grelha quente causam problemas"}]},{"@type":"WebSite","@id":"https:\/\/portaltela.pt\/#website","url":"https:\/\/portaltela.pt\/","name":"Portal Tela Portugal","description":"","potentialAction":[{"@type":"SearchAction","target":{"@type":"EntryPoint","urlTemplate":"https:\/\/portaltela.pt\/?s={search_term_string}"},"query-input":{"@type":"PropertyValueSpecification","valueRequired":true,"valueName":"search_term_string"}}],"inLanguage":"pt-PT"},{"@type":"Person","@id":"https:\/\/portaltela.pt\/#\/schema\/person\/c4278d4a6028830caff9ee44b42d32ed","name":"Telinha","image":{"@type":"ImageObject","inLanguage":"pt-PT","@id":"https:\/\/portaltela.pt\/s.01k8rhncp4jt1\/2025\/11\/talking-bot-125x125.png","url":"https:\/\/portaltela.pt\/s.01k8rhncp4jt1\/2025\/11\/talking-bot-125x125.png","contentUrl":"https:\/\/portaltela.pt\/s.01k8rhncp4jt1\/2025\/11\/talking-bot-125x125.png","caption":"Telinha"},"sameAs":["https:\/\/portaltela.pt\/"],"url":"https:\/\/portaltela.pt\/por\/367410592786\/"}]}},"_links":{"self":[{"href":"https:\/\/portaltela.pt\/api\/wp\/v2\/posts\/221384","targetHints":{"allow":["GET"]}}],"collection":[{"href":"https:\/\/portaltela.pt\/api\/wp\/v2\/posts"}],"about":[{"href":"https:\/\/portaltela.pt\/api\/wp\/v2\/types\/post"}],"author":[{"embeddable":true,"href":"https:\/\/portaltela.pt\/api\/wp\/v2\/users\/2"}],"replies":[{"embeddable":true,"href":"https:\/\/portaltela.pt\/api\/wp\/v2\/comments?post=221384"}],"version-history":[{"count":0,"href":"https:\/\/portaltela.pt\/api\/wp\/v2\/posts\/221384\/revisions"}],"wp:featuredmedia":[{"embeddable":true,"href":"https:\/\/portaltela.pt\/api\/wp\/v2\/media\/221387"}],"wp:attachment":[{"href":"https:\/\/portaltela.pt\/api\/wp\/v2\/media?parent=221384"}],"wp:term":[{"taxonomy":"category","embeddable":true,"href":"https:\/\/portaltela.pt\/api\/wp\/v2\/categories?post=221384"},{"taxonomy":"post_tag","embeddable":true,"href":"https:\/\/portaltela.pt\/api\/wp\/v2\/tags?post=221384"}],"curies":[{"name":"wp","href":"https:\/\/api.w.org\/{rel}","templated":true}]}}