{"id":221375,"date":"2026-02-22T05:50:00","date_gmt":"2026-02-22T08:50:00","guid":{"rendered":"https:\/\/portaltela.pt\/noticias\/2026\/02\/22\/ataques-aereos-no-paquistao-deixam-dezenas-de-mortos-e-feridos\/"},"modified":"2026-02-22T05:50:00","modified_gmt":"2026-02-22T08:50:00","slug":"ataques-aereos-no-paquistao-deixam-dezenas-de-mortos-e-feridos","status":"publish","type":"post","link":"https:\/\/portaltela.pt\/noticias\/politica\/2026\/02\/22\/ataques-aereos-no-paquistao-deixam-dezenas-de-mortos-e-feridos\/","title":{"rendered":"Ataques a\u00e9reos no Paquist\u00e3o deixam dezenas de mortos e feridos"},"content":{"rendered":"<p>O Governo do Afeganist\u00e3o informou, este domingo, que dezenas de pessoas morreram ou ficaram feridas em ataques a\u00e9reos do Paquist\u00e3o. Islamabad alegou ter visado sete campos de insurgentes na fronteira, em resposta a recentes atentados suicidas. As autoridades afeg\u00e3s afirmam que as a\u00e7\u00f5es atingiram habita\u00e7\u00f5es e uma madra\u00e7a, causando mortes principalmente entre civis.<\/p>\n<p>Zabihullah Mujahid, porta-voz do Governo talib\u00e3 em Cabul, descreveu as a\u00e7\u00f5es como ataques a civis ocorridos nas prov\u00edncias de Nangarhar e Paktika, sublinhando que as v\u00edtimas eram, na maioria, mulheres e crian\u00e7as. O Paquist\u00e3o, por sua vez, n\u00e3o divulgou detalhes sobre as \u00e1reas atingidas, apenas garantiu ter levado a cabo opera\u00e7\u00f5es em zonas fronteiri\u00e7as contra esconderijos de insurgentes paquistaneses.<\/p>\n<h3>Desdobramentos na fronteira<\/h3>\n<p>O ministro paquistan\u00eas da Informa\u00e7\u00e3o, Attaullah Tarar, informou nas redes sociais que as opera\u00e7\u00f5es foram realizadas com base em informa\u00e7\u00f5es, visaram sete campos do Tehrik-e-Taliban Pakistan (TTP) e de seus alegados afiliados. Tarar indicou ainda que um grupo ligado ao Estado Isl\u00e2mico tamb\u00e9m foi atingido na regi\u00e3o fronteiri\u00e7a.<\/p>\n<p>As tens\u00f5es entre Paquist\u00e3o e Afeganist\u00e3o persistem desde confrontos na fronteira, ocorridos em outubro, que deixaram v\u00e1rias v\u00edtimas. Um cessar-fogo mediado pelo Qatar tem sido maioritariamente observado, embora negocia\u00e7\u00f5es em Istambul n\u00e3o tenham produzido um acordo formal. O contexto regional permanece marcado por desentendimentos sobre a atua\u00e7\u00e3o de grupos insurgentes no interior de ambos os pa\u00edses.<\/p>\n<p>Segundo um relat\u00f3rio da Miss\u00e3o de Assist\u00eancia das Na\u00e7\u00f5es Unidas no Afeganist\u00e3o, entre os \u00faltimos tr\u00eas meses de 2025 ocorreram 70 mortes civis e 478 feridos atribu\u00eddos a a\u00e7\u00f5es das for\u00e7as paquistanesas, divulgado a 8 de fevereiro. O documento evidencia a continuidade das tens\u00f5es na regi\u00e3o e a fragilidade da seguran\u00e7a na fronteira.<\/p>\n","protected":false},"excerpt":{"rendered":"<ul>\n<li>O Governo afeg\u00e3o informou que dezenas de civis morreram ou ficaram feridos em ataques a\u00e9reos do Paquist\u00e3o, nas prov\u00edncias de Nangarhar e Paktika, alegadamente contra sete campos de terroristas.<\/li>\n<li>Islamabad afirmou ter atacado perto da fronteira com o Afeganist\u00e3o, visado esconderijos de insurgentes paquistaneses, incluindo o Tehrik-e-Taliban Pakistan, e tamb\u00e9m um grupo afiliado do Estado Isl\u00e2mico.<\/li>\n<li>O ministro da Informa\u00e7\u00e3o paquistan\u00eas disse que as for\u00e7as armadas realizaram opera\u00e7\u00f5es baseadas em informa\u00e7\u00f5es contra sete campos do TTP e seus afiliados.<\/li>\n<li>As rela\u00e7\u00f5es entre Paquist\u00e3o e Afeganist\u00e3o permanecem tensas, com um cessar-fogo mediado pelo Qatar e negocia\u00e7\u00f5es em Istambul sem acordo formal.<\/li>\n<li>Segundo a Miss\u00e3o de Assist\u00eancia das Na\u00e7\u00f5es Unidas no Afeganist\u00e3o, nos \u00faltimos tr\u00eas meses de 2025 morreram 70 civis e ficaram feridos 478 por a\u00e7\u00f5es atribu\u00eddas \u00e0s for\u00e7as paquistanesas.<\/li>\n<\/ul>\n","protected":false},"author":2,"featured_media":221377,"comment_status":"closed","ping_status":"closed","sticky":false,"template":"","format":"standard","meta":{"footnotes":""},"categories":[1,5],"tags":[4104,5267,2198,3625,4002,3238],"class_list":["post-221375","post","type-post","status-publish","format-standard","has-post-thumbnail","hentry","category-noticias","category-politica","tag-afeganistao","tag-ataques","tag-conflitos-internacionais","tag-estado-islamico","tag-fronteiras","tag-fronteiras-internacionais"],"yoast_head":"<!-- This site is optimized with the Yoast SEO plugin v27.2 - https:\/\/yoast.com\/product\/yoast-seo-wordpress\/ -->\n<title>Ataques a\u00e9reos no Paquist\u00e3o deixam dezenas de mortos e feridos - Portal Tela Portugal<\/title>\n<meta name=\"robots\" content=\"index, follow, max-snippet:-1, max-image-preview:large, max-video-preview:-1\" \/>\n<meta property=\"og:locale\" content=\"pt_PT\" \/>\n<meta property=\"og:type\" content=\"article\" \/>\n<meta property=\"og:title\" content=\"Ataques a\u00e9reos no Paquist\u00e3o deixam dezenas de mortos e feridos - Portal Tela Portugal\" \/>\n<meta property=\"og:description\" content=\"O Governo afeg\u00e3o informou que dezenas de civis morreram ou ficaram feridos em ataques a\u00e9reos do Paquist\u00e3o, nas prov\u00edncias de Nangarhar e Paktika, alegadamente contra sete campos de terroristas. Islamabad afirmou ter atacado perto da fronteira com o Afeganist\u00e3o, visado esconderijos de insurgentes paquistaneses, incluindo o Tehrik-e-Taliban Pakistan, e tamb\u00e9m um grupo afiliado do Estado Isl\u00e2mico. O ministro da Informa\u00e7\u00e3o paquistan\u00eas disse que as for\u00e7as armadas realizaram opera\u00e7\u00f5es baseadas em informa\u00e7\u00f5es contra sete campos do TTP e seus afiliados. As rela\u00e7\u00f5es entre Paquist\u00e3o e Afeganist\u00e3o permanecem tensas, com um cessar-fogo mediado pelo Qatar e negocia\u00e7\u00f5es em Istambul sem acordo formal. Segundo a Miss\u00e3o de Assist\u00eancia das Na\u00e7\u00f5es Unidas no Afeganist\u00e3o, nos \u00faltimos tr\u00eas meses de 2025 morreram 70 civis e ficaram feridos 478 por a\u00e7\u00f5es atribu\u00eddas \u00e0s for\u00e7as paquistanesas.\" \/>\n<meta property=\"og:url\" content=\"https:\/\/portaltela.pt\/noticias\/2026\/02\/22\/ataques-aereos-no-paquistao-deixam-dezenas-de-mortos-e-feridos\/\" \/>\n<meta property=\"og:site_name\" content=\"Portal Tela Portugal\" \/>\n<meta property=\"article:published_time\" content=\"2026-02-22T08:50:00+00:00\" \/>\n<meta name=\"author\" content=\"Telinha\" \/>\n<meta name=\"twitter:card\" content=\"summary_large_image\" \/>\n<meta name=\"twitter:label1\" content=\"Escrito por\" \/>\n\t<meta name=\"twitter:data1\" content=\"Telinha\" \/>\n\t<meta name=\"twitter:label2\" content=\"Tempo estimado de leitura\" \/>\n\t<meta name=\"twitter:data2\" content=\"2 minutos\" \/>\n<script type=\"application\/ld+json\" class=\"yoast-schema-graph\">{\"@context\":\"https:\/\/schema.org\",\"@graph\":[{\"@type\":\"Article\",\"@id\":\"https:\/\/portaltela.pt\/noticias\/2026\/02\/22\/ataques-aereos-no-paquistao-deixam-dezenas-de-mortos-e-feridos\/#article\",\"isPartOf\":{\"@id\":\"https:\/\/portaltela.pt\/noticias\/2026\/02\/22\/ataques-aereos-no-paquistao-deixam-dezenas-de-mortos-e-feridos\/\"},\"author\":{\"name\":\"Telinha\",\"@id\":\"https:\/\/portaltela.pt\/#\/schema\/person\/c4278d4a6028830caff9ee44b42d32ed\"},\"headline\":\"Ataques a\u00e9reos no Paquist\u00e3o deixam dezenas de mortos e feridos\",\"datePublished\":\"2026-02-22T08:50:00+00:00\",\"mainEntityOfPage\":{\"@id\":\"https:\/\/portaltela.pt\/noticias\/2026\/02\/22\/ataques-aereos-no-paquistao-deixam-dezenas-de-mortos-e-feridos\/\"},\"wordCount\":324,\"image\":{\"@id\":\"https:\/\/portaltela.pt\/noticias\/2026\/02\/22\/ataques-aereos-no-paquistao-deixam-dezenas-de-mortos-e-feridos\/#primaryimage\"},\"thumbnailUrl\":\"https:\/\/portaltela.pt\/s.01k8rhncp4jt1\/2026\/02\/image-1612.jpg\",\"keywords\":[\"Afeganist\u00e3o\",\"ataques\",\"conflitos internacionais\",\"Estado Isl\u00e2mico\",\"fronteiras\",\"fronteiras internacionais\"],\"articleSection\":[\"Not\u00edcias\",\"Pol\u00edtica\"],\"inLanguage\":\"pt-PT\"},{\"@type\":\"WebPage\",\"@id\":\"https:\/\/portaltela.pt\/noticias\/2026\/02\/22\/ataques-aereos-no-paquistao-deixam-dezenas-de-mortos-e-feridos\/\",\"url\":\"https:\/\/portaltela.pt\/noticias\/2026\/02\/22\/ataques-aereos-no-paquistao-deixam-dezenas-de-mortos-e-feridos\/\",\"name\":\"Ataques a\u00e9reos no Paquist\u00e3o deixam dezenas de mortos e feridos - Portal Tela Portugal\",\"isPartOf\":{\"@id\":\"https:\/\/portaltela.pt\/#website\"},\"primaryImageOfPage\":{\"@id\":\"https:\/\/portaltela.pt\/noticias\/2026\/02\/22\/ataques-aereos-no-paquistao-deixam-dezenas-de-mortos-e-feridos\/#primaryimage\"},\"image\":{\"@id\":\"https:\/\/portaltela.pt\/noticias\/2026\/02\/22\/ataques-aereos-no-paquistao-deixam-dezenas-de-mortos-e-feridos\/#primaryimage\"},\"thumbnailUrl\":\"https:\/\/portaltela.pt\/s.01k8rhncp4jt1\/2026\/02\/image-1612.jpg\",\"datePublished\":\"2026-02-22T08:50:00+00:00\",\"author\":{\"@id\":\"https:\/\/portaltela.pt\/#\/schema\/person\/c4278d4a6028830caff9ee44b42d32ed\"},\"breadcrumb\":{\"@id\":\"https:\/\/portaltela.pt\/noticias\/2026\/02\/22\/ataques-aereos-no-paquistao-deixam-dezenas-de-mortos-e-feridos\/#breadcrumb\"},\"inLanguage\":\"pt-PT\",\"potentialAction\":[{\"@type\":\"ReadAction\",\"target\":[\"https:\/\/portaltela.pt\/noticias\/2026\/02\/22\/ataques-aereos-no-paquistao-deixam-dezenas-de-mortos-e-feridos\/\"]}]},{\"@type\":\"ImageObject\",\"inLanguage\":\"pt-PT\",\"@id\":\"https:\/\/portaltela.pt\/noticias\/2026\/02\/22\/ataques-aereos-no-paquistao-deixam-dezenas-de-mortos-e-feridos\/#primaryimage\",\"url\":\"https:\/\/portaltela.pt\/s.01k8rhncp4jt1\/2026\/02\/image-1612.jpg\",\"contentUrl\":\"https:\/\/portaltela.pt\/s.01k8rhncp4jt1\/2026\/02\/image-1612.jpg\",\"width\":796,\"height\":448,\"caption\":\"Familiares carregam corpo de v\u00edtima dos ataques\"},{\"@type\":\"BreadcrumbList\",\"@id\":\"https:\/\/portaltela.pt\/noticias\/2026\/02\/22\/ataques-aereos-no-paquistao-deixam-dezenas-de-mortos-e-feridos\/#breadcrumb\",\"itemListElement\":[{\"@type\":\"ListItem\",\"position\":1,\"name\":\"In\u00edcio\",\"item\":\"https:\/\/portaltela.pt\/\"},{\"@type\":\"ListItem\",\"position\":2,\"name\":\"Ataques a\u00e9reos no Paquist\u00e3o deixam dezenas de mortos e feridos\"}]},{\"@type\":\"WebSite\",\"@id\":\"https:\/\/portaltela.pt\/#website\",\"url\":\"https:\/\/portaltela.pt\/\",\"name\":\"Portal Tela Portugal\",\"description\":\"\",\"potentialAction\":[{\"@type\":\"SearchAction\",\"target\":{\"@type\":\"EntryPoint\",\"urlTemplate\":\"https:\/\/portaltela.pt\/?s={search_term_string}\"},\"query-input\":{\"@type\":\"PropertyValueSpecification\",\"valueRequired\":true,\"valueName\":\"search_term_string\"}}],\"inLanguage\":\"pt-PT\"},{\"@type\":\"Person\",\"@id\":\"https:\/\/portaltela.pt\/#\/schema\/person\/c4278d4a6028830caff9ee44b42d32ed\",\"name\":\"Telinha\",\"image\":{\"@type\":\"ImageObject\",\"inLanguage\":\"pt-PT\",\"@id\":\"https:\/\/portaltela.pt\/s.01k8rhncp4jt1\/2025\/11\/talking-bot-125x125.png\",\"url\":\"https:\/\/portaltela.pt\/s.01k8rhncp4jt1\/2025\/11\/talking-bot-125x125.png\",\"contentUrl\":\"https:\/\/portaltela.pt\/s.01k8rhncp4jt1\/2025\/11\/talking-bot-125x125.png\",\"caption\":\"Telinha\"},\"sameAs\":[\"https:\/\/portaltela.pt\/\"],\"url\":\"https:\/\/portaltela.pt\/por\/367410592786\/\"}]}<\/script>\n<!-- \/ Yoast SEO plugin. -->","yoast_head_json":{"title":"Ataques a\u00e9reos no Paquist\u00e3o deixam dezenas de mortos e feridos - Portal Tela Portugal","robots":{"index":"index","follow":"follow","max-snippet":"max-snippet:-1","max-image-preview":"max-image-preview:large","max-video-preview":"max-video-preview:-1"},"og_locale":"pt_PT","og_type":"article","og_title":"Ataques a\u00e9reos no Paquist\u00e3o deixam dezenas de mortos e feridos - Portal Tela Portugal","og_description":"O Governo afeg\u00e3o informou que dezenas de civis morreram ou ficaram feridos em ataques a\u00e9reos do Paquist\u00e3o, nas prov\u00edncias de Nangarhar e Paktika, alegadamente contra sete campos de terroristas. Islamabad afirmou ter atacado perto da fronteira com o Afeganist\u00e3o, visado esconderijos de insurgentes paquistaneses, incluindo o Tehrik-e-Taliban Pakistan, e tamb\u00e9m um grupo afiliado do Estado Isl\u00e2mico. O ministro da Informa\u00e7\u00e3o paquistan\u00eas disse que as for\u00e7as armadas realizaram opera\u00e7\u00f5es baseadas em informa\u00e7\u00f5es contra sete campos do TTP e seus afiliados. As rela\u00e7\u00f5es entre Paquist\u00e3o e Afeganist\u00e3o permanecem tensas, com um cessar-fogo mediado pelo Qatar e negocia\u00e7\u00f5es em Istambul sem acordo formal. Segundo a Miss\u00e3o de Assist\u00eancia das Na\u00e7\u00f5es Unidas no Afeganist\u00e3o, nos \u00faltimos tr\u00eas meses de 2025 morreram 70 civis e ficaram feridos 478 por a\u00e7\u00f5es atribu\u00eddas \u00e0s for\u00e7as paquistanesas.","og_url":"https:\/\/portaltela.pt\/noticias\/2026\/02\/22\/ataques-aereos-no-paquistao-deixam-dezenas-de-mortos-e-feridos\/","og_site_name":"Portal Tela Portugal","article_published_time":"2026-02-22T08:50:00+00:00","author":"Telinha","twitter_card":"summary_large_image","twitter_misc":{"Escrito por":"Telinha","Tempo estimado de leitura":"2 minutos"},"schema":{"@context":"https:\/\/schema.org","@graph":[{"@type":"Article","@id":"https:\/\/portaltela.pt\/noticias\/2026\/02\/22\/ataques-aereos-no-paquistao-deixam-dezenas-de-mortos-e-feridos\/#article","isPartOf":{"@id":"https:\/\/portaltela.pt\/noticias\/2026\/02\/22\/ataques-aereos-no-paquistao-deixam-dezenas-de-mortos-e-feridos\/"},"author":{"name":"Telinha","@id":"https:\/\/portaltela.pt\/#\/schema\/person\/c4278d4a6028830caff9ee44b42d32ed"},"headline":"Ataques a\u00e9reos no Paquist\u00e3o deixam dezenas de mortos e feridos","datePublished":"2026-02-22T08:50:00+00:00","mainEntityOfPage":{"@id":"https:\/\/portaltela.pt\/noticias\/2026\/02\/22\/ataques-aereos-no-paquistao-deixam-dezenas-de-mortos-e-feridos\/"},"wordCount":324,"image":{"@id":"https:\/\/portaltela.pt\/noticias\/2026\/02\/22\/ataques-aereos-no-paquistao-deixam-dezenas-de-mortos-e-feridos\/#primaryimage"},"thumbnailUrl":"https:\/\/portaltela.pt\/s.01k8rhncp4jt1\/2026\/02\/image-1612.jpg","keywords":["Afeganist\u00e3o","ataques","conflitos internacionais","Estado Isl\u00e2mico","fronteiras","fronteiras internacionais"],"articleSection":["Not\u00edcias","Pol\u00edtica"],"inLanguage":"pt-PT"},{"@type":"WebPage","@id":"https:\/\/portaltela.pt\/noticias\/2026\/02\/22\/ataques-aereos-no-paquistao-deixam-dezenas-de-mortos-e-feridos\/","url":"https:\/\/portaltela.pt\/noticias\/2026\/02\/22\/ataques-aereos-no-paquistao-deixam-dezenas-de-mortos-e-feridos\/","name":"Ataques a\u00e9reos no Paquist\u00e3o deixam dezenas de mortos e feridos - Portal Tela Portugal","isPartOf":{"@id":"https:\/\/portaltela.pt\/#website"},"primaryImageOfPage":{"@id":"https:\/\/portaltela.pt\/noticias\/2026\/02\/22\/ataques-aereos-no-paquistao-deixam-dezenas-de-mortos-e-feridos\/#primaryimage"},"image":{"@id":"https:\/\/portaltela.pt\/noticias\/2026\/02\/22\/ataques-aereos-no-paquistao-deixam-dezenas-de-mortos-e-feridos\/#primaryimage"},"thumbnailUrl":"https:\/\/portaltela.pt\/s.01k8rhncp4jt1\/2026\/02\/image-1612.jpg","datePublished":"2026-02-22T08:50:00+00:00","author":{"@id":"https:\/\/portaltela.pt\/#\/schema\/person\/c4278d4a6028830caff9ee44b42d32ed"},"breadcrumb":{"@id":"https:\/\/portaltela.pt\/noticias\/2026\/02\/22\/ataques-aereos-no-paquistao-deixam-dezenas-de-mortos-e-feridos\/#breadcrumb"},"inLanguage":"pt-PT","potentialAction":[{"@type":"ReadAction","target":["https:\/\/portaltela.pt\/noticias\/2026\/02\/22\/ataques-aereos-no-paquistao-deixam-dezenas-de-mortos-e-feridos\/"]}]},{"@type":"ImageObject","inLanguage":"pt-PT","@id":"https:\/\/portaltela.pt\/noticias\/2026\/02\/22\/ataques-aereos-no-paquistao-deixam-dezenas-de-mortos-e-feridos\/#primaryimage","url":"https:\/\/portaltela.pt\/s.01k8rhncp4jt1\/2026\/02\/image-1612.jpg","contentUrl":"https:\/\/portaltela.pt\/s.01k8rhncp4jt1\/2026\/02\/image-1612.jpg","width":796,"height":448,"caption":"Familiares carregam corpo de v\u00edtima dos ataques"},{"@type":"BreadcrumbList","@id":"https:\/\/portaltela.pt\/noticias\/2026\/02\/22\/ataques-aereos-no-paquistao-deixam-dezenas-de-mortos-e-feridos\/#breadcrumb","itemListElement":[{"@type":"ListItem","position":1,"name":"In\u00edcio","item":"https:\/\/portaltela.pt\/"},{"@type":"ListItem","position":2,"name":"Ataques a\u00e9reos no Paquist\u00e3o deixam dezenas de mortos e feridos"}]},{"@type":"WebSite","@id":"https:\/\/portaltela.pt\/#website","url":"https:\/\/portaltela.pt\/","name":"Portal Tela Portugal","description":"","potentialAction":[{"@type":"SearchAction","target":{"@type":"EntryPoint","urlTemplate":"https:\/\/portaltela.pt\/?s={search_term_string}"},"query-input":{"@type":"PropertyValueSpecification","valueRequired":true,"valueName":"search_term_string"}}],"inLanguage":"pt-PT"},{"@type":"Person","@id":"https:\/\/portaltela.pt\/#\/schema\/person\/c4278d4a6028830caff9ee44b42d32ed","name":"Telinha","image":{"@type":"ImageObject","inLanguage":"pt-PT","@id":"https:\/\/portaltela.pt\/s.01k8rhncp4jt1\/2025\/11\/talking-bot-125x125.png","url":"https:\/\/portaltela.pt\/s.01k8rhncp4jt1\/2025\/11\/talking-bot-125x125.png","contentUrl":"https:\/\/portaltela.pt\/s.01k8rhncp4jt1\/2025\/11\/talking-bot-125x125.png","caption":"Telinha"},"sameAs":["https:\/\/portaltela.pt\/"],"url":"https:\/\/portaltela.pt\/por\/367410592786\/"}]}},"_links":{"self":[{"href":"https:\/\/portaltela.pt\/api\/wp\/v2\/posts\/221375","targetHints":{"allow":["GET"]}}],"collection":[{"href":"https:\/\/portaltela.pt\/api\/wp\/v2\/posts"}],"about":[{"href":"https:\/\/portaltela.pt\/api\/wp\/v2\/types\/post"}],"author":[{"embeddable":true,"href":"https:\/\/portaltela.pt\/api\/wp\/v2\/users\/2"}],"replies":[{"embeddable":true,"href":"https:\/\/portaltela.pt\/api\/wp\/v2\/comments?post=221375"}],"version-history":[{"count":0,"href":"https:\/\/portaltela.pt\/api\/wp\/v2\/posts\/221375\/revisions"}],"wp:featuredmedia":[{"embeddable":true,"href":"https:\/\/portaltela.pt\/api\/wp\/v2\/media\/221377"}],"wp:attachment":[{"href":"https:\/\/portaltela.pt\/api\/wp\/v2\/media?parent=221375"}],"wp:term":[{"taxonomy":"category","embeddable":true,"href":"https:\/\/portaltela.pt\/api\/wp\/v2\/categories?post=221375"},{"taxonomy":"post_tag","embeddable":true,"href":"https:\/\/portaltela.pt\/api\/wp\/v2\/tags?post=221375"}],"curies":[{"name":"wp","href":"https:\/\/api.w.org\/{rel}","templated":true}]}}