{"id":221340,"date":"2026-02-22T05:15:00","date_gmt":"2026-02-22T08:15:00","guid":{"rendered":"https:\/\/portaltela.pt\/noticias\/2026\/02\/22\/pessoas-poem-a-saude-nas-maos-de-influenciadores-gerando-preocupacao\/"},"modified":"2026-02-22T05:15:00","modified_gmt":"2026-02-22T08:15:00","slug":"pessoas-poem-a-saude-nas-maos-de-influenciadores-gerando-preocupacao","status":"publish","type":"post","link":"https:\/\/portaltela.pt\/noticias\/2026\/02\/22\/pessoas-poem-a-saude-nas-maos-de-influenciadores-gerando-preocupacao\/","title":{"rendered":"Pessoas p\u00f5em a sa\u00fade nas m\u00e3os de influenciadores, gerando preocupa\u00e7\u00e3o"},"content":{"rendered":"<p>Mari Kr\u00fcger \u00e9 uma influencer brasileira que se tornou criadora de conte\u00fado para desmontar desinforma\u00e7\u00e3o sobre ci\u00eancia e sa\u00fade, centrando-se na lusofonia. O objetivo \u00e9 levar informa\u00e7\u00e3o fi\u00e1vel aos espectadores de l\u00edngua portuguesa.<\/p>\n<p>A l\u00edder de causas cient\u00edficas afirma que, quando a desinforma\u00e7\u00e3o circula nas redes sociais, a resposta precisa estar presente ao lado daquilo que \u00e9 partilhado. O foco \u00e9 claro: tornar a ci\u00eancia acess\u00edvel e verific\u00e1vel.<\/p>\n<p>No Brasil e em comunidades de l\u00edngua portuguesa, Kr\u00fcger tem ganho visibilidade ao proporcionar conte\u00fado que explica conceitos cient\u00edficos de forma simples, com base em evid\u00eancias. O trabalho passa por checagem e contextualiza\u00e7\u00e3o.<\/p>\n<p>A trajet\u00f3ria da influencer come\u00e7ou durante a pandemia de COVID-19, per\u00edodo em que houve aumento de desinforma\u00e7\u00e3o. Desde ent\u00e3o, dedica-se a esclarecer mitos e a promover um jornalismo de ci\u00eancia mais rigoroso online.<\/p>\n<p>Este modelo de comunica\u00e7\u00e3o procura influenciar h\u00e1bitos de consumo de informa\u00e7\u00e3o, oferecendo recursos para distinguir fatos de boatos. A iniciativa ressalta a import\u00e2ncia de fontes confi\u00e1veis na era digital.<\/p>\n","protected":false},"excerpt":{"rendered":"<ul>\n<li>Mari Kr\u00fcger \u00e9 uma influencer brasileira que se dedica a desmentir desinforma\u00e7\u00e3o sobre ci\u00eancia e sa\u00fade nas redes sociais.<\/li>\n<li>Ela defende que, quando a desinforma\u00e7\u00e3o \u00e9 propagada online, a informa\u00e7\u00e3o fi el precisa de estar presente tamb\u00e9m, para esclarecer o p\u00fablico.<\/li>\n<li>O seu trabalho consiste em desmontar mitos, verificar tend\u00eancias e colocar a ci\u00eancia \u00e0 frente dos conte\u00fados digitais.<\/li>\n<li>No mundo lus\u00f3fono, \u00e9 considerada a influenciadora mais conhecida quando o tema \u00e9 ci\u00eancia ou sa\u00fade.<\/li>\n<li>Mari Kr\u00fcger tornou-se criadora de conte\u00fados digitais durante a pandemia de covid-19.<\/li>\n<\/ul>\n","protected":false},"author":2,"featured_media":221341,"comment_status":"closed","ping_status":"closed","sticky":false,"template":"","format":"standard","meta":{"footnotes":""},"categories":[1],"tags":[1992,2607,1469,195,5169,172],"class_list":["post-221340","post","type-post","status-publish","format-standard","has-post-thumbnail","hentry","category-noticias","tag-ciencia","tag-comunicacao","tag-desinformacao","tag-informacao","tag-literacia-mediatica","tag-saude"],"yoast_head":"<!-- This site is optimized with the Yoast SEO plugin v27.2 - https:\/\/yoast.com\/product\/yoast-seo-wordpress\/ -->\n<title>Pessoas p\u00f5em a sa\u00fade nas m\u00e3os de influenciadores, gerando preocupa\u00e7\u00e3o - Portal Tela Portugal<\/title>\n<meta name=\"robots\" content=\"index, follow, max-snippet:-1, max-image-preview:large, max-video-preview:-1\" \/>\n<meta property=\"og:locale\" content=\"pt_PT\" \/>\n<meta property=\"og:type\" content=\"article\" \/>\n<meta property=\"og:title\" content=\"Pessoas p\u00f5em a sa\u00fade nas m\u00e3os de influenciadores, gerando preocupa\u00e7\u00e3o - Portal Tela Portugal\" \/>\n<meta property=\"og:description\" content=\"Mari Kr\u00fcger \u00e9 uma influencer brasileira que se dedica a desmentir desinforma\u00e7\u00e3o sobre ci\u00eancia e sa\u00fade nas redes sociais. Ela defende que, quando a desinforma\u00e7\u00e3o \u00e9 propagada online, a informa\u00e7\u00e3o fi el precisa de estar presente tamb\u00e9m, para esclarecer o p\u00fablico. O seu trabalho consiste em desmontar mitos, verificar tend\u00eancias e colocar a ci\u00eancia \u00e0 frente dos conte\u00fados digitais. No mundo lus\u00f3fono, \u00e9 considerada a influenciadora mais conhecida quando o tema \u00e9 ci\u00eancia ou sa\u00fade. Mari Kr\u00fcger tornou-se criadora de conte\u00fados digitais durante a pandemia de covid-19.\" \/>\n<meta property=\"og:url\" content=\"https:\/\/portaltela.pt\/noticias\/2026\/02\/22\/pessoas-poem-a-saude-nas-maos-de-influenciadores-gerando-preocupacao\/\" \/>\n<meta property=\"og:site_name\" content=\"Portal Tela Portugal\" \/>\n<meta property=\"article:published_time\" content=\"2026-02-22T08:15:00+00:00\" \/>\n<meta name=\"author\" content=\"Telinha\" \/>\n<meta name=\"twitter:card\" content=\"summary_large_image\" \/>\n<meta name=\"twitter:label1\" content=\"Escrito por\" \/>\n\t<meta name=\"twitter:data1\" content=\"Telinha\" \/>\n\t<meta name=\"twitter:label2\" content=\"Tempo estimado de leitura\" \/>\n\t<meta name=\"twitter:data2\" content=\"1 minuto\" \/>\n<script type=\"application\/ld+json\" class=\"yoast-schema-graph\">{\"@context\":\"https:\/\/schema.org\",\"@graph\":[{\"@type\":\"Article\",\"@id\":\"https:\/\/portaltela.pt\/noticias\/2026\/02\/22\/pessoas-poem-a-saude-nas-maos-de-influenciadores-gerando-preocupacao\/#article\",\"isPartOf\":{\"@id\":\"https:\/\/portaltela.pt\/noticias\/2026\/02\/22\/pessoas-poem-a-saude-nas-maos-de-influenciadores-gerando-preocupacao\/\"},\"author\":{\"name\":\"Telinha\",\"@id\":\"https:\/\/portaltela.pt\/#\/schema\/person\/c4278d4a6028830caff9ee44b42d32ed\"},\"headline\":\"Pessoas p\u00f5em a sa\u00fade nas m\u00e3os de influenciadores, gerando preocupa\u00e7\u00e3o\",\"datePublished\":\"2026-02-22T08:15:00+00:00\",\"mainEntityOfPage\":{\"@id\":\"https:\/\/portaltela.pt\/noticias\/2026\/02\/22\/pessoas-poem-a-saude-nas-maos-de-influenciadores-gerando-preocupacao\/\"},\"wordCount\":204,\"image\":{\"@id\":\"https:\/\/portaltela.pt\/noticias\/2026\/02\/22\/pessoas-poem-a-saude-nas-maos-de-influenciadores-gerando-preocupacao\/#primaryimage\"},\"thumbnailUrl\":\"https:\/\/portaltela.pt\/s.01k8rhncp4jt1\/2026\/02\/2068628.jpg\",\"keywords\":[\"ci\u00eancia\",\"comunica\u00e7\u00e3o\",\"desinforma\u00e7\u00e3o\",\"informa\u00e7\u00e3o\",\"literacia medi\u00e1tica\",\"sa\u00fade\"],\"articleSection\":[\"Not\u00edcias\"],\"inLanguage\":\"pt-PT\"},{\"@type\":\"WebPage\",\"@id\":\"https:\/\/portaltela.pt\/noticias\/2026\/02\/22\/pessoas-poem-a-saude-nas-maos-de-influenciadores-gerando-preocupacao\/\",\"url\":\"https:\/\/portaltela.pt\/noticias\/2026\/02\/22\/pessoas-poem-a-saude-nas-maos-de-influenciadores-gerando-preocupacao\/\",\"name\":\"Pessoas p\u00f5em a sa\u00fade nas m\u00e3os de influenciadores, gerando preocupa\u00e7\u00e3o - Portal Tela Portugal\",\"isPartOf\":{\"@id\":\"https:\/\/portaltela.pt\/#website\"},\"primaryImageOfPage\":{\"@id\":\"https:\/\/portaltela.pt\/noticias\/2026\/02\/22\/pessoas-poem-a-saude-nas-maos-de-influenciadores-gerando-preocupacao\/#primaryimage\"},\"image\":{\"@id\":\"https:\/\/portaltela.pt\/noticias\/2026\/02\/22\/pessoas-poem-a-saude-nas-maos-de-influenciadores-gerando-preocupacao\/#primaryimage\"},\"thumbnailUrl\":\"https:\/\/portaltela.pt\/s.01k8rhncp4jt1\/2026\/02\/2068628.jpg\",\"datePublished\":\"2026-02-22T08:15:00+00:00\",\"author\":{\"@id\":\"https:\/\/portaltela.pt\/#\/schema\/person\/c4278d4a6028830caff9ee44b42d32ed\"},\"breadcrumb\":{\"@id\":\"https:\/\/portaltela.pt\/noticias\/2026\/02\/22\/pessoas-poem-a-saude-nas-maos-de-influenciadores-gerando-preocupacao\/#breadcrumb\"},\"inLanguage\":\"pt-PT\",\"potentialAction\":[{\"@type\":\"ReadAction\",\"target\":[\"https:\/\/portaltela.pt\/noticias\/2026\/02\/22\/pessoas-poem-a-saude-nas-maos-de-influenciadores-gerando-preocupacao\/\"]}]},{\"@type\":\"ImageObject\",\"inLanguage\":\"pt-PT\",\"@id\":\"https:\/\/portaltela.pt\/noticias\/2026\/02\/22\/pessoas-poem-a-saude-nas-maos-de-influenciadores-gerando-preocupacao\/#primaryimage\",\"url\":\"https:\/\/portaltela.pt\/s.01k8rhncp4jt1\/2026\/02\/2068628.jpg\",\"contentUrl\":\"https:\/\/portaltela.pt\/s.01k8rhncp4jt1\/2026\/02\/2068628.jpg\",\"width\":796,\"height\":448,\"caption\":\"Mari Kr\u00fcger transformou-se em criadora de conte\u00fados digitais na pandemia da covid-19\"},{\"@type\":\"BreadcrumbList\",\"@id\":\"https:\/\/portaltela.pt\/noticias\/2026\/02\/22\/pessoas-poem-a-saude-nas-maos-de-influenciadores-gerando-preocupacao\/#breadcrumb\",\"itemListElement\":[{\"@type\":\"ListItem\",\"position\":1,\"name\":\"In\u00edcio\",\"item\":\"https:\/\/portaltela.pt\/\"},{\"@type\":\"ListItem\",\"position\":2,\"name\":\"Pessoas p\u00f5em a sa\u00fade nas m\u00e3os de influenciadores, gerando preocupa\u00e7\u00e3o\"}]},{\"@type\":\"WebSite\",\"@id\":\"https:\/\/portaltela.pt\/#website\",\"url\":\"https:\/\/portaltela.pt\/\",\"name\":\"Portal Tela Portugal\",\"description\":\"\",\"potentialAction\":[{\"@type\":\"SearchAction\",\"target\":{\"@type\":\"EntryPoint\",\"urlTemplate\":\"https:\/\/portaltela.pt\/?s={search_term_string}\"},\"query-input\":{\"@type\":\"PropertyValueSpecification\",\"valueRequired\":true,\"valueName\":\"search_term_string\"}}],\"inLanguage\":\"pt-PT\"},{\"@type\":\"Person\",\"@id\":\"https:\/\/portaltela.pt\/#\/schema\/person\/c4278d4a6028830caff9ee44b42d32ed\",\"name\":\"Telinha\",\"image\":{\"@type\":\"ImageObject\",\"inLanguage\":\"pt-PT\",\"@id\":\"https:\/\/portaltela.pt\/s.01k8rhncp4jt1\/2025\/11\/talking-bot-125x125.png\",\"url\":\"https:\/\/portaltela.pt\/s.01k8rhncp4jt1\/2025\/11\/talking-bot-125x125.png\",\"contentUrl\":\"https:\/\/portaltela.pt\/s.01k8rhncp4jt1\/2025\/11\/talking-bot-125x125.png\",\"caption\":\"Telinha\"},\"sameAs\":[\"https:\/\/portaltela.pt\/\"],\"url\":\"https:\/\/portaltela.pt\/por\/367410592786\/\"}]}<\/script>\n<!-- \/ Yoast SEO plugin. -->","yoast_head_json":{"title":"Pessoas p\u00f5em a sa\u00fade nas m\u00e3os de influenciadores, gerando preocupa\u00e7\u00e3o - Portal Tela Portugal","robots":{"index":"index","follow":"follow","max-snippet":"max-snippet:-1","max-image-preview":"max-image-preview:large","max-video-preview":"max-video-preview:-1"},"og_locale":"pt_PT","og_type":"article","og_title":"Pessoas p\u00f5em a sa\u00fade nas m\u00e3os de influenciadores, gerando preocupa\u00e7\u00e3o - Portal Tela Portugal","og_description":"Mari Kr\u00fcger \u00e9 uma influencer brasileira que se dedica a desmentir desinforma\u00e7\u00e3o sobre ci\u00eancia e sa\u00fade nas redes sociais. Ela defende que, quando a desinforma\u00e7\u00e3o \u00e9 propagada online, a informa\u00e7\u00e3o fi el precisa de estar presente tamb\u00e9m, para esclarecer o p\u00fablico. O seu trabalho consiste em desmontar mitos, verificar tend\u00eancias e colocar a ci\u00eancia \u00e0 frente dos conte\u00fados digitais. No mundo lus\u00f3fono, \u00e9 considerada a influenciadora mais conhecida quando o tema \u00e9 ci\u00eancia ou sa\u00fade. Mari Kr\u00fcger tornou-se criadora de conte\u00fados digitais durante a pandemia de covid-19.","og_url":"https:\/\/portaltela.pt\/noticias\/2026\/02\/22\/pessoas-poem-a-saude-nas-maos-de-influenciadores-gerando-preocupacao\/","og_site_name":"Portal Tela Portugal","article_published_time":"2026-02-22T08:15:00+00:00","author":"Telinha","twitter_card":"summary_large_image","twitter_misc":{"Escrito por":"Telinha","Tempo estimado de leitura":"1 minuto"},"schema":{"@context":"https:\/\/schema.org","@graph":[{"@type":"Article","@id":"https:\/\/portaltela.pt\/noticias\/2026\/02\/22\/pessoas-poem-a-saude-nas-maos-de-influenciadores-gerando-preocupacao\/#article","isPartOf":{"@id":"https:\/\/portaltela.pt\/noticias\/2026\/02\/22\/pessoas-poem-a-saude-nas-maos-de-influenciadores-gerando-preocupacao\/"},"author":{"name":"Telinha","@id":"https:\/\/portaltela.pt\/#\/schema\/person\/c4278d4a6028830caff9ee44b42d32ed"},"headline":"Pessoas p\u00f5em a sa\u00fade nas m\u00e3os de influenciadores, gerando preocupa\u00e7\u00e3o","datePublished":"2026-02-22T08:15:00+00:00","mainEntityOfPage":{"@id":"https:\/\/portaltela.pt\/noticias\/2026\/02\/22\/pessoas-poem-a-saude-nas-maos-de-influenciadores-gerando-preocupacao\/"},"wordCount":204,"image":{"@id":"https:\/\/portaltela.pt\/noticias\/2026\/02\/22\/pessoas-poem-a-saude-nas-maos-de-influenciadores-gerando-preocupacao\/#primaryimage"},"thumbnailUrl":"https:\/\/portaltela.pt\/s.01k8rhncp4jt1\/2026\/02\/2068628.jpg","keywords":["ci\u00eancia","comunica\u00e7\u00e3o","desinforma\u00e7\u00e3o","informa\u00e7\u00e3o","literacia medi\u00e1tica","sa\u00fade"],"articleSection":["Not\u00edcias"],"inLanguage":"pt-PT"},{"@type":"WebPage","@id":"https:\/\/portaltela.pt\/noticias\/2026\/02\/22\/pessoas-poem-a-saude-nas-maos-de-influenciadores-gerando-preocupacao\/","url":"https:\/\/portaltela.pt\/noticias\/2026\/02\/22\/pessoas-poem-a-saude-nas-maos-de-influenciadores-gerando-preocupacao\/","name":"Pessoas p\u00f5em a sa\u00fade nas m\u00e3os de influenciadores, gerando preocupa\u00e7\u00e3o - Portal Tela Portugal","isPartOf":{"@id":"https:\/\/portaltela.pt\/#website"},"primaryImageOfPage":{"@id":"https:\/\/portaltela.pt\/noticias\/2026\/02\/22\/pessoas-poem-a-saude-nas-maos-de-influenciadores-gerando-preocupacao\/#primaryimage"},"image":{"@id":"https:\/\/portaltela.pt\/noticias\/2026\/02\/22\/pessoas-poem-a-saude-nas-maos-de-influenciadores-gerando-preocupacao\/#primaryimage"},"thumbnailUrl":"https:\/\/portaltela.pt\/s.01k8rhncp4jt1\/2026\/02\/2068628.jpg","datePublished":"2026-02-22T08:15:00+00:00","author":{"@id":"https:\/\/portaltela.pt\/#\/schema\/person\/c4278d4a6028830caff9ee44b42d32ed"},"breadcrumb":{"@id":"https:\/\/portaltela.pt\/noticias\/2026\/02\/22\/pessoas-poem-a-saude-nas-maos-de-influenciadores-gerando-preocupacao\/#breadcrumb"},"inLanguage":"pt-PT","potentialAction":[{"@type":"ReadAction","target":["https:\/\/portaltela.pt\/noticias\/2026\/02\/22\/pessoas-poem-a-saude-nas-maos-de-influenciadores-gerando-preocupacao\/"]}]},{"@type":"ImageObject","inLanguage":"pt-PT","@id":"https:\/\/portaltela.pt\/noticias\/2026\/02\/22\/pessoas-poem-a-saude-nas-maos-de-influenciadores-gerando-preocupacao\/#primaryimage","url":"https:\/\/portaltela.pt\/s.01k8rhncp4jt1\/2026\/02\/2068628.jpg","contentUrl":"https:\/\/portaltela.pt\/s.01k8rhncp4jt1\/2026\/02\/2068628.jpg","width":796,"height":448,"caption":"Mari Kr\u00fcger transformou-se em criadora de conte\u00fados digitais na pandemia da covid-19"},{"@type":"BreadcrumbList","@id":"https:\/\/portaltela.pt\/noticias\/2026\/02\/22\/pessoas-poem-a-saude-nas-maos-de-influenciadores-gerando-preocupacao\/#breadcrumb","itemListElement":[{"@type":"ListItem","position":1,"name":"In\u00edcio","item":"https:\/\/portaltela.pt\/"},{"@type":"ListItem","position":2,"name":"Pessoas p\u00f5em a sa\u00fade nas m\u00e3os de influenciadores, gerando preocupa\u00e7\u00e3o"}]},{"@type":"WebSite","@id":"https:\/\/portaltela.pt\/#website","url":"https:\/\/portaltela.pt\/","name":"Portal Tela Portugal","description":"","potentialAction":[{"@type":"SearchAction","target":{"@type":"EntryPoint","urlTemplate":"https:\/\/portaltela.pt\/?s={search_term_string}"},"query-input":{"@type":"PropertyValueSpecification","valueRequired":true,"valueName":"search_term_string"}}],"inLanguage":"pt-PT"},{"@type":"Person","@id":"https:\/\/portaltela.pt\/#\/schema\/person\/c4278d4a6028830caff9ee44b42d32ed","name":"Telinha","image":{"@type":"ImageObject","inLanguage":"pt-PT","@id":"https:\/\/portaltela.pt\/s.01k8rhncp4jt1\/2025\/11\/talking-bot-125x125.png","url":"https:\/\/portaltela.pt\/s.01k8rhncp4jt1\/2025\/11\/talking-bot-125x125.png","contentUrl":"https:\/\/portaltela.pt\/s.01k8rhncp4jt1\/2025\/11\/talking-bot-125x125.png","caption":"Telinha"},"sameAs":["https:\/\/portaltela.pt\/"],"url":"https:\/\/portaltela.pt\/por\/367410592786\/"}]}},"_links":{"self":[{"href":"https:\/\/portaltela.pt\/api\/wp\/v2\/posts\/221340","targetHints":{"allow":["GET"]}}],"collection":[{"href":"https:\/\/portaltela.pt\/api\/wp\/v2\/posts"}],"about":[{"href":"https:\/\/portaltela.pt\/api\/wp\/v2\/types\/post"}],"author":[{"embeddable":true,"href":"https:\/\/portaltela.pt\/api\/wp\/v2\/users\/2"}],"replies":[{"embeddable":true,"href":"https:\/\/portaltela.pt\/api\/wp\/v2\/comments?post=221340"}],"version-history":[{"count":0,"href":"https:\/\/portaltela.pt\/api\/wp\/v2\/posts\/221340\/revisions"}],"wp:featuredmedia":[{"embeddable":true,"href":"https:\/\/portaltela.pt\/api\/wp\/v2\/media\/221341"}],"wp:attachment":[{"href":"https:\/\/portaltela.pt\/api\/wp\/v2\/media?parent=221340"}],"wp:term":[{"taxonomy":"category","embeddable":true,"href":"https:\/\/portaltela.pt\/api\/wp\/v2\/categories?post=221340"},{"taxonomy":"post_tag","embeddable":true,"href":"https:\/\/portaltela.pt\/api\/wp\/v2\/tags?post=221340"}],"curies":[{"name":"wp","href":"https:\/\/api.w.org\/{rel}","templated":true}]}}