{"id":221323,"date":"2026-02-22T04:04:00","date_gmt":"2026-02-22T07:04:00","guid":{"rendered":"https:\/\/portaltela.pt\/noticias\/2026\/02\/22\/incapacidade-de-prevenir-e-historica-nao-de-este-nem-do-anterior-governo\/"},"modified":"2026-02-22T04:04:00","modified_gmt":"2026-02-22T07:04:00","slug":"incapacidade-de-prevenir-e-historica-nao-de-este-nem-do-anterior-governo","status":"publish","type":"post","link":"https:\/\/portaltela.pt\/noticias\/politica\/2026\/02\/22\/incapacidade-de-prevenir-e-historica-nao-de-este-nem-do-anterior-governo\/","title":{"rendered":"Incapacidade de prevenir \u00e9 hist\u00f3rica, n\u00e3o de este nem do anterior governo"},"content":{"rendered":"<p>Miguel Bastos Ara\u00fajo, bioge\u00f3grafo da Universidade de \u00c9vora e vencedor do Pr\u00e9mio Pessoa, analisa as falhas hist\u00f3ricas na preven\u00e7\u00e3o de cat\u00e1strofes em Portugal. A conversa, centrada na gest\u00e3o de tempestades, critica o atraso na atua\u00e7\u00e3o p\u00fablica, a fragilidade institucional do ICNF e a falta de execu\u00e7\u00e3o de estrat\u00e9gias clim\u00e1ticas.<\/p>\n<p>O investigador aponta que o pa\u00eds reage com atraso a eventos extremos e que a gest\u00e3o atual carece de profissionaliza\u00e7\u00e3o. Argumenta que o sistema de prote\u00e7\u00e3o civil deveria funcionar como um servi\u00e7o estruturado e robusto, com decis\u00f5es t\u00e9cnicas independentes de press\u00f5es pol\u00edticas.<\/p>\n<p>Aponte que a regionaliza\u00e7\u00e3o n\u00e3o resolveria os problemas, defende, em vez disso, uma profissionaliza\u00e7\u00e3o correspondente \u00e0 defesa do pa\u00eds. Exige reformas na nomea\u00e7\u00e3o de cargos p\u00fablicos, com base na compet\u00eancia t\u00e9cnica e n\u00e3o apenas na confian\u00e7a pol\u00edtica.<\/p>\n<p>O professor questiona a efic\u00e1cia das estrat\u00e9gias de adapta\u00e7\u00e3o j\u00e1 criadas para o Alentejo e outras regi\u00f5es, afirmando que muitas permanecem no papel. Aponta a necessidade de avan\u00e7ar da fase de estudo para a fase de obra, com prioridades bem definidas.<\/p>\n<p>Entre as \u00e1reas de interven\u00e7\u00e3o, destaca prote\u00e7\u00e3o civil, ordenamento do territ\u00f3rio e planeamento de infraestruturas futuras. Observa que decis\u00f5es de planeamento aqu\u00e9m da preven\u00e7\u00e3o agravam riscos e custos para a sociedade.<\/p>\n<p>Sobre a responsabiliza\u00e7\u00e3o, sugere, em tom firme, atribuir responsabilidade criminal a respons\u00e1veis por decis\u00f5es que colocaram comunidades em risco. Argumenta que a responsabiliza\u00e7\u00e3o pode induzir mudan\u00e7as estruturais no funcionamento do Estado.<\/p>\n<p>Em rela\u00e7\u00e3o \u00e0 gest\u00e3o de recursos, defende que o sistema de prote\u00e7\u00e3o civil tenha uma hierarquia similar \u00e0 da defesa, com log\u00edstica eficiente e gest\u00e3o de recursos escassos. Diz que a aus\u00eancia de execu\u00e7\u00e3o compromete a seguran\u00e7a p\u00fablica.<\/p>\n<p>Quanto ao futuro, aponta que o pa\u00eds deve aproveitar a janela de bonan\u00e7a para transformar a preven\u00e7\u00e3o em pr\u00e1tica. Refor\u00e7a a necessidade de desobstruir leitos de cheia, reordenar o territ\u00f3rio e impedir novas constru\u00e7\u00f5es em zonas de risco.<\/p>\n<p>Apoia ainda a ideia de uma agenda de preven\u00e7\u00e3o que reduza a incid\u00eancia de trag\u00e9dias, com a\u00e7\u00f5es de curto, m\u00e9dio e longo prazo. Enfrenta o tema com foco t\u00e9cnico, evitando linguagem partid\u00e1ria ou conclus\u00f5es morais.<\/p>\n","protected":false},"excerpt":{"rendered":"<ul>\n<li>Miguel Bastos Ara\u00fajo critica falhas de preven\u00e7\u00e3o, planeamento e profissionaliza\u00e7\u00e3o em Portugal, acusando o uso de composi\u00e7\u00f5es pol\u00edticas para ocupa\u00e7\u00e3o de chefias.<\/li>\n<li>Defende responsabilizar criminalmente quem comete erros que colocam pessoas em risco, citando o caso de Alc\u00e1cer do Sal submersa.<\/li>\n<li>Prop\u00f5e a profissionaliza\u00e7\u00e3o da prote\u00e7\u00e3o civil, a qual devia funcionar como um sistema quase paramilitar, em vez de depender de l\u00f3gicas partid\u00e1rias.<\/li>\n<li>Aponta para a exist\u00eancia de estrat\u00e9gias de adapta\u00e7\u00e3o \u00e0s altera\u00e7\u00f5es clim\u00e1ticas, mas afirma que as medidas ficam no papel e n\u00e3o s\u00e3o executadas.<\/li>\n<li>Indica tr\u00eas grandes \u00e1reas de interven\u00e7\u00e3o: prote\u00e7\u00e3o civil, ordenamento do territ\u00f3rio e planeamento de infraestruturas, pedindo prioridade \u00e0 passagem da teoria \u00e0 obra.<\/li>\n<\/ul>\n","protected":false},"author":2,"featured_media":221327,"comment_status":"closed","ping_status":"closed","sticky":false,"template":"","format":"standard","meta":{"footnotes":""},"categories":[1,5],"tags":[883,5381,258,1506,6097,320],"class_list":["post-221323","post","type-post","status-publish","format-standard","has-post-thumbnail","hentry","category-noticias","category-politica","tag-alentejo","tag-gestao-de-riscos","tag-infraestruturas","tag-ordenamento-do-territorio","tag-planeamento-territorial","tag-protecao-civil"],"yoast_head":"<!-- This site is optimized with the Yoast SEO plugin v27.2 - https:\/\/yoast.com\/product\/yoast-seo-wordpress\/ -->\n<title>Incapacidade de prevenir \u00e9 hist\u00f3rica, n\u00e3o de este nem do anterior governo - Portal Tela Portugal<\/title>\n<meta name=\"robots\" content=\"index, follow, max-snippet:-1, max-image-preview:large, max-video-preview:-1\" \/>\n<meta property=\"og:locale\" content=\"pt_PT\" \/>\n<meta property=\"og:type\" content=\"article\" \/>\n<meta property=\"og:title\" content=\"Incapacidade de prevenir \u00e9 hist\u00f3rica, n\u00e3o de este nem do anterior governo - Portal Tela Portugal\" \/>\n<meta property=\"og:description\" content=\"Miguel Bastos Ara\u00fajo critica falhas de preven\u00e7\u00e3o, planeamento e profissionaliza\u00e7\u00e3o em Portugal, acusando o uso de composi\u00e7\u00f5es pol\u00edticas para ocupa\u00e7\u00e3o de chefias. Defende responsabilizar criminalmente quem comete erros que colocam pessoas em risco, citando o caso de Alc\u00e1cer do Sal submersa. Prop\u00f5e a profissionaliza\u00e7\u00e3o da prote\u00e7\u00e3o civil, a qual devia funcionar como um sistema quase paramilitar, em vez de depender de l\u00f3gicas partid\u00e1rias. Aponta para a exist\u00eancia de estrat\u00e9gias de adapta\u00e7\u00e3o \u00e0s altera\u00e7\u00f5es clim\u00e1ticas, mas afirma que as medidas ficam no papel e n\u00e3o s\u00e3o executadas. Indica tr\u00eas grandes \u00e1reas de interven\u00e7\u00e3o: prote\u00e7\u00e3o civil, ordenamento do territ\u00f3rio e planeamento de infraestruturas, pedindo prioridade \u00e0 passagem da teoria \u00e0 obra.\" \/>\n<meta property=\"og:url\" content=\"https:\/\/portaltela.pt\/noticias\/2026\/02\/22\/incapacidade-de-prevenir-e-historica-nao-de-este-nem-do-anterior-governo\/\" \/>\n<meta property=\"og:site_name\" content=\"Portal Tela Portugal\" \/>\n<meta property=\"article:published_time\" content=\"2026-02-22T07:04:00+00:00\" \/>\n<meta name=\"author\" content=\"Telinha\" \/>\n<meta name=\"twitter:card\" content=\"summary_large_image\" \/>\n<meta name=\"twitter:label1\" content=\"Escrito por\" \/>\n\t<meta name=\"twitter:data1\" content=\"Telinha\" \/>\n\t<meta name=\"twitter:label2\" content=\"Tempo estimado de leitura\" \/>\n\t<meta name=\"twitter:data2\" content=\"2 minutos\" \/>\n<script type=\"application\/ld+json\" class=\"yoast-schema-graph\">{\"@context\":\"https:\/\/schema.org\",\"@graph\":[{\"@type\":\"Article\",\"@id\":\"https:\/\/portaltela.pt\/noticias\/2026\/02\/22\/incapacidade-de-prevenir-e-historica-nao-de-este-nem-do-anterior-governo\/#article\",\"isPartOf\":{\"@id\":\"https:\/\/portaltela.pt\/noticias\/2026\/02\/22\/incapacidade-de-prevenir-e-historica-nao-de-este-nem-do-anterior-governo\/\"},\"author\":{\"name\":\"Telinha\",\"@id\":\"https:\/\/portaltela.pt\/#\/schema\/person\/c4278d4a6028830caff9ee44b42d32ed\"},\"headline\":\"Incapacidade de prevenir \u00e9 hist\u00f3rica, n\u00e3o de este nem do anterior governo\",\"datePublished\":\"2026-02-22T07:04:00+00:00\",\"mainEntityOfPage\":{\"@id\":\"https:\/\/portaltela.pt\/noticias\/2026\/02\/22\/incapacidade-de-prevenir-e-historica-nao-de-este-nem-do-anterior-governo\/\"},\"wordCount\":424,\"image\":{\"@id\":\"https:\/\/portaltela.pt\/noticias\/2026\/02\/22\/incapacidade-de-prevenir-e-historica-nao-de-este-nem-do-anterior-governo\/#primaryimage\"},\"thumbnailUrl\":\"https:\/\/portaltela.pt\/s.01k8rhncp4jt1\/2026\/02\/2068799.jpg\",\"keywords\":[\"Alentejo\",\"Gest\u00e3o de Riscos\",\"infraestruturas\",\"ordenamento do territ\u00f3rio\",\"planeamento territorial\",\"prote\u00e7\u00e3o civil\"],\"articleSection\":[\"Not\u00edcias\",\"Pol\u00edtica\"],\"inLanguage\":\"pt-PT\"},{\"@type\":\"WebPage\",\"@id\":\"https:\/\/portaltela.pt\/noticias\/2026\/02\/22\/incapacidade-de-prevenir-e-historica-nao-de-este-nem-do-anterior-governo\/\",\"url\":\"https:\/\/portaltela.pt\/noticias\/2026\/02\/22\/incapacidade-de-prevenir-e-historica-nao-de-este-nem-do-anterior-governo\/\",\"name\":\"Incapacidade de prevenir \u00e9 hist\u00f3rica, n\u00e3o de este nem do anterior governo - Portal Tela Portugal\",\"isPartOf\":{\"@id\":\"https:\/\/portaltela.pt\/#website\"},\"primaryImageOfPage\":{\"@id\":\"https:\/\/portaltela.pt\/noticias\/2026\/02\/22\/incapacidade-de-prevenir-e-historica-nao-de-este-nem-do-anterior-governo\/#primaryimage\"},\"image\":{\"@id\":\"https:\/\/portaltela.pt\/noticias\/2026\/02\/22\/incapacidade-de-prevenir-e-historica-nao-de-este-nem-do-anterior-governo\/#primaryimage\"},\"thumbnailUrl\":\"https:\/\/portaltela.pt\/s.01k8rhncp4jt1\/2026\/02\/2068799.jpg\",\"datePublished\":\"2026-02-22T07:04:00+00:00\",\"author\":{\"@id\":\"https:\/\/portaltela.pt\/#\/schema\/person\/c4278d4a6028830caff9ee44b42d32ed\"},\"breadcrumb\":{\"@id\":\"https:\/\/portaltela.pt\/noticias\/2026\/02\/22\/incapacidade-de-prevenir-e-historica-nao-de-este-nem-do-anterior-governo\/#breadcrumb\"},\"inLanguage\":\"pt-PT\",\"potentialAction\":[{\"@type\":\"ReadAction\",\"target\":[\"https:\/\/portaltela.pt\/noticias\/2026\/02\/22\/incapacidade-de-prevenir-e-historica-nao-de-este-nem-do-anterior-governo\/\"]}]},{\"@type\":\"ImageObject\",\"inLanguage\":\"pt-PT\",\"@id\":\"https:\/\/portaltela.pt\/noticias\/2026\/02\/22\/incapacidade-de-prevenir-e-historica-nao-de-este-nem-do-anterior-governo\/#primaryimage\",\"url\":\"https:\/\/portaltela.pt\/s.01k8rhncp4jt1\/2026\/02\/2068799.jpg\",\"contentUrl\":\"https:\/\/portaltela.pt\/s.01k8rhncp4jt1\/2026\/02\/2068799.jpg\",\"width\":796,\"height\":448,\"caption\":\"Miguel Bastos Ara\u00fajo \u00e9 bioge\u00f3grafo, investigador e professor catedr\u00e1tico \u2014 foi reconhecido com o Pr\u00e9mio Pessoa em 2018\"},{\"@type\":\"BreadcrumbList\",\"@id\":\"https:\/\/portaltela.pt\/noticias\/2026\/02\/22\/incapacidade-de-prevenir-e-historica-nao-de-este-nem-do-anterior-governo\/#breadcrumb\",\"itemListElement\":[{\"@type\":\"ListItem\",\"position\":1,\"name\":\"In\u00edcio\",\"item\":\"https:\/\/portaltela.pt\/\"},{\"@type\":\"ListItem\",\"position\":2,\"name\":\"Incapacidade de prevenir \u00e9 hist\u00f3rica, n\u00e3o de este nem do anterior governo\"}]},{\"@type\":\"WebSite\",\"@id\":\"https:\/\/portaltela.pt\/#website\",\"url\":\"https:\/\/portaltela.pt\/\",\"name\":\"Portal Tela Portugal\",\"description\":\"\",\"potentialAction\":[{\"@type\":\"SearchAction\",\"target\":{\"@type\":\"EntryPoint\",\"urlTemplate\":\"https:\/\/portaltela.pt\/?s={search_term_string}\"},\"query-input\":{\"@type\":\"PropertyValueSpecification\",\"valueRequired\":true,\"valueName\":\"search_term_string\"}}],\"inLanguage\":\"pt-PT\"},{\"@type\":\"Person\",\"@id\":\"https:\/\/portaltela.pt\/#\/schema\/person\/c4278d4a6028830caff9ee44b42d32ed\",\"name\":\"Telinha\",\"image\":{\"@type\":\"ImageObject\",\"inLanguage\":\"pt-PT\",\"@id\":\"https:\/\/portaltela.pt\/s.01k8rhncp4jt1\/2025\/11\/talking-bot-125x125.png\",\"url\":\"https:\/\/portaltela.pt\/s.01k8rhncp4jt1\/2025\/11\/talking-bot-125x125.png\",\"contentUrl\":\"https:\/\/portaltela.pt\/s.01k8rhncp4jt1\/2025\/11\/talking-bot-125x125.png\",\"caption\":\"Telinha\"},\"sameAs\":[\"https:\/\/portaltela.pt\/\"],\"url\":\"https:\/\/portaltela.pt\/por\/367410592786\/\"}]}<\/script>\n<!-- \/ Yoast SEO plugin. -->","yoast_head_json":{"title":"Incapacidade de prevenir \u00e9 hist\u00f3rica, n\u00e3o de este nem do anterior governo - Portal Tela Portugal","robots":{"index":"index","follow":"follow","max-snippet":"max-snippet:-1","max-image-preview":"max-image-preview:large","max-video-preview":"max-video-preview:-1"},"og_locale":"pt_PT","og_type":"article","og_title":"Incapacidade de prevenir \u00e9 hist\u00f3rica, n\u00e3o de este nem do anterior governo - Portal Tela Portugal","og_description":"Miguel Bastos Ara\u00fajo critica falhas de preven\u00e7\u00e3o, planeamento e profissionaliza\u00e7\u00e3o em Portugal, acusando o uso de composi\u00e7\u00f5es pol\u00edticas para ocupa\u00e7\u00e3o de chefias. Defende responsabilizar criminalmente quem comete erros que colocam pessoas em risco, citando o caso de Alc\u00e1cer do Sal submersa. Prop\u00f5e a profissionaliza\u00e7\u00e3o da prote\u00e7\u00e3o civil, a qual devia funcionar como um sistema quase paramilitar, em vez de depender de l\u00f3gicas partid\u00e1rias. Aponta para a exist\u00eancia de estrat\u00e9gias de adapta\u00e7\u00e3o \u00e0s altera\u00e7\u00f5es clim\u00e1ticas, mas afirma que as medidas ficam no papel e n\u00e3o s\u00e3o executadas. Indica tr\u00eas grandes \u00e1reas de interven\u00e7\u00e3o: prote\u00e7\u00e3o civil, ordenamento do territ\u00f3rio e planeamento de infraestruturas, pedindo prioridade \u00e0 passagem da teoria \u00e0 obra.","og_url":"https:\/\/portaltela.pt\/noticias\/2026\/02\/22\/incapacidade-de-prevenir-e-historica-nao-de-este-nem-do-anterior-governo\/","og_site_name":"Portal Tela Portugal","article_published_time":"2026-02-22T07:04:00+00:00","author":"Telinha","twitter_card":"summary_large_image","twitter_misc":{"Escrito por":"Telinha","Tempo estimado de leitura":"2 minutos"},"schema":{"@context":"https:\/\/schema.org","@graph":[{"@type":"Article","@id":"https:\/\/portaltela.pt\/noticias\/2026\/02\/22\/incapacidade-de-prevenir-e-historica-nao-de-este-nem-do-anterior-governo\/#article","isPartOf":{"@id":"https:\/\/portaltela.pt\/noticias\/2026\/02\/22\/incapacidade-de-prevenir-e-historica-nao-de-este-nem-do-anterior-governo\/"},"author":{"name":"Telinha","@id":"https:\/\/portaltela.pt\/#\/schema\/person\/c4278d4a6028830caff9ee44b42d32ed"},"headline":"Incapacidade de prevenir \u00e9 hist\u00f3rica, n\u00e3o de este nem do anterior governo","datePublished":"2026-02-22T07:04:00+00:00","mainEntityOfPage":{"@id":"https:\/\/portaltela.pt\/noticias\/2026\/02\/22\/incapacidade-de-prevenir-e-historica-nao-de-este-nem-do-anterior-governo\/"},"wordCount":424,"image":{"@id":"https:\/\/portaltela.pt\/noticias\/2026\/02\/22\/incapacidade-de-prevenir-e-historica-nao-de-este-nem-do-anterior-governo\/#primaryimage"},"thumbnailUrl":"https:\/\/portaltela.pt\/s.01k8rhncp4jt1\/2026\/02\/2068799.jpg","keywords":["Alentejo","Gest\u00e3o de Riscos","infraestruturas","ordenamento do territ\u00f3rio","planeamento territorial","prote\u00e7\u00e3o civil"],"articleSection":["Not\u00edcias","Pol\u00edtica"],"inLanguage":"pt-PT"},{"@type":"WebPage","@id":"https:\/\/portaltela.pt\/noticias\/2026\/02\/22\/incapacidade-de-prevenir-e-historica-nao-de-este-nem-do-anterior-governo\/","url":"https:\/\/portaltela.pt\/noticias\/2026\/02\/22\/incapacidade-de-prevenir-e-historica-nao-de-este-nem-do-anterior-governo\/","name":"Incapacidade de prevenir \u00e9 hist\u00f3rica, n\u00e3o de este nem do anterior governo - Portal Tela Portugal","isPartOf":{"@id":"https:\/\/portaltela.pt\/#website"},"primaryImageOfPage":{"@id":"https:\/\/portaltela.pt\/noticias\/2026\/02\/22\/incapacidade-de-prevenir-e-historica-nao-de-este-nem-do-anterior-governo\/#primaryimage"},"image":{"@id":"https:\/\/portaltela.pt\/noticias\/2026\/02\/22\/incapacidade-de-prevenir-e-historica-nao-de-este-nem-do-anterior-governo\/#primaryimage"},"thumbnailUrl":"https:\/\/portaltela.pt\/s.01k8rhncp4jt1\/2026\/02\/2068799.jpg","datePublished":"2026-02-22T07:04:00+00:00","author":{"@id":"https:\/\/portaltela.pt\/#\/schema\/person\/c4278d4a6028830caff9ee44b42d32ed"},"breadcrumb":{"@id":"https:\/\/portaltela.pt\/noticias\/2026\/02\/22\/incapacidade-de-prevenir-e-historica-nao-de-este-nem-do-anterior-governo\/#breadcrumb"},"inLanguage":"pt-PT","potentialAction":[{"@type":"ReadAction","target":["https:\/\/portaltela.pt\/noticias\/2026\/02\/22\/incapacidade-de-prevenir-e-historica-nao-de-este-nem-do-anterior-governo\/"]}]},{"@type":"ImageObject","inLanguage":"pt-PT","@id":"https:\/\/portaltela.pt\/noticias\/2026\/02\/22\/incapacidade-de-prevenir-e-historica-nao-de-este-nem-do-anterior-governo\/#primaryimage","url":"https:\/\/portaltela.pt\/s.01k8rhncp4jt1\/2026\/02\/2068799.jpg","contentUrl":"https:\/\/portaltela.pt\/s.01k8rhncp4jt1\/2026\/02\/2068799.jpg","width":796,"height":448,"caption":"Miguel Bastos Ara\u00fajo \u00e9 bioge\u00f3grafo, investigador e professor catedr\u00e1tico \u2014 foi reconhecido com o Pr\u00e9mio Pessoa em 2018"},{"@type":"BreadcrumbList","@id":"https:\/\/portaltela.pt\/noticias\/2026\/02\/22\/incapacidade-de-prevenir-e-historica-nao-de-este-nem-do-anterior-governo\/#breadcrumb","itemListElement":[{"@type":"ListItem","position":1,"name":"In\u00edcio","item":"https:\/\/portaltela.pt\/"},{"@type":"ListItem","position":2,"name":"Incapacidade de prevenir \u00e9 hist\u00f3rica, n\u00e3o de este nem do anterior governo"}]},{"@type":"WebSite","@id":"https:\/\/portaltela.pt\/#website","url":"https:\/\/portaltela.pt\/","name":"Portal Tela Portugal","description":"","potentialAction":[{"@type":"SearchAction","target":{"@type":"EntryPoint","urlTemplate":"https:\/\/portaltela.pt\/?s={search_term_string}"},"query-input":{"@type":"PropertyValueSpecification","valueRequired":true,"valueName":"search_term_string"}}],"inLanguage":"pt-PT"},{"@type":"Person","@id":"https:\/\/portaltela.pt\/#\/schema\/person\/c4278d4a6028830caff9ee44b42d32ed","name":"Telinha","image":{"@type":"ImageObject","inLanguage":"pt-PT","@id":"https:\/\/portaltela.pt\/s.01k8rhncp4jt1\/2025\/11\/talking-bot-125x125.png","url":"https:\/\/portaltela.pt\/s.01k8rhncp4jt1\/2025\/11\/talking-bot-125x125.png","contentUrl":"https:\/\/portaltela.pt\/s.01k8rhncp4jt1\/2025\/11\/talking-bot-125x125.png","caption":"Telinha"},"sameAs":["https:\/\/portaltela.pt\/"],"url":"https:\/\/portaltela.pt\/por\/367410592786\/"}]}},"_links":{"self":[{"href":"https:\/\/portaltela.pt\/api\/wp\/v2\/posts\/221323","targetHints":{"allow":["GET"]}}],"collection":[{"href":"https:\/\/portaltela.pt\/api\/wp\/v2\/posts"}],"about":[{"href":"https:\/\/portaltela.pt\/api\/wp\/v2\/types\/post"}],"author":[{"embeddable":true,"href":"https:\/\/portaltela.pt\/api\/wp\/v2\/users\/2"}],"replies":[{"embeddable":true,"href":"https:\/\/portaltela.pt\/api\/wp\/v2\/comments?post=221323"}],"version-history":[{"count":0,"href":"https:\/\/portaltela.pt\/api\/wp\/v2\/posts\/221323\/revisions"}],"wp:featuredmedia":[{"embeddable":true,"href":"https:\/\/portaltela.pt\/api\/wp\/v2\/media\/221327"}],"wp:attachment":[{"href":"https:\/\/portaltela.pt\/api\/wp\/v2\/media?parent=221323"}],"wp:term":[{"taxonomy":"category","embeddable":true,"href":"https:\/\/portaltela.pt\/api\/wp\/v2\/categories?post=221323"},{"taxonomy":"post_tag","embeddable":true,"href":"https:\/\/portaltela.pt\/api\/wp\/v2\/tags?post=221323"}],"curies":[{"name":"wp","href":"https:\/\/api.w.org\/{rel}","templated":true}]}}