{"id":221301,"date":"2026-02-22T04:15:00","date_gmt":"2026-02-22T07:15:00","guid":{"rendered":"https:\/\/portaltela.pt\/noticias\/2026\/02\/22\/eleitores-de-cotrim-e-mendes-escolhem-seguro-na-segunda-volta-com-folga\/"},"modified":"2026-02-22T04:15:00","modified_gmt":"2026-02-22T07:15:00","slug":"eleitores-de-cotrim-e-mendes-escolhem-seguro-na-segunda-volta-com-folga","status":"publish","type":"post","link":"https:\/\/portaltela.pt\/noticias\/politica\/2026\/02\/22\/eleitores-de-cotrim-e-mendes-escolhem-seguro-na-segunda-volta-com-folga\/","title":{"rendered":"Eleitores de Cotrim e Mendes escolhem Seguro na segunda volta com folga"},"content":{"rendered":"<p>Os eleitores de Cotrim e Mendes optaram por Ant\u00f3nio Jos\u00e9 Seguro na segunda volta das presidenciais, realizada a 8 de fevereiro, em Portugal. A transfer\u00eancia de votos aconteceu de forma significativa entre os segmentos do eleitorado que rejeitaram a lideran\u00e7a anunciada por Ventura e voltaram \u00e0s urnas para decidir o voto expresso.<\/p>\n<p>A an\u00e1lise baseia-se em dados recolhidos pelo CESOP \u2013 Universidade Cat\u00f3lica Portuguesa, na sondagem \u00e0 boca das urnas. A amostra cruza os apoios da primeira volta com o voto na segunda, apresentando movimentos relevantes entre os candidatos.<\/p>\n<p>Entre os apoiantes de Jo\u00e3o Cotrim Figueiredo na primeira volta, quase dois ter\u00e7os votaram em Seguro na segunda volta. O mesmo ocorreu com praticamente 90% dos eleitores que tinham escolhido Lu\u00eds Marques Mendes. Os resultados refletem uma mudan\u00e7a de prefer\u00eancia no eleitorado de direita.<\/p>\n<h3>Transfer\u00eancia de voto entre os candidatos<\/h3>\n<p>Aos dados da sondagem de boca de urna adiciona-se o contexto de din\u00e2mica partid\u00e1ria na reta final. A escolha por Seguro surge como a op\u00e7\u00e3o predominante entre os eleitores que haviam votado nos candidatos da coliga\u00e7\u00e3o de centro-direita na primeira volta.<\/p>\n","protected":false},"excerpt":{"rendered":"<ul>\n<li>Os eleitores de Cotrim Figueiredo que voltaram \u00e0s urnas a 8 de Fevereiro transferiram o seu voto para Ant\u00f3nio Jos\u00e9 Seguro, numa maioria pr\u00f3xima de dois ter\u00e7os.<\/li>\n<li>Os apoiantes de Lu\u00eds Marques Mendes que inicialmente votaram no primeiro turno passaram a apoiar Seguro em praticamente noventa por cento dos casos.<\/li>\n<li>A conclus\u00e3o resulta de uma an\u00e1lise baseada em dados recolhidos pelo CESOP \u2014 Universidade Cat\u00f3lica Portuguesa, na sondagem feita \u00e0 boca das urnas no dia da segunda volta.<\/li>\n<li>Ventura saiu das elei\u00e7\u00f5es a reclamar lideran\u00e7a da direita, mas o conjunto do eleitorado desse espectro que votou novamente optou por Seguro.<\/li>\n<\/ul>\n","protected":false},"author":2,"featured_media":221302,"comment_status":"closed","ping_status":"closed","sticky":false,"template":"","format":"standard","meta":{"footnotes":""},"categories":[1,5],"tags":[5808,68,2832,30,3416,2050],"class_list":["post-221301","post","type-post","status-publish","format-standard","has-post-thumbnail","hentry","category-noticias","category-politica","tag-direita","tag-eleicoes","tag-politica","tag-presidente","tag-seguro","tag-transferencias"],"yoast_head":"<!-- This site is optimized with the Yoast SEO plugin v27.2 - https:\/\/yoast.com\/product\/yoast-seo-wordpress\/ -->\n<title>Eleitores de Cotrim e Mendes escolhem Seguro na segunda volta com folga - Portal Tela Portugal<\/title>\n<meta name=\"robots\" content=\"index, follow, max-snippet:-1, max-image-preview:large, max-video-preview:-1\" \/>\n<meta property=\"og:locale\" content=\"pt_PT\" \/>\n<meta property=\"og:type\" content=\"article\" \/>\n<meta property=\"og:title\" content=\"Eleitores de Cotrim e Mendes escolhem Seguro na segunda volta com folga - Portal Tela Portugal\" \/>\n<meta property=\"og:description\" content=\"Os eleitores de Cotrim Figueiredo que voltaram \u00e0s urnas a 8 de Fevereiro transferiram o seu voto para Ant\u00f3nio Jos\u00e9 Seguro, numa maioria pr\u00f3xima de dois ter\u00e7os. Os apoiantes de Lu\u00eds Marques Mendes que inicialmente votaram no primeiro turno passaram a apoiar Seguro em praticamente noventa por cento dos casos. A conclus\u00e3o resulta de uma an\u00e1lise baseada em dados recolhidos pelo CESOP \u2014 Universidade Cat\u00f3lica Portuguesa, na sondagem feita \u00e0 boca das urnas no dia da segunda volta. Ventura saiu das elei\u00e7\u00f5es a reclamar lideran\u00e7a da direita, mas o conjunto do eleitorado desse espectro que votou novamente optou por Seguro.\" \/>\n<meta property=\"og:url\" content=\"https:\/\/portaltela.pt\/noticias\/2026\/02\/22\/eleitores-de-cotrim-e-mendes-escolhem-seguro-na-segunda-volta-com-folga\/\" \/>\n<meta property=\"og:site_name\" content=\"Portal Tela Portugal\" \/>\n<meta property=\"article:published_time\" content=\"2026-02-22T07:15:00+00:00\" \/>\n<meta name=\"author\" content=\"Telinha\" \/>\n<meta name=\"twitter:card\" content=\"summary_large_image\" \/>\n<meta name=\"twitter:label1\" content=\"Escrito por\" \/>\n\t<meta name=\"twitter:data1\" content=\"Telinha\" \/>\n\t<meta name=\"twitter:label2\" content=\"Tempo estimado de leitura\" \/>\n\t<meta name=\"twitter:data2\" content=\"1 minuto\" \/>\n<script type=\"application\/ld+json\" class=\"yoast-schema-graph\">{\"@context\":\"https:\/\/schema.org\",\"@graph\":[{\"@type\":\"Article\",\"@id\":\"https:\/\/portaltela.pt\/noticias\/2026\/02\/22\/eleitores-de-cotrim-e-mendes-escolhem-seguro-na-segunda-volta-com-folga\/#article\",\"isPartOf\":{\"@id\":\"https:\/\/portaltela.pt\/noticias\/2026\/02\/22\/eleitores-de-cotrim-e-mendes-escolhem-seguro-na-segunda-volta-com-folga\/\"},\"author\":{\"name\":\"Telinha\",\"@id\":\"https:\/\/portaltela.pt\/#\/schema\/person\/c4278d4a6028830caff9ee44b42d32ed\"},\"headline\":\"Eleitores de Cotrim e Mendes escolhem Seguro na segunda volta com folga\",\"datePublished\":\"2026-02-22T07:15:00+00:00\",\"mainEntityOfPage\":{\"@id\":\"https:\/\/portaltela.pt\/noticias\/2026\/02\/22\/eleitores-de-cotrim-e-mendes-escolhem-seguro-na-segunda-volta-com-folga\/\"},\"wordCount\":203,\"image\":{\"@id\":\"https:\/\/portaltela.pt\/noticias\/2026\/02\/22\/eleitores-de-cotrim-e-mendes-escolhem-seguro-na-segunda-volta-com-folga\/#primaryimage\"},\"thumbnailUrl\":\"https:\/\/portaltela.pt\/s.01k8rhncp4jt1\/2026\/02\/2068846.jpg\",\"keywords\":[\"direita\",\"elei\u00e7\u00f5es\",\"pol\u00edtica\",\"presidente\",\"Seguro\",\"transfer\u00eancias\"],\"articleSection\":[\"Not\u00edcias\",\"Pol\u00edtica\"],\"inLanguage\":\"pt-PT\"},{\"@type\":\"WebPage\",\"@id\":\"https:\/\/portaltela.pt\/noticias\/2026\/02\/22\/eleitores-de-cotrim-e-mendes-escolhem-seguro-na-segunda-volta-com-folga\/\",\"url\":\"https:\/\/portaltela.pt\/noticias\/2026\/02\/22\/eleitores-de-cotrim-e-mendes-escolhem-seguro-na-segunda-volta-com-folga\/\",\"name\":\"Eleitores de Cotrim e Mendes escolhem Seguro na segunda volta com folga - Portal Tela Portugal\",\"isPartOf\":{\"@id\":\"https:\/\/portaltela.pt\/#website\"},\"primaryImageOfPage\":{\"@id\":\"https:\/\/portaltela.pt\/noticias\/2026\/02\/22\/eleitores-de-cotrim-e-mendes-escolhem-seguro-na-segunda-volta-com-folga\/#primaryimage\"},\"image\":{\"@id\":\"https:\/\/portaltela.pt\/noticias\/2026\/02\/22\/eleitores-de-cotrim-e-mendes-escolhem-seguro-na-segunda-volta-com-folga\/#primaryimage\"},\"thumbnailUrl\":\"https:\/\/portaltela.pt\/s.01k8rhncp4jt1\/2026\/02\/2068846.jpg\",\"datePublished\":\"2026-02-22T07:15:00+00:00\",\"author\":{\"@id\":\"https:\/\/portaltela.pt\/#\/schema\/person\/c4278d4a6028830caff9ee44b42d32ed\"},\"breadcrumb\":{\"@id\":\"https:\/\/portaltela.pt\/noticias\/2026\/02\/22\/eleitores-de-cotrim-e-mendes-escolhem-seguro-na-segunda-volta-com-folga\/#breadcrumb\"},\"inLanguage\":\"pt-PT\",\"potentialAction\":[{\"@type\":\"ReadAction\",\"target\":[\"https:\/\/portaltela.pt\/noticias\/2026\/02\/22\/eleitores-de-cotrim-e-mendes-escolhem-seguro-na-segunda-volta-com-folga\/\"]}]},{\"@type\":\"ImageObject\",\"inLanguage\":\"pt-PT\",\"@id\":\"https:\/\/portaltela.pt\/noticias\/2026\/02\/22\/eleitores-de-cotrim-e-mendes-escolhem-seguro-na-segunda-volta-com-folga\/#primaryimage\",\"url\":\"https:\/\/portaltela.pt\/s.01k8rhncp4jt1\/2026\/02\/2068846.jpg\",\"contentUrl\":\"https:\/\/portaltela.pt\/s.01k8rhncp4jt1\/2026\/02\/2068846.jpg\",\"width\":796,\"height\":448,\"caption\":\"Eleitorado que votou Cotrim Figueiredo ou Marques Mendes na primeira volta preferiu Ant\u00f3nio Jos\u00e9 Seguro a Andr\u00e9 Ventura\"},{\"@type\":\"BreadcrumbList\",\"@id\":\"https:\/\/portaltela.pt\/noticias\/2026\/02\/22\/eleitores-de-cotrim-e-mendes-escolhem-seguro-na-segunda-volta-com-folga\/#breadcrumb\",\"itemListElement\":[{\"@type\":\"ListItem\",\"position\":1,\"name\":\"In\u00edcio\",\"item\":\"https:\/\/portaltela.pt\/\"},{\"@type\":\"ListItem\",\"position\":2,\"name\":\"Eleitores de Cotrim e Mendes escolhem Seguro na segunda volta com folga\"}]},{\"@type\":\"WebSite\",\"@id\":\"https:\/\/portaltela.pt\/#website\",\"url\":\"https:\/\/portaltela.pt\/\",\"name\":\"Portal Tela Portugal\",\"description\":\"\",\"potentialAction\":[{\"@type\":\"SearchAction\",\"target\":{\"@type\":\"EntryPoint\",\"urlTemplate\":\"https:\/\/portaltela.pt\/?s={search_term_string}\"},\"query-input\":{\"@type\":\"PropertyValueSpecification\",\"valueRequired\":true,\"valueName\":\"search_term_string\"}}],\"inLanguage\":\"pt-PT\"},{\"@type\":\"Person\",\"@id\":\"https:\/\/portaltela.pt\/#\/schema\/person\/c4278d4a6028830caff9ee44b42d32ed\",\"name\":\"Telinha\",\"image\":{\"@type\":\"ImageObject\",\"inLanguage\":\"pt-PT\",\"@id\":\"https:\/\/portaltela.pt\/s.01k8rhncp4jt1\/2025\/11\/talking-bot-125x125.png\",\"url\":\"https:\/\/portaltela.pt\/s.01k8rhncp4jt1\/2025\/11\/talking-bot-125x125.png\",\"contentUrl\":\"https:\/\/portaltela.pt\/s.01k8rhncp4jt1\/2025\/11\/talking-bot-125x125.png\",\"caption\":\"Telinha\"},\"sameAs\":[\"https:\/\/portaltela.pt\/\"],\"url\":\"https:\/\/portaltela.pt\/por\/367410592786\/\"}]}<\/script>\n<!-- \/ Yoast SEO plugin. -->","yoast_head_json":{"title":"Eleitores de Cotrim e Mendes escolhem Seguro na segunda volta com folga - Portal Tela Portugal","robots":{"index":"index","follow":"follow","max-snippet":"max-snippet:-1","max-image-preview":"max-image-preview:large","max-video-preview":"max-video-preview:-1"},"og_locale":"pt_PT","og_type":"article","og_title":"Eleitores de Cotrim e Mendes escolhem Seguro na segunda volta com folga - Portal Tela Portugal","og_description":"Os eleitores de Cotrim Figueiredo que voltaram \u00e0s urnas a 8 de Fevereiro transferiram o seu voto para Ant\u00f3nio Jos\u00e9 Seguro, numa maioria pr\u00f3xima de dois ter\u00e7os. Os apoiantes de Lu\u00eds Marques Mendes que inicialmente votaram no primeiro turno passaram a apoiar Seguro em praticamente noventa por cento dos casos. A conclus\u00e3o resulta de uma an\u00e1lise baseada em dados recolhidos pelo CESOP \u2014 Universidade Cat\u00f3lica Portuguesa, na sondagem feita \u00e0 boca das urnas no dia da segunda volta. Ventura saiu das elei\u00e7\u00f5es a reclamar lideran\u00e7a da direita, mas o conjunto do eleitorado desse espectro que votou novamente optou por Seguro.","og_url":"https:\/\/portaltela.pt\/noticias\/2026\/02\/22\/eleitores-de-cotrim-e-mendes-escolhem-seguro-na-segunda-volta-com-folga\/","og_site_name":"Portal Tela Portugal","article_published_time":"2026-02-22T07:15:00+00:00","author":"Telinha","twitter_card":"summary_large_image","twitter_misc":{"Escrito por":"Telinha","Tempo estimado de leitura":"1 minuto"},"schema":{"@context":"https:\/\/schema.org","@graph":[{"@type":"Article","@id":"https:\/\/portaltela.pt\/noticias\/2026\/02\/22\/eleitores-de-cotrim-e-mendes-escolhem-seguro-na-segunda-volta-com-folga\/#article","isPartOf":{"@id":"https:\/\/portaltela.pt\/noticias\/2026\/02\/22\/eleitores-de-cotrim-e-mendes-escolhem-seguro-na-segunda-volta-com-folga\/"},"author":{"name":"Telinha","@id":"https:\/\/portaltela.pt\/#\/schema\/person\/c4278d4a6028830caff9ee44b42d32ed"},"headline":"Eleitores de Cotrim e Mendes escolhem Seguro na segunda volta com folga","datePublished":"2026-02-22T07:15:00+00:00","mainEntityOfPage":{"@id":"https:\/\/portaltela.pt\/noticias\/2026\/02\/22\/eleitores-de-cotrim-e-mendes-escolhem-seguro-na-segunda-volta-com-folga\/"},"wordCount":203,"image":{"@id":"https:\/\/portaltela.pt\/noticias\/2026\/02\/22\/eleitores-de-cotrim-e-mendes-escolhem-seguro-na-segunda-volta-com-folga\/#primaryimage"},"thumbnailUrl":"https:\/\/portaltela.pt\/s.01k8rhncp4jt1\/2026\/02\/2068846.jpg","keywords":["direita","elei\u00e7\u00f5es","pol\u00edtica","presidente","Seguro","transfer\u00eancias"],"articleSection":["Not\u00edcias","Pol\u00edtica"],"inLanguage":"pt-PT"},{"@type":"WebPage","@id":"https:\/\/portaltela.pt\/noticias\/2026\/02\/22\/eleitores-de-cotrim-e-mendes-escolhem-seguro-na-segunda-volta-com-folga\/","url":"https:\/\/portaltela.pt\/noticias\/2026\/02\/22\/eleitores-de-cotrim-e-mendes-escolhem-seguro-na-segunda-volta-com-folga\/","name":"Eleitores de Cotrim e Mendes escolhem Seguro na segunda volta com folga - Portal Tela Portugal","isPartOf":{"@id":"https:\/\/portaltela.pt\/#website"},"primaryImageOfPage":{"@id":"https:\/\/portaltela.pt\/noticias\/2026\/02\/22\/eleitores-de-cotrim-e-mendes-escolhem-seguro-na-segunda-volta-com-folga\/#primaryimage"},"image":{"@id":"https:\/\/portaltela.pt\/noticias\/2026\/02\/22\/eleitores-de-cotrim-e-mendes-escolhem-seguro-na-segunda-volta-com-folga\/#primaryimage"},"thumbnailUrl":"https:\/\/portaltela.pt\/s.01k8rhncp4jt1\/2026\/02\/2068846.jpg","datePublished":"2026-02-22T07:15:00+00:00","author":{"@id":"https:\/\/portaltela.pt\/#\/schema\/person\/c4278d4a6028830caff9ee44b42d32ed"},"breadcrumb":{"@id":"https:\/\/portaltela.pt\/noticias\/2026\/02\/22\/eleitores-de-cotrim-e-mendes-escolhem-seguro-na-segunda-volta-com-folga\/#breadcrumb"},"inLanguage":"pt-PT","potentialAction":[{"@type":"ReadAction","target":["https:\/\/portaltela.pt\/noticias\/2026\/02\/22\/eleitores-de-cotrim-e-mendes-escolhem-seguro-na-segunda-volta-com-folga\/"]}]},{"@type":"ImageObject","inLanguage":"pt-PT","@id":"https:\/\/portaltela.pt\/noticias\/2026\/02\/22\/eleitores-de-cotrim-e-mendes-escolhem-seguro-na-segunda-volta-com-folga\/#primaryimage","url":"https:\/\/portaltela.pt\/s.01k8rhncp4jt1\/2026\/02\/2068846.jpg","contentUrl":"https:\/\/portaltela.pt\/s.01k8rhncp4jt1\/2026\/02\/2068846.jpg","width":796,"height":448,"caption":"Eleitorado que votou Cotrim Figueiredo ou Marques Mendes na primeira volta preferiu Ant\u00f3nio Jos\u00e9 Seguro a Andr\u00e9 Ventura"},{"@type":"BreadcrumbList","@id":"https:\/\/portaltela.pt\/noticias\/2026\/02\/22\/eleitores-de-cotrim-e-mendes-escolhem-seguro-na-segunda-volta-com-folga\/#breadcrumb","itemListElement":[{"@type":"ListItem","position":1,"name":"In\u00edcio","item":"https:\/\/portaltela.pt\/"},{"@type":"ListItem","position":2,"name":"Eleitores de Cotrim e Mendes escolhem Seguro na segunda volta com folga"}]},{"@type":"WebSite","@id":"https:\/\/portaltela.pt\/#website","url":"https:\/\/portaltela.pt\/","name":"Portal Tela Portugal","description":"","potentialAction":[{"@type":"SearchAction","target":{"@type":"EntryPoint","urlTemplate":"https:\/\/portaltela.pt\/?s={search_term_string}"},"query-input":{"@type":"PropertyValueSpecification","valueRequired":true,"valueName":"search_term_string"}}],"inLanguage":"pt-PT"},{"@type":"Person","@id":"https:\/\/portaltela.pt\/#\/schema\/person\/c4278d4a6028830caff9ee44b42d32ed","name":"Telinha","image":{"@type":"ImageObject","inLanguage":"pt-PT","@id":"https:\/\/portaltela.pt\/s.01k8rhncp4jt1\/2025\/11\/talking-bot-125x125.png","url":"https:\/\/portaltela.pt\/s.01k8rhncp4jt1\/2025\/11\/talking-bot-125x125.png","contentUrl":"https:\/\/portaltela.pt\/s.01k8rhncp4jt1\/2025\/11\/talking-bot-125x125.png","caption":"Telinha"},"sameAs":["https:\/\/portaltela.pt\/"],"url":"https:\/\/portaltela.pt\/por\/367410592786\/"}]}},"_links":{"self":[{"href":"https:\/\/portaltela.pt\/api\/wp\/v2\/posts\/221301","targetHints":{"allow":["GET"]}}],"collection":[{"href":"https:\/\/portaltela.pt\/api\/wp\/v2\/posts"}],"about":[{"href":"https:\/\/portaltela.pt\/api\/wp\/v2\/types\/post"}],"author":[{"embeddable":true,"href":"https:\/\/portaltela.pt\/api\/wp\/v2\/users\/2"}],"replies":[{"embeddable":true,"href":"https:\/\/portaltela.pt\/api\/wp\/v2\/comments?post=221301"}],"version-history":[{"count":0,"href":"https:\/\/portaltela.pt\/api\/wp\/v2\/posts\/221301\/revisions"}],"wp:featuredmedia":[{"embeddable":true,"href":"https:\/\/portaltela.pt\/api\/wp\/v2\/media\/221302"}],"wp:attachment":[{"href":"https:\/\/portaltela.pt\/api\/wp\/v2\/media?parent=221301"}],"wp:term":[{"taxonomy":"category","embeddable":true,"href":"https:\/\/portaltela.pt\/api\/wp\/v2\/categories?post=221301"},{"taxonomy":"post_tag","embeddable":true,"href":"https:\/\/portaltela.pt\/api\/wp\/v2\/tags?post=221301"}],"curies":[{"name":"wp","href":"https:\/\/api.w.org\/{rel}","templated":true}]}}