{"id":221293,"date":"2026-02-22T02:01:00","date_gmt":"2026-02-22T05:01:00","guid":{"rendered":"https:\/\/portaltela.pt\/noticias\/2026\/02\/22\/grupo-delta-cafes-anteve-estabilidade-de-precos-do-cafe-este-ano\/"},"modified":"2026-02-22T02:01:00","modified_gmt":"2026-02-22T05:01:00","slug":"grupo-delta-cafes-anteve-estabilidade-de-precos-do-cafe-este-ano","status":"publish","type":"post","link":"https:\/\/portaltela.pt\/noticias\/economia\/2026\/02\/22\/grupo-delta-cafes-anteve-estabilidade-de-precos-do-cafe-este-ano\/","title":{"rendered":"Grupo Delta Caf\u00e9s antev\u00ea estabilidade de pre\u00e7os do caf\u00e9 este ano"},"content":{"rendered":"<p>O Grupo Delta Caf\u00e9s afirma n\u00e3o prever aumentos no pre\u00e7o do caf\u00e9 neste ano. A posi\u00e7\u00e3o foi partilhada no \u00e2mbito de informa\u00e7\u00f5es destinadas a subscritores do portal.<\/p>\n<p>Segundo a nota publicada, o conte\u00fado completo est\u00e1 dispon\u00edvel apenas para subscritores. N\u00e3o foram avan\u00e7ados detalhes adicionais sobre a base da avalia\u00e7\u00e3o ou cen\u00e1rios que pudessem justificar a proje\u00e7\u00e3o.<\/p>\n<p>A comunica\u00e7\u00e3o enfatiza que a expectativa se aplica ao caf\u00e9 vendido pela rede e n\u00e3o especifica varia\u00e7\u00f5es por formato ou regi\u00e3o. A Delta Caf\u00e9s n\u00e3o divulgou dados financeiros nem indicadores de mercado relacionados.<\/p>\n","protected":false},"excerpt":{"rendered":"<ul>\n<li>O Grupo Delta Caf\u00e9s espera n\u00e3o ver aumentos de caf\u00e9 este ano.<\/li>\n<li>O texto completo da not\u00edcia est\u00e1 dispon\u00edvel apenas para subscritores.<\/li>\n<li>Quem quiser ler deve fazer login ou subscrever.<\/li>\n<\/ul>\n","protected":false},"author":2,"featured_media":221295,"comment_status":"closed","ping_status":"closed","sticky":false,"template":"","format":"standard","meta":{"footnotes":""},"categories":[2,1],"tags":[6115,5765,244,5321,195],"class_list":["post-221293","post","type-post","status-publish","format-standard","has-post-thumbnail","hentry","category-economia","category-noticias","tag-_economia","tag-cafe","tag-comercio","tag-delta-cafes","tag-informacao"],"yoast_head":"<!-- This site is optimized with the Yoast SEO plugin v27.2 - https:\/\/yoast.com\/product\/yoast-seo-wordpress\/ -->\n<title>Grupo Delta Caf\u00e9s antev\u00ea estabilidade de pre\u00e7os do caf\u00e9 este ano - Portal Tela Portugal<\/title>\n<meta name=\"robots\" content=\"index, follow, max-snippet:-1, max-image-preview:large, max-video-preview:-1\" \/>\n<meta property=\"og:locale\" content=\"pt_PT\" \/>\n<meta property=\"og:type\" content=\"article\" \/>\n<meta property=\"og:title\" content=\"Grupo Delta Caf\u00e9s antev\u00ea estabilidade de pre\u00e7os do caf\u00e9 este ano - Portal Tela Portugal\" \/>\n<meta property=\"og:description\" content=\"O Grupo Delta Caf\u00e9s espera n\u00e3o ver aumentos de caf\u00e9 este ano. O texto completo da not\u00edcia est\u00e1 dispon\u00edvel apenas para subscritores. Quem quiser ler deve fazer login ou subscrever.\" \/>\n<meta property=\"og:url\" content=\"https:\/\/portaltela.pt\/noticias\/2026\/02\/22\/grupo-delta-cafes-anteve-estabilidade-de-precos-do-cafe-este-ano\/\" \/>\n<meta property=\"og:site_name\" content=\"Portal Tela Portugal\" \/>\n<meta property=\"article:published_time\" content=\"2026-02-22T05:01:00+00:00\" \/>\n<meta name=\"author\" content=\"Telinha\" \/>\n<meta name=\"twitter:card\" content=\"summary_large_image\" \/>\n<meta name=\"twitter:label1\" content=\"Escrito por\" \/>\n\t<meta name=\"twitter:data1\" content=\"Telinha\" \/>\n\t<meta name=\"twitter:label2\" content=\"Tempo estimado de leitura\" \/>\n\t<meta name=\"twitter:data2\" content=\"1 minuto\" \/>\n<script type=\"application\/ld+json\" class=\"yoast-schema-graph\">{\"@context\":\"https:\/\/schema.org\",\"@graph\":[{\"@type\":\"Article\",\"@id\":\"https:\/\/portaltela.pt\/noticias\/2026\/02\/22\/grupo-delta-cafes-anteve-estabilidade-de-precos-do-cafe-este-ano\/#article\",\"isPartOf\":{\"@id\":\"https:\/\/portaltela.pt\/noticias\/2026\/02\/22\/grupo-delta-cafes-anteve-estabilidade-de-precos-do-cafe-este-ano\/\"},\"author\":{\"name\":\"Telinha\",\"@id\":\"https:\/\/portaltela.pt\/#\/schema\/person\/c4278d4a6028830caff9ee44b42d32ed\"},\"headline\":\"Grupo Delta Caf\u00e9s antev\u00ea estabilidade de pre\u00e7os do caf\u00e9 este ano\",\"datePublished\":\"2026-02-22T05:01:00+00:00\",\"mainEntityOfPage\":{\"@id\":\"https:\/\/portaltela.pt\/noticias\/2026\/02\/22\/grupo-delta-cafes-anteve-estabilidade-de-precos-do-cafe-este-ano\/\"},\"wordCount\":120,\"image\":{\"@id\":\"https:\/\/portaltela.pt\/noticias\/2026\/02\/22\/grupo-delta-cafes-anteve-estabilidade-de-precos-do-cafe-este-ano\/#primaryimage\"},\"thumbnailUrl\":\"https:\/\/portaltela.pt\/s.01k8rhncp4jt1\/2026\/02\/CACHE_780X1200_ANALOG_WATERMARKED_46495426_5867189_20022026105112.jpg\",\"keywords\":[\"_economia\",\"caf\u00e9\",\"com\u00e9rcio\",\"Delta Caf\u00e9s\",\"informa\u00e7\u00e3o\"],\"articleSection\":[\"Economia\",\"Not\u00edcias\"],\"inLanguage\":\"pt-PT\"},{\"@type\":\"WebPage\",\"@id\":\"https:\/\/portaltela.pt\/noticias\/2026\/02\/22\/grupo-delta-cafes-anteve-estabilidade-de-precos-do-cafe-este-ano\/\",\"url\":\"https:\/\/portaltela.pt\/noticias\/2026\/02\/22\/grupo-delta-cafes-anteve-estabilidade-de-precos-do-cafe-este-ano\/\",\"name\":\"Grupo Delta Caf\u00e9s antev\u00ea estabilidade de pre\u00e7os do caf\u00e9 este ano - Portal Tela Portugal\",\"isPartOf\":{\"@id\":\"https:\/\/portaltela.pt\/#website\"},\"primaryImageOfPage\":{\"@id\":\"https:\/\/portaltela.pt\/noticias\/2026\/02\/22\/grupo-delta-cafes-anteve-estabilidade-de-precos-do-cafe-este-ano\/#primaryimage\"},\"image\":{\"@id\":\"https:\/\/portaltela.pt\/noticias\/2026\/02\/22\/grupo-delta-cafes-anteve-estabilidade-de-precos-do-cafe-este-ano\/#primaryimage\"},\"thumbnailUrl\":\"https:\/\/portaltela.pt\/s.01k8rhncp4jt1\/2026\/02\/CACHE_780X1200_ANALOG_WATERMARKED_46495426_5867189_20022026105112.jpg\",\"datePublished\":\"2026-02-22T05:01:00+00:00\",\"author\":{\"@id\":\"https:\/\/portaltela.pt\/#\/schema\/person\/c4278d4a6028830caff9ee44b42d32ed\"},\"breadcrumb\":{\"@id\":\"https:\/\/portaltela.pt\/noticias\/2026\/02\/22\/grupo-delta-cafes-anteve-estabilidade-de-precos-do-cafe-este-ano\/#breadcrumb\"},\"inLanguage\":\"pt-PT\",\"potentialAction\":[{\"@type\":\"ReadAction\",\"target\":[\"https:\/\/portaltela.pt\/noticias\/2026\/02\/22\/grupo-delta-cafes-anteve-estabilidade-de-precos-do-cafe-este-ano\/\"]}]},{\"@type\":\"ImageObject\",\"inLanguage\":\"pt-PT\",\"@id\":\"https:\/\/portaltela.pt\/noticias\/2026\/02\/22\/grupo-delta-cafes-anteve-estabilidade-de-precos-do-cafe-este-ano\/#primaryimage\",\"url\":\"https:\/\/portaltela.pt\/s.01k8rhncp4jt1\/2026\/02\/CACHE_780X1200_ANALOG_WATERMARKED_46495426_5867189_20022026105112.jpg\",\"contentUrl\":\"https:\/\/portaltela.pt\/s.01k8rhncp4jt1\/2026\/02\/CACHE_780X1200_ANALOG_WATERMARKED_46495426_5867189_20022026105112.jpg\",\"width\":796,\"height\":448,\"caption\":\"Photo\"},{\"@type\":\"BreadcrumbList\",\"@id\":\"https:\/\/portaltela.pt\/noticias\/2026\/02\/22\/grupo-delta-cafes-anteve-estabilidade-de-precos-do-cafe-este-ano\/#breadcrumb\",\"itemListElement\":[{\"@type\":\"ListItem\",\"position\":1,\"name\":\"In\u00edcio\",\"item\":\"https:\/\/portaltela.pt\/\"},{\"@type\":\"ListItem\",\"position\":2,\"name\":\"Grupo Delta Caf\u00e9s antev\u00ea estabilidade de pre\u00e7os do caf\u00e9 este ano\"}]},{\"@type\":\"WebSite\",\"@id\":\"https:\/\/portaltela.pt\/#website\",\"url\":\"https:\/\/portaltela.pt\/\",\"name\":\"Portal Tela Portugal\",\"description\":\"\",\"potentialAction\":[{\"@type\":\"SearchAction\",\"target\":{\"@type\":\"EntryPoint\",\"urlTemplate\":\"https:\/\/portaltela.pt\/?s={search_term_string}\"},\"query-input\":{\"@type\":\"PropertyValueSpecification\",\"valueRequired\":true,\"valueName\":\"search_term_string\"}}],\"inLanguage\":\"pt-PT\"},{\"@type\":\"Person\",\"@id\":\"https:\/\/portaltela.pt\/#\/schema\/person\/c4278d4a6028830caff9ee44b42d32ed\",\"name\":\"Telinha\",\"image\":{\"@type\":\"ImageObject\",\"inLanguage\":\"pt-PT\",\"@id\":\"https:\/\/portaltela.pt\/s.01k8rhncp4jt1\/2025\/11\/talking-bot-125x125.png\",\"url\":\"https:\/\/portaltela.pt\/s.01k8rhncp4jt1\/2025\/11\/talking-bot-125x125.png\",\"contentUrl\":\"https:\/\/portaltela.pt\/s.01k8rhncp4jt1\/2025\/11\/talking-bot-125x125.png\",\"caption\":\"Telinha\"},\"sameAs\":[\"https:\/\/portaltela.pt\/\"],\"url\":\"https:\/\/portaltela.pt\/por\/367410592786\/\"}]}<\/script>\n<!-- \/ Yoast SEO plugin. -->","yoast_head_json":{"title":"Grupo Delta Caf\u00e9s antev\u00ea estabilidade de pre\u00e7os do caf\u00e9 este ano - Portal Tela Portugal","robots":{"index":"index","follow":"follow","max-snippet":"max-snippet:-1","max-image-preview":"max-image-preview:large","max-video-preview":"max-video-preview:-1"},"og_locale":"pt_PT","og_type":"article","og_title":"Grupo Delta Caf\u00e9s antev\u00ea estabilidade de pre\u00e7os do caf\u00e9 este ano - Portal Tela Portugal","og_description":"O Grupo Delta Caf\u00e9s espera n\u00e3o ver aumentos de caf\u00e9 este ano. O texto completo da not\u00edcia est\u00e1 dispon\u00edvel apenas para subscritores. Quem quiser ler deve fazer login ou subscrever.","og_url":"https:\/\/portaltela.pt\/noticias\/2026\/02\/22\/grupo-delta-cafes-anteve-estabilidade-de-precos-do-cafe-este-ano\/","og_site_name":"Portal Tela Portugal","article_published_time":"2026-02-22T05:01:00+00:00","author":"Telinha","twitter_card":"summary_large_image","twitter_misc":{"Escrito por":"Telinha","Tempo estimado de leitura":"1 minuto"},"schema":{"@context":"https:\/\/schema.org","@graph":[{"@type":"Article","@id":"https:\/\/portaltela.pt\/noticias\/2026\/02\/22\/grupo-delta-cafes-anteve-estabilidade-de-precos-do-cafe-este-ano\/#article","isPartOf":{"@id":"https:\/\/portaltela.pt\/noticias\/2026\/02\/22\/grupo-delta-cafes-anteve-estabilidade-de-precos-do-cafe-este-ano\/"},"author":{"name":"Telinha","@id":"https:\/\/portaltela.pt\/#\/schema\/person\/c4278d4a6028830caff9ee44b42d32ed"},"headline":"Grupo Delta Caf\u00e9s antev\u00ea estabilidade de pre\u00e7os do caf\u00e9 este ano","datePublished":"2026-02-22T05:01:00+00:00","mainEntityOfPage":{"@id":"https:\/\/portaltela.pt\/noticias\/2026\/02\/22\/grupo-delta-cafes-anteve-estabilidade-de-precos-do-cafe-este-ano\/"},"wordCount":120,"image":{"@id":"https:\/\/portaltela.pt\/noticias\/2026\/02\/22\/grupo-delta-cafes-anteve-estabilidade-de-precos-do-cafe-este-ano\/#primaryimage"},"thumbnailUrl":"https:\/\/portaltela.pt\/s.01k8rhncp4jt1\/2026\/02\/CACHE_780X1200_ANALOG_WATERMARKED_46495426_5867189_20022026105112.jpg","keywords":["_economia","caf\u00e9","com\u00e9rcio","Delta Caf\u00e9s","informa\u00e7\u00e3o"],"articleSection":["Economia","Not\u00edcias"],"inLanguage":"pt-PT"},{"@type":"WebPage","@id":"https:\/\/portaltela.pt\/noticias\/2026\/02\/22\/grupo-delta-cafes-anteve-estabilidade-de-precos-do-cafe-este-ano\/","url":"https:\/\/portaltela.pt\/noticias\/2026\/02\/22\/grupo-delta-cafes-anteve-estabilidade-de-precos-do-cafe-este-ano\/","name":"Grupo Delta Caf\u00e9s antev\u00ea estabilidade de pre\u00e7os do caf\u00e9 este ano - Portal Tela Portugal","isPartOf":{"@id":"https:\/\/portaltela.pt\/#website"},"primaryImageOfPage":{"@id":"https:\/\/portaltela.pt\/noticias\/2026\/02\/22\/grupo-delta-cafes-anteve-estabilidade-de-precos-do-cafe-este-ano\/#primaryimage"},"image":{"@id":"https:\/\/portaltela.pt\/noticias\/2026\/02\/22\/grupo-delta-cafes-anteve-estabilidade-de-precos-do-cafe-este-ano\/#primaryimage"},"thumbnailUrl":"https:\/\/portaltela.pt\/s.01k8rhncp4jt1\/2026\/02\/CACHE_780X1200_ANALOG_WATERMARKED_46495426_5867189_20022026105112.jpg","datePublished":"2026-02-22T05:01:00+00:00","author":{"@id":"https:\/\/portaltela.pt\/#\/schema\/person\/c4278d4a6028830caff9ee44b42d32ed"},"breadcrumb":{"@id":"https:\/\/portaltela.pt\/noticias\/2026\/02\/22\/grupo-delta-cafes-anteve-estabilidade-de-precos-do-cafe-este-ano\/#breadcrumb"},"inLanguage":"pt-PT","potentialAction":[{"@type":"ReadAction","target":["https:\/\/portaltela.pt\/noticias\/2026\/02\/22\/grupo-delta-cafes-anteve-estabilidade-de-precos-do-cafe-este-ano\/"]}]},{"@type":"ImageObject","inLanguage":"pt-PT","@id":"https:\/\/portaltela.pt\/noticias\/2026\/02\/22\/grupo-delta-cafes-anteve-estabilidade-de-precos-do-cafe-este-ano\/#primaryimage","url":"https:\/\/portaltela.pt\/s.01k8rhncp4jt1\/2026\/02\/CACHE_780X1200_ANALOG_WATERMARKED_46495426_5867189_20022026105112.jpg","contentUrl":"https:\/\/portaltela.pt\/s.01k8rhncp4jt1\/2026\/02\/CACHE_780X1200_ANALOG_WATERMARKED_46495426_5867189_20022026105112.jpg","width":796,"height":448,"caption":"Photo"},{"@type":"BreadcrumbList","@id":"https:\/\/portaltela.pt\/noticias\/2026\/02\/22\/grupo-delta-cafes-anteve-estabilidade-de-precos-do-cafe-este-ano\/#breadcrumb","itemListElement":[{"@type":"ListItem","position":1,"name":"In\u00edcio","item":"https:\/\/portaltela.pt\/"},{"@type":"ListItem","position":2,"name":"Grupo Delta Caf\u00e9s antev\u00ea estabilidade de pre\u00e7os do caf\u00e9 este ano"}]},{"@type":"WebSite","@id":"https:\/\/portaltela.pt\/#website","url":"https:\/\/portaltela.pt\/","name":"Portal Tela Portugal","description":"","potentialAction":[{"@type":"SearchAction","target":{"@type":"EntryPoint","urlTemplate":"https:\/\/portaltela.pt\/?s={search_term_string}"},"query-input":{"@type":"PropertyValueSpecification","valueRequired":true,"valueName":"search_term_string"}}],"inLanguage":"pt-PT"},{"@type":"Person","@id":"https:\/\/portaltela.pt\/#\/schema\/person\/c4278d4a6028830caff9ee44b42d32ed","name":"Telinha","image":{"@type":"ImageObject","inLanguage":"pt-PT","@id":"https:\/\/portaltela.pt\/s.01k8rhncp4jt1\/2025\/11\/talking-bot-125x125.png","url":"https:\/\/portaltela.pt\/s.01k8rhncp4jt1\/2025\/11\/talking-bot-125x125.png","contentUrl":"https:\/\/portaltela.pt\/s.01k8rhncp4jt1\/2025\/11\/talking-bot-125x125.png","caption":"Telinha"},"sameAs":["https:\/\/portaltela.pt\/"],"url":"https:\/\/portaltela.pt\/por\/367410592786\/"}]}},"_links":{"self":[{"href":"https:\/\/portaltela.pt\/api\/wp\/v2\/posts\/221293","targetHints":{"allow":["GET"]}}],"collection":[{"href":"https:\/\/portaltela.pt\/api\/wp\/v2\/posts"}],"about":[{"href":"https:\/\/portaltela.pt\/api\/wp\/v2\/types\/post"}],"author":[{"embeddable":true,"href":"https:\/\/portaltela.pt\/api\/wp\/v2\/users\/2"}],"replies":[{"embeddable":true,"href":"https:\/\/portaltela.pt\/api\/wp\/v2\/comments?post=221293"}],"version-history":[{"count":0,"href":"https:\/\/portaltela.pt\/api\/wp\/v2\/posts\/221293\/revisions"}],"wp:featuredmedia":[{"embeddable":true,"href":"https:\/\/portaltela.pt\/api\/wp\/v2\/media\/221295"}],"wp:attachment":[{"href":"https:\/\/portaltela.pt\/api\/wp\/v2\/media?parent=221293"}],"wp:term":[{"taxonomy":"category","embeddable":true,"href":"https:\/\/portaltela.pt\/api\/wp\/v2\/categories?post=221293"},{"taxonomy":"post_tag","embeddable":true,"href":"https:\/\/portaltela.pt\/api\/wp\/v2\/tags?post=221293"}],"curies":[{"name":"wp","href":"https:\/\/api.w.org\/{rel}","templated":true}]}}