{"id":221247,"date":"2026-02-21T20:03:00","date_gmt":"2026-02-21T23:03:00","guid":{"rendered":"https:\/\/portaltela.pt\/noticias\/2026\/02\/21\/ilhas-do-grupo-ocidental-dos-acores-em-aviso-vermelho-por-agitacao-maritima\/"},"modified":"2026-02-21T20:03:00","modified_gmt":"2026-02-21T23:03:00","slug":"ilhas-do-grupo-ocidental-dos-acores-em-aviso-vermelho-por-agitacao-maritima","status":"publish","type":"post","link":"https:\/\/portaltela.pt\/noticias\/2026\/02\/21\/ilhas-do-grupo-ocidental-dos-acores-em-aviso-vermelho-por-agitacao-maritima\/","title":{"rendered":"Ilhas do grupo Ocidental dos A\u00e7ores em aviso vermelho por agita\u00e7\u00e3o mar\u00edtima"},"content":{"rendered":"<p>O Instituto Portugu\u00eas do Mar e da Atmosfera (IPMA) emitiu hoje um aviso vermelho para segunda e ter\u00e7a-feira para o grupo Ocidental dos A\u00e7ores, composto pelas ilhas Flores e Corvo. O alerta decorre da previs\u00e3o de agita\u00e7\u00e3o mar\u00edtima com ondas que podem atingir 19 metros de altura.<\/p>\n<p>O aviso destaca condi\u00e7\u00f5es de mar muito intenso, com impacto potencial na atividades costeiras, pesca e navega\u00e7\u00e3o. Medidas de precau\u00e7\u00e3o s\u00e3o recomendadas para comunidades locais, operadores mar\u00edtimos e visitantes da regi\u00e3o.<\/p>\n<p>As autoridades refor\u00e7am a necessidade de acompanhar atualiza\u00e7\u00f5es do IPMA e de evitar exposi\u00e7\u00e3o direta junto \u00e0s linhas de \u00e1gua durante o per\u00edodo de vig\u00eancia do aviso vermelho. A situa\u00e7\u00e3o pode implicar altera\u00e7\u00f5es em rotinas portu\u00e1rias e desloca\u00e7\u00f5es costeiras.<\/p>\n<h3>Contexto<\/h3>\n<p>O IPMA indica que as ondas podem manter-se elevadas ao longo dos dois dias de vig\u00eancia, com picos esperados nos pontos mais expostos das ilhas Flores e Corvo. As autoridades mant\u00eam vigil\u00e2ncia e informam conforme evoluam as previs\u00f5es.<\/p>\n","protected":false},"excerpt":{"rendered":"<ul>\n<li>O Instituto Portugu\u00eas do Mar e da Atmosfera (IPMA) emitiu aviso vermelho para segunda e ter\u00e7a-feira para as ilhas do grupo Ocidental a\u00e7oriano (Flores e Corvo) devido \u00e0 agita\u00e7\u00e3o mar\u00edtima.<\/li>\n<li>As ondas podem atingir at\u00e9 19 metros de altura.<\/li>\n<\/ul>\n","protected":false},"author":2,"featured_media":221248,"comment_status":"closed","ping_status":"closed","sticky":false,"template":"","format":"standard","meta":{"footnotes":""},"categories":[1],"tags":[822,183,3784,3742,2043,3968],"class_list":["post-221247","post","type-post","status-publish","format-standard","has-post-thumbnail","hentry","category-noticias","tag-acores","tag-agitacao-maritima","tag-aviso-vermelho","tag-corvo","tag-flores","tag-ipma"],"yoast_head":"<!-- This site is optimized with the Yoast SEO plugin v27.2 - https:\/\/yoast.com\/product\/yoast-seo-wordpress\/ -->\n<title>Ilhas do grupo Ocidental dos A\u00e7ores em aviso vermelho por agita\u00e7\u00e3o mar\u00edtima - Portal Tela Portugal<\/title>\n<meta name=\"robots\" content=\"index, follow, max-snippet:-1, max-image-preview:large, max-video-preview:-1\" \/>\n<meta property=\"og:locale\" content=\"pt_PT\" \/>\n<meta property=\"og:type\" content=\"article\" \/>\n<meta property=\"og:title\" content=\"Ilhas do grupo Ocidental dos A\u00e7ores em aviso vermelho por agita\u00e7\u00e3o mar\u00edtima - Portal Tela Portugal\" \/>\n<meta property=\"og:description\" content=\"O Instituto Portugu\u00eas do Mar e da Atmosfera (IPMA) emitiu aviso vermelho para segunda e ter\u00e7a-feira para as ilhas do grupo Ocidental a\u00e7oriano (Flores e Corvo) devido \u00e0 agita\u00e7\u00e3o mar\u00edtima. As ondas podem atingir at\u00e9 19 metros de altura.\" \/>\n<meta property=\"og:url\" content=\"https:\/\/portaltela.pt\/noticias\/2026\/02\/21\/ilhas-do-grupo-ocidental-dos-acores-em-aviso-vermelho-por-agitacao-maritima\/\" \/>\n<meta property=\"og:site_name\" content=\"Portal Tela Portugal\" \/>\n<meta property=\"article:published_time\" content=\"2026-02-21T23:03:00+00:00\" \/>\n<meta name=\"author\" content=\"Telinha\" \/>\n<meta name=\"twitter:card\" content=\"summary_large_image\" \/>\n<meta name=\"twitter:label1\" content=\"Escrito por\" \/>\n\t<meta name=\"twitter:data1\" content=\"Telinha\" \/>\n\t<meta name=\"twitter:label2\" content=\"Tempo estimado de leitura\" \/>\n\t<meta name=\"twitter:data2\" content=\"1 minuto\" \/>\n<script type=\"application\/ld+json\" class=\"yoast-schema-graph\">{\"@context\":\"https:\/\/schema.org\",\"@graph\":[{\"@type\":\"Article\",\"@id\":\"https:\/\/portaltela.pt\/noticias\/2026\/02\/21\/ilhas-do-grupo-ocidental-dos-acores-em-aviso-vermelho-por-agitacao-maritima\/#article\",\"isPartOf\":{\"@id\":\"https:\/\/portaltela.pt\/noticias\/2026\/02\/21\/ilhas-do-grupo-ocidental-dos-acores-em-aviso-vermelho-por-agitacao-maritima\/\"},\"author\":{\"name\":\"Telinha\",\"@id\":\"https:\/\/portaltela.pt\/#\/schema\/person\/c4278d4a6028830caff9ee44b42d32ed\"},\"headline\":\"Ilhas do grupo Ocidental dos A\u00e7ores em aviso vermelho por agita\u00e7\u00e3o mar\u00edtima\",\"datePublished\":\"2026-02-21T23:03:00+00:00\",\"mainEntityOfPage\":{\"@id\":\"https:\/\/portaltela.pt\/noticias\/2026\/02\/21\/ilhas-do-grupo-ocidental-dos-acores-em-aviso-vermelho-por-agitacao-maritima\/\"},\"wordCount\":195,\"image\":{\"@id\":\"https:\/\/portaltela.pt\/noticias\/2026\/02\/21\/ilhas-do-grupo-ocidental-dos-acores-em-aviso-vermelho-por-agitacao-maritima\/#primaryimage\"},\"thumbnailUrl\":\"https:\/\/portaltela.pt\/s.01k8rhncp4jt1\/2026\/02\/CACHE_780X1200_ANALOG_WATERMARKED_25195476_2197145_01102019052137.jpg\",\"keywords\":[\"A\u00e7ores\",\"agita\u00e7\u00e3o mar\u00edtima\",\"aviso vermelho\",\"Corvo\",\"Flores\",\"IPMA\"],\"articleSection\":[\"Not\u00edcias\"],\"inLanguage\":\"pt-PT\"},{\"@type\":\"WebPage\",\"@id\":\"https:\/\/portaltela.pt\/noticias\/2026\/02\/21\/ilhas-do-grupo-ocidental-dos-acores-em-aviso-vermelho-por-agitacao-maritima\/\",\"url\":\"https:\/\/portaltela.pt\/noticias\/2026\/02\/21\/ilhas-do-grupo-ocidental-dos-acores-em-aviso-vermelho-por-agitacao-maritima\/\",\"name\":\"Ilhas do grupo Ocidental dos A\u00e7ores em aviso vermelho por agita\u00e7\u00e3o mar\u00edtima - Portal Tela Portugal\",\"isPartOf\":{\"@id\":\"https:\/\/portaltela.pt\/#website\"},\"primaryImageOfPage\":{\"@id\":\"https:\/\/portaltela.pt\/noticias\/2026\/02\/21\/ilhas-do-grupo-ocidental-dos-acores-em-aviso-vermelho-por-agitacao-maritima\/#primaryimage\"},\"image\":{\"@id\":\"https:\/\/portaltela.pt\/noticias\/2026\/02\/21\/ilhas-do-grupo-ocidental-dos-acores-em-aviso-vermelho-por-agitacao-maritima\/#primaryimage\"},\"thumbnailUrl\":\"https:\/\/portaltela.pt\/s.01k8rhncp4jt1\/2026\/02\/CACHE_780X1200_ANALOG_WATERMARKED_25195476_2197145_01102019052137.jpg\",\"datePublished\":\"2026-02-21T23:03:00+00:00\",\"author\":{\"@id\":\"https:\/\/portaltela.pt\/#\/schema\/person\/c4278d4a6028830caff9ee44b42d32ed\"},\"breadcrumb\":{\"@id\":\"https:\/\/portaltela.pt\/noticias\/2026\/02\/21\/ilhas-do-grupo-ocidental-dos-acores-em-aviso-vermelho-por-agitacao-maritima\/#breadcrumb\"},\"inLanguage\":\"pt-PT\",\"potentialAction\":[{\"@type\":\"ReadAction\",\"target\":[\"https:\/\/portaltela.pt\/noticias\/2026\/02\/21\/ilhas-do-grupo-ocidental-dos-acores-em-aviso-vermelho-por-agitacao-maritima\/\"]}]},{\"@type\":\"ImageObject\",\"inLanguage\":\"pt-PT\",\"@id\":\"https:\/\/portaltela.pt\/noticias\/2026\/02\/21\/ilhas-do-grupo-ocidental-dos-acores-em-aviso-vermelho-por-agitacao-maritima\/#primaryimage\",\"url\":\"https:\/\/portaltela.pt\/s.01k8rhncp4jt1\/2026\/02\/CACHE_780X1200_ANALOG_WATERMARKED_25195476_2197145_01102019052137.jpg\",\"contentUrl\":\"https:\/\/portaltela.pt\/s.01k8rhncp4jt1\/2026\/02\/CACHE_780X1200_ANALOG_WATERMARKED_25195476_2197145_01102019052137.jpg\",\"width\":796,\"height\":448,\"caption\":\"Ilhas do grupo Ocidental dos A\u00e7ores sob aviso vermelho por agita\u00e7\u00e3o mar\u00edtima\"},{\"@type\":\"BreadcrumbList\",\"@id\":\"https:\/\/portaltela.pt\/noticias\/2026\/02\/21\/ilhas-do-grupo-ocidental-dos-acores-em-aviso-vermelho-por-agitacao-maritima\/#breadcrumb\",\"itemListElement\":[{\"@type\":\"ListItem\",\"position\":1,\"name\":\"In\u00edcio\",\"item\":\"https:\/\/portaltela.pt\/\"},{\"@type\":\"ListItem\",\"position\":2,\"name\":\"Ilhas do grupo Ocidental dos A\u00e7ores em aviso vermelho por agita\u00e7\u00e3o mar\u00edtima\"}]},{\"@type\":\"WebSite\",\"@id\":\"https:\/\/portaltela.pt\/#website\",\"url\":\"https:\/\/portaltela.pt\/\",\"name\":\"Portal Tela Portugal\",\"description\":\"\",\"potentialAction\":[{\"@type\":\"SearchAction\",\"target\":{\"@type\":\"EntryPoint\",\"urlTemplate\":\"https:\/\/portaltela.pt\/?s={search_term_string}\"},\"query-input\":{\"@type\":\"PropertyValueSpecification\",\"valueRequired\":true,\"valueName\":\"search_term_string\"}}],\"inLanguage\":\"pt-PT\"},{\"@type\":\"Person\",\"@id\":\"https:\/\/portaltela.pt\/#\/schema\/person\/c4278d4a6028830caff9ee44b42d32ed\",\"name\":\"Telinha\",\"image\":{\"@type\":\"ImageObject\",\"inLanguage\":\"pt-PT\",\"@id\":\"https:\/\/portaltela.pt\/s.01k8rhncp4jt1\/2025\/11\/talking-bot-125x125.png\",\"url\":\"https:\/\/portaltela.pt\/s.01k8rhncp4jt1\/2025\/11\/talking-bot-125x125.png\",\"contentUrl\":\"https:\/\/portaltela.pt\/s.01k8rhncp4jt1\/2025\/11\/talking-bot-125x125.png\",\"caption\":\"Telinha\"},\"sameAs\":[\"https:\/\/portaltela.pt\/\"],\"url\":\"https:\/\/portaltela.pt\/por\/367410592786\/\"}]}<\/script>\n<!-- \/ Yoast SEO plugin. -->","yoast_head_json":{"title":"Ilhas do grupo Ocidental dos A\u00e7ores em aviso vermelho por agita\u00e7\u00e3o mar\u00edtima - Portal Tela Portugal","robots":{"index":"index","follow":"follow","max-snippet":"max-snippet:-1","max-image-preview":"max-image-preview:large","max-video-preview":"max-video-preview:-1"},"og_locale":"pt_PT","og_type":"article","og_title":"Ilhas do grupo Ocidental dos A\u00e7ores em aviso vermelho por agita\u00e7\u00e3o mar\u00edtima - Portal Tela Portugal","og_description":"O Instituto Portugu\u00eas do Mar e da Atmosfera (IPMA) emitiu aviso vermelho para segunda e ter\u00e7a-feira para as ilhas do grupo Ocidental a\u00e7oriano (Flores e Corvo) devido \u00e0 agita\u00e7\u00e3o mar\u00edtima. As ondas podem atingir at\u00e9 19 metros de altura.","og_url":"https:\/\/portaltela.pt\/noticias\/2026\/02\/21\/ilhas-do-grupo-ocidental-dos-acores-em-aviso-vermelho-por-agitacao-maritima\/","og_site_name":"Portal Tela Portugal","article_published_time":"2026-02-21T23:03:00+00:00","author":"Telinha","twitter_card":"summary_large_image","twitter_misc":{"Escrito por":"Telinha","Tempo estimado de leitura":"1 minuto"},"schema":{"@context":"https:\/\/schema.org","@graph":[{"@type":"Article","@id":"https:\/\/portaltela.pt\/noticias\/2026\/02\/21\/ilhas-do-grupo-ocidental-dos-acores-em-aviso-vermelho-por-agitacao-maritima\/#article","isPartOf":{"@id":"https:\/\/portaltela.pt\/noticias\/2026\/02\/21\/ilhas-do-grupo-ocidental-dos-acores-em-aviso-vermelho-por-agitacao-maritima\/"},"author":{"name":"Telinha","@id":"https:\/\/portaltela.pt\/#\/schema\/person\/c4278d4a6028830caff9ee44b42d32ed"},"headline":"Ilhas do grupo Ocidental dos A\u00e7ores em aviso vermelho por agita\u00e7\u00e3o mar\u00edtima","datePublished":"2026-02-21T23:03:00+00:00","mainEntityOfPage":{"@id":"https:\/\/portaltela.pt\/noticias\/2026\/02\/21\/ilhas-do-grupo-ocidental-dos-acores-em-aviso-vermelho-por-agitacao-maritima\/"},"wordCount":195,"image":{"@id":"https:\/\/portaltela.pt\/noticias\/2026\/02\/21\/ilhas-do-grupo-ocidental-dos-acores-em-aviso-vermelho-por-agitacao-maritima\/#primaryimage"},"thumbnailUrl":"https:\/\/portaltela.pt\/s.01k8rhncp4jt1\/2026\/02\/CACHE_780X1200_ANALOG_WATERMARKED_25195476_2197145_01102019052137.jpg","keywords":["A\u00e7ores","agita\u00e7\u00e3o mar\u00edtima","aviso vermelho","Corvo","Flores","IPMA"],"articleSection":["Not\u00edcias"],"inLanguage":"pt-PT"},{"@type":"WebPage","@id":"https:\/\/portaltela.pt\/noticias\/2026\/02\/21\/ilhas-do-grupo-ocidental-dos-acores-em-aviso-vermelho-por-agitacao-maritima\/","url":"https:\/\/portaltela.pt\/noticias\/2026\/02\/21\/ilhas-do-grupo-ocidental-dos-acores-em-aviso-vermelho-por-agitacao-maritima\/","name":"Ilhas do grupo Ocidental dos A\u00e7ores em aviso vermelho por agita\u00e7\u00e3o mar\u00edtima - Portal Tela Portugal","isPartOf":{"@id":"https:\/\/portaltela.pt\/#website"},"primaryImageOfPage":{"@id":"https:\/\/portaltela.pt\/noticias\/2026\/02\/21\/ilhas-do-grupo-ocidental-dos-acores-em-aviso-vermelho-por-agitacao-maritima\/#primaryimage"},"image":{"@id":"https:\/\/portaltela.pt\/noticias\/2026\/02\/21\/ilhas-do-grupo-ocidental-dos-acores-em-aviso-vermelho-por-agitacao-maritima\/#primaryimage"},"thumbnailUrl":"https:\/\/portaltela.pt\/s.01k8rhncp4jt1\/2026\/02\/CACHE_780X1200_ANALOG_WATERMARKED_25195476_2197145_01102019052137.jpg","datePublished":"2026-02-21T23:03:00+00:00","author":{"@id":"https:\/\/portaltela.pt\/#\/schema\/person\/c4278d4a6028830caff9ee44b42d32ed"},"breadcrumb":{"@id":"https:\/\/portaltela.pt\/noticias\/2026\/02\/21\/ilhas-do-grupo-ocidental-dos-acores-em-aviso-vermelho-por-agitacao-maritima\/#breadcrumb"},"inLanguage":"pt-PT","potentialAction":[{"@type":"ReadAction","target":["https:\/\/portaltela.pt\/noticias\/2026\/02\/21\/ilhas-do-grupo-ocidental-dos-acores-em-aviso-vermelho-por-agitacao-maritima\/"]}]},{"@type":"ImageObject","inLanguage":"pt-PT","@id":"https:\/\/portaltela.pt\/noticias\/2026\/02\/21\/ilhas-do-grupo-ocidental-dos-acores-em-aviso-vermelho-por-agitacao-maritima\/#primaryimage","url":"https:\/\/portaltela.pt\/s.01k8rhncp4jt1\/2026\/02\/CACHE_780X1200_ANALOG_WATERMARKED_25195476_2197145_01102019052137.jpg","contentUrl":"https:\/\/portaltela.pt\/s.01k8rhncp4jt1\/2026\/02\/CACHE_780X1200_ANALOG_WATERMARKED_25195476_2197145_01102019052137.jpg","width":796,"height":448,"caption":"Ilhas do grupo Ocidental dos A\u00e7ores sob aviso vermelho por agita\u00e7\u00e3o mar\u00edtima"},{"@type":"BreadcrumbList","@id":"https:\/\/portaltela.pt\/noticias\/2026\/02\/21\/ilhas-do-grupo-ocidental-dos-acores-em-aviso-vermelho-por-agitacao-maritima\/#breadcrumb","itemListElement":[{"@type":"ListItem","position":1,"name":"In\u00edcio","item":"https:\/\/portaltela.pt\/"},{"@type":"ListItem","position":2,"name":"Ilhas do grupo Ocidental dos A\u00e7ores em aviso vermelho por agita\u00e7\u00e3o mar\u00edtima"}]},{"@type":"WebSite","@id":"https:\/\/portaltela.pt\/#website","url":"https:\/\/portaltela.pt\/","name":"Portal Tela Portugal","description":"","potentialAction":[{"@type":"SearchAction","target":{"@type":"EntryPoint","urlTemplate":"https:\/\/portaltela.pt\/?s={search_term_string}"},"query-input":{"@type":"PropertyValueSpecification","valueRequired":true,"valueName":"search_term_string"}}],"inLanguage":"pt-PT"},{"@type":"Person","@id":"https:\/\/portaltela.pt\/#\/schema\/person\/c4278d4a6028830caff9ee44b42d32ed","name":"Telinha","image":{"@type":"ImageObject","inLanguage":"pt-PT","@id":"https:\/\/portaltela.pt\/s.01k8rhncp4jt1\/2025\/11\/talking-bot-125x125.png","url":"https:\/\/portaltela.pt\/s.01k8rhncp4jt1\/2025\/11\/talking-bot-125x125.png","contentUrl":"https:\/\/portaltela.pt\/s.01k8rhncp4jt1\/2025\/11\/talking-bot-125x125.png","caption":"Telinha"},"sameAs":["https:\/\/portaltela.pt\/"],"url":"https:\/\/portaltela.pt\/por\/367410592786\/"}]}},"_links":{"self":[{"href":"https:\/\/portaltela.pt\/api\/wp\/v2\/posts\/221247","targetHints":{"allow":["GET"]}}],"collection":[{"href":"https:\/\/portaltela.pt\/api\/wp\/v2\/posts"}],"about":[{"href":"https:\/\/portaltela.pt\/api\/wp\/v2\/types\/post"}],"author":[{"embeddable":true,"href":"https:\/\/portaltela.pt\/api\/wp\/v2\/users\/2"}],"replies":[{"embeddable":true,"href":"https:\/\/portaltela.pt\/api\/wp\/v2\/comments?post=221247"}],"version-history":[{"count":0,"href":"https:\/\/portaltela.pt\/api\/wp\/v2\/posts\/221247\/revisions"}],"wp:featuredmedia":[{"embeddable":true,"href":"https:\/\/portaltela.pt\/api\/wp\/v2\/media\/221248"}],"wp:attachment":[{"href":"https:\/\/portaltela.pt\/api\/wp\/v2\/media?parent=221247"}],"wp:term":[{"taxonomy":"category","embeddable":true,"href":"https:\/\/portaltela.pt\/api\/wp\/v2\/categories?post=221247"},{"taxonomy":"post_tag","embeddable":true,"href":"https:\/\/portaltela.pt\/api\/wp\/v2\/tags?post=221247"}],"curies":[{"name":"wp","href":"https:\/\/api.w.org\/{rel}","templated":true}]}}