{"id":221230,"date":"2026-02-21T22:30:00","date_gmt":"2026-02-22T01:30:00","guid":{"rendered":"https:\/\/portaltela.pt\/noticias\/2026\/02\/21\/quadro-vendido-em-2025-e-o-segundo-mais-caro-da-historia\/"},"modified":"2026-02-21T22:30:00","modified_gmt":"2026-02-22T01:30:00","slug":"quadro-vendido-em-2025-e-o-segundo-mais-caro-da-historia","status":"publish","type":"post","link":"https:\/\/portaltela.pt\/noticias\/2026\/02\/21\/quadro-vendido-em-2025-e-o-segundo-mais-caro-da-historia\/","title":{"rendered":"Quadro vendido em 2025 \u00e9 o segundo mais caro da hist\u00f3ria"},"content":{"rendered":"<p>O mercado de arte voltou a fazer hist\u00f3ria em 2025 com a venda, em leil\u00e3o, do \u201cRetrato de Elisabeth Lederer\u201d, de Gustav Klimt, por 236,4 milh\u00f5es de d\u00f3lares (204 milh\u00f5es de euros). O quadro \u00e9 o segundo mais caro j\u00e1 vendido em leil\u00e3o.<\/p>\n<p>O retrato foi confiscado pelos alem\u00e3es durante a Segunda Guerra Mundial e recuperado em 1980. Mesmo assim, entrou rapidamente para o top das obras de Klimt vendidas em leil\u00e3o, sem atingir o valor do quadro mais caro j\u00e1 vendido, o \u201cSalvator Mundi\u201d, atribu\u00eddo a Leonardo da Vinci e adquirido por 450 milh\u00f5es de d\u00f3lares em 2017.<\/p>\n<p>Entre as obras de Klimt que alcan\u00e7aram valores elevados est\u00e3o tamb\u00e9m \u201cPrado Florido\u201d (86 milh\u00f5es de d\u00f3lares) e \u201cEncosta da floresta em Unterach am Attersee\u201d (68,3 milh\u00f5es de d\u00f3lares). O mercado de arte, com as casas de leil\u00f5es Sotheby\u2019s e Christie\u2019s, registou vendas globais de cerca de 13 mil milh\u00f5es de d\u00f3lares no \u00faltimo ano.<\/p>\n<h3>Outras pe\u00e7as em destaque<\/h3>\n<p>N\u00e3o apenas quadros atingem cifras expressivas em leil\u00f5es. A arte conceituada por provoca\u00e7\u00e3o inclui a sanita em ouro maci\u00e7o de 18 quilates de Maurizio Cattelan, vendida por 12,1 milh\u00f5es de d\u00f3lares. Pe\u00e7as com hist\u00f3ria, como o \u201cOvo de Inverno\u201d de Faberg\u00e9, comprado por cerca de 26 milh\u00f5es de euros, tamb\u00e9m marcaram o ano.<\/p>\n","protected":false},"excerpt":{"rendered":"<ul>\n<li>O Retrato de Elisabeth Lederer, de Gustav Klimt, foi arrematado por 236,4 milh\u00f5es de d\u00f3lares (204 milh\u00f5es de euros) em leil\u00e3o, ficando em segundo lugar na lista das obras de arte mais caras j\u00e1 vendidas.<\/li>\n<li>O primeiro lugar \u00e9 ocupado por Salvator Mundi, de Leonardo da Vinci, vendido em 2017 por 450 milh\u00f5es de d\u00f3lares (390 milh\u00f5es de euros).<\/li>\n<li>Outros Klimt vendidos a valores elevados: Prado Florido, por 86 milh\u00f5es de d\u00f3lares, e Encosta da floresta em Unterach am Attersee, por 68,3 milh\u00f5es de d\u00f3lares.<\/li>\n<li>As principais casas de leil\u00f5es, Sotheby\u2019s e Christie\u2019s, registaram vendas totais de arte no ano anterior que chegaram a 13 mil milh\u00f5es de d\u00f3lares.<\/li>\n<li>Al\u00e9m de quadros, destacaram-se pe\u00e7as como a sanita em ouro maci\u00e7o de Maurizio Cattelan (12,1 milh\u00f5es de d\u00f3lares), o Ovo de Inverno de Faberg\u00e9 (cerca de 26 milh\u00f5es de euros), um rel\u00f3gio de ouro recuperado do Titanic (cerca de dois milh\u00f5es de euros) e o vestido de Marilyn Monroe (5,6 milh\u00f5es de d\u00f3lares em 2011).<\/li>\n<\/ul>\n","protected":false},"author":2,"featured_media":221234,"comment_status":"closed","ping_status":"closed","sticky":false,"template":"","format":"standard","meta":{"footnotes":""},"categories":[1],"tags":[6115,70,5642,4328,1397,6195],"class_list":["post-221230","post","type-post","status-publish","format-standard","has-post-thumbnail","hentry","category-noticias","tag-_economia","tag-arte","tag-arte-plastica","tag-artes-visuais","tag-exposicoes","tag-leiloes"],"yoast_head":"<!-- This site is optimized with the Yoast SEO plugin v27.2 - https:\/\/yoast.com\/product\/yoast-seo-wordpress\/ -->\n<title>Quadro vendido em 2025 \u00e9 o segundo mais caro da hist\u00f3ria - Portal Tela Portugal<\/title>\n<meta name=\"robots\" content=\"index, follow, max-snippet:-1, max-image-preview:large, max-video-preview:-1\" \/>\n<meta property=\"og:locale\" content=\"pt_PT\" \/>\n<meta property=\"og:type\" content=\"article\" \/>\n<meta property=\"og:title\" content=\"Quadro vendido em 2025 \u00e9 o segundo mais caro da hist\u00f3ria - Portal Tela Portugal\" \/>\n<meta property=\"og:description\" content=\"O Retrato de Elisabeth Lederer, de Gustav Klimt, foi arrematado por 236,4 milh\u00f5es de d\u00f3lares (204 milh\u00f5es de euros) em leil\u00e3o, ficando em segundo lugar na lista das obras de arte mais caras j\u00e1 vendidas. O primeiro lugar \u00e9 ocupado por Salvator Mundi, de Leonardo da Vinci, vendido em 2017 por 450 milh\u00f5es de d\u00f3lares (390 milh\u00f5es de euros). Outros Klimt vendidos a valores elevados: Prado Florido, por 86 milh\u00f5es de d\u00f3lares, e Encosta da floresta em Unterach am Attersee, por 68,3 milh\u00f5es de d\u00f3lares. As principais casas de leil\u00f5es, Sotheby\u2019s e Christie\u2019s, registaram vendas totais de arte no ano anterior que chegaram a 13 mil milh\u00f5es de d\u00f3lares. Al\u00e9m de quadros, destacaram-se pe\u00e7as como a sanita em ouro maci\u00e7o de Maurizio Cattelan (12,1 milh\u00f5es de d\u00f3lares), o Ovo de Inverno de Faberg\u00e9 (cerca de 26 milh\u00f5es de euros), um rel\u00f3gio de ouro recuperado do Titanic (cerca de dois milh\u00f5es de euros) e o vestido de Marilyn Monroe (5,6 milh\u00f5es de d\u00f3lares em 2011).\" \/>\n<meta property=\"og:url\" content=\"https:\/\/portaltela.pt\/noticias\/2026\/02\/21\/quadro-vendido-em-2025-e-o-segundo-mais-caro-da-historia\/\" \/>\n<meta property=\"og:site_name\" content=\"Portal Tela Portugal\" \/>\n<meta property=\"article:published_time\" content=\"2026-02-22T01:30:00+00:00\" \/>\n<meta name=\"author\" content=\"Telinha\" \/>\n<meta name=\"twitter:card\" content=\"summary_large_image\" \/>\n<meta name=\"twitter:label1\" content=\"Escrito por\" \/>\n\t<meta name=\"twitter:data1\" content=\"Telinha\" \/>\n\t<meta name=\"twitter:label2\" content=\"Tempo estimado de leitura\" \/>\n\t<meta name=\"twitter:data2\" content=\"1 minuto\" \/>\n<script type=\"application\/ld+json\" class=\"yoast-schema-graph\">{\"@context\":\"https:\/\/schema.org\",\"@graph\":[{\"@type\":\"Article\",\"@id\":\"https:\/\/portaltela.pt\/noticias\/2026\/02\/21\/quadro-vendido-em-2025-e-o-segundo-mais-caro-da-historia\/#article\",\"isPartOf\":{\"@id\":\"https:\/\/portaltela.pt\/noticias\/2026\/02\/21\/quadro-vendido-em-2025-e-o-segundo-mais-caro-da-historia\/\"},\"author\":{\"name\":\"Telinha\",\"@id\":\"https:\/\/portaltela.pt\/#\/schema\/person\/c4278d4a6028830caff9ee44b42d32ed\"},\"headline\":\"Quadro vendido em 2025 \u00e9 o segundo mais caro da hist\u00f3ria\",\"datePublished\":\"2026-02-22T01:30:00+00:00\",\"mainEntityOfPage\":{\"@id\":\"https:\/\/portaltela.pt\/noticias\/2026\/02\/21\/quadro-vendido-em-2025-e-o-segundo-mais-caro-da-historia\/\"},\"wordCount\":242,\"image\":{\"@id\":\"https:\/\/portaltela.pt\/noticias\/2026\/02\/21\/quadro-vendido-em-2025-e-o-segundo-mais-caro-da-historia\/#primaryimage\"},\"thumbnailUrl\":\"https:\/\/portaltela.pt\/s.01k8rhncp4jt1\/2026\/02\/img_1280x721uu2026-02-21-20-57-24-2268215.jpg\",\"keywords\":[\"_economia\",\"arte\",\"Arte Pl\u00e1stica\",\"Artes Visuais\",\"exposi\u00e7\u00f5es\",\"leil\u00f5es\"],\"articleSection\":[\"Not\u00edcias\"],\"inLanguage\":\"pt-PT\"},{\"@type\":\"WebPage\",\"@id\":\"https:\/\/portaltela.pt\/noticias\/2026\/02\/21\/quadro-vendido-em-2025-e-o-segundo-mais-caro-da-historia\/\",\"url\":\"https:\/\/portaltela.pt\/noticias\/2026\/02\/21\/quadro-vendido-em-2025-e-o-segundo-mais-caro-da-historia\/\",\"name\":\"Quadro vendido em 2025 \u00e9 o segundo mais caro da hist\u00f3ria - Portal Tela Portugal\",\"isPartOf\":{\"@id\":\"https:\/\/portaltela.pt\/#website\"},\"primaryImageOfPage\":{\"@id\":\"https:\/\/portaltela.pt\/noticias\/2026\/02\/21\/quadro-vendido-em-2025-e-o-segundo-mais-caro-da-historia\/#primaryimage\"},\"image\":{\"@id\":\"https:\/\/portaltela.pt\/noticias\/2026\/02\/21\/quadro-vendido-em-2025-e-o-segundo-mais-caro-da-historia\/#primaryimage\"},\"thumbnailUrl\":\"https:\/\/portaltela.pt\/s.01k8rhncp4jt1\/2026\/02\/img_1280x721uu2026-02-21-20-57-24-2268215.jpg\",\"datePublished\":\"2026-02-22T01:30:00+00:00\",\"author\":{\"@id\":\"https:\/\/portaltela.pt\/#\/schema\/person\/c4278d4a6028830caff9ee44b42d32ed\"},\"breadcrumb\":{\"@id\":\"https:\/\/portaltela.pt\/noticias\/2026\/02\/21\/quadro-vendido-em-2025-e-o-segundo-mais-caro-da-historia\/#breadcrumb\"},\"inLanguage\":\"pt-PT\",\"potentialAction\":[{\"@type\":\"ReadAction\",\"target\":[\"https:\/\/portaltela.pt\/noticias\/2026\/02\/21\/quadro-vendido-em-2025-e-o-segundo-mais-caro-da-historia\/\"]}]},{\"@type\":\"ImageObject\",\"inLanguage\":\"pt-PT\",\"@id\":\"https:\/\/portaltela.pt\/noticias\/2026\/02\/21\/quadro-vendido-em-2025-e-o-segundo-mais-caro-da-historia\/#primaryimage\",\"url\":\"https:\/\/portaltela.pt\/s.01k8rhncp4jt1\/2026\/02\/img_1280x721uu2026-02-21-20-57-24-2268215.jpg\",\"contentUrl\":\"https:\/\/portaltela.pt\/s.01k8rhncp4jt1\/2026\/02\/img_1280x721uu2026-02-21-20-57-24-2268215.jpg\",\"width\":796,\"height\":448,\"caption\":\"Retrato de Elisabeth Lederer\"},{\"@type\":\"BreadcrumbList\",\"@id\":\"https:\/\/portaltela.pt\/noticias\/2026\/02\/21\/quadro-vendido-em-2025-e-o-segundo-mais-caro-da-historia\/#breadcrumb\",\"itemListElement\":[{\"@type\":\"ListItem\",\"position\":1,\"name\":\"In\u00edcio\",\"item\":\"https:\/\/portaltela.pt\/\"},{\"@type\":\"ListItem\",\"position\":2,\"name\":\"Quadro vendido em 2025 \u00e9 o segundo mais caro da hist\u00f3ria\"}]},{\"@type\":\"WebSite\",\"@id\":\"https:\/\/portaltela.pt\/#website\",\"url\":\"https:\/\/portaltela.pt\/\",\"name\":\"Portal Tela Portugal\",\"description\":\"\",\"potentialAction\":[{\"@type\":\"SearchAction\",\"target\":{\"@type\":\"EntryPoint\",\"urlTemplate\":\"https:\/\/portaltela.pt\/?s={search_term_string}\"},\"query-input\":{\"@type\":\"PropertyValueSpecification\",\"valueRequired\":true,\"valueName\":\"search_term_string\"}}],\"inLanguage\":\"pt-PT\"},{\"@type\":\"Person\",\"@id\":\"https:\/\/portaltela.pt\/#\/schema\/person\/c4278d4a6028830caff9ee44b42d32ed\",\"name\":\"Telinha\",\"image\":{\"@type\":\"ImageObject\",\"inLanguage\":\"pt-PT\",\"@id\":\"https:\/\/portaltela.pt\/s.01k8rhncp4jt1\/2025\/11\/talking-bot-125x125.png\",\"url\":\"https:\/\/portaltela.pt\/s.01k8rhncp4jt1\/2025\/11\/talking-bot-125x125.png\",\"contentUrl\":\"https:\/\/portaltela.pt\/s.01k8rhncp4jt1\/2025\/11\/talking-bot-125x125.png\",\"caption\":\"Telinha\"},\"sameAs\":[\"https:\/\/portaltela.pt\/\"],\"url\":\"https:\/\/portaltela.pt\/por\/367410592786\/\"}]}<\/script>\n<!-- \/ Yoast SEO plugin. -->","yoast_head_json":{"title":"Quadro vendido em 2025 \u00e9 o segundo mais caro da hist\u00f3ria - Portal Tela Portugal","robots":{"index":"index","follow":"follow","max-snippet":"max-snippet:-1","max-image-preview":"max-image-preview:large","max-video-preview":"max-video-preview:-1"},"og_locale":"pt_PT","og_type":"article","og_title":"Quadro vendido em 2025 \u00e9 o segundo mais caro da hist\u00f3ria - Portal Tela Portugal","og_description":"O Retrato de Elisabeth Lederer, de Gustav Klimt, foi arrematado por 236,4 milh\u00f5es de d\u00f3lares (204 milh\u00f5es de euros) em leil\u00e3o, ficando em segundo lugar na lista das obras de arte mais caras j\u00e1 vendidas. O primeiro lugar \u00e9 ocupado por Salvator Mundi, de Leonardo da Vinci, vendido em 2017 por 450 milh\u00f5es de d\u00f3lares (390 milh\u00f5es de euros). Outros Klimt vendidos a valores elevados: Prado Florido, por 86 milh\u00f5es de d\u00f3lares, e Encosta da floresta em Unterach am Attersee, por 68,3 milh\u00f5es de d\u00f3lares. As principais casas de leil\u00f5es, Sotheby\u2019s e Christie\u2019s, registaram vendas totais de arte no ano anterior que chegaram a 13 mil milh\u00f5es de d\u00f3lares. Al\u00e9m de quadros, destacaram-se pe\u00e7as como a sanita em ouro maci\u00e7o de Maurizio Cattelan (12,1 milh\u00f5es de d\u00f3lares), o Ovo de Inverno de Faberg\u00e9 (cerca de 26 milh\u00f5es de euros), um rel\u00f3gio de ouro recuperado do Titanic (cerca de dois milh\u00f5es de euros) e o vestido de Marilyn Monroe (5,6 milh\u00f5es de d\u00f3lares em 2011).","og_url":"https:\/\/portaltela.pt\/noticias\/2026\/02\/21\/quadro-vendido-em-2025-e-o-segundo-mais-caro-da-historia\/","og_site_name":"Portal Tela Portugal","article_published_time":"2026-02-22T01:30:00+00:00","author":"Telinha","twitter_card":"summary_large_image","twitter_misc":{"Escrito por":"Telinha","Tempo estimado de leitura":"1 minuto"},"schema":{"@context":"https:\/\/schema.org","@graph":[{"@type":"Article","@id":"https:\/\/portaltela.pt\/noticias\/2026\/02\/21\/quadro-vendido-em-2025-e-o-segundo-mais-caro-da-historia\/#article","isPartOf":{"@id":"https:\/\/portaltela.pt\/noticias\/2026\/02\/21\/quadro-vendido-em-2025-e-o-segundo-mais-caro-da-historia\/"},"author":{"name":"Telinha","@id":"https:\/\/portaltela.pt\/#\/schema\/person\/c4278d4a6028830caff9ee44b42d32ed"},"headline":"Quadro vendido em 2025 \u00e9 o segundo mais caro da hist\u00f3ria","datePublished":"2026-02-22T01:30:00+00:00","mainEntityOfPage":{"@id":"https:\/\/portaltela.pt\/noticias\/2026\/02\/21\/quadro-vendido-em-2025-e-o-segundo-mais-caro-da-historia\/"},"wordCount":242,"image":{"@id":"https:\/\/portaltela.pt\/noticias\/2026\/02\/21\/quadro-vendido-em-2025-e-o-segundo-mais-caro-da-historia\/#primaryimage"},"thumbnailUrl":"https:\/\/portaltela.pt\/s.01k8rhncp4jt1\/2026\/02\/img_1280x721uu2026-02-21-20-57-24-2268215.jpg","keywords":["_economia","arte","Arte Pl\u00e1stica","Artes Visuais","exposi\u00e7\u00f5es","leil\u00f5es"],"articleSection":["Not\u00edcias"],"inLanguage":"pt-PT"},{"@type":"WebPage","@id":"https:\/\/portaltela.pt\/noticias\/2026\/02\/21\/quadro-vendido-em-2025-e-o-segundo-mais-caro-da-historia\/","url":"https:\/\/portaltela.pt\/noticias\/2026\/02\/21\/quadro-vendido-em-2025-e-o-segundo-mais-caro-da-historia\/","name":"Quadro vendido em 2025 \u00e9 o segundo mais caro da hist\u00f3ria - Portal Tela Portugal","isPartOf":{"@id":"https:\/\/portaltela.pt\/#website"},"primaryImageOfPage":{"@id":"https:\/\/portaltela.pt\/noticias\/2026\/02\/21\/quadro-vendido-em-2025-e-o-segundo-mais-caro-da-historia\/#primaryimage"},"image":{"@id":"https:\/\/portaltela.pt\/noticias\/2026\/02\/21\/quadro-vendido-em-2025-e-o-segundo-mais-caro-da-historia\/#primaryimage"},"thumbnailUrl":"https:\/\/portaltela.pt\/s.01k8rhncp4jt1\/2026\/02\/img_1280x721uu2026-02-21-20-57-24-2268215.jpg","datePublished":"2026-02-22T01:30:00+00:00","author":{"@id":"https:\/\/portaltela.pt\/#\/schema\/person\/c4278d4a6028830caff9ee44b42d32ed"},"breadcrumb":{"@id":"https:\/\/portaltela.pt\/noticias\/2026\/02\/21\/quadro-vendido-em-2025-e-o-segundo-mais-caro-da-historia\/#breadcrumb"},"inLanguage":"pt-PT","potentialAction":[{"@type":"ReadAction","target":["https:\/\/portaltela.pt\/noticias\/2026\/02\/21\/quadro-vendido-em-2025-e-o-segundo-mais-caro-da-historia\/"]}]},{"@type":"ImageObject","inLanguage":"pt-PT","@id":"https:\/\/portaltela.pt\/noticias\/2026\/02\/21\/quadro-vendido-em-2025-e-o-segundo-mais-caro-da-historia\/#primaryimage","url":"https:\/\/portaltela.pt\/s.01k8rhncp4jt1\/2026\/02\/img_1280x721uu2026-02-21-20-57-24-2268215.jpg","contentUrl":"https:\/\/portaltela.pt\/s.01k8rhncp4jt1\/2026\/02\/img_1280x721uu2026-02-21-20-57-24-2268215.jpg","width":796,"height":448,"caption":"Retrato de Elisabeth Lederer"},{"@type":"BreadcrumbList","@id":"https:\/\/portaltela.pt\/noticias\/2026\/02\/21\/quadro-vendido-em-2025-e-o-segundo-mais-caro-da-historia\/#breadcrumb","itemListElement":[{"@type":"ListItem","position":1,"name":"In\u00edcio","item":"https:\/\/portaltela.pt\/"},{"@type":"ListItem","position":2,"name":"Quadro vendido em 2025 \u00e9 o segundo mais caro da hist\u00f3ria"}]},{"@type":"WebSite","@id":"https:\/\/portaltela.pt\/#website","url":"https:\/\/portaltela.pt\/","name":"Portal Tela Portugal","description":"","potentialAction":[{"@type":"SearchAction","target":{"@type":"EntryPoint","urlTemplate":"https:\/\/portaltela.pt\/?s={search_term_string}"},"query-input":{"@type":"PropertyValueSpecification","valueRequired":true,"valueName":"search_term_string"}}],"inLanguage":"pt-PT"},{"@type":"Person","@id":"https:\/\/portaltela.pt\/#\/schema\/person\/c4278d4a6028830caff9ee44b42d32ed","name":"Telinha","image":{"@type":"ImageObject","inLanguage":"pt-PT","@id":"https:\/\/portaltela.pt\/s.01k8rhncp4jt1\/2025\/11\/talking-bot-125x125.png","url":"https:\/\/portaltela.pt\/s.01k8rhncp4jt1\/2025\/11\/talking-bot-125x125.png","contentUrl":"https:\/\/portaltela.pt\/s.01k8rhncp4jt1\/2025\/11\/talking-bot-125x125.png","caption":"Telinha"},"sameAs":["https:\/\/portaltela.pt\/"],"url":"https:\/\/portaltela.pt\/por\/367410592786\/"}]}},"_links":{"self":[{"href":"https:\/\/portaltela.pt\/api\/wp\/v2\/posts\/221230","targetHints":{"allow":["GET"]}}],"collection":[{"href":"https:\/\/portaltela.pt\/api\/wp\/v2\/posts"}],"about":[{"href":"https:\/\/portaltela.pt\/api\/wp\/v2\/types\/post"}],"author":[{"embeddable":true,"href":"https:\/\/portaltela.pt\/api\/wp\/v2\/users\/2"}],"replies":[{"embeddable":true,"href":"https:\/\/portaltela.pt\/api\/wp\/v2\/comments?post=221230"}],"version-history":[{"count":0,"href":"https:\/\/portaltela.pt\/api\/wp\/v2\/posts\/221230\/revisions"}],"wp:featuredmedia":[{"embeddable":true,"href":"https:\/\/portaltela.pt\/api\/wp\/v2\/media\/221234"}],"wp:attachment":[{"href":"https:\/\/portaltela.pt\/api\/wp\/v2\/media?parent=221230"}],"wp:term":[{"taxonomy":"category","embeddable":true,"href":"https:\/\/portaltela.pt\/api\/wp\/v2\/categories?post=221230"},{"taxonomy":"post_tag","embeddable":true,"href":"https:\/\/portaltela.pt\/api\/wp\/v2\/tags?post=221230"}],"curies":[{"name":"wp","href":"https:\/\/api.w.org\/{rel}","templated":true}]}}