{"id":221227,"date":"2026-02-21T22:30:00","date_gmt":"2026-02-22T01:30:00","guid":{"rendered":"https:\/\/portaltela.pt\/noticias\/2026\/02\/21\/poeiras-do-saara-noites-frias-e-dias-primaveris-meteorologia-dos-proximos-dias\/"},"modified":"2026-02-21T22:30:00","modified_gmt":"2026-02-22T01:30:00","slug":"poeiras-do-saara-noites-frias-e-dias-primaveris-meteorologia-dos-proximos-dias","status":"publish","type":"post","link":"https:\/\/portaltela.pt\/noticias\/2026\/02\/21\/poeiras-do-saara-noites-frias-e-dias-primaveris-meteorologia-dos-proximos-dias\/","title":{"rendered":"Poeiras do Saara, noites frias e dias primaveris: meteorologia dos pr\u00f3ximos dias"},"content":{"rendered":"<p>O c\u00e9u permanece limpo at\u00e9 ter\u00e7a-feira em grande parte do territ\u00f3rio, com dias quentes para o sul e centro, e noites frias no interior. As temperaturas m\u00e1ximas podem chegar aos 24\u00baC em alguns distritos, enquanto as m\u00ednimas rondam os 1\u00baC a 5\u00baC em v\u00e1rias zonas. Entre hoje e amanh\u00e3, a amplitude t\u00e9rmica pode aproximar-se dos 20\u00baC.<\/p>\n<p>Amanh\u00e3 ser\u00e1 de tempo quente no centro e sul, com 24\u00baC previstos em Leiria, Santar\u00e9m e concelhos vizinhos. Ainda hoje, Miranda do Douro dever\u00e1 registar -1\u00baC, e Bragan\u00e7a e Guarda esperam m\u00ednimas de cerca de 1\u00baC. O ar permanecer\u00e1 seco, com c\u00e9u limpo at\u00e9 ter\u00e7a-feira.<\/p>\n<h3>Poeiras do Saara e impacto na qualidade do ar<\/h3>\n<p>A partir de ter\u00e7a-feira entram no pa\u00eds poeiras do deserto do Saara, primeiro na Madeira e, no dia seguinte, na regi\u00e3o norte continental. O c\u00e9u deve ficar enevoado e a qualidade do ar pode deteriorar-se, sobretudo para idosos, crian\u00e7as e doentes cr\u00f3nicos.<\/p>\n<h3>Perspectiva meteorol\u00f3gica e limita\u00e7\u00f5es<\/h3>\n<p>De ter\u00e7a em diante devem registar-se aguaceiros generalizados, com queda da temperatura m\u00e1xima e subida da m\u00ednima. O tempo frio \u00e0 noite contrasta com os dias mais quentes, aumentando a amplitude t\u00e9rmica.<\/p>\n<h3>Situa\u00e7\u00e3o das cheias no Tejo e medidas de prote\u00e7\u00e3o<\/h3>\n<p>Tr\u00eas semanas ap\u00f3s a depress\u00e3o Kristin, o territ\u00f3rio recupera lentamente. Na bacia do Tejo, a Comiss\u00e3o Distrital de Prote\u00e7\u00e3o Civil de Santar\u00e9m baixou o Plano Especial de Emerg\u00eancia para Cheias para n\u00edvel azul. A monitoriza\u00e7\u00e3o passa a ocorrer em per\u00edodos de 24 horas.<\/p>\n<h3>Situa\u00e7\u00e3o no M\u00e9dio Tejo e na Lez\u00edria<\/h3>\n<p>No M\u00e9dio Tejo o rio voltou ao leito normal, reduzindo o risco de cheias. Na Lez\u00edria persiste, por\u00e9m, a presen\u00e7a de zonas ainda inundadas, com vigil\u00e2ncia e a\u00e7\u00f5es de apoio em curso.<\/p>\n","protected":false},"excerpt":{"rendered":"<ul>\n<li>O c\u00e9u ficar\u00e1 limpo at\u00e9 ter\u00e7a-feira, com m\u00e1ximas superiores a 20\u00baC e m\u00ednimas a rondar 1\u00baC no interior norte, gerando uma grande amplitude t\u00e9rmica.<\/li>\n<li>A partir de ter\u00e7a-feira chegam poeiras do deserto do Saara, primeiro \u00e0 Madeira e no dia seguinte \u00e0 regi\u00e3o norte do continente, afetando a qualidade do ar e deixando o c\u00e9u enevoado.<\/li>\n<li>Hoje, as m\u00ednimas devem ficar entre -1\u00baC em Miranda do Douro e 1\u00baC em Bragan\u00e7a e na Guarda; amanh\u00e3 as m\u00e1ximas podem chegar a 24\u00baC em Leiria e no distrito de Santar\u00e9m.<\/li>\n<li>A partir de ter\u00e7a-feira voltam os aguaceiros, com diminui\u00e7\u00e3o das m\u00e1ximas e subida das m\u00ednimas nos dias seguintes.<\/li>\n<li>Na bacia do Tejo, o Plano Especial de Emerg\u00eancia para Cheias baixou para n\u00edvel azul; no M\u00e9dio Tejo o rio j\u00e1 voltou ao leito, mas h\u00e1 zonas inundadas na Lez\u00edria.<\/li>\n<\/ul>\n","protected":false},"author":2,"featured_media":221233,"comment_status":"closed","ping_status":"closed","sticky":false,"template":"","format":"standard","meta":{"footnotes":""},"categories":[1],"tags":[5224,2293,859,3709,3460,898],"class_list":["post-221227","post","type-post","status-publish","format-standard","has-post-thumbnail","hentry","category-noticias","tag-clima","tag-inundacoes","tag-madeira","tag-medio-tejo","tag-qualidade-do-ar","tag-santarem"],"yoast_head":"<!-- This site is optimized with the Yoast SEO plugin v27.2 - https:\/\/yoast.com\/product\/yoast-seo-wordpress\/ -->\n<title>Poeiras do Saara, noites frias e dias primaveris: meteorologia dos pr\u00f3ximos dias - Portal Tela Portugal<\/title>\n<meta name=\"robots\" content=\"index, follow, max-snippet:-1, max-image-preview:large, max-video-preview:-1\" \/>\n<meta property=\"og:locale\" content=\"pt_PT\" \/>\n<meta property=\"og:type\" content=\"article\" \/>\n<meta property=\"og:title\" content=\"Poeiras do Saara, noites frias e dias primaveris: meteorologia dos pr\u00f3ximos dias - Portal Tela Portugal\" \/>\n<meta property=\"og:description\" content=\"O c\u00e9u ficar\u00e1 limpo at\u00e9 ter\u00e7a-feira, com m\u00e1ximas superiores a 20\u00baC e m\u00ednimas a rondar 1\u00baC no interior norte, gerando uma grande amplitude t\u00e9rmica. A partir de ter\u00e7a-feira chegam poeiras do deserto do Saara, primeiro \u00e0 Madeira e no dia seguinte \u00e0 regi\u00e3o norte do continente, afetando a qualidade do ar e deixando o c\u00e9u enevoado. Hoje, as m\u00ednimas devem ficar entre -1\u00baC em Miranda do Douro e 1\u00baC em Bragan\u00e7a e na Guarda; amanh\u00e3 as m\u00e1ximas podem chegar a 24\u00baC em Leiria e no distrito de Santar\u00e9m. A partir de ter\u00e7a-feira voltam os aguaceiros, com diminui\u00e7\u00e3o das m\u00e1ximas e subida das m\u00ednimas nos dias seguintes. Na bacia do Tejo, o Plano Especial de Emerg\u00eancia para Cheias baixou para n\u00edvel azul; no M\u00e9dio Tejo o rio j\u00e1 voltou ao leito, mas h\u00e1 zonas inundadas na Lez\u00edria.\" \/>\n<meta property=\"og:url\" content=\"https:\/\/portaltela.pt\/noticias\/2026\/02\/21\/poeiras-do-saara-noites-frias-e-dias-primaveris-meteorologia-dos-proximos-dias\/\" \/>\n<meta property=\"og:site_name\" content=\"Portal Tela Portugal\" \/>\n<meta property=\"article:published_time\" content=\"2026-02-22T01:30:00+00:00\" \/>\n<meta name=\"author\" content=\"Telinha\" \/>\n<meta name=\"twitter:card\" content=\"summary_large_image\" \/>\n<meta name=\"twitter:label1\" content=\"Escrito por\" \/>\n\t<meta name=\"twitter:data1\" content=\"Telinha\" \/>\n\t<meta name=\"twitter:label2\" content=\"Tempo estimado de leitura\" \/>\n\t<meta name=\"twitter:data2\" content=\"2 minutos\" \/>\n<script type=\"application\/ld+json\" class=\"yoast-schema-graph\">{\"@context\":\"https:\/\/schema.org\",\"@graph\":[{\"@type\":\"Article\",\"@id\":\"https:\/\/portaltela.pt\/noticias\/2026\/02\/21\/poeiras-do-saara-noites-frias-e-dias-primaveris-meteorologia-dos-proximos-dias\/#article\",\"isPartOf\":{\"@id\":\"https:\/\/portaltela.pt\/noticias\/2026\/02\/21\/poeiras-do-saara-noites-frias-e-dias-primaveris-meteorologia-dos-proximos-dias\/\"},\"author\":{\"name\":\"Telinha\",\"@id\":\"https:\/\/portaltela.pt\/#\/schema\/person\/c4278d4a6028830caff9ee44b42d32ed\"},\"headline\":\"Poeiras do Saara, noites frias e dias primaveris: meteorologia dos pr\u00f3ximos dias\",\"datePublished\":\"2026-02-22T01:30:00+00:00\",\"mainEntityOfPage\":{\"@id\":\"https:\/\/portaltela.pt\/noticias\/2026\/02\/21\/poeiras-do-saara-noites-frias-e-dias-primaveris-meteorologia-dos-proximos-dias\/\"},\"wordCount\":337,\"image\":{\"@id\":\"https:\/\/portaltela.pt\/noticias\/2026\/02\/21\/poeiras-do-saara-noites-frias-e-dias-primaveris-meteorologia-dos-proximos-dias\/#primaryimage\"},\"thumbnailUrl\":\"https:\/\/portaltela.pt\/s.01k8rhncp4jt1\/2026\/02\/img_1500x1000uu2024-08-23-12-20-10-1731869.jpg\",\"keywords\":[\"clima\",\"inunda\u00e7\u00f5es\",\"Madeira\",\"M\u00e9dio Tejo\",\"Qualidade do Ar\",\"Santar\u00e9m\"],\"articleSection\":[\"Not\u00edcias\"],\"inLanguage\":\"pt-PT\"},{\"@type\":\"WebPage\",\"@id\":\"https:\/\/portaltela.pt\/noticias\/2026\/02\/21\/poeiras-do-saara-noites-frias-e-dias-primaveris-meteorologia-dos-proximos-dias\/\",\"url\":\"https:\/\/portaltela.pt\/noticias\/2026\/02\/21\/poeiras-do-saara-noites-frias-e-dias-primaveris-meteorologia-dos-proximos-dias\/\",\"name\":\"Poeiras do Saara, noites frias e dias primaveris: meteorologia dos pr\u00f3ximos dias - Portal Tela Portugal\",\"isPartOf\":{\"@id\":\"https:\/\/portaltela.pt\/#website\"},\"primaryImageOfPage\":{\"@id\":\"https:\/\/portaltela.pt\/noticias\/2026\/02\/21\/poeiras-do-saara-noites-frias-e-dias-primaveris-meteorologia-dos-proximos-dias\/#primaryimage\"},\"image\":{\"@id\":\"https:\/\/portaltela.pt\/noticias\/2026\/02\/21\/poeiras-do-saara-noites-frias-e-dias-primaveris-meteorologia-dos-proximos-dias\/#primaryimage\"},\"thumbnailUrl\":\"https:\/\/portaltela.pt\/s.01k8rhncp4jt1\/2026\/02\/img_1500x1000uu2024-08-23-12-20-10-1731869.jpg\",\"datePublished\":\"2026-02-22T01:30:00+00:00\",\"author\":{\"@id\":\"https:\/\/portaltela.pt\/#\/schema\/person\/c4278d4a6028830caff9ee44b42d32ed\"},\"breadcrumb\":{\"@id\":\"https:\/\/portaltela.pt\/noticias\/2026\/02\/21\/poeiras-do-saara-noites-frias-e-dias-primaveris-meteorologia-dos-proximos-dias\/#breadcrumb\"},\"inLanguage\":\"pt-PT\",\"potentialAction\":[{\"@type\":\"ReadAction\",\"target\":[\"https:\/\/portaltela.pt\/noticias\/2026\/02\/21\/poeiras-do-saara-noites-frias-e-dias-primaveris-meteorologia-dos-proximos-dias\/\"]}]},{\"@type\":\"ImageObject\",\"inLanguage\":\"pt-PT\",\"@id\":\"https:\/\/portaltela.pt\/noticias\/2026\/02\/21\/poeiras-do-saara-noites-frias-e-dias-primaveris-meteorologia-dos-proximos-dias\/#primaryimage\",\"url\":\"https:\/\/portaltela.pt\/s.01k8rhncp4jt1\/2026\/02\/img_1500x1000uu2024-08-23-12-20-10-1731869.jpg\",\"contentUrl\":\"https:\/\/portaltela.pt\/s.01k8rhncp4jt1\/2026\/02\/img_1500x1000uu2024-08-23-12-20-10-1731869.jpg\",\"width\":796,\"height\":448,\"caption\":\"As poeiras do deserto do Saara chegam primeiro \u00e0 Madeira e depois ao continente\"},{\"@type\":\"BreadcrumbList\",\"@id\":\"https:\/\/portaltela.pt\/noticias\/2026\/02\/21\/poeiras-do-saara-noites-frias-e-dias-primaveris-meteorologia-dos-proximos-dias\/#breadcrumb\",\"itemListElement\":[{\"@type\":\"ListItem\",\"position\":1,\"name\":\"In\u00edcio\",\"item\":\"https:\/\/portaltela.pt\/\"},{\"@type\":\"ListItem\",\"position\":2,\"name\":\"Poeiras do Saara, noites frias e dias primaveris: meteorologia dos pr\u00f3ximos dias\"}]},{\"@type\":\"WebSite\",\"@id\":\"https:\/\/portaltela.pt\/#website\",\"url\":\"https:\/\/portaltela.pt\/\",\"name\":\"Portal Tela Portugal\",\"description\":\"\",\"potentialAction\":[{\"@type\":\"SearchAction\",\"target\":{\"@type\":\"EntryPoint\",\"urlTemplate\":\"https:\/\/portaltela.pt\/?s={search_term_string}\"},\"query-input\":{\"@type\":\"PropertyValueSpecification\",\"valueRequired\":true,\"valueName\":\"search_term_string\"}}],\"inLanguage\":\"pt-PT\"},{\"@type\":\"Person\",\"@id\":\"https:\/\/portaltela.pt\/#\/schema\/person\/c4278d4a6028830caff9ee44b42d32ed\",\"name\":\"Telinha\",\"image\":{\"@type\":\"ImageObject\",\"inLanguage\":\"pt-PT\",\"@id\":\"https:\/\/portaltela.pt\/s.01k8rhncp4jt1\/2025\/11\/talking-bot-125x125.png\",\"url\":\"https:\/\/portaltela.pt\/s.01k8rhncp4jt1\/2025\/11\/talking-bot-125x125.png\",\"contentUrl\":\"https:\/\/portaltela.pt\/s.01k8rhncp4jt1\/2025\/11\/talking-bot-125x125.png\",\"caption\":\"Telinha\"},\"sameAs\":[\"https:\/\/portaltela.pt\/\"],\"url\":\"https:\/\/portaltela.pt\/por\/367410592786\/\"}]}<\/script>\n<!-- \/ Yoast SEO plugin. -->","yoast_head_json":{"title":"Poeiras do Saara, noites frias e dias primaveris: meteorologia dos pr\u00f3ximos dias - Portal Tela Portugal","robots":{"index":"index","follow":"follow","max-snippet":"max-snippet:-1","max-image-preview":"max-image-preview:large","max-video-preview":"max-video-preview:-1"},"og_locale":"pt_PT","og_type":"article","og_title":"Poeiras do Saara, noites frias e dias primaveris: meteorologia dos pr\u00f3ximos dias - Portal Tela Portugal","og_description":"O c\u00e9u ficar\u00e1 limpo at\u00e9 ter\u00e7a-feira, com m\u00e1ximas superiores a 20\u00baC e m\u00ednimas a rondar 1\u00baC no interior norte, gerando uma grande amplitude t\u00e9rmica. A partir de ter\u00e7a-feira chegam poeiras do deserto do Saara, primeiro \u00e0 Madeira e no dia seguinte \u00e0 regi\u00e3o norte do continente, afetando a qualidade do ar e deixando o c\u00e9u enevoado. Hoje, as m\u00ednimas devem ficar entre -1\u00baC em Miranda do Douro e 1\u00baC em Bragan\u00e7a e na Guarda; amanh\u00e3 as m\u00e1ximas podem chegar a 24\u00baC em Leiria e no distrito de Santar\u00e9m. A partir de ter\u00e7a-feira voltam os aguaceiros, com diminui\u00e7\u00e3o das m\u00e1ximas e subida das m\u00ednimas nos dias seguintes. Na bacia do Tejo, o Plano Especial de Emerg\u00eancia para Cheias baixou para n\u00edvel azul; no M\u00e9dio Tejo o rio j\u00e1 voltou ao leito, mas h\u00e1 zonas inundadas na Lez\u00edria.","og_url":"https:\/\/portaltela.pt\/noticias\/2026\/02\/21\/poeiras-do-saara-noites-frias-e-dias-primaveris-meteorologia-dos-proximos-dias\/","og_site_name":"Portal Tela Portugal","article_published_time":"2026-02-22T01:30:00+00:00","author":"Telinha","twitter_card":"summary_large_image","twitter_misc":{"Escrito por":"Telinha","Tempo estimado de leitura":"2 minutos"},"schema":{"@context":"https:\/\/schema.org","@graph":[{"@type":"Article","@id":"https:\/\/portaltela.pt\/noticias\/2026\/02\/21\/poeiras-do-saara-noites-frias-e-dias-primaveris-meteorologia-dos-proximos-dias\/#article","isPartOf":{"@id":"https:\/\/portaltela.pt\/noticias\/2026\/02\/21\/poeiras-do-saara-noites-frias-e-dias-primaveris-meteorologia-dos-proximos-dias\/"},"author":{"name":"Telinha","@id":"https:\/\/portaltela.pt\/#\/schema\/person\/c4278d4a6028830caff9ee44b42d32ed"},"headline":"Poeiras do Saara, noites frias e dias primaveris: meteorologia dos pr\u00f3ximos dias","datePublished":"2026-02-22T01:30:00+00:00","mainEntityOfPage":{"@id":"https:\/\/portaltela.pt\/noticias\/2026\/02\/21\/poeiras-do-saara-noites-frias-e-dias-primaveris-meteorologia-dos-proximos-dias\/"},"wordCount":337,"image":{"@id":"https:\/\/portaltela.pt\/noticias\/2026\/02\/21\/poeiras-do-saara-noites-frias-e-dias-primaveris-meteorologia-dos-proximos-dias\/#primaryimage"},"thumbnailUrl":"https:\/\/portaltela.pt\/s.01k8rhncp4jt1\/2026\/02\/img_1500x1000uu2024-08-23-12-20-10-1731869.jpg","keywords":["clima","inunda\u00e7\u00f5es","Madeira","M\u00e9dio Tejo","Qualidade do Ar","Santar\u00e9m"],"articleSection":["Not\u00edcias"],"inLanguage":"pt-PT"},{"@type":"WebPage","@id":"https:\/\/portaltela.pt\/noticias\/2026\/02\/21\/poeiras-do-saara-noites-frias-e-dias-primaveris-meteorologia-dos-proximos-dias\/","url":"https:\/\/portaltela.pt\/noticias\/2026\/02\/21\/poeiras-do-saara-noites-frias-e-dias-primaveris-meteorologia-dos-proximos-dias\/","name":"Poeiras do Saara, noites frias e dias primaveris: meteorologia dos pr\u00f3ximos dias - Portal Tela Portugal","isPartOf":{"@id":"https:\/\/portaltela.pt\/#website"},"primaryImageOfPage":{"@id":"https:\/\/portaltela.pt\/noticias\/2026\/02\/21\/poeiras-do-saara-noites-frias-e-dias-primaveris-meteorologia-dos-proximos-dias\/#primaryimage"},"image":{"@id":"https:\/\/portaltela.pt\/noticias\/2026\/02\/21\/poeiras-do-saara-noites-frias-e-dias-primaveris-meteorologia-dos-proximos-dias\/#primaryimage"},"thumbnailUrl":"https:\/\/portaltela.pt\/s.01k8rhncp4jt1\/2026\/02\/img_1500x1000uu2024-08-23-12-20-10-1731869.jpg","datePublished":"2026-02-22T01:30:00+00:00","author":{"@id":"https:\/\/portaltela.pt\/#\/schema\/person\/c4278d4a6028830caff9ee44b42d32ed"},"breadcrumb":{"@id":"https:\/\/portaltela.pt\/noticias\/2026\/02\/21\/poeiras-do-saara-noites-frias-e-dias-primaveris-meteorologia-dos-proximos-dias\/#breadcrumb"},"inLanguage":"pt-PT","potentialAction":[{"@type":"ReadAction","target":["https:\/\/portaltela.pt\/noticias\/2026\/02\/21\/poeiras-do-saara-noites-frias-e-dias-primaveris-meteorologia-dos-proximos-dias\/"]}]},{"@type":"ImageObject","inLanguage":"pt-PT","@id":"https:\/\/portaltela.pt\/noticias\/2026\/02\/21\/poeiras-do-saara-noites-frias-e-dias-primaveris-meteorologia-dos-proximos-dias\/#primaryimage","url":"https:\/\/portaltela.pt\/s.01k8rhncp4jt1\/2026\/02\/img_1500x1000uu2024-08-23-12-20-10-1731869.jpg","contentUrl":"https:\/\/portaltela.pt\/s.01k8rhncp4jt1\/2026\/02\/img_1500x1000uu2024-08-23-12-20-10-1731869.jpg","width":796,"height":448,"caption":"As poeiras do deserto do Saara chegam primeiro \u00e0 Madeira e depois ao continente"},{"@type":"BreadcrumbList","@id":"https:\/\/portaltela.pt\/noticias\/2026\/02\/21\/poeiras-do-saara-noites-frias-e-dias-primaveris-meteorologia-dos-proximos-dias\/#breadcrumb","itemListElement":[{"@type":"ListItem","position":1,"name":"In\u00edcio","item":"https:\/\/portaltela.pt\/"},{"@type":"ListItem","position":2,"name":"Poeiras do Saara, noites frias e dias primaveris: meteorologia dos pr\u00f3ximos dias"}]},{"@type":"WebSite","@id":"https:\/\/portaltela.pt\/#website","url":"https:\/\/portaltela.pt\/","name":"Portal Tela Portugal","description":"","potentialAction":[{"@type":"SearchAction","target":{"@type":"EntryPoint","urlTemplate":"https:\/\/portaltela.pt\/?s={search_term_string}"},"query-input":{"@type":"PropertyValueSpecification","valueRequired":true,"valueName":"search_term_string"}}],"inLanguage":"pt-PT"},{"@type":"Person","@id":"https:\/\/portaltela.pt\/#\/schema\/person\/c4278d4a6028830caff9ee44b42d32ed","name":"Telinha","image":{"@type":"ImageObject","inLanguage":"pt-PT","@id":"https:\/\/portaltela.pt\/s.01k8rhncp4jt1\/2025\/11\/talking-bot-125x125.png","url":"https:\/\/portaltela.pt\/s.01k8rhncp4jt1\/2025\/11\/talking-bot-125x125.png","contentUrl":"https:\/\/portaltela.pt\/s.01k8rhncp4jt1\/2025\/11\/talking-bot-125x125.png","caption":"Telinha"},"sameAs":["https:\/\/portaltela.pt\/"],"url":"https:\/\/portaltela.pt\/por\/367410592786\/"}]}},"_links":{"self":[{"href":"https:\/\/portaltela.pt\/api\/wp\/v2\/posts\/221227","targetHints":{"allow":["GET"]}}],"collection":[{"href":"https:\/\/portaltela.pt\/api\/wp\/v2\/posts"}],"about":[{"href":"https:\/\/portaltela.pt\/api\/wp\/v2\/types\/post"}],"author":[{"embeddable":true,"href":"https:\/\/portaltela.pt\/api\/wp\/v2\/users\/2"}],"replies":[{"embeddable":true,"href":"https:\/\/portaltela.pt\/api\/wp\/v2\/comments?post=221227"}],"version-history":[{"count":0,"href":"https:\/\/portaltela.pt\/api\/wp\/v2\/posts\/221227\/revisions"}],"wp:featuredmedia":[{"embeddable":true,"href":"https:\/\/portaltela.pt\/api\/wp\/v2\/media\/221233"}],"wp:attachment":[{"href":"https:\/\/portaltela.pt\/api\/wp\/v2\/media?parent=221227"}],"wp:term":[{"taxonomy":"category","embeddable":true,"href":"https:\/\/portaltela.pt\/api\/wp\/v2\/categories?post=221227"},{"taxonomy":"post_tag","embeddable":true,"href":"https:\/\/portaltela.pt\/api\/wp\/v2\/tags?post=221227"}],"curies":[{"name":"wp","href":"https:\/\/api.w.org\/{rel}","templated":true}]}}