{"id":221218,"date":"2026-02-21T22:30:00","date_gmt":"2026-02-22T01:30:00","guid":{"rendered":"https:\/\/portaltela.pt\/noticias\/2026\/02\/21\/moradores-resistem-a-reabertura-do-bar-academico-de-braga-apos-morte-de-manu\/"},"modified":"2026-02-21T22:30:00","modified_gmt":"2026-02-22T01:30:00","slug":"moradores-resistem-a-reabertura-do-bar-academico-de-braga-apos-morte-de-manu","status":"publish","type":"post","link":"https:\/\/portaltela.pt\/noticias\/2026\/02\/21\/moradores-resistem-a-reabertura-do-bar-academico-de-braga-apos-morte-de-manu\/","title":{"rendered":"Moradores resistem \u00e0 reabertura do Bar Acad\u00e9mico de Braga ap\u00f3s morte de &#8216;Manu&#8217;"},"content":{"rendered":"<p>Um grupo de mais de 70 moradores da zona da Gulbenkian, em Braga, contesta a poss\u00edvel reabertura do Bar Acad\u00e9mico (BA) da Universidade do Minho. O bar encerrou em abril ap\u00f3s a morte violenta de Manuel Gon\u00e7alves, de 19 anos, mas houve uma marca\u00e7\u00e3o de reabertura para este m\u00eas que foi impedida pelos residentes.<\/p>\n<p>A porta-voz Paula Azevedo afirma que n\u00e3o aceitam o regresso do BA e que v\u00e3o agir judicialmente se necess\u00e1rio. O grupo sustenta que o espa\u00e7o causa perturba\u00e7\u00e3o hist\u00f3rica na vizinhan\u00e7a, com frequentes epis\u00f3dios de ru\u00eddo e vandalismo atribu\u00eddos aos frequentadores.<\/p>\n<p>Maria Lu\u00edsa Silva e S\u00edlvia Meneses descrevem noites de confus\u00e3o com c\u00e2nticos, toques indiscriminados e perturba\u00e7\u00e3o do descanso, especialmente pela madrugada. Os moradores tamb\u00e9m apontam para o que consideram desrespeito por parte de quem frequenta o espa\u00e7o.<\/p>\n<p>Os residentes apresentaram um abaixo-assinado na \u00faltima reuni\u00e3o da C\u00e2mara de Braga, reclamando o direito ao descanso. O autarca Jo\u00e3o Rodrigues n\u00e3o esclareceu se o BA pode abrir apenas como caf\u00e9 ou associa\u00e7\u00e3o cultural, deixando em aberto a licen\u00e7a necess\u00e1ria.<\/p>\n<p>Paula Azevedo lamenta que tenha sido preciso a morte de um jovem para perceber que o espa\u00e7o pode n\u00e3o ter licen\u00e7a de funcionamento. Os moradores dizem que j\u00e1 apresentaram centenas de queixas ao longo dos anos, sem resposta concreta da autarquia.<\/p>\n","protected":false},"excerpt":{"rendered":"<ul>\n<li>Moradores da zona da Gulbenkian, em Braga, com mais de 70 pessoas, op\u00f5em-se \u00e0 reabertura do Bar Acad\u00e9mico da Universidade do Minho.<\/li>\n<li>O bar encerrou em abril ap\u00f3s a morte violenta de Manuel Gon\u00e7alves, de 19 anos.<\/li>\n<li>A reabertura chegou a ser marcada para o in\u00edcio deste m\u00eas, mas ficou suspensa devido \u00e0 contesta\u00e7\u00e3o dos moradores.<\/li>\n<li>Alegam que o espa\u00e7o atrai centenas de estudantes alcoolizados, perturbando o sono e provocando desordem e vandalismo.<\/li>\n<li>Na \u00faltima reuni\u00e3o da C\u00e2mara de Braga, o autarca n\u00e3o esclareceu que licen\u00e7a est\u00e1 a ponderar para o espa\u00e7o; os moradores mant\u00eam o recado de que n\u00e3o aceitam que haja bar ou discoteca no local.<\/li>\n<\/ul>\n","protected":false},"author":2,"featured_media":221221,"comment_status":"closed","ping_status":"closed","sticky":false,"template":"","format":"standard","meta":{"footnotes":""},"categories":[1],"tags":[1207,5449,2083,5706,3621,2008],"class_list":["post-221218","post","type-post","status-publish","format-standard","has-post-thumbnail","hentry","category-noticias","tag-braga","tag-camara-municipal","tag-desordem-publica","tag-licenciamentos","tag-moradores","tag-vandalismo"],"yoast_head":"<!-- This site is optimized with the Yoast SEO plugin v27.2 - https:\/\/yoast.com\/product\/yoast-seo-wordpress\/ -->\n<title>Moradores resistem \u00e0 reabertura do Bar Acad\u00e9mico de Braga ap\u00f3s morte de &#039;Manu&#039; - Portal Tela Portugal<\/title>\n<meta name=\"robots\" content=\"index, follow, max-snippet:-1, max-image-preview:large, max-video-preview:-1\" \/>\n<meta property=\"og:locale\" content=\"pt_PT\" \/>\n<meta property=\"og:type\" content=\"article\" \/>\n<meta property=\"og:title\" content=\"Moradores resistem \u00e0 reabertura do Bar Acad\u00e9mico de Braga ap\u00f3s morte de &#039;Manu&#039; - Portal Tela Portugal\" \/>\n<meta property=\"og:description\" content=\"Moradores da zona da Gulbenkian, em Braga, com mais de 70 pessoas, op\u00f5em-se \u00e0 reabertura do Bar Acad\u00e9mico da Universidade do Minho. O bar encerrou em abril ap\u00f3s a morte violenta de Manuel Gon\u00e7alves, de 19 anos. A reabertura chegou a ser marcada para o in\u00edcio deste m\u00eas, mas ficou suspensa devido \u00e0 contesta\u00e7\u00e3o dos moradores. Alegam que o espa\u00e7o atrai centenas de estudantes alcoolizados, perturbando o sono e provocando desordem e vandalismo. Na \u00faltima reuni\u00e3o da C\u00e2mara de Braga, o autarca n\u00e3o esclareceu que licen\u00e7a est\u00e1 a ponderar para o espa\u00e7o; os moradores mant\u00eam o recado de que n\u00e3o aceitam que haja bar ou discoteca no local.\" \/>\n<meta property=\"og:url\" content=\"https:\/\/portaltela.pt\/noticias\/2026\/02\/21\/moradores-resistem-a-reabertura-do-bar-academico-de-braga-apos-morte-de-manu\/\" \/>\n<meta property=\"og:site_name\" content=\"Portal Tela Portugal\" \/>\n<meta property=\"article:published_time\" content=\"2026-02-22T01:30:00+00:00\" \/>\n<meta name=\"author\" content=\"Telinha\" \/>\n<meta name=\"twitter:card\" content=\"summary_large_image\" \/>\n<meta name=\"twitter:label1\" content=\"Escrito por\" \/>\n\t<meta name=\"twitter:data1\" content=\"Telinha\" \/>\n\t<meta name=\"twitter:label2\" content=\"Tempo estimado de leitura\" \/>\n\t<meta name=\"twitter:data2\" content=\"1 minuto\" \/>\n<script type=\"application\/ld+json\" class=\"yoast-schema-graph\">{\"@context\":\"https:\/\/schema.org\",\"@graph\":[{\"@type\":\"Article\",\"@id\":\"https:\/\/portaltela.pt\/noticias\/2026\/02\/21\/moradores-resistem-a-reabertura-do-bar-academico-de-braga-apos-morte-de-manu\/#article\",\"isPartOf\":{\"@id\":\"https:\/\/portaltela.pt\/noticias\/2026\/02\/21\/moradores-resistem-a-reabertura-do-bar-academico-de-braga-apos-morte-de-manu\/\"},\"author\":{\"name\":\"Telinha\",\"@id\":\"https:\/\/portaltela.pt\/#\/schema\/person\/c4278d4a6028830caff9ee44b42d32ed\"},\"headline\":\"Moradores resistem \u00e0 reabertura do Bar Acad\u00e9mico de Braga ap\u00f3s morte de &#8216;Manu&#8217;\",\"datePublished\":\"2026-02-22T01:30:00+00:00\",\"mainEntityOfPage\":{\"@id\":\"https:\/\/portaltela.pt\/noticias\/2026\/02\/21\/moradores-resistem-a-reabertura-do-bar-academico-de-braga-apos-morte-de-manu\/\"},\"wordCount\":257,\"image\":{\"@id\":\"https:\/\/portaltela.pt\/noticias\/2026\/02\/21\/moradores-resistem-a-reabertura-do-bar-academico-de-braga-apos-morte-de-manu\/#primaryimage\"},\"thumbnailUrl\":\"https:\/\/portaltela.pt\/s.01k8rhncp4jt1\/2026\/02\/img_1280x721uu2026-02-21-16-19-26-2268157.jpg\",\"keywords\":[\"Braga\",\"C\u00e2mara Municipal\",\"desordem p\u00fablica\",\"licenciamentos\",\"moradores\",\"vandalismo\"],\"articleSection\":[\"Not\u00edcias\"],\"inLanguage\":\"pt-PT\"},{\"@type\":\"WebPage\",\"@id\":\"https:\/\/portaltela.pt\/noticias\/2026\/02\/21\/moradores-resistem-a-reabertura-do-bar-academico-de-braga-apos-morte-de-manu\/\",\"url\":\"https:\/\/portaltela.pt\/noticias\/2026\/02\/21\/moradores-resistem-a-reabertura-do-bar-academico-de-braga-apos-morte-de-manu\/\",\"name\":\"Moradores resistem \u00e0 reabertura do Bar Acad\u00e9mico de Braga ap\u00f3s morte de 'Manu' - Portal Tela Portugal\",\"isPartOf\":{\"@id\":\"https:\/\/portaltela.pt\/#website\"},\"primaryImageOfPage\":{\"@id\":\"https:\/\/portaltela.pt\/noticias\/2026\/02\/21\/moradores-resistem-a-reabertura-do-bar-academico-de-braga-apos-morte-de-manu\/#primaryimage\"},\"image\":{\"@id\":\"https:\/\/portaltela.pt\/noticias\/2026\/02\/21\/moradores-resistem-a-reabertura-do-bar-academico-de-braga-apos-morte-de-manu\/#primaryimage\"},\"thumbnailUrl\":\"https:\/\/portaltela.pt\/s.01k8rhncp4jt1\/2026\/02\/img_1280x721uu2026-02-21-16-19-26-2268157.jpg\",\"datePublished\":\"2026-02-22T01:30:00+00:00\",\"author\":{\"@id\":\"https:\/\/portaltela.pt\/#\/schema\/person\/c4278d4a6028830caff9ee44b42d32ed\"},\"breadcrumb\":{\"@id\":\"https:\/\/portaltela.pt\/noticias\/2026\/02\/21\/moradores-resistem-a-reabertura-do-bar-academico-de-braga-apos-morte-de-manu\/#breadcrumb\"},\"inLanguage\":\"pt-PT\",\"potentialAction\":[{\"@type\":\"ReadAction\",\"target\":[\"https:\/\/portaltela.pt\/noticias\/2026\/02\/21\/moradores-resistem-a-reabertura-do-bar-academico-de-braga-apos-morte-de-manu\/\"]}]},{\"@type\":\"ImageObject\",\"inLanguage\":\"pt-PT\",\"@id\":\"https:\/\/portaltela.pt\/noticias\/2026\/02\/21\/moradores-resistem-a-reabertura-do-bar-academico-de-braga-apos-morte-de-manu\/#primaryimage\",\"url\":\"https:\/\/portaltela.pt\/s.01k8rhncp4jt1\/2026\/02\/img_1280x721uu2026-02-21-16-19-26-2268157.jpg\",\"contentUrl\":\"https:\/\/portaltela.pt\/s.01k8rhncp4jt1\/2026\/02\/img_1280x721uu2026-02-21-16-19-26-2268157.jpg\",\"width\":796,\"height\":448,\"caption\":\"Protesto contra reabertura do Bar Acad\u00e9mico em Braga: moradores contestam decis\u00e3o\"},{\"@type\":\"BreadcrumbList\",\"@id\":\"https:\/\/portaltela.pt\/noticias\/2026\/02\/21\/moradores-resistem-a-reabertura-do-bar-academico-de-braga-apos-morte-de-manu\/#breadcrumb\",\"itemListElement\":[{\"@type\":\"ListItem\",\"position\":1,\"name\":\"In\u00edcio\",\"item\":\"https:\/\/portaltela.pt\/\"},{\"@type\":\"ListItem\",\"position\":2,\"name\":\"Moradores resistem \u00e0 reabertura do Bar Acad\u00e9mico de Braga ap\u00f3s morte de &#8216;Manu&#8217;\"}]},{\"@type\":\"WebSite\",\"@id\":\"https:\/\/portaltela.pt\/#website\",\"url\":\"https:\/\/portaltela.pt\/\",\"name\":\"Portal Tela Portugal\",\"description\":\"\",\"potentialAction\":[{\"@type\":\"SearchAction\",\"target\":{\"@type\":\"EntryPoint\",\"urlTemplate\":\"https:\/\/portaltela.pt\/?s={search_term_string}\"},\"query-input\":{\"@type\":\"PropertyValueSpecification\",\"valueRequired\":true,\"valueName\":\"search_term_string\"}}],\"inLanguage\":\"pt-PT\"},{\"@type\":\"Person\",\"@id\":\"https:\/\/portaltela.pt\/#\/schema\/person\/c4278d4a6028830caff9ee44b42d32ed\",\"name\":\"Telinha\",\"image\":{\"@type\":\"ImageObject\",\"inLanguage\":\"pt-PT\",\"@id\":\"https:\/\/portaltela.pt\/s.01k8rhncp4jt1\/2025\/11\/talking-bot-125x125.png\",\"url\":\"https:\/\/portaltela.pt\/s.01k8rhncp4jt1\/2025\/11\/talking-bot-125x125.png\",\"contentUrl\":\"https:\/\/portaltela.pt\/s.01k8rhncp4jt1\/2025\/11\/talking-bot-125x125.png\",\"caption\":\"Telinha\"},\"sameAs\":[\"https:\/\/portaltela.pt\/\"],\"url\":\"https:\/\/portaltela.pt\/por\/367410592786\/\"}]}<\/script>\n<!-- \/ Yoast SEO plugin. -->","yoast_head_json":{"title":"Moradores resistem \u00e0 reabertura do Bar Acad\u00e9mico de Braga ap\u00f3s morte de 'Manu' - Portal Tela Portugal","robots":{"index":"index","follow":"follow","max-snippet":"max-snippet:-1","max-image-preview":"max-image-preview:large","max-video-preview":"max-video-preview:-1"},"og_locale":"pt_PT","og_type":"article","og_title":"Moradores resistem \u00e0 reabertura do Bar Acad\u00e9mico de Braga ap\u00f3s morte de 'Manu' - Portal Tela Portugal","og_description":"Moradores da zona da Gulbenkian, em Braga, com mais de 70 pessoas, op\u00f5em-se \u00e0 reabertura do Bar Acad\u00e9mico da Universidade do Minho. O bar encerrou em abril ap\u00f3s a morte violenta de Manuel Gon\u00e7alves, de 19 anos. A reabertura chegou a ser marcada para o in\u00edcio deste m\u00eas, mas ficou suspensa devido \u00e0 contesta\u00e7\u00e3o dos moradores. Alegam que o espa\u00e7o atrai centenas de estudantes alcoolizados, perturbando o sono e provocando desordem e vandalismo. Na \u00faltima reuni\u00e3o da C\u00e2mara de Braga, o autarca n\u00e3o esclareceu que licen\u00e7a est\u00e1 a ponderar para o espa\u00e7o; os moradores mant\u00eam o recado de que n\u00e3o aceitam que haja bar ou discoteca no local.","og_url":"https:\/\/portaltela.pt\/noticias\/2026\/02\/21\/moradores-resistem-a-reabertura-do-bar-academico-de-braga-apos-morte-de-manu\/","og_site_name":"Portal Tela Portugal","article_published_time":"2026-02-22T01:30:00+00:00","author":"Telinha","twitter_card":"summary_large_image","twitter_misc":{"Escrito por":"Telinha","Tempo estimado de leitura":"1 minuto"},"schema":{"@context":"https:\/\/schema.org","@graph":[{"@type":"Article","@id":"https:\/\/portaltela.pt\/noticias\/2026\/02\/21\/moradores-resistem-a-reabertura-do-bar-academico-de-braga-apos-morte-de-manu\/#article","isPartOf":{"@id":"https:\/\/portaltela.pt\/noticias\/2026\/02\/21\/moradores-resistem-a-reabertura-do-bar-academico-de-braga-apos-morte-de-manu\/"},"author":{"name":"Telinha","@id":"https:\/\/portaltela.pt\/#\/schema\/person\/c4278d4a6028830caff9ee44b42d32ed"},"headline":"Moradores resistem \u00e0 reabertura do Bar Acad\u00e9mico de Braga ap\u00f3s morte de &#8216;Manu&#8217;","datePublished":"2026-02-22T01:30:00+00:00","mainEntityOfPage":{"@id":"https:\/\/portaltela.pt\/noticias\/2026\/02\/21\/moradores-resistem-a-reabertura-do-bar-academico-de-braga-apos-morte-de-manu\/"},"wordCount":257,"image":{"@id":"https:\/\/portaltela.pt\/noticias\/2026\/02\/21\/moradores-resistem-a-reabertura-do-bar-academico-de-braga-apos-morte-de-manu\/#primaryimage"},"thumbnailUrl":"https:\/\/portaltela.pt\/s.01k8rhncp4jt1\/2026\/02\/img_1280x721uu2026-02-21-16-19-26-2268157.jpg","keywords":["Braga","C\u00e2mara Municipal","desordem p\u00fablica","licenciamentos","moradores","vandalismo"],"articleSection":["Not\u00edcias"],"inLanguage":"pt-PT"},{"@type":"WebPage","@id":"https:\/\/portaltela.pt\/noticias\/2026\/02\/21\/moradores-resistem-a-reabertura-do-bar-academico-de-braga-apos-morte-de-manu\/","url":"https:\/\/portaltela.pt\/noticias\/2026\/02\/21\/moradores-resistem-a-reabertura-do-bar-academico-de-braga-apos-morte-de-manu\/","name":"Moradores resistem \u00e0 reabertura do Bar Acad\u00e9mico de Braga ap\u00f3s morte de 'Manu' - Portal Tela Portugal","isPartOf":{"@id":"https:\/\/portaltela.pt\/#website"},"primaryImageOfPage":{"@id":"https:\/\/portaltela.pt\/noticias\/2026\/02\/21\/moradores-resistem-a-reabertura-do-bar-academico-de-braga-apos-morte-de-manu\/#primaryimage"},"image":{"@id":"https:\/\/portaltela.pt\/noticias\/2026\/02\/21\/moradores-resistem-a-reabertura-do-bar-academico-de-braga-apos-morte-de-manu\/#primaryimage"},"thumbnailUrl":"https:\/\/portaltela.pt\/s.01k8rhncp4jt1\/2026\/02\/img_1280x721uu2026-02-21-16-19-26-2268157.jpg","datePublished":"2026-02-22T01:30:00+00:00","author":{"@id":"https:\/\/portaltela.pt\/#\/schema\/person\/c4278d4a6028830caff9ee44b42d32ed"},"breadcrumb":{"@id":"https:\/\/portaltela.pt\/noticias\/2026\/02\/21\/moradores-resistem-a-reabertura-do-bar-academico-de-braga-apos-morte-de-manu\/#breadcrumb"},"inLanguage":"pt-PT","potentialAction":[{"@type":"ReadAction","target":["https:\/\/portaltela.pt\/noticias\/2026\/02\/21\/moradores-resistem-a-reabertura-do-bar-academico-de-braga-apos-morte-de-manu\/"]}]},{"@type":"ImageObject","inLanguage":"pt-PT","@id":"https:\/\/portaltela.pt\/noticias\/2026\/02\/21\/moradores-resistem-a-reabertura-do-bar-academico-de-braga-apos-morte-de-manu\/#primaryimage","url":"https:\/\/portaltela.pt\/s.01k8rhncp4jt1\/2026\/02\/img_1280x721uu2026-02-21-16-19-26-2268157.jpg","contentUrl":"https:\/\/portaltela.pt\/s.01k8rhncp4jt1\/2026\/02\/img_1280x721uu2026-02-21-16-19-26-2268157.jpg","width":796,"height":448,"caption":"Protesto contra reabertura do Bar Acad\u00e9mico em Braga: moradores contestam decis\u00e3o"},{"@type":"BreadcrumbList","@id":"https:\/\/portaltela.pt\/noticias\/2026\/02\/21\/moradores-resistem-a-reabertura-do-bar-academico-de-braga-apos-morte-de-manu\/#breadcrumb","itemListElement":[{"@type":"ListItem","position":1,"name":"In\u00edcio","item":"https:\/\/portaltela.pt\/"},{"@type":"ListItem","position":2,"name":"Moradores resistem \u00e0 reabertura do Bar Acad\u00e9mico de Braga ap\u00f3s morte de &#8216;Manu&#8217;"}]},{"@type":"WebSite","@id":"https:\/\/portaltela.pt\/#website","url":"https:\/\/portaltela.pt\/","name":"Portal Tela Portugal","description":"","potentialAction":[{"@type":"SearchAction","target":{"@type":"EntryPoint","urlTemplate":"https:\/\/portaltela.pt\/?s={search_term_string}"},"query-input":{"@type":"PropertyValueSpecification","valueRequired":true,"valueName":"search_term_string"}}],"inLanguage":"pt-PT"},{"@type":"Person","@id":"https:\/\/portaltela.pt\/#\/schema\/person\/c4278d4a6028830caff9ee44b42d32ed","name":"Telinha","image":{"@type":"ImageObject","inLanguage":"pt-PT","@id":"https:\/\/portaltela.pt\/s.01k8rhncp4jt1\/2025\/11\/talking-bot-125x125.png","url":"https:\/\/portaltela.pt\/s.01k8rhncp4jt1\/2025\/11\/talking-bot-125x125.png","contentUrl":"https:\/\/portaltela.pt\/s.01k8rhncp4jt1\/2025\/11\/talking-bot-125x125.png","caption":"Telinha"},"sameAs":["https:\/\/portaltela.pt\/"],"url":"https:\/\/portaltela.pt\/por\/367410592786\/"}]}},"_links":{"self":[{"href":"https:\/\/portaltela.pt\/api\/wp\/v2\/posts\/221218","targetHints":{"allow":["GET"]}}],"collection":[{"href":"https:\/\/portaltela.pt\/api\/wp\/v2\/posts"}],"about":[{"href":"https:\/\/portaltela.pt\/api\/wp\/v2\/types\/post"}],"author":[{"embeddable":true,"href":"https:\/\/portaltela.pt\/api\/wp\/v2\/users\/2"}],"replies":[{"embeddable":true,"href":"https:\/\/portaltela.pt\/api\/wp\/v2\/comments?post=221218"}],"version-history":[{"count":0,"href":"https:\/\/portaltela.pt\/api\/wp\/v2\/posts\/221218\/revisions"}],"wp:featuredmedia":[{"embeddable":true,"href":"https:\/\/portaltela.pt\/api\/wp\/v2\/media\/221221"}],"wp:attachment":[{"href":"https:\/\/portaltela.pt\/api\/wp\/v2\/media?parent=221218"}],"wp:term":[{"taxonomy":"category","embeddable":true,"href":"https:\/\/portaltela.pt\/api\/wp\/v2\/categories?post=221218"},{"taxonomy":"post_tag","embeddable":true,"href":"https:\/\/portaltela.pt\/api\/wp\/v2\/tags?post=221218"}],"curies":[{"name":"wp","href":"https:\/\/api.w.org\/{rel}","templated":true}]}}