{"id":221159,"date":"2026-02-21T20:33:00","date_gmt":"2026-02-21T23:33:00","guid":{"rendered":"https:\/\/portaltela.pt\/noticias\/2026\/02\/21\/autocarro-da-rede-expressos-incendia-se-na-a2-entre-almodovar-e-messines\/"},"modified":"2026-02-21T20:33:00","modified_gmt":"2026-02-21T23:33:00","slug":"autocarro-da-rede-expressos-incendia-se-na-a2-entre-almodovar-e-messines","status":"publish","type":"post","link":"https:\/\/portaltela.pt\/noticias\/2026\/02\/21\/autocarro-da-rede-expressos-incendia-se-na-a2-entre-almodovar-e-messines\/","title":{"rendered":"Autocarro da Rede Expressos incendia-se na A2 entre Almod\u00f4var e Messines"},"content":{"rendered":"<p>Um autocarro da Rede Expressos incendiou-se na A2, entre Almod\u00f4var e S\u00e3o Bartolomeu de Messines, na noite de s\u00e1bado. O acidente ocorreu \u00e0s 21:15 no quil\u00f3metro 215,6, segundo o Comando Sub-regional de Emerg\u00eancia e Prote\u00e7\u00e3o Civil do Baixo Alentejo.<\/p>\n<p>Entre 30 a 40 passageiros seguiam a bordo, sem registo de feridos. O tr\u00e2nsito ficou interrompido brevemente, passando a circula\u00e7\u00e3o a funcionar de forma condicionada numa das vias.<\/p>\n<p>No local atuaram os Bombeiros Volunt\u00e1rios de Almod\u00f4var, Ourique e S\u00e3o Bartolom\u00e9 de Messines, apoiados pela prote\u00e7\u00e3o civil. A causa do inc\u00eandio ainda n\u00e3o foi avan\u00e7ada pelas autoridades, que iniciaram uma investiga\u00e7\u00e3o.<\/p>\n","protected":false},"excerpt":{"rendered":"<ul>\n<li>Autocarro da Rede Expressos incendiou-se na A2, entre Almod\u00f4var e S\u00e3o Bartolomeu de Messines, na noite de s\u00e1bado.<\/li>\n<li>O incidente ocorreu \u00e0s 21h15 no quil\u00f3metro 215,6.<\/li>\n<li>Entre 30 e 40 passageiros seguiam no autocarro, sem registo de feridos.<\/li>\n<li>O tr\u00e2nsito esteve interrompido, passando a funcionar de forma condicionada por uma via.<\/li>\n<li>Estiveram no local os Bombeiros Volunt\u00e1rios de Almod\u00f4var, Ourique e S\u00e3o Bartolomeu de Messines.<\/li>\n<\/ul>\n","protected":false},"author":2,"featured_media":221163,"comment_status":"closed","ping_status":"closed","sticky":false,"template":"","format":"standard","meta":{"footnotes":""},"categories":[1],"tags":[5487,2088,1620,971,1438,320],"class_list":["post-221159","post","type-post","status-publish","format-standard","has-post-thumbnail","hentry","category-noticias","tag-acidente","tag-acidente-de-viacao","tag-almodovar","tag-bombeiros","tag-incendio","tag-protecao-civil"],"yoast_head":"<!-- This site is optimized with the Yoast SEO plugin v27.2 - https:\/\/yoast.com\/product\/yoast-seo-wordpress\/ -->\n<title>Autocarro da Rede Expressos incendia-se na A2 entre Almod\u00f4var e Messines - Portal Tela Portugal<\/title>\n<meta name=\"robots\" content=\"index, follow, max-snippet:-1, max-image-preview:large, max-video-preview:-1\" \/>\n<meta property=\"og:locale\" content=\"pt_PT\" \/>\n<meta property=\"og:type\" content=\"article\" \/>\n<meta property=\"og:title\" content=\"Autocarro da Rede Expressos incendia-se na A2 entre Almod\u00f4var e Messines - Portal Tela Portugal\" \/>\n<meta property=\"og:description\" content=\"Autocarro da Rede Expressos incendiou-se na A2, entre Almod\u00f4var e S\u00e3o Bartolomeu de Messines, na noite de s\u00e1bado. O incidente ocorreu \u00e0s 21h15 no quil\u00f3metro 215,6. Entre 30 e 40 passageiros seguiam no autocarro, sem registo de feridos. O tr\u00e2nsito esteve interrompido, passando a funcionar de forma condicionada por uma via. Estiveram no local os Bombeiros Volunt\u00e1rios de Almod\u00f4var, Ourique e S\u00e3o Bartolomeu de Messines.\" \/>\n<meta property=\"og:url\" content=\"https:\/\/portaltela.pt\/noticias\/2026\/02\/21\/autocarro-da-rede-expressos-incendia-se-na-a2-entre-almodovar-e-messines\/\" \/>\n<meta property=\"og:site_name\" content=\"Portal Tela Portugal\" \/>\n<meta property=\"article:published_time\" content=\"2026-02-21T23:33:00+00:00\" \/>\n<meta name=\"author\" content=\"Telinha\" \/>\n<meta name=\"twitter:card\" content=\"summary_large_image\" \/>\n<meta name=\"twitter:label1\" content=\"Escrito por\" \/>\n\t<meta name=\"twitter:data1\" content=\"Telinha\" \/>\n\t<meta name=\"twitter:label2\" content=\"Tempo estimado de leitura\" \/>\n\t<meta name=\"twitter:data2\" content=\"1 minuto\" \/>\n<script type=\"application\/ld+json\" class=\"yoast-schema-graph\">{\"@context\":\"https:\/\/schema.org\",\"@graph\":[{\"@type\":\"Article\",\"@id\":\"https:\/\/portaltela.pt\/noticias\/2026\/02\/21\/autocarro-da-rede-expressos-incendia-se-na-a2-entre-almodovar-e-messines\/#article\",\"isPartOf\":{\"@id\":\"https:\/\/portaltela.pt\/noticias\/2026\/02\/21\/autocarro-da-rede-expressos-incendia-se-na-a2-entre-almodovar-e-messines\/\"},\"author\":{\"name\":\"Telinha\",\"@id\":\"https:\/\/portaltela.pt\/#\/schema\/person\/c4278d4a6028830caff9ee44b42d32ed\"},\"headline\":\"Autocarro da Rede Expressos incendia-se na A2 entre Almod\u00f4var e Messines\",\"datePublished\":\"2026-02-21T23:33:00+00:00\",\"mainEntityOfPage\":{\"@id\":\"https:\/\/portaltela.pt\/noticias\/2026\/02\/21\/autocarro-da-rede-expressos-incendia-se-na-a2-entre-almodovar-e-messines\/\"},\"wordCount\":123,\"image\":{\"@id\":\"https:\/\/portaltela.pt\/noticias\/2026\/02\/21\/autocarro-da-rede-expressos-incendia-se-na-a2-entre-almodovar-e-messines\/#primaryimage\"},\"thumbnailUrl\":\"https:\/\/portaltela.pt\/s.01k8rhncp4jt1\/2026\/02\/image-1606.jpg\",\"keywords\":[\"acidente\",\"acidente de via\u00e7\u00e3o\",\"Almod\u00f4var\",\"bombeiros\",\"inc\u00eandio\",\"prote\u00e7\u00e3o civil\"],\"articleSection\":[\"Not\u00edcias\"],\"inLanguage\":\"pt-PT\"},{\"@type\":\"WebPage\",\"@id\":\"https:\/\/portaltela.pt\/noticias\/2026\/02\/21\/autocarro-da-rede-expressos-incendia-se-na-a2-entre-almodovar-e-messines\/\",\"url\":\"https:\/\/portaltela.pt\/noticias\/2026\/02\/21\/autocarro-da-rede-expressos-incendia-se-na-a2-entre-almodovar-e-messines\/\",\"name\":\"Autocarro da Rede Expressos incendia-se na A2 entre Almod\u00f4var e Messines - Portal Tela Portugal\",\"isPartOf\":{\"@id\":\"https:\/\/portaltela.pt\/#website\"},\"primaryImageOfPage\":{\"@id\":\"https:\/\/portaltela.pt\/noticias\/2026\/02\/21\/autocarro-da-rede-expressos-incendia-se-na-a2-entre-almodovar-e-messines\/#primaryimage\"},\"image\":{\"@id\":\"https:\/\/portaltela.pt\/noticias\/2026\/02\/21\/autocarro-da-rede-expressos-incendia-se-na-a2-entre-almodovar-e-messines\/#primaryimage\"},\"thumbnailUrl\":\"https:\/\/portaltela.pt\/s.01k8rhncp4jt1\/2026\/02\/image-1606.jpg\",\"datePublished\":\"2026-02-21T23:33:00+00:00\",\"author\":{\"@id\":\"https:\/\/portaltela.pt\/#\/schema\/person\/c4278d4a6028830caff9ee44b42d32ed\"},\"breadcrumb\":{\"@id\":\"https:\/\/portaltela.pt\/noticias\/2026\/02\/21\/autocarro-da-rede-expressos-incendia-se-na-a2-entre-almodovar-e-messines\/#breadcrumb\"},\"inLanguage\":\"pt-PT\",\"potentialAction\":[{\"@type\":\"ReadAction\",\"target\":[\"https:\/\/portaltela.pt\/noticias\/2026\/02\/21\/autocarro-da-rede-expressos-incendia-se-na-a2-entre-almodovar-e-messines\/\"]}]},{\"@type\":\"ImageObject\",\"inLanguage\":\"pt-PT\",\"@id\":\"https:\/\/portaltela.pt\/noticias\/2026\/02\/21\/autocarro-da-rede-expressos-incendia-se-na-a2-entre-almodovar-e-messines\/#primaryimage\",\"url\":\"https:\/\/portaltela.pt\/s.01k8rhncp4jt1\/2026\/02\/image-1606.jpg\",\"contentUrl\":\"https:\/\/portaltela.pt\/s.01k8rhncp4jt1\/2026\/02\/image-1606.jpg\",\"width\":796,\"height\":448,\"caption\":\"Foto: Martins Ant\u00f3nio\/Os Monhacas\"},{\"@type\":\"BreadcrumbList\",\"@id\":\"https:\/\/portaltela.pt\/noticias\/2026\/02\/21\/autocarro-da-rede-expressos-incendia-se-na-a2-entre-almodovar-e-messines\/#breadcrumb\",\"itemListElement\":[{\"@type\":\"ListItem\",\"position\":1,\"name\":\"In\u00edcio\",\"item\":\"https:\/\/portaltela.pt\/\"},{\"@type\":\"ListItem\",\"position\":2,\"name\":\"Autocarro da Rede Expressos incendia-se na A2 entre Almod\u00f4var e Messines\"}]},{\"@type\":\"WebSite\",\"@id\":\"https:\/\/portaltela.pt\/#website\",\"url\":\"https:\/\/portaltela.pt\/\",\"name\":\"Portal Tela Portugal\",\"description\":\"\",\"potentialAction\":[{\"@type\":\"SearchAction\",\"target\":{\"@type\":\"EntryPoint\",\"urlTemplate\":\"https:\/\/portaltela.pt\/?s={search_term_string}\"},\"query-input\":{\"@type\":\"PropertyValueSpecification\",\"valueRequired\":true,\"valueName\":\"search_term_string\"}}],\"inLanguage\":\"pt-PT\"},{\"@type\":\"Person\",\"@id\":\"https:\/\/portaltela.pt\/#\/schema\/person\/c4278d4a6028830caff9ee44b42d32ed\",\"name\":\"Telinha\",\"image\":{\"@type\":\"ImageObject\",\"inLanguage\":\"pt-PT\",\"@id\":\"https:\/\/portaltela.pt\/s.01k8rhncp4jt1\/2025\/11\/talking-bot-125x125.png\",\"url\":\"https:\/\/portaltela.pt\/s.01k8rhncp4jt1\/2025\/11\/talking-bot-125x125.png\",\"contentUrl\":\"https:\/\/portaltela.pt\/s.01k8rhncp4jt1\/2025\/11\/talking-bot-125x125.png\",\"caption\":\"Telinha\"},\"sameAs\":[\"https:\/\/portaltela.pt\/\"],\"url\":\"https:\/\/portaltela.pt\/por\/367410592786\/\"}]}<\/script>\n<!-- \/ Yoast SEO plugin. -->","yoast_head_json":{"title":"Autocarro da Rede Expressos incendia-se na A2 entre Almod\u00f4var e Messines - Portal Tela Portugal","robots":{"index":"index","follow":"follow","max-snippet":"max-snippet:-1","max-image-preview":"max-image-preview:large","max-video-preview":"max-video-preview:-1"},"og_locale":"pt_PT","og_type":"article","og_title":"Autocarro da Rede Expressos incendia-se na A2 entre Almod\u00f4var e Messines - Portal Tela Portugal","og_description":"Autocarro da Rede Expressos incendiou-se na A2, entre Almod\u00f4var e S\u00e3o Bartolomeu de Messines, na noite de s\u00e1bado. O incidente ocorreu \u00e0s 21h15 no quil\u00f3metro 215,6. Entre 30 e 40 passageiros seguiam no autocarro, sem registo de feridos. O tr\u00e2nsito esteve interrompido, passando a funcionar de forma condicionada por uma via. Estiveram no local os Bombeiros Volunt\u00e1rios de Almod\u00f4var, Ourique e S\u00e3o Bartolomeu de Messines.","og_url":"https:\/\/portaltela.pt\/noticias\/2026\/02\/21\/autocarro-da-rede-expressos-incendia-se-na-a2-entre-almodovar-e-messines\/","og_site_name":"Portal Tela Portugal","article_published_time":"2026-02-21T23:33:00+00:00","author":"Telinha","twitter_card":"summary_large_image","twitter_misc":{"Escrito por":"Telinha","Tempo estimado de leitura":"1 minuto"},"schema":{"@context":"https:\/\/schema.org","@graph":[{"@type":"Article","@id":"https:\/\/portaltela.pt\/noticias\/2026\/02\/21\/autocarro-da-rede-expressos-incendia-se-na-a2-entre-almodovar-e-messines\/#article","isPartOf":{"@id":"https:\/\/portaltela.pt\/noticias\/2026\/02\/21\/autocarro-da-rede-expressos-incendia-se-na-a2-entre-almodovar-e-messines\/"},"author":{"name":"Telinha","@id":"https:\/\/portaltela.pt\/#\/schema\/person\/c4278d4a6028830caff9ee44b42d32ed"},"headline":"Autocarro da Rede Expressos incendia-se na A2 entre Almod\u00f4var e Messines","datePublished":"2026-02-21T23:33:00+00:00","mainEntityOfPage":{"@id":"https:\/\/portaltela.pt\/noticias\/2026\/02\/21\/autocarro-da-rede-expressos-incendia-se-na-a2-entre-almodovar-e-messines\/"},"wordCount":123,"image":{"@id":"https:\/\/portaltela.pt\/noticias\/2026\/02\/21\/autocarro-da-rede-expressos-incendia-se-na-a2-entre-almodovar-e-messines\/#primaryimage"},"thumbnailUrl":"https:\/\/portaltela.pt\/s.01k8rhncp4jt1\/2026\/02\/image-1606.jpg","keywords":["acidente","acidente de via\u00e7\u00e3o","Almod\u00f4var","bombeiros","inc\u00eandio","prote\u00e7\u00e3o civil"],"articleSection":["Not\u00edcias"],"inLanguage":"pt-PT"},{"@type":"WebPage","@id":"https:\/\/portaltela.pt\/noticias\/2026\/02\/21\/autocarro-da-rede-expressos-incendia-se-na-a2-entre-almodovar-e-messines\/","url":"https:\/\/portaltela.pt\/noticias\/2026\/02\/21\/autocarro-da-rede-expressos-incendia-se-na-a2-entre-almodovar-e-messines\/","name":"Autocarro da Rede Expressos incendia-se na A2 entre Almod\u00f4var e Messines - Portal Tela Portugal","isPartOf":{"@id":"https:\/\/portaltela.pt\/#website"},"primaryImageOfPage":{"@id":"https:\/\/portaltela.pt\/noticias\/2026\/02\/21\/autocarro-da-rede-expressos-incendia-se-na-a2-entre-almodovar-e-messines\/#primaryimage"},"image":{"@id":"https:\/\/portaltela.pt\/noticias\/2026\/02\/21\/autocarro-da-rede-expressos-incendia-se-na-a2-entre-almodovar-e-messines\/#primaryimage"},"thumbnailUrl":"https:\/\/portaltela.pt\/s.01k8rhncp4jt1\/2026\/02\/image-1606.jpg","datePublished":"2026-02-21T23:33:00+00:00","author":{"@id":"https:\/\/portaltela.pt\/#\/schema\/person\/c4278d4a6028830caff9ee44b42d32ed"},"breadcrumb":{"@id":"https:\/\/portaltela.pt\/noticias\/2026\/02\/21\/autocarro-da-rede-expressos-incendia-se-na-a2-entre-almodovar-e-messines\/#breadcrumb"},"inLanguage":"pt-PT","potentialAction":[{"@type":"ReadAction","target":["https:\/\/portaltela.pt\/noticias\/2026\/02\/21\/autocarro-da-rede-expressos-incendia-se-na-a2-entre-almodovar-e-messines\/"]}]},{"@type":"ImageObject","inLanguage":"pt-PT","@id":"https:\/\/portaltela.pt\/noticias\/2026\/02\/21\/autocarro-da-rede-expressos-incendia-se-na-a2-entre-almodovar-e-messines\/#primaryimage","url":"https:\/\/portaltela.pt\/s.01k8rhncp4jt1\/2026\/02\/image-1606.jpg","contentUrl":"https:\/\/portaltela.pt\/s.01k8rhncp4jt1\/2026\/02\/image-1606.jpg","width":796,"height":448,"caption":"Foto: Martins Ant\u00f3nio\/Os Monhacas"},{"@type":"BreadcrumbList","@id":"https:\/\/portaltela.pt\/noticias\/2026\/02\/21\/autocarro-da-rede-expressos-incendia-se-na-a2-entre-almodovar-e-messines\/#breadcrumb","itemListElement":[{"@type":"ListItem","position":1,"name":"In\u00edcio","item":"https:\/\/portaltela.pt\/"},{"@type":"ListItem","position":2,"name":"Autocarro da Rede Expressos incendia-se na A2 entre Almod\u00f4var e Messines"}]},{"@type":"WebSite","@id":"https:\/\/portaltela.pt\/#website","url":"https:\/\/portaltela.pt\/","name":"Portal Tela Portugal","description":"","potentialAction":[{"@type":"SearchAction","target":{"@type":"EntryPoint","urlTemplate":"https:\/\/portaltela.pt\/?s={search_term_string}"},"query-input":{"@type":"PropertyValueSpecification","valueRequired":true,"valueName":"search_term_string"}}],"inLanguage":"pt-PT"},{"@type":"Person","@id":"https:\/\/portaltela.pt\/#\/schema\/person\/c4278d4a6028830caff9ee44b42d32ed","name":"Telinha","image":{"@type":"ImageObject","inLanguage":"pt-PT","@id":"https:\/\/portaltela.pt\/s.01k8rhncp4jt1\/2025\/11\/talking-bot-125x125.png","url":"https:\/\/portaltela.pt\/s.01k8rhncp4jt1\/2025\/11\/talking-bot-125x125.png","contentUrl":"https:\/\/portaltela.pt\/s.01k8rhncp4jt1\/2025\/11\/talking-bot-125x125.png","caption":"Telinha"},"sameAs":["https:\/\/portaltela.pt\/"],"url":"https:\/\/portaltela.pt\/por\/367410592786\/"}]}},"_links":{"self":[{"href":"https:\/\/portaltela.pt\/api\/wp\/v2\/posts\/221159","targetHints":{"allow":["GET"]}}],"collection":[{"href":"https:\/\/portaltela.pt\/api\/wp\/v2\/posts"}],"about":[{"href":"https:\/\/portaltela.pt\/api\/wp\/v2\/types\/post"}],"author":[{"embeddable":true,"href":"https:\/\/portaltela.pt\/api\/wp\/v2\/users\/2"}],"replies":[{"embeddable":true,"href":"https:\/\/portaltela.pt\/api\/wp\/v2\/comments?post=221159"}],"version-history":[{"count":0,"href":"https:\/\/portaltela.pt\/api\/wp\/v2\/posts\/221159\/revisions"}],"wp:featuredmedia":[{"embeddable":true,"href":"https:\/\/portaltela.pt\/api\/wp\/v2\/media\/221163"}],"wp:attachment":[{"href":"https:\/\/portaltela.pt\/api\/wp\/v2\/media?parent=221159"}],"wp:term":[{"taxonomy":"category","embeddable":true,"href":"https:\/\/portaltela.pt\/api\/wp\/v2\/categories?post=221159"},{"taxonomy":"post_tag","embeddable":true,"href":"https:\/\/portaltela.pt\/api\/wp\/v2\/tags?post=221159"}],"curies":[{"name":"wp","href":"https:\/\/api.w.org\/{rel}","templated":true}]}}