{"id":221158,"date":"2026-02-21T20:40:00","date_gmt":"2026-02-21T23:40:00","guid":{"rendered":"https:\/\/portaltela.pt\/noticias\/2026\/02\/21\/psg-volta-a-lideranca-em-franca-com-goncalo-ramos-em-destaque-2\/"},"modified":"2026-02-21T20:40:00","modified_gmt":"2026-02-21T23:40:00","slug":"psg-volta-a-lideranca-em-franca-com-goncalo-ramos-em-destaque-2","status":"publish","type":"post","link":"https:\/\/portaltela.pt\/desporto\/futebol\/2026\/02\/21\/psg-volta-a-lideranca-em-franca-com-goncalo-ramos-em-destaque-2\/","title":{"rendered":"PSG volta \u00e0 lideran\u00e7a em Fran\u00e7a com Gon\u00e7alo Ramos em destaque"},"content":{"rendered":"<p>O Paris Saint-Germain recuperou a lideran\u00e7a da Ligue 1 ao vencer o Metz por 3-0, nesta 23.\u00aa jornada. O campe\u00e3o em t\u00edtulo consolidou o regresso ao topo, aproveitando o desaire do Lens frente ao M\u00f3naco (3-2) para manter 54 pontos, dois acima do novo segundo classificado.<\/p>\n<p>Ramos foi titular, enquanto Vitinha e Jo\u00e3o Neves entraram no decorrer do encontro. Nuno Mendes esteve no banco, sem entrar em campo. O Metz abriu o marcador aos tr\u00eas minutos com Doue, num jogo em que o PSG dominou o tempo inteiro.<\/p>\n<p>Gon\u00e7alo Ramos destacou-se ao assistir Barcola para o 2-0 aos 45+3 minutos e, aos 77, marcou o terceiro, fechando o resultado. O PSG voltou a liderar ap\u00f3s a derrota frente ao Rennes (3-1) na jornada anterior, sem Ousmane Demb\u00e9l\u00e9, lesionado e ausente.<\/p>\n<h3>Les\u00e3o de Demb\u00e9l\u00e9 e desabafo no balne\u00e1rio<\/h3>\n<p>A aus\u00eancia de Demb\u00e9l\u00e9 manteve-se por les\u00e3o, enquanto a imprensa local revelou que o internacional franc\u00eas criticou a atitude dos companheiros ap\u00f3s o rev\u00e9s frente ao Rennes, gerando movimento no balne\u00e1rio. As informa\u00e7\u00f5es n\u00e3o cont\u00eam declara\u00e7\u00f5es oficiais do clube.<\/p>\n","protected":false},"excerpt":{"rendered":"<ul>\n<li>O Paris Saint-Germain voltou \u00e0 lideran\u00e7a da Ligue 1 ao vencer o Metz, \u00faltimo classificado, por 3-0, na 23.\u00aa jornada, este s\u00e1bado.<\/li>\n<li>Gon\u00e7alo Ramos foi titular, enquanto Vitinha e Jo\u00e3o Neves entraram ao longo da partida e Nuno Mendes ficou no banco.<\/li>\n<li>Ramos assistiu Barcola para o segundo golo aos 45+3 minutos e marcou aos 77, fechando o resultado.<\/li>\n<li>O PSG soma 54 pontos, with dois de vantagem sobre o Lens, que empatou com o Monaco mais cedo (3-2).<\/li>\n<li>O atacante Ousmane Demb\u00e9l\u00e9 falhou a partida por les\u00e3o; rumores de tens\u00e3o no balne\u00e1rio surgiram ap\u00f3s a derrota anterior frente ao Rennes, conforme a imprensa local.<\/li>\n<\/ul>\n","protected":false},"author":2,"featured_media":221162,"comment_status":"closed","ping_status":"closed","sticky":false,"template":"","format":"standard","meta":{"footnotes":""},"categories":[21,24],"tags":[3492,32,2981,2626,1822,2752],"class_list":["post-221158","post","type-post","status-publish","format-standard","has-post-thumbnail","hentry","category-desporto","category-futebol","tag-dembele","tag-futebol","tag-goncalo-ramos","tag-joao-neves","tag-ligue-1","tag-vitinha"],"yoast_head":"<!-- This site is optimized with the Yoast SEO plugin v27.2 - https:\/\/yoast.com\/product\/yoast-seo-wordpress\/ -->\n<title>PSG volta \u00e0 lideran\u00e7a em Fran\u00e7a com Gon\u00e7alo Ramos em destaque - Portal Tela Portugal<\/title>\n<meta name=\"robots\" content=\"index, follow, max-snippet:-1, max-image-preview:large, max-video-preview:-1\" \/>\n<meta property=\"og:locale\" content=\"pt_PT\" \/>\n<meta property=\"og:type\" content=\"article\" \/>\n<meta property=\"og:title\" content=\"PSG volta \u00e0 lideran\u00e7a em Fran\u00e7a com Gon\u00e7alo Ramos em destaque - Portal Tela Portugal\" \/>\n<meta property=\"og:description\" content=\"O Paris Saint-Germain voltou \u00e0 lideran\u00e7a da Ligue 1 ao vencer o Metz, \u00faltimo classificado, por 3-0, na 23.\u00aa jornada, este s\u00e1bado. Gon\u00e7alo Ramos foi titular, enquanto Vitinha e Jo\u00e3o Neves entraram ao longo da partida e Nuno Mendes ficou no banco. Ramos assistiu Barcola para o segundo golo aos 45+3 minutos e marcou aos 77, fechando o resultado. O PSG soma 54 pontos, with dois de vantagem sobre o Lens, que empatou com o Monaco mais cedo (3-2). O atacante Ousmane Demb\u00e9l\u00e9 falhou a partida por les\u00e3o; rumores de tens\u00e3o no balne\u00e1rio surgiram ap\u00f3s a derrota anterior frente ao Rennes, conforme a imprensa local.\" \/>\n<meta property=\"og:url\" content=\"https:\/\/portaltela.pt\/noticias\/2026\/02\/21\/psg-volta-a-lideranca-em-franca-com-goncalo-ramos-em-destaque-2\/\" \/>\n<meta property=\"og:site_name\" content=\"Portal Tela Portugal\" \/>\n<meta property=\"article:published_time\" content=\"2026-02-21T23:40:00+00:00\" \/>\n<meta name=\"author\" content=\"Telinha\" \/>\n<meta name=\"twitter:card\" content=\"summary_large_image\" \/>\n<meta name=\"twitter:label1\" content=\"Escrito por\" \/>\n\t<meta name=\"twitter:data1\" content=\"Telinha\" \/>\n\t<meta name=\"twitter:label2\" content=\"Tempo estimado de leitura\" \/>\n\t<meta name=\"twitter:data2\" content=\"1 minuto\" \/>\n<script type=\"application\/ld+json\" class=\"yoast-schema-graph\">{\"@context\":\"https:\/\/schema.org\",\"@graph\":[{\"@type\":\"Article\",\"@id\":\"https:\/\/portaltela.pt\/noticias\/2026\/02\/21\/psg-volta-a-lideranca-em-franca-com-goncalo-ramos-em-destaque-2\/#article\",\"isPartOf\":{\"@id\":\"https:\/\/portaltela.pt\/noticias\/2026\/02\/21\/psg-volta-a-lideranca-em-franca-com-goncalo-ramos-em-destaque-2\/\"},\"author\":{\"name\":\"Telinha\",\"@id\":\"https:\/\/portaltela.pt\/#\/schema\/person\/c4278d4a6028830caff9ee44b42d32ed\"},\"headline\":\"PSG volta \u00e0 lideran\u00e7a em Fran\u00e7a com Gon\u00e7alo Ramos em destaque\",\"datePublished\":\"2026-02-21T23:40:00+00:00\",\"mainEntityOfPage\":{\"@id\":\"https:\/\/portaltela.pt\/noticias\/2026\/02\/21\/psg-volta-a-lideranca-em-franca-com-goncalo-ramos-em-destaque-2\/\"},\"wordCount\":207,\"image\":{\"@id\":\"https:\/\/portaltela.pt\/noticias\/2026\/02\/21\/psg-volta-a-lideranca-em-franca-com-goncalo-ramos-em-destaque-2\/#primaryimage\"},\"thumbnailUrl\":\"https:\/\/portaltela.pt\/s.01k8rhncp4jt1\/2026\/02\/image-1605.jpg\",\"keywords\":[\"Demb\u00e9l\u00e9\",\"futebol\",\"Gon\u00e7alo Ramos\",\"Jo\u00e3o Neves\",\"Ligue 1\",\"Vitinha\"],\"articleSection\":[\"Desporto\",\"Futebol\"],\"inLanguage\":\"pt-PT\"},{\"@type\":\"WebPage\",\"@id\":\"https:\/\/portaltela.pt\/noticias\/2026\/02\/21\/psg-volta-a-lideranca-em-franca-com-goncalo-ramos-em-destaque-2\/\",\"url\":\"https:\/\/portaltela.pt\/noticias\/2026\/02\/21\/psg-volta-a-lideranca-em-franca-com-goncalo-ramos-em-destaque-2\/\",\"name\":\"PSG volta \u00e0 lideran\u00e7a em Fran\u00e7a com Gon\u00e7alo Ramos em destaque - Portal Tela Portugal\",\"isPartOf\":{\"@id\":\"https:\/\/portaltela.pt\/#website\"},\"primaryImageOfPage\":{\"@id\":\"https:\/\/portaltela.pt\/noticias\/2026\/02\/21\/psg-volta-a-lideranca-em-franca-com-goncalo-ramos-em-destaque-2\/#primaryimage\"},\"image\":{\"@id\":\"https:\/\/portaltela.pt\/noticias\/2026\/02\/21\/psg-volta-a-lideranca-em-franca-com-goncalo-ramos-em-destaque-2\/#primaryimage\"},\"thumbnailUrl\":\"https:\/\/portaltela.pt\/s.01k8rhncp4jt1\/2026\/02\/image-1605.jpg\",\"datePublished\":\"2026-02-21T23:40:00+00:00\",\"author\":{\"@id\":\"https:\/\/portaltela.pt\/#\/schema\/person\/c4278d4a6028830caff9ee44b42d32ed\"},\"breadcrumb\":{\"@id\":\"https:\/\/portaltela.pt\/noticias\/2026\/02\/21\/psg-volta-a-lideranca-em-franca-com-goncalo-ramos-em-destaque-2\/#breadcrumb\"},\"inLanguage\":\"pt-PT\",\"potentialAction\":[{\"@type\":\"ReadAction\",\"target\":[\"https:\/\/portaltela.pt\/noticias\/2026\/02\/21\/psg-volta-a-lideranca-em-franca-com-goncalo-ramos-em-destaque-2\/\"]}]},{\"@type\":\"ImageObject\",\"inLanguage\":\"pt-PT\",\"@id\":\"https:\/\/portaltela.pt\/noticias\/2026\/02\/21\/psg-volta-a-lideranca-em-franca-com-goncalo-ramos-em-destaque-2\/#primaryimage\",\"url\":\"https:\/\/portaltela.pt\/s.01k8rhncp4jt1\/2026\/02\/image-1605.jpg\",\"contentUrl\":\"https:\/\/portaltela.pt\/s.01k8rhncp4jt1\/2026\/02\/image-1605.jpg\",\"width\":796,\"height\":448,\"caption\":\"Internacional assistiu e marcou no triunfo parisiense\"},{\"@type\":\"BreadcrumbList\",\"@id\":\"https:\/\/portaltela.pt\/noticias\/2026\/02\/21\/psg-volta-a-lideranca-em-franca-com-goncalo-ramos-em-destaque-2\/#breadcrumb\",\"itemListElement\":[{\"@type\":\"ListItem\",\"position\":1,\"name\":\"In\u00edcio\",\"item\":\"https:\/\/portaltela.pt\/\"},{\"@type\":\"ListItem\",\"position\":2,\"name\":\"PSG volta \u00e0 lideran\u00e7a em Fran\u00e7a com Gon\u00e7alo Ramos em destaque\"}]},{\"@type\":\"WebSite\",\"@id\":\"https:\/\/portaltela.pt\/#website\",\"url\":\"https:\/\/portaltela.pt\/\",\"name\":\"Portal Tela Portugal\",\"description\":\"\",\"potentialAction\":[{\"@type\":\"SearchAction\",\"target\":{\"@type\":\"EntryPoint\",\"urlTemplate\":\"https:\/\/portaltela.pt\/?s={search_term_string}\"},\"query-input\":{\"@type\":\"PropertyValueSpecification\",\"valueRequired\":true,\"valueName\":\"search_term_string\"}}],\"inLanguage\":\"pt-PT\"},{\"@type\":\"Person\",\"@id\":\"https:\/\/portaltela.pt\/#\/schema\/person\/c4278d4a6028830caff9ee44b42d32ed\",\"name\":\"Telinha\",\"image\":{\"@type\":\"ImageObject\",\"inLanguage\":\"pt-PT\",\"@id\":\"https:\/\/portaltela.pt\/s.01k8rhncp4jt1\/2025\/11\/talking-bot-125x125.png\",\"url\":\"https:\/\/portaltela.pt\/s.01k8rhncp4jt1\/2025\/11\/talking-bot-125x125.png\",\"contentUrl\":\"https:\/\/portaltela.pt\/s.01k8rhncp4jt1\/2025\/11\/talking-bot-125x125.png\",\"caption\":\"Telinha\"},\"sameAs\":[\"https:\/\/portaltela.pt\/\"],\"url\":\"https:\/\/portaltela.pt\/por\/367410592786\/\"}]}<\/script>\n<!-- \/ Yoast SEO plugin. -->","yoast_head_json":{"title":"PSG volta \u00e0 lideran\u00e7a em Fran\u00e7a com Gon\u00e7alo Ramos em destaque - Portal Tela Portugal","robots":{"index":"index","follow":"follow","max-snippet":"max-snippet:-1","max-image-preview":"max-image-preview:large","max-video-preview":"max-video-preview:-1"},"og_locale":"pt_PT","og_type":"article","og_title":"PSG volta \u00e0 lideran\u00e7a em Fran\u00e7a com Gon\u00e7alo Ramos em destaque - Portal Tela Portugal","og_description":"O Paris Saint-Germain voltou \u00e0 lideran\u00e7a da Ligue 1 ao vencer o Metz, \u00faltimo classificado, por 3-0, na 23.\u00aa jornada, este s\u00e1bado. Gon\u00e7alo Ramos foi titular, enquanto Vitinha e Jo\u00e3o Neves entraram ao longo da partida e Nuno Mendes ficou no banco. Ramos assistiu Barcola para o segundo golo aos 45+3 minutos e marcou aos 77, fechando o resultado. O PSG soma 54 pontos, with dois de vantagem sobre o Lens, que empatou com o Monaco mais cedo (3-2). O atacante Ousmane Demb\u00e9l\u00e9 falhou a partida por les\u00e3o; rumores de tens\u00e3o no balne\u00e1rio surgiram ap\u00f3s a derrota anterior frente ao Rennes, conforme a imprensa local.","og_url":"https:\/\/portaltela.pt\/noticias\/2026\/02\/21\/psg-volta-a-lideranca-em-franca-com-goncalo-ramos-em-destaque-2\/","og_site_name":"Portal Tela Portugal","article_published_time":"2026-02-21T23:40:00+00:00","author":"Telinha","twitter_card":"summary_large_image","twitter_misc":{"Escrito por":"Telinha","Tempo estimado de leitura":"1 minuto"},"schema":{"@context":"https:\/\/schema.org","@graph":[{"@type":"Article","@id":"https:\/\/portaltela.pt\/noticias\/2026\/02\/21\/psg-volta-a-lideranca-em-franca-com-goncalo-ramos-em-destaque-2\/#article","isPartOf":{"@id":"https:\/\/portaltela.pt\/noticias\/2026\/02\/21\/psg-volta-a-lideranca-em-franca-com-goncalo-ramos-em-destaque-2\/"},"author":{"name":"Telinha","@id":"https:\/\/portaltela.pt\/#\/schema\/person\/c4278d4a6028830caff9ee44b42d32ed"},"headline":"PSG volta \u00e0 lideran\u00e7a em Fran\u00e7a com Gon\u00e7alo Ramos em destaque","datePublished":"2026-02-21T23:40:00+00:00","mainEntityOfPage":{"@id":"https:\/\/portaltela.pt\/noticias\/2026\/02\/21\/psg-volta-a-lideranca-em-franca-com-goncalo-ramos-em-destaque-2\/"},"wordCount":207,"image":{"@id":"https:\/\/portaltela.pt\/noticias\/2026\/02\/21\/psg-volta-a-lideranca-em-franca-com-goncalo-ramos-em-destaque-2\/#primaryimage"},"thumbnailUrl":"https:\/\/portaltela.pt\/s.01k8rhncp4jt1\/2026\/02\/image-1605.jpg","keywords":["Demb\u00e9l\u00e9","futebol","Gon\u00e7alo Ramos","Jo\u00e3o Neves","Ligue 1","Vitinha"],"articleSection":["Desporto","Futebol"],"inLanguage":"pt-PT"},{"@type":"WebPage","@id":"https:\/\/portaltela.pt\/noticias\/2026\/02\/21\/psg-volta-a-lideranca-em-franca-com-goncalo-ramos-em-destaque-2\/","url":"https:\/\/portaltela.pt\/noticias\/2026\/02\/21\/psg-volta-a-lideranca-em-franca-com-goncalo-ramos-em-destaque-2\/","name":"PSG volta \u00e0 lideran\u00e7a em Fran\u00e7a com Gon\u00e7alo Ramos em destaque - Portal Tela Portugal","isPartOf":{"@id":"https:\/\/portaltela.pt\/#website"},"primaryImageOfPage":{"@id":"https:\/\/portaltela.pt\/noticias\/2026\/02\/21\/psg-volta-a-lideranca-em-franca-com-goncalo-ramos-em-destaque-2\/#primaryimage"},"image":{"@id":"https:\/\/portaltela.pt\/noticias\/2026\/02\/21\/psg-volta-a-lideranca-em-franca-com-goncalo-ramos-em-destaque-2\/#primaryimage"},"thumbnailUrl":"https:\/\/portaltela.pt\/s.01k8rhncp4jt1\/2026\/02\/image-1605.jpg","datePublished":"2026-02-21T23:40:00+00:00","author":{"@id":"https:\/\/portaltela.pt\/#\/schema\/person\/c4278d4a6028830caff9ee44b42d32ed"},"breadcrumb":{"@id":"https:\/\/portaltela.pt\/noticias\/2026\/02\/21\/psg-volta-a-lideranca-em-franca-com-goncalo-ramos-em-destaque-2\/#breadcrumb"},"inLanguage":"pt-PT","potentialAction":[{"@type":"ReadAction","target":["https:\/\/portaltela.pt\/noticias\/2026\/02\/21\/psg-volta-a-lideranca-em-franca-com-goncalo-ramos-em-destaque-2\/"]}]},{"@type":"ImageObject","inLanguage":"pt-PT","@id":"https:\/\/portaltela.pt\/noticias\/2026\/02\/21\/psg-volta-a-lideranca-em-franca-com-goncalo-ramos-em-destaque-2\/#primaryimage","url":"https:\/\/portaltela.pt\/s.01k8rhncp4jt1\/2026\/02\/image-1605.jpg","contentUrl":"https:\/\/portaltela.pt\/s.01k8rhncp4jt1\/2026\/02\/image-1605.jpg","width":796,"height":448,"caption":"Internacional assistiu e marcou no triunfo parisiense"},{"@type":"BreadcrumbList","@id":"https:\/\/portaltela.pt\/noticias\/2026\/02\/21\/psg-volta-a-lideranca-em-franca-com-goncalo-ramos-em-destaque-2\/#breadcrumb","itemListElement":[{"@type":"ListItem","position":1,"name":"In\u00edcio","item":"https:\/\/portaltela.pt\/"},{"@type":"ListItem","position":2,"name":"PSG volta \u00e0 lideran\u00e7a em Fran\u00e7a com Gon\u00e7alo Ramos em destaque"}]},{"@type":"WebSite","@id":"https:\/\/portaltela.pt\/#website","url":"https:\/\/portaltela.pt\/","name":"Portal Tela Portugal","description":"","potentialAction":[{"@type":"SearchAction","target":{"@type":"EntryPoint","urlTemplate":"https:\/\/portaltela.pt\/?s={search_term_string}"},"query-input":{"@type":"PropertyValueSpecification","valueRequired":true,"valueName":"search_term_string"}}],"inLanguage":"pt-PT"},{"@type":"Person","@id":"https:\/\/portaltela.pt\/#\/schema\/person\/c4278d4a6028830caff9ee44b42d32ed","name":"Telinha","image":{"@type":"ImageObject","inLanguage":"pt-PT","@id":"https:\/\/portaltela.pt\/s.01k8rhncp4jt1\/2025\/11\/talking-bot-125x125.png","url":"https:\/\/portaltela.pt\/s.01k8rhncp4jt1\/2025\/11\/talking-bot-125x125.png","contentUrl":"https:\/\/portaltela.pt\/s.01k8rhncp4jt1\/2025\/11\/talking-bot-125x125.png","caption":"Telinha"},"sameAs":["https:\/\/portaltela.pt\/"],"url":"https:\/\/portaltela.pt\/por\/367410592786\/"}]}},"_links":{"self":[{"href":"https:\/\/portaltela.pt\/api\/wp\/v2\/posts\/221158","targetHints":{"allow":["GET"]}}],"collection":[{"href":"https:\/\/portaltela.pt\/api\/wp\/v2\/posts"}],"about":[{"href":"https:\/\/portaltela.pt\/api\/wp\/v2\/types\/post"}],"author":[{"embeddable":true,"href":"https:\/\/portaltela.pt\/api\/wp\/v2\/users\/2"}],"replies":[{"embeddable":true,"href":"https:\/\/portaltela.pt\/api\/wp\/v2\/comments?post=221158"}],"version-history":[{"count":0,"href":"https:\/\/portaltela.pt\/api\/wp\/v2\/posts\/221158\/revisions"}],"wp:featuredmedia":[{"embeddable":true,"href":"https:\/\/portaltela.pt\/api\/wp\/v2\/media\/221162"}],"wp:attachment":[{"href":"https:\/\/portaltela.pt\/api\/wp\/v2\/media?parent=221158"}],"wp:term":[{"taxonomy":"category","embeddable":true,"href":"https:\/\/portaltela.pt\/api\/wp\/v2\/categories?post=221158"},{"taxonomy":"post_tag","embeddable":true,"href":"https:\/\/portaltela.pt\/api\/wp\/v2\/tags?post=221158"}],"curies":[{"name":"wp","href":"https:\/\/api.w.org\/{rel}","templated":true}]}}