{"id":221140,"date":"2026-02-21T20:09:14","date_gmt":"2026-02-21T23:09:14","guid":{"rendered":"https:\/\/portaltela.pt\/noticias\/2026\/02\/21\/ilhas-ocidentais-dos-acores-em-aviso-vermelho-por-agitacao-maritima\/"},"modified":"2026-02-21T20:09:14","modified_gmt":"2026-02-21T23:09:14","slug":"ilhas-ocidentais-dos-acores-em-aviso-vermelho-por-agitacao-maritima","status":"publish","type":"post","link":"https:\/\/portaltela.pt\/noticias\/2026\/02\/21\/ilhas-ocidentais-dos-acores-em-aviso-vermelho-por-agitacao-maritima\/","title":{"rendered":"Ilhas Ocidentais dos A\u00e7ores em aviso vermelho por agita\u00e7\u00e3o mar\u00edtima"},"content":{"rendered":"<p>O Instituto Portugu\u00eas do Mar e da Atmosfera (IPMA) emitiu este s\u00e1bado avisos para o arquip\u00e9lago dos A\u00e7ores devido \u00e0 agita\u00e7\u00e3o mar\u00edtima e ao vento intenso. As ilhas do grupo Ocidental (Flores e Corvo) ficam sob aviso vermelho por ondas de oeste com altura prevista at\u00e9 19 metros. O per\u00edodo \u00e9 entre as 17h00 de segunda-feira e as 07h00 de ter\u00e7a-feira, hora local.<\/p>\n<p>Para Flores e Corvo, o IPMA tamb\u00e9m estabelece avisos laranja e amarelo por vento e agita\u00e7\u00e3o mar\u00edtima. O aviso laranja por agita\u00e7\u00e3o mar\u00edtima e ondas de oeste decorre das 14h00 \u00e0s 17h00 de segunda-feira e das 07h00 \u00e0s 11h00 de ter\u00e7a-feira, com vento adicional entre as 11h00 e as 23h00 de segunda.<\/p>\n<p>Al\u00e9m disso, para Flores e Corvo vigoram avisos amarelos por vento, entre domingo \u00e0 noite e segunda-feira de manh\u00e3, e por agita\u00e7\u00e3o mar\u00edtima em v\u00e1rios intervalos ao longo de segunda e ter\u00e7a-feira.<\/p>\n<p>No grupo Central (Faial, Pico, Terceira, S\u00e3o Jorge e Graciosa) o foco \u00e9 a agita\u00e7\u00e3o mar\u00edtima, com aviso laranja das 20h00 de segunda-feira \u00e0s 11h00 de ter\u00e7a-feira e amarelo em dois blocos: 17h00-20h00 de segunda e 11h00-17h00 de ter\u00e7a. O vento ter\u00e1 aviso amarelo das 07h00 de segunda \u00e0s 08h00 de ter\u00e7a.<\/p>\n<p>Para o grupo Oriental (S\u00e3o Miguel e Santa Maria) o aviso \u00e9 amarelo por agita\u00e7\u00e3o mar\u00edtima, das 02h00 \u00e0s 17h00 de ter\u00e7a-feira, com ondas de oeste previstas.<\/p>\n<h3>Contexto meteorol\u00f3gico<\/h3>\n<p>O IPMA detalha que a aproxima\u00e7\u00e3o de uma superf\u00edcie frontal fria, associada a um sistema frontal a noroeste, deve intensificar o vento e a agita\u00e7\u00e3o mar\u00edtima a partir de segunda-feira. O vento dever\u00e1 oscilar entre sudoeste e noroeste, com rajadas de at\u00e9 105 km\/h nas Ilhas Ocidentais, 90 km\/h no grupo Central e 80 km\/h no Oriental.<\/p>\n<p>As ondas de oeste devem alcan\u00e7ar alturas significativas de at\u00e9 10 metros no Ocidental, com pico precoce de 19 metros, at\u00e9 8 metros no Central e at\u00e9 7 metros no Oriental, afetando a navega\u00e7\u00e3o e as atividades costeiras. O IPMA sublinha que o aviso vermelho corresponde a risco extremo.<\/p>\n","protected":false},"excerpt":{"rendered":"<ul>\n<li>O IPMA colocou aviso vermelho para as ilhas Flores e Corvo (grupo ocidental) entre segunda-feira \u00e0s 17h e ter\u00e7a-feira \u00e0s 07h, por agita\u00e7\u00e3o mar\u00edtima com ondas de oeste que podem atingir 19 metros.<\/li>\n<li>Al\u00e9m do vermelho, Flores e Corvo t\u00eam avisos laranja e amarelo por vento e agita\u00e7\u00e3o mar\u00edtima, com hor\u00e1rios espec\u00edficos anunciados pelo instituto.<\/li>\n<li>A aproxima\u00e7\u00e3o de uma frente fria deve provocar rajadas de vento de sudoeste a noroeste: at\u00e9 105 km\/h nas ilhas ocidentais, 90 km\/h no grupo central e 80 km\/h no grupo oriental.<\/li>\n<li>Prev\u00ea-se agita\u00e7\u00e3o mar\u00edtima com altura significativa de at\u00e9 10 metros nas ilhas ocidentais (pico de 19 metros), 8 metros no grupo central e 7 metros no grupo oriental.<\/li>\n<li>A condi\u00e7\u00e3o atmosf\u00e9rica intensifica-se a partir de segunda-feira devido \u00e0 passagem da frente fria associada a um sistema frontal a noroeste do arquip\u00e9lago.<\/li>\n<\/ul>\n","protected":false},"author":2,"featured_media":221142,"comment_status":"closed","ping_status":"closed","sticky":false,"template":"","format":"standard","meta":{"footnotes":""},"categories":[1],"tags":[822,183,3658,3784,3968,4782],"class_list":["post-221140","post","type-post","status-publish","format-standard","has-post-thumbnail","hentry","category-noticias","tag-acores","tag-agitacao-maritima","tag-aviso-amarelo","tag-aviso-vermelho","tag-ipma","tag-vento"],"yoast_head":"<!-- This site is optimized with the Yoast SEO plugin v27.2 - https:\/\/yoast.com\/product\/yoast-seo-wordpress\/ -->\n<title>Ilhas Ocidentais dos A\u00e7ores em aviso vermelho por agita\u00e7\u00e3o mar\u00edtima - Portal Tela Portugal<\/title>\n<meta name=\"robots\" content=\"index, follow, max-snippet:-1, max-image-preview:large, max-video-preview:-1\" \/>\n<meta property=\"og:locale\" content=\"pt_PT\" \/>\n<meta property=\"og:type\" content=\"article\" \/>\n<meta property=\"og:title\" content=\"Ilhas Ocidentais dos A\u00e7ores em aviso vermelho por agita\u00e7\u00e3o mar\u00edtima - Portal Tela Portugal\" \/>\n<meta property=\"og:description\" content=\"O IPMA colocou aviso vermelho para as ilhas Flores e Corvo (grupo ocidental) entre segunda-feira \u00e0s 17h e ter\u00e7a-feira \u00e0s 07h, por agita\u00e7\u00e3o mar\u00edtima com ondas de oeste que podem atingir 19 metros. Al\u00e9m do vermelho, Flores e Corvo t\u00eam avisos laranja e amarelo por vento e agita\u00e7\u00e3o mar\u00edtima, com hor\u00e1rios espec\u00edficos anunciados pelo instituto. A aproxima\u00e7\u00e3o de uma frente fria deve provocar rajadas de vento de sudoeste a noroeste: at\u00e9 105 km\/h nas ilhas ocidentais, 90 km\/h no grupo central e 80 km\/h no grupo oriental. Prev\u00ea-se agita\u00e7\u00e3o mar\u00edtima com altura significativa de at\u00e9 10 metros nas ilhas ocidentais (pico de 19 metros), 8 metros no grupo central e 7 metros no grupo oriental. A condi\u00e7\u00e3o atmosf\u00e9rica intensifica-se a partir de segunda-feira devido \u00e0 passagem da frente fria associada a um sistema frontal a noroeste do arquip\u00e9lago.\" \/>\n<meta property=\"og:url\" content=\"https:\/\/portaltela.pt\/noticias\/2026\/02\/21\/ilhas-ocidentais-dos-acores-em-aviso-vermelho-por-agitacao-maritima\/\" \/>\n<meta property=\"og:site_name\" content=\"Portal Tela Portugal\" \/>\n<meta property=\"article:published_time\" content=\"2026-02-21T23:09:14+00:00\" \/>\n<meta name=\"author\" content=\"Telinha\" \/>\n<meta name=\"twitter:card\" content=\"summary_large_image\" \/>\n<meta name=\"twitter:label1\" content=\"Escrito por\" \/>\n\t<meta name=\"twitter:data1\" content=\"Telinha\" \/>\n\t<meta name=\"twitter:label2\" content=\"Tempo estimado de leitura\" \/>\n\t<meta name=\"twitter:data2\" content=\"2 minutos\" \/>\n<script type=\"application\/ld+json\" class=\"yoast-schema-graph\">{\"@context\":\"https:\/\/schema.org\",\"@graph\":[{\"@type\":\"Article\",\"@id\":\"https:\/\/portaltela.pt\/noticias\/2026\/02\/21\/ilhas-ocidentais-dos-acores-em-aviso-vermelho-por-agitacao-maritima\/#article\",\"isPartOf\":{\"@id\":\"https:\/\/portaltela.pt\/noticias\/2026\/02\/21\/ilhas-ocidentais-dos-acores-em-aviso-vermelho-por-agitacao-maritima\/\"},\"author\":{\"name\":\"Telinha\",\"@id\":\"https:\/\/portaltela.pt\/#\/schema\/person\/c4278d4a6028830caff9ee44b42d32ed\"},\"headline\":\"Ilhas Ocidentais dos A\u00e7ores em aviso vermelho por agita\u00e7\u00e3o mar\u00edtima\",\"datePublished\":\"2026-02-21T23:09:14+00:00\",\"mainEntityOfPage\":{\"@id\":\"https:\/\/portaltela.pt\/noticias\/2026\/02\/21\/ilhas-ocidentais-dos-acores-em-aviso-vermelho-por-agitacao-maritima\/\"},\"wordCount\":377,\"image\":{\"@id\":\"https:\/\/portaltela.pt\/noticias\/2026\/02\/21\/ilhas-ocidentais-dos-acores-em-aviso-vermelho-por-agitacao-maritima\/#primaryimage\"},\"thumbnailUrl\":\"https:\/\/portaltela.pt\/s.01k8rhncp4jt1\/2026\/02\/img_1500x1000uu2016-10-23-09-49-00-571411.jpg\",\"keywords\":[\"A\u00e7ores\",\"agita\u00e7\u00e3o mar\u00edtima\",\"aviso amarelo\",\"aviso vermelho\",\"IPMA\",\"vento\"],\"articleSection\":[\"Not\u00edcias\"],\"inLanguage\":\"pt-PT\"},{\"@type\":\"WebPage\",\"@id\":\"https:\/\/portaltela.pt\/noticias\/2026\/02\/21\/ilhas-ocidentais-dos-acores-em-aviso-vermelho-por-agitacao-maritima\/\",\"url\":\"https:\/\/portaltela.pt\/noticias\/2026\/02\/21\/ilhas-ocidentais-dos-acores-em-aviso-vermelho-por-agitacao-maritima\/\",\"name\":\"Ilhas Ocidentais dos A\u00e7ores em aviso vermelho por agita\u00e7\u00e3o mar\u00edtima - Portal Tela Portugal\",\"isPartOf\":{\"@id\":\"https:\/\/portaltela.pt\/#website\"},\"primaryImageOfPage\":{\"@id\":\"https:\/\/portaltela.pt\/noticias\/2026\/02\/21\/ilhas-ocidentais-dos-acores-em-aviso-vermelho-por-agitacao-maritima\/#primaryimage\"},\"image\":{\"@id\":\"https:\/\/portaltela.pt\/noticias\/2026\/02\/21\/ilhas-ocidentais-dos-acores-em-aviso-vermelho-por-agitacao-maritima\/#primaryimage\"},\"thumbnailUrl\":\"https:\/\/portaltela.pt\/s.01k8rhncp4jt1\/2026\/02\/img_1500x1000uu2016-10-23-09-49-00-571411.jpg\",\"datePublished\":\"2026-02-21T23:09:14+00:00\",\"author\":{\"@id\":\"https:\/\/portaltela.pt\/#\/schema\/person\/c4278d4a6028830caff9ee44b42d32ed\"},\"breadcrumb\":{\"@id\":\"https:\/\/portaltela.pt\/noticias\/2026\/02\/21\/ilhas-ocidentais-dos-acores-em-aviso-vermelho-por-agitacao-maritima\/#breadcrumb\"},\"inLanguage\":\"pt-PT\",\"potentialAction\":[{\"@type\":\"ReadAction\",\"target\":[\"https:\/\/portaltela.pt\/noticias\/2026\/02\/21\/ilhas-ocidentais-dos-acores-em-aviso-vermelho-por-agitacao-maritima\/\"]}]},{\"@type\":\"ImageObject\",\"inLanguage\":\"pt-PT\",\"@id\":\"https:\/\/portaltela.pt\/noticias\/2026\/02\/21\/ilhas-ocidentais-dos-acores-em-aviso-vermelho-por-agitacao-maritima\/#primaryimage\",\"url\":\"https:\/\/portaltela.pt\/s.01k8rhncp4jt1\/2026\/02\/img_1500x1000uu2016-10-23-09-49-00-571411.jpg\",\"contentUrl\":\"https:\/\/portaltela.pt\/s.01k8rhncp4jt1\/2026\/02\/img_1500x1000uu2016-10-23-09-49-00-571411.jpg\",\"width\":796,\"height\":448,\"caption\":\"Ilhas do grupo Ocidental dos A\u00e7ores sob aviso vermelho por agita\u00e7\u00e3o mar\u00edtima\"},{\"@type\":\"BreadcrumbList\",\"@id\":\"https:\/\/portaltela.pt\/noticias\/2026\/02\/21\/ilhas-ocidentais-dos-acores-em-aviso-vermelho-por-agitacao-maritima\/#breadcrumb\",\"itemListElement\":[{\"@type\":\"ListItem\",\"position\":1,\"name\":\"In\u00edcio\",\"item\":\"https:\/\/portaltela.pt\/\"},{\"@type\":\"ListItem\",\"position\":2,\"name\":\"Ilhas Ocidentais dos A\u00e7ores em aviso vermelho por agita\u00e7\u00e3o mar\u00edtima\"}]},{\"@type\":\"WebSite\",\"@id\":\"https:\/\/portaltela.pt\/#website\",\"url\":\"https:\/\/portaltela.pt\/\",\"name\":\"Portal Tela Portugal\",\"description\":\"\",\"potentialAction\":[{\"@type\":\"SearchAction\",\"target\":{\"@type\":\"EntryPoint\",\"urlTemplate\":\"https:\/\/portaltela.pt\/?s={search_term_string}\"},\"query-input\":{\"@type\":\"PropertyValueSpecification\",\"valueRequired\":true,\"valueName\":\"search_term_string\"}}],\"inLanguage\":\"pt-PT\"},{\"@type\":\"Person\",\"@id\":\"https:\/\/portaltela.pt\/#\/schema\/person\/c4278d4a6028830caff9ee44b42d32ed\",\"name\":\"Telinha\",\"image\":{\"@type\":\"ImageObject\",\"inLanguage\":\"pt-PT\",\"@id\":\"https:\/\/portaltela.pt\/s.01k8rhncp4jt1\/2025\/11\/talking-bot-125x125.png\",\"url\":\"https:\/\/portaltela.pt\/s.01k8rhncp4jt1\/2025\/11\/talking-bot-125x125.png\",\"contentUrl\":\"https:\/\/portaltela.pt\/s.01k8rhncp4jt1\/2025\/11\/talking-bot-125x125.png\",\"caption\":\"Telinha\"},\"sameAs\":[\"https:\/\/portaltela.pt\/\"],\"url\":\"https:\/\/portaltela.pt\/por\/367410592786\/\"}]}<\/script>\n<!-- \/ Yoast SEO plugin. -->","yoast_head_json":{"title":"Ilhas Ocidentais dos A\u00e7ores em aviso vermelho por agita\u00e7\u00e3o mar\u00edtima - Portal Tela Portugal","robots":{"index":"index","follow":"follow","max-snippet":"max-snippet:-1","max-image-preview":"max-image-preview:large","max-video-preview":"max-video-preview:-1"},"og_locale":"pt_PT","og_type":"article","og_title":"Ilhas Ocidentais dos A\u00e7ores em aviso vermelho por agita\u00e7\u00e3o mar\u00edtima - Portal Tela Portugal","og_description":"O IPMA colocou aviso vermelho para as ilhas Flores e Corvo (grupo ocidental) entre segunda-feira \u00e0s 17h e ter\u00e7a-feira \u00e0s 07h, por agita\u00e7\u00e3o mar\u00edtima com ondas de oeste que podem atingir 19 metros. Al\u00e9m do vermelho, Flores e Corvo t\u00eam avisos laranja e amarelo por vento e agita\u00e7\u00e3o mar\u00edtima, com hor\u00e1rios espec\u00edficos anunciados pelo instituto. A aproxima\u00e7\u00e3o de uma frente fria deve provocar rajadas de vento de sudoeste a noroeste: at\u00e9 105 km\/h nas ilhas ocidentais, 90 km\/h no grupo central e 80 km\/h no grupo oriental. Prev\u00ea-se agita\u00e7\u00e3o mar\u00edtima com altura significativa de at\u00e9 10 metros nas ilhas ocidentais (pico de 19 metros), 8 metros no grupo central e 7 metros no grupo oriental. A condi\u00e7\u00e3o atmosf\u00e9rica intensifica-se a partir de segunda-feira devido \u00e0 passagem da frente fria associada a um sistema frontal a noroeste do arquip\u00e9lago.","og_url":"https:\/\/portaltela.pt\/noticias\/2026\/02\/21\/ilhas-ocidentais-dos-acores-em-aviso-vermelho-por-agitacao-maritima\/","og_site_name":"Portal Tela Portugal","article_published_time":"2026-02-21T23:09:14+00:00","author":"Telinha","twitter_card":"summary_large_image","twitter_misc":{"Escrito por":"Telinha","Tempo estimado de leitura":"2 minutos"},"schema":{"@context":"https:\/\/schema.org","@graph":[{"@type":"Article","@id":"https:\/\/portaltela.pt\/noticias\/2026\/02\/21\/ilhas-ocidentais-dos-acores-em-aviso-vermelho-por-agitacao-maritima\/#article","isPartOf":{"@id":"https:\/\/portaltela.pt\/noticias\/2026\/02\/21\/ilhas-ocidentais-dos-acores-em-aviso-vermelho-por-agitacao-maritima\/"},"author":{"name":"Telinha","@id":"https:\/\/portaltela.pt\/#\/schema\/person\/c4278d4a6028830caff9ee44b42d32ed"},"headline":"Ilhas Ocidentais dos A\u00e7ores em aviso vermelho por agita\u00e7\u00e3o mar\u00edtima","datePublished":"2026-02-21T23:09:14+00:00","mainEntityOfPage":{"@id":"https:\/\/portaltela.pt\/noticias\/2026\/02\/21\/ilhas-ocidentais-dos-acores-em-aviso-vermelho-por-agitacao-maritima\/"},"wordCount":377,"image":{"@id":"https:\/\/portaltela.pt\/noticias\/2026\/02\/21\/ilhas-ocidentais-dos-acores-em-aviso-vermelho-por-agitacao-maritima\/#primaryimage"},"thumbnailUrl":"https:\/\/portaltela.pt\/s.01k8rhncp4jt1\/2026\/02\/img_1500x1000uu2016-10-23-09-49-00-571411.jpg","keywords":["A\u00e7ores","agita\u00e7\u00e3o mar\u00edtima","aviso amarelo","aviso vermelho","IPMA","vento"],"articleSection":["Not\u00edcias"],"inLanguage":"pt-PT"},{"@type":"WebPage","@id":"https:\/\/portaltela.pt\/noticias\/2026\/02\/21\/ilhas-ocidentais-dos-acores-em-aviso-vermelho-por-agitacao-maritima\/","url":"https:\/\/portaltela.pt\/noticias\/2026\/02\/21\/ilhas-ocidentais-dos-acores-em-aviso-vermelho-por-agitacao-maritima\/","name":"Ilhas Ocidentais dos A\u00e7ores em aviso vermelho por agita\u00e7\u00e3o mar\u00edtima - Portal Tela Portugal","isPartOf":{"@id":"https:\/\/portaltela.pt\/#website"},"primaryImageOfPage":{"@id":"https:\/\/portaltela.pt\/noticias\/2026\/02\/21\/ilhas-ocidentais-dos-acores-em-aviso-vermelho-por-agitacao-maritima\/#primaryimage"},"image":{"@id":"https:\/\/portaltela.pt\/noticias\/2026\/02\/21\/ilhas-ocidentais-dos-acores-em-aviso-vermelho-por-agitacao-maritima\/#primaryimage"},"thumbnailUrl":"https:\/\/portaltela.pt\/s.01k8rhncp4jt1\/2026\/02\/img_1500x1000uu2016-10-23-09-49-00-571411.jpg","datePublished":"2026-02-21T23:09:14+00:00","author":{"@id":"https:\/\/portaltela.pt\/#\/schema\/person\/c4278d4a6028830caff9ee44b42d32ed"},"breadcrumb":{"@id":"https:\/\/portaltela.pt\/noticias\/2026\/02\/21\/ilhas-ocidentais-dos-acores-em-aviso-vermelho-por-agitacao-maritima\/#breadcrumb"},"inLanguage":"pt-PT","potentialAction":[{"@type":"ReadAction","target":["https:\/\/portaltela.pt\/noticias\/2026\/02\/21\/ilhas-ocidentais-dos-acores-em-aviso-vermelho-por-agitacao-maritima\/"]}]},{"@type":"ImageObject","inLanguage":"pt-PT","@id":"https:\/\/portaltela.pt\/noticias\/2026\/02\/21\/ilhas-ocidentais-dos-acores-em-aviso-vermelho-por-agitacao-maritima\/#primaryimage","url":"https:\/\/portaltela.pt\/s.01k8rhncp4jt1\/2026\/02\/img_1500x1000uu2016-10-23-09-49-00-571411.jpg","contentUrl":"https:\/\/portaltela.pt\/s.01k8rhncp4jt1\/2026\/02\/img_1500x1000uu2016-10-23-09-49-00-571411.jpg","width":796,"height":448,"caption":"Ilhas do grupo Ocidental dos A\u00e7ores sob aviso vermelho por agita\u00e7\u00e3o mar\u00edtima"},{"@type":"BreadcrumbList","@id":"https:\/\/portaltela.pt\/noticias\/2026\/02\/21\/ilhas-ocidentais-dos-acores-em-aviso-vermelho-por-agitacao-maritima\/#breadcrumb","itemListElement":[{"@type":"ListItem","position":1,"name":"In\u00edcio","item":"https:\/\/portaltela.pt\/"},{"@type":"ListItem","position":2,"name":"Ilhas Ocidentais dos A\u00e7ores em aviso vermelho por agita\u00e7\u00e3o mar\u00edtima"}]},{"@type":"WebSite","@id":"https:\/\/portaltela.pt\/#website","url":"https:\/\/portaltela.pt\/","name":"Portal Tela Portugal","description":"","potentialAction":[{"@type":"SearchAction","target":{"@type":"EntryPoint","urlTemplate":"https:\/\/portaltela.pt\/?s={search_term_string}"},"query-input":{"@type":"PropertyValueSpecification","valueRequired":true,"valueName":"search_term_string"}}],"inLanguage":"pt-PT"},{"@type":"Person","@id":"https:\/\/portaltela.pt\/#\/schema\/person\/c4278d4a6028830caff9ee44b42d32ed","name":"Telinha","image":{"@type":"ImageObject","inLanguage":"pt-PT","@id":"https:\/\/portaltela.pt\/s.01k8rhncp4jt1\/2025\/11\/talking-bot-125x125.png","url":"https:\/\/portaltela.pt\/s.01k8rhncp4jt1\/2025\/11\/talking-bot-125x125.png","contentUrl":"https:\/\/portaltela.pt\/s.01k8rhncp4jt1\/2025\/11\/talking-bot-125x125.png","caption":"Telinha"},"sameAs":["https:\/\/portaltela.pt\/"],"url":"https:\/\/portaltela.pt\/por\/367410592786\/"}]}},"_links":{"self":[{"href":"https:\/\/portaltela.pt\/api\/wp\/v2\/posts\/221140","targetHints":{"allow":["GET"]}}],"collection":[{"href":"https:\/\/portaltela.pt\/api\/wp\/v2\/posts"}],"about":[{"href":"https:\/\/portaltela.pt\/api\/wp\/v2\/types\/post"}],"author":[{"embeddable":true,"href":"https:\/\/portaltela.pt\/api\/wp\/v2\/users\/2"}],"replies":[{"embeddable":true,"href":"https:\/\/portaltela.pt\/api\/wp\/v2\/comments?post=221140"}],"version-history":[{"count":0,"href":"https:\/\/portaltela.pt\/api\/wp\/v2\/posts\/221140\/revisions"}],"wp:featuredmedia":[{"embeddable":true,"href":"https:\/\/portaltela.pt\/api\/wp\/v2\/media\/221142"}],"wp:attachment":[{"href":"https:\/\/portaltela.pt\/api\/wp\/v2\/media?parent=221140"}],"wp:term":[{"taxonomy":"category","embeddable":true,"href":"https:\/\/portaltela.pt\/api\/wp\/v2\/categories?post=221140"},{"taxonomy":"post_tag","embeddable":true,"href":"https:\/\/portaltela.pt\/api\/wp\/v2\/tags?post=221140"}],"curies":[{"name":"wp","href":"https:\/\/api.w.org\/{rel}","templated":true}]}}