{"id":221105,"date":"2026-02-21T18:44:00","date_gmt":"2026-02-21T21:44:00","guid":{"rendered":"https:\/\/portaltela.pt\/noticias\/2026\/02\/21\/real-madrid-derrota-o-osasuna-antes-do-reencontro-com-o-benfica\/"},"modified":"2026-02-21T18:44:00","modified_gmt":"2026-02-21T21:44:00","slug":"real-madrid-derrota-o-osasuna-antes-do-reencontro-com-o-benfica","status":"publish","type":"post","link":"https:\/\/portaltela.pt\/desporto\/futebol\/2026\/02\/21\/real-madrid-derrota-o-osasuna-antes-do-reencontro-com-o-benfica\/","title":{"rendered":"Real Madrid derrota o Osasuna antes do reencontro com o Benfica"},"content":{"rendered":"<p>O Real Madrid perdeu com o Osasuna na primeira m\u00e3o dos quartos de final da Liga dos Campe\u00f5es, em jogo que abriu a eliminat\u00f3ria. O encontro ficou marcado por um golo de Ante Budimir aos 38 minutos, de grande penaliza\u00e7\u00e3o.<\/p>\n<p>Vin\u00edcius J\u00fanior empatou aos 73 minutos, num lance finalizado com classe ap\u00f3s servi\u00e7o de Fede Valverde. Contudo, Raul Garc\u00eda foi decisivo ao marcar aos 90+1, garantindo o 2-1 para o Osasuna.<\/p>\n<p>Antes disso, a jornada de liga viu o Betis empatar com o Rayo Vallecano (1-1) e a Real Sociedad empatar com o Oviedo (3-3). Gon\u00e7alo Guedes, titular pela Real Sociedad, fez assist\u00eancias no terceiro golo.<\/p>\n<p>Na Andaluzia, o Betis abriu o marcador com Cedric Bakambu aos 16 minutos, mas Isi Palaz\u00f3n empatou aos 42. O duelo terminou repartido entre o Betis e o Rayo Vallecano, com 1-1 no placar final.<\/p>\n<p>A cinco jornadas do fim da liga, o Benfica lidera o play-off de acesso aos oitavos-de-final da Champions, com 60 pontos, seguido pelo Barcelona, com 58 e menos um jogo. O duelo est\u00e1 lan\u00e7ado para a primeira-m\u00e3o contra o Benfica.<\/p>\n","protected":false},"excerpt":{"rendered":"<ul>\n<li>O Real Madrid perdeu diante do Osasuna por 2-1, na jornada europeia, ficando o Osasuna a liderar ao intervalo ap\u00f3s um golo de Ante Budimir de penalti aos 38 minutos; Vin\u00edcius J\u00fanior restabeleceu o empate aos 73 minutos, e Raul Garc\u00eda fixou o resultado no tempo de desconto.<\/li>\n<li>O resultado complica o Real Madrid na luta pela lideran\u00e7a, mantendo-os com 60 pontos, enquanto o Barcelona tem 58 e um jogo a menos.<\/li>\n<li>Os outros dois jogos do dia terminaram empatados: Betis 1-1 Rayo Vallecano e Real Sociedad 3-3 Oviedo; em San Sebastian, Gon\u00e7alo Guedes foi titular e deu a assist\u00eancia para o terceiro golo basco.<\/li>\n<li>No Betis, Cedric Bakambu abriu o marcador aos 16 minutos e Isi Palaz\u00f3n empatou aos 42.<\/li>\n<li>O foco do Real Madrid \u00e9 o reencontro com o Benfica no play-off de acesso aos oitavos de final da Liga dos Campe\u00f5es, ap\u00f3s o emblema espanhol ter ficado com vantagem de 1-0 na primeira m\u00e3o devido a alegadas ofensas racistas de Prestianni a Vin\u00edcius J\u00fanior.<\/li>\n<\/ul>\n","protected":false},"author":2,"featured_media":221107,"comment_status":"closed","ping_status":"closed","sticky":false,"template":"","format":"standard","meta":{"footnotes":""},"categories":[21,24],"tags":[1946,3577,32,3338,2192],"class_list":["post-221105","post","type-post","status-publish","format-standard","has-post-thumbnail","hentry","category-desporto","category-futebol","tag-benfica","tag-champions-league","tag-futebol","tag-futebol-internacional","tag-goncalo-guedes"],"yoast_head":"<!-- This site is optimized with the Yoast SEO plugin v27.2 - https:\/\/yoast.com\/product\/yoast-seo-wordpress\/ -->\n<title>Real Madrid derrota o Osasuna antes do reencontro com o Benfica - Portal Tela Portugal<\/title>\n<meta name=\"robots\" content=\"index, follow, max-snippet:-1, max-image-preview:large, max-video-preview:-1\" \/>\n<meta property=\"og:locale\" content=\"pt_PT\" \/>\n<meta property=\"og:type\" content=\"article\" \/>\n<meta property=\"og:title\" content=\"Real Madrid derrota o Osasuna antes do reencontro com o Benfica - Portal Tela Portugal\" \/>\n<meta property=\"og:description\" content=\"O Real Madrid perdeu diante do Osasuna por 2-1, na jornada europeia, ficando o Osasuna a liderar ao intervalo ap\u00f3s um golo de Ante Budimir de penalti aos 38 minutos; Vin\u00edcius J\u00fanior restabeleceu o empate aos 73 minutos, e Raul Garc\u00eda fixou o resultado no tempo de desconto. O resultado complica o Real Madrid na luta pela lideran\u00e7a, mantendo-os com 60 pontos, enquanto o Barcelona tem 58 e um jogo a menos. Os outros dois jogos do dia terminaram empatados: Betis 1-1 Rayo Vallecano e Real Sociedad 3-3 Oviedo; em San Sebastian, Gon\u00e7alo Guedes foi titular e deu a assist\u00eancia para o terceiro golo basco. No Betis, Cedric Bakambu abriu o marcador aos 16 minutos e Isi Palaz\u00f3n empatou aos 42. O foco do Real Madrid \u00e9 o reencontro com o Benfica no play-off de acesso aos oitavos de final da Liga dos Campe\u00f5es, ap\u00f3s o emblema espanhol ter ficado com vantagem de 1-0 na primeira m\u00e3o devido a alegadas ofensas racistas de Prestianni a Vin\u00edcius J\u00fanior.\" \/>\n<meta property=\"og:url\" content=\"https:\/\/portaltela.pt\/noticias\/2026\/02\/21\/real-madrid-derrota-o-osasuna-antes-do-reencontro-com-o-benfica\/\" \/>\n<meta property=\"og:site_name\" content=\"Portal Tela Portugal\" \/>\n<meta property=\"article:published_time\" content=\"2026-02-21T21:44:00+00:00\" \/>\n<meta name=\"author\" content=\"Telinha\" \/>\n<meta name=\"twitter:card\" content=\"summary_large_image\" \/>\n<meta name=\"twitter:label1\" content=\"Escrito por\" \/>\n\t<meta name=\"twitter:data1\" content=\"Telinha\" \/>\n\t<meta name=\"twitter:label2\" content=\"Tempo estimado de leitura\" \/>\n\t<meta name=\"twitter:data2\" content=\"1 minuto\" \/>\n<script type=\"application\/ld+json\" class=\"yoast-schema-graph\">{\"@context\":\"https:\/\/schema.org\",\"@graph\":[{\"@type\":\"Article\",\"@id\":\"https:\/\/portaltela.pt\/noticias\/2026\/02\/21\/real-madrid-derrota-o-osasuna-antes-do-reencontro-com-o-benfica\/#article\",\"isPartOf\":{\"@id\":\"https:\/\/portaltela.pt\/noticias\/2026\/02\/21\/real-madrid-derrota-o-osasuna-antes-do-reencontro-com-o-benfica\/\"},\"author\":{\"name\":\"Telinha\",\"@id\":\"https:\/\/portaltela.pt\/#\/schema\/person\/c4278d4a6028830caff9ee44b42d32ed\"},\"headline\":\"Real Madrid derrota o Osasuna antes do reencontro com o Benfica\",\"datePublished\":\"2026-02-21T21:44:00+00:00\",\"mainEntityOfPage\":{\"@id\":\"https:\/\/portaltela.pt\/noticias\/2026\/02\/21\/real-madrid-derrota-o-osasuna-antes-do-reencontro-com-o-benfica\/\"},\"wordCount\":199,\"image\":{\"@id\":\"https:\/\/portaltela.pt\/noticias\/2026\/02\/21\/real-madrid-derrota-o-osasuna-antes-do-reencontro-com-o-benfica\/#primaryimage\"},\"thumbnailUrl\":\"https:\/\/portaltela.pt\/s.01k8rhncp4jt1\/2026\/02\/image-1604.jpg\",\"keywords\":[\"Benfica\",\"Champions League\",\"futebol\",\"futebol internacional\",\"Gon\u00e7alo Guedes\"],\"articleSection\":[\"Desporto\",\"Futebol\"],\"inLanguage\":\"pt-PT\"},{\"@type\":\"WebPage\",\"@id\":\"https:\/\/portaltela.pt\/noticias\/2026\/02\/21\/real-madrid-derrota-o-osasuna-antes-do-reencontro-com-o-benfica\/\",\"url\":\"https:\/\/portaltela.pt\/noticias\/2026\/02\/21\/real-madrid-derrota-o-osasuna-antes-do-reencontro-com-o-benfica\/\",\"name\":\"Real Madrid derrota o Osasuna antes do reencontro com o Benfica - Portal Tela Portugal\",\"isPartOf\":{\"@id\":\"https:\/\/portaltela.pt\/#website\"},\"primaryImageOfPage\":{\"@id\":\"https:\/\/portaltela.pt\/noticias\/2026\/02\/21\/real-madrid-derrota-o-osasuna-antes-do-reencontro-com-o-benfica\/#primaryimage\"},\"image\":{\"@id\":\"https:\/\/portaltela.pt\/noticias\/2026\/02\/21\/real-madrid-derrota-o-osasuna-antes-do-reencontro-com-o-benfica\/#primaryimage\"},\"thumbnailUrl\":\"https:\/\/portaltela.pt\/s.01k8rhncp4jt1\/2026\/02\/image-1604.jpg\",\"datePublished\":\"2026-02-21T21:44:00+00:00\",\"author\":{\"@id\":\"https:\/\/portaltela.pt\/#\/schema\/person\/c4278d4a6028830caff9ee44b42d32ed\"},\"breadcrumb\":{\"@id\":\"https:\/\/portaltela.pt\/noticias\/2026\/02\/21\/real-madrid-derrota-o-osasuna-antes-do-reencontro-com-o-benfica\/#breadcrumb\"},\"inLanguage\":\"pt-PT\",\"potentialAction\":[{\"@type\":\"ReadAction\",\"target\":[\"https:\/\/portaltela.pt\/noticias\/2026\/02\/21\/real-madrid-derrota-o-osasuna-antes-do-reencontro-com-o-benfica\/\"]}]},{\"@type\":\"ImageObject\",\"inLanguage\":\"pt-PT\",\"@id\":\"https:\/\/portaltela.pt\/noticias\/2026\/02\/21\/real-madrid-derrota-o-osasuna-antes-do-reencontro-com-o-benfica\/#primaryimage\",\"url\":\"https:\/\/portaltela.pt\/s.01k8rhncp4jt1\/2026\/02\/image-1604.jpg\",\"contentUrl\":\"https:\/\/portaltela.pt\/s.01k8rhncp4jt1\/2026\/02\/image-1604.jpg\",\"width\":796,\"height\":448,\"caption\":\"Madrilenos escorregaram na liga espanhola\"},{\"@type\":\"BreadcrumbList\",\"@id\":\"https:\/\/portaltela.pt\/noticias\/2026\/02\/21\/real-madrid-derrota-o-osasuna-antes-do-reencontro-com-o-benfica\/#breadcrumb\",\"itemListElement\":[{\"@type\":\"ListItem\",\"position\":1,\"name\":\"In\u00edcio\",\"item\":\"https:\/\/portaltela.pt\/\"},{\"@type\":\"ListItem\",\"position\":2,\"name\":\"Real Madrid derrota o Osasuna antes do reencontro com o Benfica\"}]},{\"@type\":\"WebSite\",\"@id\":\"https:\/\/portaltela.pt\/#website\",\"url\":\"https:\/\/portaltela.pt\/\",\"name\":\"Portal Tela Portugal\",\"description\":\"\",\"potentialAction\":[{\"@type\":\"SearchAction\",\"target\":{\"@type\":\"EntryPoint\",\"urlTemplate\":\"https:\/\/portaltela.pt\/?s={search_term_string}\"},\"query-input\":{\"@type\":\"PropertyValueSpecification\",\"valueRequired\":true,\"valueName\":\"search_term_string\"}}],\"inLanguage\":\"pt-PT\"},{\"@type\":\"Person\",\"@id\":\"https:\/\/portaltela.pt\/#\/schema\/person\/c4278d4a6028830caff9ee44b42d32ed\",\"name\":\"Telinha\",\"image\":{\"@type\":\"ImageObject\",\"inLanguage\":\"pt-PT\",\"@id\":\"https:\/\/portaltela.pt\/s.01k8rhncp4jt1\/2025\/11\/talking-bot-125x125.png\",\"url\":\"https:\/\/portaltela.pt\/s.01k8rhncp4jt1\/2025\/11\/talking-bot-125x125.png\",\"contentUrl\":\"https:\/\/portaltela.pt\/s.01k8rhncp4jt1\/2025\/11\/talking-bot-125x125.png\",\"caption\":\"Telinha\"},\"sameAs\":[\"https:\/\/portaltela.pt\/\"],\"url\":\"https:\/\/portaltela.pt\/por\/367410592786\/\"}]}<\/script>\n<!-- \/ Yoast SEO plugin. -->","yoast_head_json":{"title":"Real Madrid derrota o Osasuna antes do reencontro com o Benfica - Portal Tela Portugal","robots":{"index":"index","follow":"follow","max-snippet":"max-snippet:-1","max-image-preview":"max-image-preview:large","max-video-preview":"max-video-preview:-1"},"og_locale":"pt_PT","og_type":"article","og_title":"Real Madrid derrota o Osasuna antes do reencontro com o Benfica - Portal Tela Portugal","og_description":"O Real Madrid perdeu diante do Osasuna por 2-1, na jornada europeia, ficando o Osasuna a liderar ao intervalo ap\u00f3s um golo de Ante Budimir de penalti aos 38 minutos; Vin\u00edcius J\u00fanior restabeleceu o empate aos 73 minutos, e Raul Garc\u00eda fixou o resultado no tempo de desconto. O resultado complica o Real Madrid na luta pela lideran\u00e7a, mantendo-os com 60 pontos, enquanto o Barcelona tem 58 e um jogo a menos. Os outros dois jogos do dia terminaram empatados: Betis 1-1 Rayo Vallecano e Real Sociedad 3-3 Oviedo; em San Sebastian, Gon\u00e7alo Guedes foi titular e deu a assist\u00eancia para o terceiro golo basco. No Betis, Cedric Bakambu abriu o marcador aos 16 minutos e Isi Palaz\u00f3n empatou aos 42. O foco do Real Madrid \u00e9 o reencontro com o Benfica no play-off de acesso aos oitavos de final da Liga dos Campe\u00f5es, ap\u00f3s o emblema espanhol ter ficado com vantagem de 1-0 na primeira m\u00e3o devido a alegadas ofensas racistas de Prestianni a Vin\u00edcius J\u00fanior.","og_url":"https:\/\/portaltela.pt\/noticias\/2026\/02\/21\/real-madrid-derrota-o-osasuna-antes-do-reencontro-com-o-benfica\/","og_site_name":"Portal Tela Portugal","article_published_time":"2026-02-21T21:44:00+00:00","author":"Telinha","twitter_card":"summary_large_image","twitter_misc":{"Escrito por":"Telinha","Tempo estimado de leitura":"1 minuto"},"schema":{"@context":"https:\/\/schema.org","@graph":[{"@type":"Article","@id":"https:\/\/portaltela.pt\/noticias\/2026\/02\/21\/real-madrid-derrota-o-osasuna-antes-do-reencontro-com-o-benfica\/#article","isPartOf":{"@id":"https:\/\/portaltela.pt\/noticias\/2026\/02\/21\/real-madrid-derrota-o-osasuna-antes-do-reencontro-com-o-benfica\/"},"author":{"name":"Telinha","@id":"https:\/\/portaltela.pt\/#\/schema\/person\/c4278d4a6028830caff9ee44b42d32ed"},"headline":"Real Madrid derrota o Osasuna antes do reencontro com o Benfica","datePublished":"2026-02-21T21:44:00+00:00","mainEntityOfPage":{"@id":"https:\/\/portaltela.pt\/noticias\/2026\/02\/21\/real-madrid-derrota-o-osasuna-antes-do-reencontro-com-o-benfica\/"},"wordCount":199,"image":{"@id":"https:\/\/portaltela.pt\/noticias\/2026\/02\/21\/real-madrid-derrota-o-osasuna-antes-do-reencontro-com-o-benfica\/#primaryimage"},"thumbnailUrl":"https:\/\/portaltela.pt\/s.01k8rhncp4jt1\/2026\/02\/image-1604.jpg","keywords":["Benfica","Champions League","futebol","futebol internacional","Gon\u00e7alo Guedes"],"articleSection":["Desporto","Futebol"],"inLanguage":"pt-PT"},{"@type":"WebPage","@id":"https:\/\/portaltela.pt\/noticias\/2026\/02\/21\/real-madrid-derrota-o-osasuna-antes-do-reencontro-com-o-benfica\/","url":"https:\/\/portaltela.pt\/noticias\/2026\/02\/21\/real-madrid-derrota-o-osasuna-antes-do-reencontro-com-o-benfica\/","name":"Real Madrid derrota o Osasuna antes do reencontro com o Benfica - Portal Tela Portugal","isPartOf":{"@id":"https:\/\/portaltela.pt\/#website"},"primaryImageOfPage":{"@id":"https:\/\/portaltela.pt\/noticias\/2026\/02\/21\/real-madrid-derrota-o-osasuna-antes-do-reencontro-com-o-benfica\/#primaryimage"},"image":{"@id":"https:\/\/portaltela.pt\/noticias\/2026\/02\/21\/real-madrid-derrota-o-osasuna-antes-do-reencontro-com-o-benfica\/#primaryimage"},"thumbnailUrl":"https:\/\/portaltela.pt\/s.01k8rhncp4jt1\/2026\/02\/image-1604.jpg","datePublished":"2026-02-21T21:44:00+00:00","author":{"@id":"https:\/\/portaltela.pt\/#\/schema\/person\/c4278d4a6028830caff9ee44b42d32ed"},"breadcrumb":{"@id":"https:\/\/portaltela.pt\/noticias\/2026\/02\/21\/real-madrid-derrota-o-osasuna-antes-do-reencontro-com-o-benfica\/#breadcrumb"},"inLanguage":"pt-PT","potentialAction":[{"@type":"ReadAction","target":["https:\/\/portaltela.pt\/noticias\/2026\/02\/21\/real-madrid-derrota-o-osasuna-antes-do-reencontro-com-o-benfica\/"]}]},{"@type":"ImageObject","inLanguage":"pt-PT","@id":"https:\/\/portaltela.pt\/noticias\/2026\/02\/21\/real-madrid-derrota-o-osasuna-antes-do-reencontro-com-o-benfica\/#primaryimage","url":"https:\/\/portaltela.pt\/s.01k8rhncp4jt1\/2026\/02\/image-1604.jpg","contentUrl":"https:\/\/portaltela.pt\/s.01k8rhncp4jt1\/2026\/02\/image-1604.jpg","width":796,"height":448,"caption":"Madrilenos escorregaram na liga espanhola"},{"@type":"BreadcrumbList","@id":"https:\/\/portaltela.pt\/noticias\/2026\/02\/21\/real-madrid-derrota-o-osasuna-antes-do-reencontro-com-o-benfica\/#breadcrumb","itemListElement":[{"@type":"ListItem","position":1,"name":"In\u00edcio","item":"https:\/\/portaltela.pt\/"},{"@type":"ListItem","position":2,"name":"Real Madrid derrota o Osasuna antes do reencontro com o Benfica"}]},{"@type":"WebSite","@id":"https:\/\/portaltela.pt\/#website","url":"https:\/\/portaltela.pt\/","name":"Portal Tela Portugal","description":"","potentialAction":[{"@type":"SearchAction","target":{"@type":"EntryPoint","urlTemplate":"https:\/\/portaltela.pt\/?s={search_term_string}"},"query-input":{"@type":"PropertyValueSpecification","valueRequired":true,"valueName":"search_term_string"}}],"inLanguage":"pt-PT"},{"@type":"Person","@id":"https:\/\/portaltela.pt\/#\/schema\/person\/c4278d4a6028830caff9ee44b42d32ed","name":"Telinha","image":{"@type":"ImageObject","inLanguage":"pt-PT","@id":"https:\/\/portaltela.pt\/s.01k8rhncp4jt1\/2025\/11\/talking-bot-125x125.png","url":"https:\/\/portaltela.pt\/s.01k8rhncp4jt1\/2025\/11\/talking-bot-125x125.png","contentUrl":"https:\/\/portaltela.pt\/s.01k8rhncp4jt1\/2025\/11\/talking-bot-125x125.png","caption":"Telinha"},"sameAs":["https:\/\/portaltela.pt\/"],"url":"https:\/\/portaltela.pt\/por\/367410592786\/"}]}},"_links":{"self":[{"href":"https:\/\/portaltela.pt\/api\/wp\/v2\/posts\/221105","targetHints":{"allow":["GET"]}}],"collection":[{"href":"https:\/\/portaltela.pt\/api\/wp\/v2\/posts"}],"about":[{"href":"https:\/\/portaltela.pt\/api\/wp\/v2\/types\/post"}],"author":[{"embeddable":true,"href":"https:\/\/portaltela.pt\/api\/wp\/v2\/users\/2"}],"replies":[{"embeddable":true,"href":"https:\/\/portaltela.pt\/api\/wp\/v2\/comments?post=221105"}],"version-history":[{"count":0,"href":"https:\/\/portaltela.pt\/api\/wp\/v2\/posts\/221105\/revisions"}],"wp:featuredmedia":[{"embeddable":true,"href":"https:\/\/portaltela.pt\/api\/wp\/v2\/media\/221107"}],"wp:attachment":[{"href":"https:\/\/portaltela.pt\/api\/wp\/v2\/media?parent=221105"}],"wp:term":[{"taxonomy":"category","embeddable":true,"href":"https:\/\/portaltela.pt\/api\/wp\/v2\/categories?post=221105"},{"taxonomy":"post_tag","embeddable":true,"href":"https:\/\/portaltela.pt\/api\/wp\/v2\/tags?post=221105"}],"curies":[{"name":"wp","href":"https:\/\/api.w.org\/{rel}","templated":true}]}}