{"id":221090,"date":"2026-02-21T18:44:00","date_gmt":"2026-02-21T21:44:00","guid":{"rendered":"https:\/\/portaltela.pt\/noticias\/2026\/02\/21\/mourinho-nao-acreditaria-que-o-lateral-esquerdo-do-benfica-tem-17-anos\/"},"modified":"2026-02-21T18:44:00","modified_gmt":"2026-02-21T21:44:00","slug":"mourinho-nao-acreditaria-que-o-lateral-esquerdo-do-benfica-tem-17-anos","status":"publish","type":"post","link":"https:\/\/portaltela.pt\/desporto\/futebol\/2026\/02\/21\/mourinho-nao-acreditaria-que-o-lateral-esquerdo-do-benfica-tem-17-anos\/","title":{"rendered":"Mourinho: n\u00e3o acreditaria que o lateral esquerdo do Benfica tem 17 anos"},"content":{"rendered":"<p>Para acompanhar o desfecho da jornada, o Benfica venceu o AVS SAD por 3-0, com destaque para Jos\u00e9 Neto, jovem com apenas 17 anos que iniciou pela esquerda. A atua\u00e7\u00e3o do mi\u00fado gerou elogios de Jos\u00e9 Mourinho, treinador do Benfica, ap\u00f3s o encontro.<\/p>\n<p>Na confer\u00eancia de imprensa, Mourinho mencionou a surpresa pela titularidade de Neto, sublinhando a forma como o jogador se enquadra no conceito t\u00e1tico da equipa, apesar da tenra idade.<\/p>\n<p>A gest\u00e3o de Otamendi tamb\u00e9m foi alvo de explica\u00e7\u00e3o por parte do t\u00e9cnico, que justificou a op\u00e7\u00e3o de manter o defesa argentino no onze inicial e a substitui\u00e7\u00e3o ao intervalo, para n\u00e3o transmitir mensagens erradas ao grupo.<\/p>\n<h3>Respostas aos jornalistas<\/h3>\n<p>Mourinho respondeu a perguntas sobre se j\u00e1 errou em declara\u00e7\u00f5es feitas ap\u00f3s o duelo frente ao Real Madrid, mantendo o tom neutro e sem assumir conclus\u00f5es precipitadas sobre o conte\u00fado anterior.<\/p>\n<h3>Golos e reviravoltas<\/h3>\n<p>Rafa entrou em terreno de jogo, abriu o marcador com um golo de letra, e consolidou o regresso com a primeira marcatura desde a sua volta ao clube. Enzo Barrenechea somou o primeiro tento pelo Benfica no campeonato.<\/p>\n<h3>Regresso de grande classifica\u00e7\u00e3o<\/h3>\n<p>Alexander Bah voltou a marcar pelo Benfica ap\u00f3s 378 dias afastado por les\u00e3o, refor\u00e7ando a linha ofensiva e o equil\u00edbrio defensivo, segundo os relatos do encontro.<\/p>\n","protected":false},"excerpt":{"rendered":"<ul>\n<li>Mourinho elogiou Jos\u00e9 Neto ap\u00f3s a vit\u00f3ria do Benfica frente ao AVS SAD (3-0).<\/li>\n<li>O t\u00e9cnico afirmou que, se estivesse na bancada, n\u00e3o acreditaria que o lateral esquerdo tem 17 anos.<\/li>\n<li>Mourinho explicou a titularidade de Otamendi e a substitui\u00e7\u00e3o ao intervalo, para n\u00e3o passar mensagem errada ao grupo.<\/li>\n<li>Benfica pediu pen\u00e1lti num lance com Lopes Cabral; o VAR analisou as imagens e o \u00e1rbitro mandou seguir.<\/li>\n<li>Rafa marcou pela primeira vez desde o regresso ao Benfica, em letra; Enzo Barrenechea inaugurou o marcador no campeonato; Bah voltou a marcar ap\u00f3s 378 dias de les\u00e3o.<\/li>\n<\/ul>\n","protected":false},"author":2,"featured_media":221091,"comment_status":"closed","ping_status":"closed","sticky":false,"template":"","format":"standard","meta":{"footnotes":""},"categories":[21,24],"tags":[1946,3972,5847,32,198,4117],"class_list":["post-221090","post","type-post","status-publish","format-standard","has-post-thumbnail","hentry","category-desporto","category-futebol","tag-benfica","tag-benfica-sad","tag-enzo-barrenechea","tag-futebol","tag-golos","tag-otamendi"],"yoast_head":"<!-- This site is optimized with the Yoast SEO plugin v27.2 - https:\/\/yoast.com\/product\/yoast-seo-wordpress\/ -->\n<title>Mourinho: n\u00e3o acreditaria que o lateral esquerdo do Benfica tem 17 anos - Portal Tela Portugal<\/title>\n<meta name=\"robots\" content=\"index, follow, max-snippet:-1, max-image-preview:large, max-video-preview:-1\" \/>\n<meta property=\"og:locale\" content=\"pt_PT\" \/>\n<meta property=\"og:type\" content=\"article\" \/>\n<meta property=\"og:title\" content=\"Mourinho: n\u00e3o acreditaria que o lateral esquerdo do Benfica tem 17 anos - Portal Tela Portugal\" \/>\n<meta property=\"og:description\" content=\"Mourinho elogiou Jos\u00e9 Neto ap\u00f3s a vit\u00f3ria do Benfica frente ao AVS SAD (3-0). O t\u00e9cnico afirmou que, se estivesse na bancada, n\u00e3o acreditaria que o lateral esquerdo tem 17 anos. Mourinho explicou a titularidade de Otamendi e a substitui\u00e7\u00e3o ao intervalo, para n\u00e3o passar mensagem errada ao grupo. Benfica pediu pen\u00e1lti num lance com Lopes Cabral; o VAR analisou as imagens e o \u00e1rbitro mandou seguir. Rafa marcou pela primeira vez desde o regresso ao Benfica, em letra; Enzo Barrenechea inaugurou o marcador no campeonato; Bah voltou a marcar ap\u00f3s 378 dias de les\u00e3o.\" \/>\n<meta property=\"og:url\" content=\"https:\/\/portaltela.pt\/noticias\/2026\/02\/21\/mourinho-nao-acreditaria-que-o-lateral-esquerdo-do-benfica-tem-17-anos\/\" \/>\n<meta property=\"og:site_name\" content=\"Portal Tela Portugal\" \/>\n<meta property=\"article:published_time\" content=\"2026-02-21T21:44:00+00:00\" \/>\n<meta name=\"author\" content=\"Telinha\" \/>\n<meta name=\"twitter:card\" content=\"summary_large_image\" \/>\n<meta name=\"twitter:label1\" content=\"Escrito por\" \/>\n\t<meta name=\"twitter:data1\" content=\"Telinha\" \/>\n\t<meta name=\"twitter:label2\" content=\"Tempo estimado de leitura\" \/>\n\t<meta name=\"twitter:data2\" content=\"1 minuto\" \/>\n<script type=\"application\/ld+json\" class=\"yoast-schema-graph\">{\"@context\":\"https:\/\/schema.org\",\"@graph\":[{\"@type\":\"Article\",\"@id\":\"https:\/\/portaltela.pt\/noticias\/2026\/02\/21\/mourinho-nao-acreditaria-que-o-lateral-esquerdo-do-benfica-tem-17-anos\/#article\",\"isPartOf\":{\"@id\":\"https:\/\/portaltela.pt\/noticias\/2026\/02\/21\/mourinho-nao-acreditaria-que-o-lateral-esquerdo-do-benfica-tem-17-anos\/\"},\"author\":{\"name\":\"Telinha\",\"@id\":\"https:\/\/portaltela.pt\/#\/schema\/person\/c4278d4a6028830caff9ee44b42d32ed\"},\"headline\":\"Mourinho: n\u00e3o acreditaria que o lateral esquerdo do Benfica tem 17 anos\",\"datePublished\":\"2026-02-21T21:44:00+00:00\",\"mainEntityOfPage\":{\"@id\":\"https:\/\/portaltela.pt\/noticias\/2026\/02\/21\/mourinho-nao-acreditaria-que-o-lateral-esquerdo-do-benfica-tem-17-anos\/\"},\"wordCount\":245,\"image\":{\"@id\":\"https:\/\/portaltela.pt\/noticias\/2026\/02\/21\/mourinho-nao-acreditaria-que-o-lateral-esquerdo-do-benfica-tem-17-anos\/#primaryimage\"},\"thumbnailUrl\":\"https:\/\/portaltela.pt\/s.01k8rhncp4jt1\/2026\/02\/img_1200x721uu2026-02-21-21-41-37-2422981.jpg\",\"keywords\":[\"Benfica\",\"Benfica SAD\",\"Enzo Barrenechea\",\"futebol\",\"golos\",\"Otamendi\"],\"articleSection\":[\"Desporto\",\"Futebol\"],\"inLanguage\":\"pt-PT\"},{\"@type\":\"WebPage\",\"@id\":\"https:\/\/portaltela.pt\/noticias\/2026\/02\/21\/mourinho-nao-acreditaria-que-o-lateral-esquerdo-do-benfica-tem-17-anos\/\",\"url\":\"https:\/\/portaltela.pt\/noticias\/2026\/02\/21\/mourinho-nao-acreditaria-que-o-lateral-esquerdo-do-benfica-tem-17-anos\/\",\"name\":\"Mourinho: n\u00e3o acreditaria que o lateral esquerdo do Benfica tem 17 anos - Portal Tela Portugal\",\"isPartOf\":{\"@id\":\"https:\/\/portaltela.pt\/#website\"},\"primaryImageOfPage\":{\"@id\":\"https:\/\/portaltela.pt\/noticias\/2026\/02\/21\/mourinho-nao-acreditaria-que-o-lateral-esquerdo-do-benfica-tem-17-anos\/#primaryimage\"},\"image\":{\"@id\":\"https:\/\/portaltela.pt\/noticias\/2026\/02\/21\/mourinho-nao-acreditaria-que-o-lateral-esquerdo-do-benfica-tem-17-anos\/#primaryimage\"},\"thumbnailUrl\":\"https:\/\/portaltela.pt\/s.01k8rhncp4jt1\/2026\/02\/img_1200x721uu2026-02-21-21-41-37-2422981.jpg\",\"datePublished\":\"2026-02-21T21:44:00+00:00\",\"author\":{\"@id\":\"https:\/\/portaltela.pt\/#\/schema\/person\/c4278d4a6028830caff9ee44b42d32ed\"},\"breadcrumb\":{\"@id\":\"https:\/\/portaltela.pt\/noticias\/2026\/02\/21\/mourinho-nao-acreditaria-que-o-lateral-esquerdo-do-benfica-tem-17-anos\/#breadcrumb\"},\"inLanguage\":\"pt-PT\",\"potentialAction\":[{\"@type\":\"ReadAction\",\"target\":[\"https:\/\/portaltela.pt\/noticias\/2026\/02\/21\/mourinho-nao-acreditaria-que-o-lateral-esquerdo-do-benfica-tem-17-anos\/\"]}]},{\"@type\":\"ImageObject\",\"inLanguage\":\"pt-PT\",\"@id\":\"https:\/\/portaltela.pt\/noticias\/2026\/02\/21\/mourinho-nao-acreditaria-que-o-lateral-esquerdo-do-benfica-tem-17-anos\/#primaryimage\",\"url\":\"https:\/\/portaltela.pt\/s.01k8rhncp4jt1\/2026\/02\/img_1200x721uu2026-02-21-21-41-37-2422981.jpg\",\"contentUrl\":\"https:\/\/portaltela.pt\/s.01k8rhncp4jt1\/2026\/02\/img_1200x721uu2026-02-21-21-41-37-2422981.jpg\",\"width\":796,\"height\":448,\"caption\":\"Jos\u00e9 Mourinho fez muitos elogios a Jos\u00e9 Neto ap\u00f3s a vit\u00f3ria do Benfica frente ao AVS SAD (3-0).\"},{\"@type\":\"BreadcrumbList\",\"@id\":\"https:\/\/portaltela.pt\/noticias\/2026\/02\/21\/mourinho-nao-acreditaria-que-o-lateral-esquerdo-do-benfica-tem-17-anos\/#breadcrumb\",\"itemListElement\":[{\"@type\":\"ListItem\",\"position\":1,\"name\":\"In\u00edcio\",\"item\":\"https:\/\/portaltela.pt\/\"},{\"@type\":\"ListItem\",\"position\":2,\"name\":\"Mourinho: n\u00e3o acreditaria que o lateral esquerdo do Benfica tem 17 anos\"}]},{\"@type\":\"WebSite\",\"@id\":\"https:\/\/portaltela.pt\/#website\",\"url\":\"https:\/\/portaltela.pt\/\",\"name\":\"Portal Tela Portugal\",\"description\":\"\",\"potentialAction\":[{\"@type\":\"SearchAction\",\"target\":{\"@type\":\"EntryPoint\",\"urlTemplate\":\"https:\/\/portaltela.pt\/?s={search_term_string}\"},\"query-input\":{\"@type\":\"PropertyValueSpecification\",\"valueRequired\":true,\"valueName\":\"search_term_string\"}}],\"inLanguage\":\"pt-PT\"},{\"@type\":\"Person\",\"@id\":\"https:\/\/portaltela.pt\/#\/schema\/person\/c4278d4a6028830caff9ee44b42d32ed\",\"name\":\"Telinha\",\"image\":{\"@type\":\"ImageObject\",\"inLanguage\":\"pt-PT\",\"@id\":\"https:\/\/portaltela.pt\/s.01k8rhncp4jt1\/2025\/11\/talking-bot-125x125.png\",\"url\":\"https:\/\/portaltela.pt\/s.01k8rhncp4jt1\/2025\/11\/talking-bot-125x125.png\",\"contentUrl\":\"https:\/\/portaltela.pt\/s.01k8rhncp4jt1\/2025\/11\/talking-bot-125x125.png\",\"caption\":\"Telinha\"},\"sameAs\":[\"https:\/\/portaltela.pt\/\"],\"url\":\"https:\/\/portaltela.pt\/por\/367410592786\/\"}]}<\/script>\n<!-- \/ Yoast SEO plugin. -->","yoast_head_json":{"title":"Mourinho: n\u00e3o acreditaria que o lateral esquerdo do Benfica tem 17 anos - Portal Tela Portugal","robots":{"index":"index","follow":"follow","max-snippet":"max-snippet:-1","max-image-preview":"max-image-preview:large","max-video-preview":"max-video-preview:-1"},"og_locale":"pt_PT","og_type":"article","og_title":"Mourinho: n\u00e3o acreditaria que o lateral esquerdo do Benfica tem 17 anos - Portal Tela Portugal","og_description":"Mourinho elogiou Jos\u00e9 Neto ap\u00f3s a vit\u00f3ria do Benfica frente ao AVS SAD (3-0). O t\u00e9cnico afirmou que, se estivesse na bancada, n\u00e3o acreditaria que o lateral esquerdo tem 17 anos. Mourinho explicou a titularidade de Otamendi e a substitui\u00e7\u00e3o ao intervalo, para n\u00e3o passar mensagem errada ao grupo. Benfica pediu pen\u00e1lti num lance com Lopes Cabral; o VAR analisou as imagens e o \u00e1rbitro mandou seguir. Rafa marcou pela primeira vez desde o regresso ao Benfica, em letra; Enzo Barrenechea inaugurou o marcador no campeonato; Bah voltou a marcar ap\u00f3s 378 dias de les\u00e3o.","og_url":"https:\/\/portaltela.pt\/noticias\/2026\/02\/21\/mourinho-nao-acreditaria-que-o-lateral-esquerdo-do-benfica-tem-17-anos\/","og_site_name":"Portal Tela Portugal","article_published_time":"2026-02-21T21:44:00+00:00","author":"Telinha","twitter_card":"summary_large_image","twitter_misc":{"Escrito por":"Telinha","Tempo estimado de leitura":"1 minuto"},"schema":{"@context":"https:\/\/schema.org","@graph":[{"@type":"Article","@id":"https:\/\/portaltela.pt\/noticias\/2026\/02\/21\/mourinho-nao-acreditaria-que-o-lateral-esquerdo-do-benfica-tem-17-anos\/#article","isPartOf":{"@id":"https:\/\/portaltela.pt\/noticias\/2026\/02\/21\/mourinho-nao-acreditaria-que-o-lateral-esquerdo-do-benfica-tem-17-anos\/"},"author":{"name":"Telinha","@id":"https:\/\/portaltela.pt\/#\/schema\/person\/c4278d4a6028830caff9ee44b42d32ed"},"headline":"Mourinho: n\u00e3o acreditaria que o lateral esquerdo do Benfica tem 17 anos","datePublished":"2026-02-21T21:44:00+00:00","mainEntityOfPage":{"@id":"https:\/\/portaltela.pt\/noticias\/2026\/02\/21\/mourinho-nao-acreditaria-que-o-lateral-esquerdo-do-benfica-tem-17-anos\/"},"wordCount":245,"image":{"@id":"https:\/\/portaltela.pt\/noticias\/2026\/02\/21\/mourinho-nao-acreditaria-que-o-lateral-esquerdo-do-benfica-tem-17-anos\/#primaryimage"},"thumbnailUrl":"https:\/\/portaltela.pt\/s.01k8rhncp4jt1\/2026\/02\/img_1200x721uu2026-02-21-21-41-37-2422981.jpg","keywords":["Benfica","Benfica SAD","Enzo Barrenechea","futebol","golos","Otamendi"],"articleSection":["Desporto","Futebol"],"inLanguage":"pt-PT"},{"@type":"WebPage","@id":"https:\/\/portaltela.pt\/noticias\/2026\/02\/21\/mourinho-nao-acreditaria-que-o-lateral-esquerdo-do-benfica-tem-17-anos\/","url":"https:\/\/portaltela.pt\/noticias\/2026\/02\/21\/mourinho-nao-acreditaria-que-o-lateral-esquerdo-do-benfica-tem-17-anos\/","name":"Mourinho: n\u00e3o acreditaria que o lateral esquerdo do Benfica tem 17 anos - Portal Tela Portugal","isPartOf":{"@id":"https:\/\/portaltela.pt\/#website"},"primaryImageOfPage":{"@id":"https:\/\/portaltela.pt\/noticias\/2026\/02\/21\/mourinho-nao-acreditaria-que-o-lateral-esquerdo-do-benfica-tem-17-anos\/#primaryimage"},"image":{"@id":"https:\/\/portaltela.pt\/noticias\/2026\/02\/21\/mourinho-nao-acreditaria-que-o-lateral-esquerdo-do-benfica-tem-17-anos\/#primaryimage"},"thumbnailUrl":"https:\/\/portaltela.pt\/s.01k8rhncp4jt1\/2026\/02\/img_1200x721uu2026-02-21-21-41-37-2422981.jpg","datePublished":"2026-02-21T21:44:00+00:00","author":{"@id":"https:\/\/portaltela.pt\/#\/schema\/person\/c4278d4a6028830caff9ee44b42d32ed"},"breadcrumb":{"@id":"https:\/\/portaltela.pt\/noticias\/2026\/02\/21\/mourinho-nao-acreditaria-que-o-lateral-esquerdo-do-benfica-tem-17-anos\/#breadcrumb"},"inLanguage":"pt-PT","potentialAction":[{"@type":"ReadAction","target":["https:\/\/portaltela.pt\/noticias\/2026\/02\/21\/mourinho-nao-acreditaria-que-o-lateral-esquerdo-do-benfica-tem-17-anos\/"]}]},{"@type":"ImageObject","inLanguage":"pt-PT","@id":"https:\/\/portaltela.pt\/noticias\/2026\/02\/21\/mourinho-nao-acreditaria-que-o-lateral-esquerdo-do-benfica-tem-17-anos\/#primaryimage","url":"https:\/\/portaltela.pt\/s.01k8rhncp4jt1\/2026\/02\/img_1200x721uu2026-02-21-21-41-37-2422981.jpg","contentUrl":"https:\/\/portaltela.pt\/s.01k8rhncp4jt1\/2026\/02\/img_1200x721uu2026-02-21-21-41-37-2422981.jpg","width":796,"height":448,"caption":"Jos\u00e9 Mourinho fez muitos elogios a Jos\u00e9 Neto ap\u00f3s a vit\u00f3ria do Benfica frente ao AVS SAD (3-0)."},{"@type":"BreadcrumbList","@id":"https:\/\/portaltela.pt\/noticias\/2026\/02\/21\/mourinho-nao-acreditaria-que-o-lateral-esquerdo-do-benfica-tem-17-anos\/#breadcrumb","itemListElement":[{"@type":"ListItem","position":1,"name":"In\u00edcio","item":"https:\/\/portaltela.pt\/"},{"@type":"ListItem","position":2,"name":"Mourinho: n\u00e3o acreditaria que o lateral esquerdo do Benfica tem 17 anos"}]},{"@type":"WebSite","@id":"https:\/\/portaltela.pt\/#website","url":"https:\/\/portaltela.pt\/","name":"Portal Tela Portugal","description":"","potentialAction":[{"@type":"SearchAction","target":{"@type":"EntryPoint","urlTemplate":"https:\/\/portaltela.pt\/?s={search_term_string}"},"query-input":{"@type":"PropertyValueSpecification","valueRequired":true,"valueName":"search_term_string"}}],"inLanguage":"pt-PT"},{"@type":"Person","@id":"https:\/\/portaltela.pt\/#\/schema\/person\/c4278d4a6028830caff9ee44b42d32ed","name":"Telinha","image":{"@type":"ImageObject","inLanguage":"pt-PT","@id":"https:\/\/portaltela.pt\/s.01k8rhncp4jt1\/2025\/11\/talking-bot-125x125.png","url":"https:\/\/portaltela.pt\/s.01k8rhncp4jt1\/2025\/11\/talking-bot-125x125.png","contentUrl":"https:\/\/portaltela.pt\/s.01k8rhncp4jt1\/2025\/11\/talking-bot-125x125.png","caption":"Telinha"},"sameAs":["https:\/\/portaltela.pt\/"],"url":"https:\/\/portaltela.pt\/por\/367410592786\/"}]}},"_links":{"self":[{"href":"https:\/\/portaltela.pt\/api\/wp\/v2\/posts\/221090","targetHints":{"allow":["GET"]}}],"collection":[{"href":"https:\/\/portaltela.pt\/api\/wp\/v2\/posts"}],"about":[{"href":"https:\/\/portaltela.pt\/api\/wp\/v2\/types\/post"}],"author":[{"embeddable":true,"href":"https:\/\/portaltela.pt\/api\/wp\/v2\/users\/2"}],"replies":[{"embeddable":true,"href":"https:\/\/portaltela.pt\/api\/wp\/v2\/comments?post=221090"}],"version-history":[{"count":0,"href":"https:\/\/portaltela.pt\/api\/wp\/v2\/posts\/221090\/revisions"}],"wp:featuredmedia":[{"embeddable":true,"href":"https:\/\/portaltela.pt\/api\/wp\/v2\/media\/221091"}],"wp:attachment":[{"href":"https:\/\/portaltela.pt\/api\/wp\/v2\/media?parent=221090"}],"wp:term":[{"taxonomy":"category","embeddable":true,"href":"https:\/\/portaltela.pt\/api\/wp\/v2\/categories?post=221090"},{"taxonomy":"post_tag","embeddable":true,"href":"https:\/\/portaltela.pt\/api\/wp\/v2\/tags?post=221090"}],"curies":[{"name":"wp","href":"https:\/\/api.w.org\/{rel}","templated":true}]}}