{"id":221038,"date":"2026-02-21T17:31:57","date_gmt":"2026-02-21T20:31:57","guid":{"rendered":"https:\/\/portaltela.pt\/noticias\/2026\/02\/21\/vitorias-portuguesas-no-meeting-de-ourense-para-pedro-buaro-e-eliana-bandeira\/"},"modified":"2026-02-21T17:31:57","modified_gmt":"2026-02-21T20:31:57","slug":"vitorias-portuguesas-no-meeting-de-ourense-para-pedro-buaro-e-eliana-bandeira","status":"publish","type":"post","link":"https:\/\/portaltela.pt\/desporto\/2026\/02\/21\/vitorias-portuguesas-no-meeting-de-ourense-para-pedro-buaro-e-eliana-bandeira\/","title":{"rendered":"Vit\u00f3rias portuguesas no meeting de Ourense para Pedro Buar\u00f3 e Eliana Bandeira"},"content":{"rendered":"<p>Pedro Buar\u00f3 e Eliana Bandeira garantiram vit\u00f3rias no meeting de atletismo de Ourense, realizado neste s\u00e1bado. Buar\u00f3 bateu o recorde do meeting no salto com vara com 5,60 m, na segunda tentativa, ap\u00f3s uma trajet\u00f3ria sem falhas. TENTOU 5,77 m sem sucesso.<\/p>\n<p>Bandeira venceu o concurso do lan\u00e7amento do peso com 18,13 m, aproximando-se dos padr\u00f5es para os Mundiais indoor Torun 2026. Mariana C\u00e2mara foi quinta com 14,24 m. Bald\u00e9, no comprimento, registrou 8,14 m, ficando a 4 cm do vencedor cubano Hodel\u00edn (8,18 m).<\/p>\n<p>Nos 400 m, Ericsson Tavares foi segundo na corrida B com 46,17, melhor marca nacional do ano, e Andr\u00e9 Franco terminou em quarto com 47,46. Na s\u00e9rie C, Ricardo Santos foi terceiro (47,78) e Omar el Khatib venceu a A em 46,71. Joao Coelho ficou em 2\u00ba na A (47,12).<\/p>\n<p>Carina Pereira finalizou os 400 m em segundo lugar com 54,07. Anabela Neto ficou segunda no salto em altura, 1,75 m, melhor registo nacional do ano; Marta Ara\u00fajo foi terceira (1,70 m) e Ana Leite quinta (1,60 m). Rafal Santos apurou-se para a final dos 60 m barreiras em 7,91; na final fez 7,87.<\/p>\n","protected":false},"excerpt":{"rendered":"<ul>\n<li>Pedro Buar\u00f3 estabeleceu o recorde do meeting no salto com vara, com 5,60 metros \u00e0 segunda tentativa, ap\u00f3s um percurso sem erros; falhou 5,77 metros; Rodrigo Alcobia foi oitavo com 4,90 metros.<\/li>\n<li>Eliana Bandeira venceu o lan\u00e7amento do peso com 18,13 metros, mantendo-se em posi\u00e7\u00e3o de apuramento para os Mundiais indoor Torun 2026; Mariana C\u00e2mara foi quinta com 14,24 metros.<\/li>\n<li>Gerson Bald\u00e9 terminou em segundo no salto em comprimento, marcando 8,14 metros, perto do vencedor, o cubano Jorge Hodel\u00edn, com 8,18 metros.<\/li>\n<li>Ericsson Tavares foi o melhor portugu\u00eas nos 400 metros, ao ser segundo na corrida B com 46,17 segundos, marca nacional do ano; Andr\u00e9 Franco terminou com 47,46 segundos.<\/li>\n<li>Beatriz Castelhano concluiu em terceiro nos 60 metros com 7,33 segundos, enquanto Anabela Neto foi segunda no salto em altura com 1,75 metros, o melhor registo luso do ano.<\/li>\n<\/ul>\n","protected":false},"author":2,"featured_media":221039,"comment_status":"closed","ping_status":"closed","sticky":false,"template":"","format":"standard","meta":{"footnotes":""},"categories":[21],"tags":[3608,137,3611,1014,3609],"class_list":["post-221038","post","type-post","status-publish","format-standard","has-post-thumbnail","hentry","category-desporto","tag-60-m-barreiras","tag-atletismo","tag-peso","tag-portugal","tag-salto-com-vara"],"yoast_head":"<!-- This site is optimized with the Yoast SEO plugin v27.2 - https:\/\/yoast.com\/product\/yoast-seo-wordpress\/ -->\n<title>Vit\u00f3rias portuguesas no meeting de Ourense para Pedro Buar\u00f3 e Eliana Bandeira - Portal Tela Portugal<\/title>\n<meta name=\"robots\" content=\"index, follow, max-snippet:-1, max-image-preview:large, max-video-preview:-1\" \/>\n<meta property=\"og:locale\" content=\"pt_PT\" \/>\n<meta property=\"og:type\" content=\"article\" \/>\n<meta property=\"og:title\" content=\"Vit\u00f3rias portuguesas no meeting de Ourense para Pedro Buar\u00f3 e Eliana Bandeira - Portal Tela Portugal\" \/>\n<meta property=\"og:description\" content=\"Pedro Buar\u00f3 estabeleceu o recorde do meeting no salto com vara, com 5,60 metros \u00e0 segunda tentativa, ap\u00f3s um percurso sem erros; falhou 5,77 metros; Rodrigo Alcobia foi oitavo com 4,90 metros. Eliana Bandeira venceu o lan\u00e7amento do peso com 18,13 metros, mantendo-se em posi\u00e7\u00e3o de apuramento para os Mundiais indoor Torun 2026; Mariana C\u00e2mara foi quinta com 14,24 metros. Gerson Bald\u00e9 terminou em segundo no salto em comprimento, marcando 8,14 metros, perto do vencedor, o cubano Jorge Hodel\u00edn, com 8,18 metros. Ericsson Tavares foi o melhor portugu\u00eas nos 400 metros, ao ser segundo na corrida B com 46,17 segundos, marca nacional do ano; Andr\u00e9 Franco terminou com 47,46 segundos. Beatriz Castelhano concluiu em terceiro nos 60 metros com 7,33 segundos, enquanto Anabela Neto foi segunda no salto em altura com 1,75 metros, o melhor registo luso do ano.\" \/>\n<meta property=\"og:url\" content=\"https:\/\/portaltela.pt\/noticias\/2026\/02\/21\/vitorias-portuguesas-no-meeting-de-ourense-para-pedro-buaro-e-eliana-bandeira\/\" \/>\n<meta property=\"og:site_name\" content=\"Portal Tela Portugal\" \/>\n<meta property=\"article:published_time\" content=\"2026-02-21T20:31:57+00:00\" \/>\n<meta name=\"author\" content=\"Telinha\" \/>\n<meta name=\"twitter:card\" content=\"summary_large_image\" \/>\n<meta name=\"twitter:label1\" content=\"Escrito por\" \/>\n\t<meta name=\"twitter:data1\" content=\"Telinha\" \/>\n\t<meta name=\"twitter:label2\" content=\"Tempo estimado de leitura\" \/>\n\t<meta name=\"twitter:data2\" content=\"1 minuto\" \/>\n<script type=\"application\/ld+json\" class=\"yoast-schema-graph\">{\"@context\":\"https:\/\/schema.org\",\"@graph\":[{\"@type\":\"Article\",\"@id\":\"https:\/\/portaltela.pt\/noticias\/2026\/02\/21\/vitorias-portuguesas-no-meeting-de-ourense-para-pedro-buaro-e-eliana-bandeira\/#article\",\"isPartOf\":{\"@id\":\"https:\/\/portaltela.pt\/noticias\/2026\/02\/21\/vitorias-portuguesas-no-meeting-de-ourense-para-pedro-buaro-e-eliana-bandeira\/\"},\"author\":{\"name\":\"Telinha\",\"@id\":\"https:\/\/portaltela.pt\/#\/schema\/person\/c4278d4a6028830caff9ee44b42d32ed\"},\"headline\":\"Vit\u00f3rias portuguesas no meeting de Ourense para Pedro Buar\u00f3 e Eliana Bandeira\",\"datePublished\":\"2026-02-21T20:31:57+00:00\",\"mainEntityOfPage\":{\"@id\":\"https:\/\/portaltela.pt\/noticias\/2026\/02\/21\/vitorias-portuguesas-no-meeting-de-ourense-para-pedro-buaro-e-eliana-bandeira\/\"},\"wordCount\":189,\"image\":{\"@id\":\"https:\/\/portaltela.pt\/noticias\/2026\/02\/21\/vitorias-portuguesas-no-meeting-de-ourense-para-pedro-buaro-e-eliana-bandeira\/#primaryimage\"},\"thumbnailUrl\":\"https:\/\/portaltela.pt\/s.01k8rhncp4jt1\/2026\/02\/img_920x518uu2026-02-21-20-31-09-2422967.jpg\",\"keywords\":[\"60 m barreiras\",\"atletismo\",\"peso\",\"Portugal\",\"salto com vara\"],\"articleSection\":[\"Desporto\"],\"inLanguage\":\"pt-PT\"},{\"@type\":\"WebPage\",\"@id\":\"https:\/\/portaltela.pt\/noticias\/2026\/02\/21\/vitorias-portuguesas-no-meeting-de-ourense-para-pedro-buaro-e-eliana-bandeira\/\",\"url\":\"https:\/\/portaltela.pt\/noticias\/2026\/02\/21\/vitorias-portuguesas-no-meeting-de-ourense-para-pedro-buaro-e-eliana-bandeira\/\",\"name\":\"Vit\u00f3rias portuguesas no meeting de Ourense para Pedro Buar\u00f3 e Eliana Bandeira - Portal Tela Portugal\",\"isPartOf\":{\"@id\":\"https:\/\/portaltela.pt\/#website\"},\"primaryImageOfPage\":{\"@id\":\"https:\/\/portaltela.pt\/noticias\/2026\/02\/21\/vitorias-portuguesas-no-meeting-de-ourense-para-pedro-buaro-e-eliana-bandeira\/#primaryimage\"},\"image\":{\"@id\":\"https:\/\/portaltela.pt\/noticias\/2026\/02\/21\/vitorias-portuguesas-no-meeting-de-ourense-para-pedro-buaro-e-eliana-bandeira\/#primaryimage\"},\"thumbnailUrl\":\"https:\/\/portaltela.pt\/s.01k8rhncp4jt1\/2026\/02\/img_920x518uu2026-02-21-20-31-09-2422967.jpg\",\"datePublished\":\"2026-02-21T20:31:57+00:00\",\"author\":{\"@id\":\"https:\/\/portaltela.pt\/#\/schema\/person\/c4278d4a6028830caff9ee44b42d32ed\"},\"breadcrumb\":{\"@id\":\"https:\/\/portaltela.pt\/noticias\/2026\/02\/21\/vitorias-portuguesas-no-meeting-de-ourense-para-pedro-buaro-e-eliana-bandeira\/#breadcrumb\"},\"inLanguage\":\"pt-PT\",\"potentialAction\":[{\"@type\":\"ReadAction\",\"target\":[\"https:\/\/portaltela.pt\/noticias\/2026\/02\/21\/vitorias-portuguesas-no-meeting-de-ourense-para-pedro-buaro-e-eliana-bandeira\/\"]}]},{\"@type\":\"ImageObject\",\"inLanguage\":\"pt-PT\",\"@id\":\"https:\/\/portaltela.pt\/noticias\/2026\/02\/21\/vitorias-portuguesas-no-meeting-de-ourense-para-pedro-buaro-e-eliana-bandeira\/#primaryimage\",\"url\":\"https:\/\/portaltela.pt\/s.01k8rhncp4jt1\/2026\/02\/img_920x518uu2026-02-21-20-31-09-2422967.jpg\",\"contentUrl\":\"https:\/\/portaltela.pt\/s.01k8rhncp4jt1\/2026\/02\/img_920x518uu2026-02-21-20-31-09-2422967.jpg\",\"width\":920,\"height\":518,\"caption\":\"Pedro Buar\u00f3 venceu\"},{\"@type\":\"BreadcrumbList\",\"@id\":\"https:\/\/portaltela.pt\/noticias\/2026\/02\/21\/vitorias-portuguesas-no-meeting-de-ourense-para-pedro-buaro-e-eliana-bandeira\/#breadcrumb\",\"itemListElement\":[{\"@type\":\"ListItem\",\"position\":1,\"name\":\"In\u00edcio\",\"item\":\"https:\/\/portaltela.pt\/\"},{\"@type\":\"ListItem\",\"position\":2,\"name\":\"Vit\u00f3rias portuguesas no meeting de Ourense para Pedro Buar\u00f3 e Eliana Bandeira\"}]},{\"@type\":\"WebSite\",\"@id\":\"https:\/\/portaltela.pt\/#website\",\"url\":\"https:\/\/portaltela.pt\/\",\"name\":\"Portal Tela Portugal\",\"description\":\"\",\"potentialAction\":[{\"@type\":\"SearchAction\",\"target\":{\"@type\":\"EntryPoint\",\"urlTemplate\":\"https:\/\/portaltela.pt\/?s={search_term_string}\"},\"query-input\":{\"@type\":\"PropertyValueSpecification\",\"valueRequired\":true,\"valueName\":\"search_term_string\"}}],\"inLanguage\":\"pt-PT\"},{\"@type\":\"Person\",\"@id\":\"https:\/\/portaltela.pt\/#\/schema\/person\/c4278d4a6028830caff9ee44b42d32ed\",\"name\":\"Telinha\",\"image\":{\"@type\":\"ImageObject\",\"inLanguage\":\"pt-PT\",\"@id\":\"https:\/\/portaltela.pt\/s.01k8rhncp4jt1\/2025\/11\/talking-bot-125x125.png\",\"url\":\"https:\/\/portaltela.pt\/s.01k8rhncp4jt1\/2025\/11\/talking-bot-125x125.png\",\"contentUrl\":\"https:\/\/portaltela.pt\/s.01k8rhncp4jt1\/2025\/11\/talking-bot-125x125.png\",\"caption\":\"Telinha\"},\"sameAs\":[\"https:\/\/portaltela.pt\/\"],\"url\":\"https:\/\/portaltela.pt\/por\/367410592786\/\"}]}<\/script>\n<!-- \/ Yoast SEO plugin. -->","yoast_head_json":{"title":"Vit\u00f3rias portuguesas no meeting de Ourense para Pedro Buar\u00f3 e Eliana Bandeira - Portal Tela Portugal","robots":{"index":"index","follow":"follow","max-snippet":"max-snippet:-1","max-image-preview":"max-image-preview:large","max-video-preview":"max-video-preview:-1"},"og_locale":"pt_PT","og_type":"article","og_title":"Vit\u00f3rias portuguesas no meeting de Ourense para Pedro Buar\u00f3 e Eliana Bandeira - Portal Tela Portugal","og_description":"Pedro Buar\u00f3 estabeleceu o recorde do meeting no salto com vara, com 5,60 metros \u00e0 segunda tentativa, ap\u00f3s um percurso sem erros; falhou 5,77 metros; Rodrigo Alcobia foi oitavo com 4,90 metros. Eliana Bandeira venceu o lan\u00e7amento do peso com 18,13 metros, mantendo-se em posi\u00e7\u00e3o de apuramento para os Mundiais indoor Torun 2026; Mariana C\u00e2mara foi quinta com 14,24 metros. Gerson Bald\u00e9 terminou em segundo no salto em comprimento, marcando 8,14 metros, perto do vencedor, o cubano Jorge Hodel\u00edn, com 8,18 metros. Ericsson Tavares foi o melhor portugu\u00eas nos 400 metros, ao ser segundo na corrida B com 46,17 segundos, marca nacional do ano; Andr\u00e9 Franco terminou com 47,46 segundos. Beatriz Castelhano concluiu em terceiro nos 60 metros com 7,33 segundos, enquanto Anabela Neto foi segunda no salto em altura com 1,75 metros, o melhor registo luso do ano.","og_url":"https:\/\/portaltela.pt\/noticias\/2026\/02\/21\/vitorias-portuguesas-no-meeting-de-ourense-para-pedro-buaro-e-eliana-bandeira\/","og_site_name":"Portal Tela Portugal","article_published_time":"2026-02-21T20:31:57+00:00","author":"Telinha","twitter_card":"summary_large_image","twitter_misc":{"Escrito por":"Telinha","Tempo estimado de leitura":"1 minuto"},"schema":{"@context":"https:\/\/schema.org","@graph":[{"@type":"Article","@id":"https:\/\/portaltela.pt\/noticias\/2026\/02\/21\/vitorias-portuguesas-no-meeting-de-ourense-para-pedro-buaro-e-eliana-bandeira\/#article","isPartOf":{"@id":"https:\/\/portaltela.pt\/noticias\/2026\/02\/21\/vitorias-portuguesas-no-meeting-de-ourense-para-pedro-buaro-e-eliana-bandeira\/"},"author":{"name":"Telinha","@id":"https:\/\/portaltela.pt\/#\/schema\/person\/c4278d4a6028830caff9ee44b42d32ed"},"headline":"Vit\u00f3rias portuguesas no meeting de Ourense para Pedro Buar\u00f3 e Eliana Bandeira","datePublished":"2026-02-21T20:31:57+00:00","mainEntityOfPage":{"@id":"https:\/\/portaltela.pt\/noticias\/2026\/02\/21\/vitorias-portuguesas-no-meeting-de-ourense-para-pedro-buaro-e-eliana-bandeira\/"},"wordCount":189,"image":{"@id":"https:\/\/portaltela.pt\/noticias\/2026\/02\/21\/vitorias-portuguesas-no-meeting-de-ourense-para-pedro-buaro-e-eliana-bandeira\/#primaryimage"},"thumbnailUrl":"https:\/\/portaltela.pt\/s.01k8rhncp4jt1\/2026\/02\/img_920x518uu2026-02-21-20-31-09-2422967.jpg","keywords":["60 m barreiras","atletismo","peso","Portugal","salto com vara"],"articleSection":["Desporto"],"inLanguage":"pt-PT"},{"@type":"WebPage","@id":"https:\/\/portaltela.pt\/noticias\/2026\/02\/21\/vitorias-portuguesas-no-meeting-de-ourense-para-pedro-buaro-e-eliana-bandeira\/","url":"https:\/\/portaltela.pt\/noticias\/2026\/02\/21\/vitorias-portuguesas-no-meeting-de-ourense-para-pedro-buaro-e-eliana-bandeira\/","name":"Vit\u00f3rias portuguesas no meeting de Ourense para Pedro Buar\u00f3 e Eliana Bandeira - Portal Tela Portugal","isPartOf":{"@id":"https:\/\/portaltela.pt\/#website"},"primaryImageOfPage":{"@id":"https:\/\/portaltela.pt\/noticias\/2026\/02\/21\/vitorias-portuguesas-no-meeting-de-ourense-para-pedro-buaro-e-eliana-bandeira\/#primaryimage"},"image":{"@id":"https:\/\/portaltela.pt\/noticias\/2026\/02\/21\/vitorias-portuguesas-no-meeting-de-ourense-para-pedro-buaro-e-eliana-bandeira\/#primaryimage"},"thumbnailUrl":"https:\/\/portaltela.pt\/s.01k8rhncp4jt1\/2026\/02\/img_920x518uu2026-02-21-20-31-09-2422967.jpg","datePublished":"2026-02-21T20:31:57+00:00","author":{"@id":"https:\/\/portaltela.pt\/#\/schema\/person\/c4278d4a6028830caff9ee44b42d32ed"},"breadcrumb":{"@id":"https:\/\/portaltela.pt\/noticias\/2026\/02\/21\/vitorias-portuguesas-no-meeting-de-ourense-para-pedro-buaro-e-eliana-bandeira\/#breadcrumb"},"inLanguage":"pt-PT","potentialAction":[{"@type":"ReadAction","target":["https:\/\/portaltela.pt\/noticias\/2026\/02\/21\/vitorias-portuguesas-no-meeting-de-ourense-para-pedro-buaro-e-eliana-bandeira\/"]}]},{"@type":"ImageObject","inLanguage":"pt-PT","@id":"https:\/\/portaltela.pt\/noticias\/2026\/02\/21\/vitorias-portuguesas-no-meeting-de-ourense-para-pedro-buaro-e-eliana-bandeira\/#primaryimage","url":"https:\/\/portaltela.pt\/s.01k8rhncp4jt1\/2026\/02\/img_920x518uu2026-02-21-20-31-09-2422967.jpg","contentUrl":"https:\/\/portaltela.pt\/s.01k8rhncp4jt1\/2026\/02\/img_920x518uu2026-02-21-20-31-09-2422967.jpg","width":920,"height":518,"caption":"Pedro Buar\u00f3 venceu"},{"@type":"BreadcrumbList","@id":"https:\/\/portaltela.pt\/noticias\/2026\/02\/21\/vitorias-portuguesas-no-meeting-de-ourense-para-pedro-buaro-e-eliana-bandeira\/#breadcrumb","itemListElement":[{"@type":"ListItem","position":1,"name":"In\u00edcio","item":"https:\/\/portaltela.pt\/"},{"@type":"ListItem","position":2,"name":"Vit\u00f3rias portuguesas no meeting de Ourense para Pedro Buar\u00f3 e Eliana Bandeira"}]},{"@type":"WebSite","@id":"https:\/\/portaltela.pt\/#website","url":"https:\/\/portaltela.pt\/","name":"Portal Tela Portugal","description":"","potentialAction":[{"@type":"SearchAction","target":{"@type":"EntryPoint","urlTemplate":"https:\/\/portaltela.pt\/?s={search_term_string}"},"query-input":{"@type":"PropertyValueSpecification","valueRequired":true,"valueName":"search_term_string"}}],"inLanguage":"pt-PT"},{"@type":"Person","@id":"https:\/\/portaltela.pt\/#\/schema\/person\/c4278d4a6028830caff9ee44b42d32ed","name":"Telinha","image":{"@type":"ImageObject","inLanguage":"pt-PT","@id":"https:\/\/portaltela.pt\/s.01k8rhncp4jt1\/2025\/11\/talking-bot-125x125.png","url":"https:\/\/portaltela.pt\/s.01k8rhncp4jt1\/2025\/11\/talking-bot-125x125.png","contentUrl":"https:\/\/portaltela.pt\/s.01k8rhncp4jt1\/2025\/11\/talking-bot-125x125.png","caption":"Telinha"},"sameAs":["https:\/\/portaltela.pt\/"],"url":"https:\/\/portaltela.pt\/por\/367410592786\/"}]}},"_links":{"self":[{"href":"https:\/\/portaltela.pt\/api\/wp\/v2\/posts\/221038","targetHints":{"allow":["GET"]}}],"collection":[{"href":"https:\/\/portaltela.pt\/api\/wp\/v2\/posts"}],"about":[{"href":"https:\/\/portaltela.pt\/api\/wp\/v2\/types\/post"}],"author":[{"embeddable":true,"href":"https:\/\/portaltela.pt\/api\/wp\/v2\/users\/2"}],"replies":[{"embeddable":true,"href":"https:\/\/portaltela.pt\/api\/wp\/v2\/comments?post=221038"}],"version-history":[{"count":0,"href":"https:\/\/portaltela.pt\/api\/wp\/v2\/posts\/221038\/revisions"}],"wp:featuredmedia":[{"embeddable":true,"href":"https:\/\/portaltela.pt\/api\/wp\/v2\/media\/221039"}],"wp:attachment":[{"href":"https:\/\/portaltela.pt\/api\/wp\/v2\/media?parent=221038"}],"wp:term":[{"taxonomy":"category","embeddable":true,"href":"https:\/\/portaltela.pt\/api\/wp\/v2\/categories?post=221038"},{"taxonomy":"post_tag","embeddable":true,"href":"https:\/\/portaltela.pt\/api\/wp\/v2\/tags?post=221038"}],"curies":[{"name":"wp","href":"https:\/\/api.w.org\/{rel}","templated":true}]}}