{"id":220995,"date":"2026-02-21T16:46:00","date_gmt":"2026-02-21T19:46:00","guid":{"rendered":"https:\/\/portaltela.pt\/noticias\/2026\/02\/21\/confusao-entre-claques-do-sp-braga-e-policia-atrasa-adeptos-para-derbi\/"},"modified":"2026-02-21T16:46:00","modified_gmt":"2026-02-21T19:46:00","slug":"confusao-entre-claques-do-sp-braga-e-policia-atrasa-adeptos-para-derbi","status":"publish","type":"post","link":"https:\/\/portaltela.pt\/desporto\/futebol\/2026\/02\/21\/confusao-entre-claques-do-sp-braga-e-policia-atrasa-adeptos-para-derbi\/","title":{"rendered":"Confus\u00e3o entre claques do Sp. Braga e pol\u00edcia atrasa adeptos para d\u00e9rbi"},"content":{"rendered":"<p>O d\u00e9rbi entre Sp. Braga e V. Guimar\u00e3es sofreu atrasos \u00e0 entrada de adeptos na bancada nascente do Municipal de Braga, a menos de uma hora do apito inicial. O impedimento resulta de um conflito entre claques bracarenses e a PSP.<\/p>\n<p>Acoreografia preparada inclu\u00eda uma tarja que a PSP proibiu, chegando a retirar cordas para cobrir a bancada. A interven\u00e7\u00e3o policial gerou tens\u00e3o e atrasou a abertura das portas de acesso ao sector. N\u00e3o houve registo de incidentes graves entre os f\u00e3s da casa.<\/p>\n<p>Do lado do Vit\u00f3ria, cerca de 1.500 adeptos entraram sem entraves e encontraram-se j\u00e1 em posi\u00e7\u00e3o de seguran\u00e7a. O d\u00e9rbi tradicional atrai normalmente uma grande mobiliza\u00e7\u00e3o policial na cidade.<\/p>\n<h3>Rea\u00e7\u00e3o do Sp. Braga<\/h3>\n<p>O clube emitiu um comunicado cr\u00edtico \u00e0 atua\u00e7\u00e3o da PSP, descrevendo a postura como intransigente e de upa, dizendo ter ofendido s\u00f3cios e adeptos. A SAD prev\u00ea reuni\u00f5es de emerg\u00eancia com entidades relevantes para debater o incidente.<\/p>\n<p>O Sp. Braga afirma que a PSP alegou que a coreografia n\u00e3o se enquadrava em apoio \u00e0s equipas, apesar de ter cumprido regras de seguran\u00e7a. O clube adianta que far\u00e1 den\u00fancias formais \u00e0s entidades competentes.<\/p>\n<h3>A\u00e7\u00f5es subsequentes<\/h3>\n<p>A dire\u00e7\u00e3o minhota confirma que a situa\u00e7\u00e3o ser\u00e1 levada a \u00f3rg\u00e3os competentes, incluindo a Federa\u00e7\u00e3o Portuguesa de Futebol e a Liga Portugal, para clarifica\u00e7\u00e3o e preven\u00e7\u00e3o de epis\u00f3dios semelhantes. N\u00e3o foram indicadas les\u00f5es ou deten\u00e7\u00f5es associadas ao incidente.<\/p>\n<p>O confronto entre claques, a tens\u00e3o com a PSP e as declara\u00e7\u00f5es do Sp. Braga marcam a antec\u00e2mara de um d\u00e9rbi com forte aparato policial. A organiza\u00e7\u00e3o do espet\u00e1culo permanece em an\u00e1lise pelas partes envolvidas.<\/p>\n","protected":false},"excerpt":{"rendered":"<ul>\n<li>A menos de uma hora do apito inicial do d\u00e9rbi entre Sp. Braga e Vit\u00f3ria de Guimar\u00e3es, as portas na bancada nascente ainda n\u00e3o tinham sido abertas, devido a um conflito entre claques e PSP.<\/li>\n<li>Os adeptos bracarenses tinham preparado uma coreografia; a PSP op\u00f4s-se \u00e0 tarja necess\u00e1ria e retirou o que cobria a bancada, gerando confus\u00e3o e atrasando a entrada.<\/li>\n<li>Do lado do Vit\u00f3ria, cerca de 1.500 adeptos entraram sem incidentes e seguiram para a caixa de seguran\u00e7a.<\/li>\n<li>O Sp. Braga emitiu um comunicado a criticar a \u201cpostura intransigente\u201d da PSP, alegando que ofendeu o clube, s\u00f3cios e adeptos, e que criou condi\u00e7\u00f5es inflam\u00e1veis \u00e0 volta do jogo.<\/li>\n<li>A SAD do Braga vai convocar reuni\u00f5es de emerg\u00eancia com entidades relevantes e pede posicionamento da Liga Portugal e da Federa\u00e7\u00e3o Portuguesa de Futebol sobre a promo\u00e7\u00e3o de espet\u00e1culos neste contexto.<\/li>\n<\/ul>\n","protected":false},"author":2,"featured_media":220998,"comment_status":"closed","ping_status":"closed","sticky":false,"template":"","format":"standard","meta":{"footnotes":""},"categories":[21,24],"tags":[2533,6067,254,32,1381,250],"class_list":["post-220995","post","type-post","status-publish","format-standard","has-post-thumbnail","hentry","category-desporto","category-futebol","tag-adeptos","tag-claques","tag-conflito","tag-futebol","tag-psp","tag-seguranca-publica"],"yoast_head":"<!-- This site is optimized with the Yoast SEO plugin v27.2 - https:\/\/yoast.com\/product\/yoast-seo-wordpress\/ -->\n<title>Confus\u00e3o entre claques do Sp. Braga e pol\u00edcia atrasa adeptos para d\u00e9rbi - Portal Tela Portugal<\/title>\n<meta name=\"robots\" content=\"index, follow, max-snippet:-1, max-image-preview:large, max-video-preview:-1\" \/>\n<meta property=\"og:locale\" content=\"pt_PT\" \/>\n<meta property=\"og:type\" content=\"article\" \/>\n<meta property=\"og:title\" content=\"Confus\u00e3o entre claques do Sp. Braga e pol\u00edcia atrasa adeptos para d\u00e9rbi - Portal Tela Portugal\" \/>\n<meta property=\"og:description\" content=\"A menos de uma hora do apito inicial do d\u00e9rbi entre Sp. Braga e Vit\u00f3ria de Guimar\u00e3es, as portas na bancada nascente ainda n\u00e3o tinham sido abertas, devido a um conflito entre claques e PSP. Os adeptos bracarenses tinham preparado uma coreografia; a PSP op\u00f4s-se \u00e0 tarja necess\u00e1ria e retirou o que cobria a bancada, gerando confus\u00e3o e atrasando a entrada. Do lado do Vit\u00f3ria, cerca de 1.500 adeptos entraram sem incidentes e seguiram para a caixa de seguran\u00e7a. O Sp. Braga emitiu um comunicado a criticar a \u201cpostura intransigente\u201d da PSP, alegando que ofendeu o clube, s\u00f3cios e adeptos, e que criou condi\u00e7\u00f5es inflam\u00e1veis \u00e0 volta do jogo. A SAD do Braga vai convocar reuni\u00f5es de emerg\u00eancia com entidades relevantes e pede posicionamento da Liga Portugal e da Federa\u00e7\u00e3o Portuguesa de Futebol sobre a promo\u00e7\u00e3o de espet\u00e1culos neste contexto.\" \/>\n<meta property=\"og:url\" content=\"https:\/\/portaltela.pt\/noticias\/2026\/02\/21\/confusao-entre-claques-do-sp-braga-e-policia-atrasa-adeptos-para-derbi\/\" \/>\n<meta property=\"og:site_name\" content=\"Portal Tela Portugal\" \/>\n<meta property=\"article:published_time\" content=\"2026-02-21T19:46:00+00:00\" \/>\n<meta name=\"author\" content=\"Telinha\" \/>\n<meta name=\"twitter:card\" content=\"summary_large_image\" \/>\n<meta name=\"twitter:label1\" content=\"Escrito por\" \/>\n\t<meta name=\"twitter:data1\" content=\"Telinha\" \/>\n\t<meta name=\"twitter:label2\" content=\"Tempo estimado de leitura\" \/>\n\t<meta name=\"twitter:data2\" content=\"2 minutos\" \/>\n<script type=\"application\/ld+json\" class=\"yoast-schema-graph\">{\"@context\":\"https:\/\/schema.org\",\"@graph\":[{\"@type\":\"Article\",\"@id\":\"https:\/\/portaltela.pt\/noticias\/2026\/02\/21\/confusao-entre-claques-do-sp-braga-e-policia-atrasa-adeptos-para-derbi\/#article\",\"isPartOf\":{\"@id\":\"https:\/\/portaltela.pt\/noticias\/2026\/02\/21\/confusao-entre-claques-do-sp-braga-e-policia-atrasa-adeptos-para-derbi\/\"},\"author\":{\"name\":\"Telinha\",\"@id\":\"https:\/\/portaltela.pt\/#\/schema\/person\/c4278d4a6028830caff9ee44b42d32ed\"},\"headline\":\"Confus\u00e3o entre claques do Sp. Braga e pol\u00edcia atrasa adeptos para d\u00e9rbi\",\"datePublished\":\"2026-02-21T19:46:00+00:00\",\"mainEntityOfPage\":{\"@id\":\"https:\/\/portaltela.pt\/noticias\/2026\/02\/21\/confusao-entre-claques-do-sp-braga-e-policia-atrasa-adeptos-para-derbi\/\"},\"wordCount\":315,\"image\":{\"@id\":\"https:\/\/portaltela.pt\/noticias\/2026\/02\/21\/confusao-entre-claques-do-sp-braga-e-policia-atrasa-adeptos-para-derbi\/#primaryimage\"},\"thumbnailUrl\":\"https:\/\/portaltela.pt\/s.01k8rhncp4jt1\/2026\/02\/img_1200x721uu2026-02-21-19-37-44-2422952.jpg\",\"keywords\":[\"adeptos\",\"claques\",\"conflito\",\"futebol\",\"PSP\",\"seguran\u00e7a p\u00fablica\"],\"articleSection\":[\"Desporto\",\"Futebol\"],\"inLanguage\":\"pt-PT\"},{\"@type\":\"WebPage\",\"@id\":\"https:\/\/portaltela.pt\/noticias\/2026\/02\/21\/confusao-entre-claques-do-sp-braga-e-policia-atrasa-adeptos-para-derbi\/\",\"url\":\"https:\/\/portaltela.pt\/noticias\/2026\/02\/21\/confusao-entre-claques-do-sp-braga-e-policia-atrasa-adeptos-para-derbi\/\",\"name\":\"Confus\u00e3o entre claques do Sp. Braga e pol\u00edcia atrasa adeptos para d\u00e9rbi - Portal Tela Portugal\",\"isPartOf\":{\"@id\":\"https:\/\/portaltela.pt\/#website\"},\"primaryImageOfPage\":{\"@id\":\"https:\/\/portaltela.pt\/noticias\/2026\/02\/21\/confusao-entre-claques-do-sp-braga-e-policia-atrasa-adeptos-para-derbi\/#primaryimage\"},\"image\":{\"@id\":\"https:\/\/portaltela.pt\/noticias\/2026\/02\/21\/confusao-entre-claques-do-sp-braga-e-policia-atrasa-adeptos-para-derbi\/#primaryimage\"},\"thumbnailUrl\":\"https:\/\/portaltela.pt\/s.01k8rhncp4jt1\/2026\/02\/img_1200x721uu2026-02-21-19-37-44-2422952.jpg\",\"datePublished\":\"2026-02-21T19:46:00+00:00\",\"author\":{\"@id\":\"https:\/\/portaltela.pt\/#\/schema\/person\/c4278d4a6028830caff9ee44b42d32ed\"},\"breadcrumb\":{\"@id\":\"https:\/\/portaltela.pt\/noticias\/2026\/02\/21\/confusao-entre-claques-do-sp-braga-e-policia-atrasa-adeptos-para-derbi\/#breadcrumb\"},\"inLanguage\":\"pt-PT\",\"potentialAction\":[{\"@type\":\"ReadAction\",\"target\":[\"https:\/\/portaltela.pt\/noticias\/2026\/02\/21\/confusao-entre-claques-do-sp-braga-e-policia-atrasa-adeptos-para-derbi\/\"]}]},{\"@type\":\"ImageObject\",\"inLanguage\":\"pt-PT\",\"@id\":\"https:\/\/portaltela.pt\/noticias\/2026\/02\/21\/confusao-entre-claques-do-sp-braga-e-policia-atrasa-adeptos-para-derbi\/#primaryimage\",\"url\":\"https:\/\/portaltela.pt\/s.01k8rhncp4jt1\/2026\/02\/img_1200x721uu2026-02-21-19-37-44-2422952.jpg\",\"contentUrl\":\"https:\/\/portaltela.pt\/s.01k8rhncp4jt1\/2026\/02\/img_1200x721uu2026-02-21-19-37-44-2422952.jpg\",\"width\":796,\"height\":448,\"caption\":\"Confus\u00e3o entre claques do Sp. Braga e a pol\u00edcia atrasa entrada de adeptos para o d\u00e9rbi\"},{\"@type\":\"BreadcrumbList\",\"@id\":\"https:\/\/portaltela.pt\/noticias\/2026\/02\/21\/confusao-entre-claques-do-sp-braga-e-policia-atrasa-adeptos-para-derbi\/#breadcrumb\",\"itemListElement\":[{\"@type\":\"ListItem\",\"position\":1,\"name\":\"In\u00edcio\",\"item\":\"https:\/\/portaltela.pt\/\"},{\"@type\":\"ListItem\",\"position\":2,\"name\":\"Confus\u00e3o entre claques do Sp. Braga e pol\u00edcia atrasa adeptos para d\u00e9rbi\"}]},{\"@type\":\"WebSite\",\"@id\":\"https:\/\/portaltela.pt\/#website\",\"url\":\"https:\/\/portaltela.pt\/\",\"name\":\"Portal Tela Portugal\",\"description\":\"\",\"potentialAction\":[{\"@type\":\"SearchAction\",\"target\":{\"@type\":\"EntryPoint\",\"urlTemplate\":\"https:\/\/portaltela.pt\/?s={search_term_string}\"},\"query-input\":{\"@type\":\"PropertyValueSpecification\",\"valueRequired\":true,\"valueName\":\"search_term_string\"}}],\"inLanguage\":\"pt-PT\"},{\"@type\":\"Person\",\"@id\":\"https:\/\/portaltela.pt\/#\/schema\/person\/c4278d4a6028830caff9ee44b42d32ed\",\"name\":\"Telinha\",\"image\":{\"@type\":\"ImageObject\",\"inLanguage\":\"pt-PT\",\"@id\":\"https:\/\/portaltela.pt\/s.01k8rhncp4jt1\/2025\/11\/talking-bot-125x125.png\",\"url\":\"https:\/\/portaltela.pt\/s.01k8rhncp4jt1\/2025\/11\/talking-bot-125x125.png\",\"contentUrl\":\"https:\/\/portaltela.pt\/s.01k8rhncp4jt1\/2025\/11\/talking-bot-125x125.png\",\"caption\":\"Telinha\"},\"sameAs\":[\"https:\/\/portaltela.pt\/\"],\"url\":\"https:\/\/portaltela.pt\/por\/367410592786\/\"}]}<\/script>\n<!-- \/ Yoast SEO plugin. -->","yoast_head_json":{"title":"Confus\u00e3o entre claques do Sp. Braga e pol\u00edcia atrasa adeptos para d\u00e9rbi - Portal Tela Portugal","robots":{"index":"index","follow":"follow","max-snippet":"max-snippet:-1","max-image-preview":"max-image-preview:large","max-video-preview":"max-video-preview:-1"},"og_locale":"pt_PT","og_type":"article","og_title":"Confus\u00e3o entre claques do Sp. Braga e pol\u00edcia atrasa adeptos para d\u00e9rbi - Portal Tela Portugal","og_description":"A menos de uma hora do apito inicial do d\u00e9rbi entre Sp. Braga e Vit\u00f3ria de Guimar\u00e3es, as portas na bancada nascente ainda n\u00e3o tinham sido abertas, devido a um conflito entre claques e PSP. Os adeptos bracarenses tinham preparado uma coreografia; a PSP op\u00f4s-se \u00e0 tarja necess\u00e1ria e retirou o que cobria a bancada, gerando confus\u00e3o e atrasando a entrada. Do lado do Vit\u00f3ria, cerca de 1.500 adeptos entraram sem incidentes e seguiram para a caixa de seguran\u00e7a. O Sp. Braga emitiu um comunicado a criticar a \u201cpostura intransigente\u201d da PSP, alegando que ofendeu o clube, s\u00f3cios e adeptos, e que criou condi\u00e7\u00f5es inflam\u00e1veis \u00e0 volta do jogo. A SAD do Braga vai convocar reuni\u00f5es de emerg\u00eancia com entidades relevantes e pede posicionamento da Liga Portugal e da Federa\u00e7\u00e3o Portuguesa de Futebol sobre a promo\u00e7\u00e3o de espet\u00e1culos neste contexto.","og_url":"https:\/\/portaltela.pt\/noticias\/2026\/02\/21\/confusao-entre-claques-do-sp-braga-e-policia-atrasa-adeptos-para-derbi\/","og_site_name":"Portal Tela Portugal","article_published_time":"2026-02-21T19:46:00+00:00","author":"Telinha","twitter_card":"summary_large_image","twitter_misc":{"Escrito por":"Telinha","Tempo estimado de leitura":"2 minutos"},"schema":{"@context":"https:\/\/schema.org","@graph":[{"@type":"Article","@id":"https:\/\/portaltela.pt\/noticias\/2026\/02\/21\/confusao-entre-claques-do-sp-braga-e-policia-atrasa-adeptos-para-derbi\/#article","isPartOf":{"@id":"https:\/\/portaltela.pt\/noticias\/2026\/02\/21\/confusao-entre-claques-do-sp-braga-e-policia-atrasa-adeptos-para-derbi\/"},"author":{"name":"Telinha","@id":"https:\/\/portaltela.pt\/#\/schema\/person\/c4278d4a6028830caff9ee44b42d32ed"},"headline":"Confus\u00e3o entre claques do Sp. Braga e pol\u00edcia atrasa adeptos para d\u00e9rbi","datePublished":"2026-02-21T19:46:00+00:00","mainEntityOfPage":{"@id":"https:\/\/portaltela.pt\/noticias\/2026\/02\/21\/confusao-entre-claques-do-sp-braga-e-policia-atrasa-adeptos-para-derbi\/"},"wordCount":315,"image":{"@id":"https:\/\/portaltela.pt\/noticias\/2026\/02\/21\/confusao-entre-claques-do-sp-braga-e-policia-atrasa-adeptos-para-derbi\/#primaryimage"},"thumbnailUrl":"https:\/\/portaltela.pt\/s.01k8rhncp4jt1\/2026\/02\/img_1200x721uu2026-02-21-19-37-44-2422952.jpg","keywords":["adeptos","claques","conflito","futebol","PSP","seguran\u00e7a p\u00fablica"],"articleSection":["Desporto","Futebol"],"inLanguage":"pt-PT"},{"@type":"WebPage","@id":"https:\/\/portaltela.pt\/noticias\/2026\/02\/21\/confusao-entre-claques-do-sp-braga-e-policia-atrasa-adeptos-para-derbi\/","url":"https:\/\/portaltela.pt\/noticias\/2026\/02\/21\/confusao-entre-claques-do-sp-braga-e-policia-atrasa-adeptos-para-derbi\/","name":"Confus\u00e3o entre claques do Sp. Braga e pol\u00edcia atrasa adeptos para d\u00e9rbi - Portal Tela Portugal","isPartOf":{"@id":"https:\/\/portaltela.pt\/#website"},"primaryImageOfPage":{"@id":"https:\/\/portaltela.pt\/noticias\/2026\/02\/21\/confusao-entre-claques-do-sp-braga-e-policia-atrasa-adeptos-para-derbi\/#primaryimage"},"image":{"@id":"https:\/\/portaltela.pt\/noticias\/2026\/02\/21\/confusao-entre-claques-do-sp-braga-e-policia-atrasa-adeptos-para-derbi\/#primaryimage"},"thumbnailUrl":"https:\/\/portaltela.pt\/s.01k8rhncp4jt1\/2026\/02\/img_1200x721uu2026-02-21-19-37-44-2422952.jpg","datePublished":"2026-02-21T19:46:00+00:00","author":{"@id":"https:\/\/portaltela.pt\/#\/schema\/person\/c4278d4a6028830caff9ee44b42d32ed"},"breadcrumb":{"@id":"https:\/\/portaltela.pt\/noticias\/2026\/02\/21\/confusao-entre-claques-do-sp-braga-e-policia-atrasa-adeptos-para-derbi\/#breadcrumb"},"inLanguage":"pt-PT","potentialAction":[{"@type":"ReadAction","target":["https:\/\/portaltela.pt\/noticias\/2026\/02\/21\/confusao-entre-claques-do-sp-braga-e-policia-atrasa-adeptos-para-derbi\/"]}]},{"@type":"ImageObject","inLanguage":"pt-PT","@id":"https:\/\/portaltela.pt\/noticias\/2026\/02\/21\/confusao-entre-claques-do-sp-braga-e-policia-atrasa-adeptos-para-derbi\/#primaryimage","url":"https:\/\/portaltela.pt\/s.01k8rhncp4jt1\/2026\/02\/img_1200x721uu2026-02-21-19-37-44-2422952.jpg","contentUrl":"https:\/\/portaltela.pt\/s.01k8rhncp4jt1\/2026\/02\/img_1200x721uu2026-02-21-19-37-44-2422952.jpg","width":796,"height":448,"caption":"Confus\u00e3o entre claques do Sp. Braga e a pol\u00edcia atrasa entrada de adeptos para o d\u00e9rbi"},{"@type":"BreadcrumbList","@id":"https:\/\/portaltela.pt\/noticias\/2026\/02\/21\/confusao-entre-claques-do-sp-braga-e-policia-atrasa-adeptos-para-derbi\/#breadcrumb","itemListElement":[{"@type":"ListItem","position":1,"name":"In\u00edcio","item":"https:\/\/portaltela.pt\/"},{"@type":"ListItem","position":2,"name":"Confus\u00e3o entre claques do Sp. Braga e pol\u00edcia atrasa adeptos para d\u00e9rbi"}]},{"@type":"WebSite","@id":"https:\/\/portaltela.pt\/#website","url":"https:\/\/portaltela.pt\/","name":"Portal Tela Portugal","description":"","potentialAction":[{"@type":"SearchAction","target":{"@type":"EntryPoint","urlTemplate":"https:\/\/portaltela.pt\/?s={search_term_string}"},"query-input":{"@type":"PropertyValueSpecification","valueRequired":true,"valueName":"search_term_string"}}],"inLanguage":"pt-PT"},{"@type":"Person","@id":"https:\/\/portaltela.pt\/#\/schema\/person\/c4278d4a6028830caff9ee44b42d32ed","name":"Telinha","image":{"@type":"ImageObject","inLanguage":"pt-PT","@id":"https:\/\/portaltela.pt\/s.01k8rhncp4jt1\/2025\/11\/talking-bot-125x125.png","url":"https:\/\/portaltela.pt\/s.01k8rhncp4jt1\/2025\/11\/talking-bot-125x125.png","contentUrl":"https:\/\/portaltela.pt\/s.01k8rhncp4jt1\/2025\/11\/talking-bot-125x125.png","caption":"Telinha"},"sameAs":["https:\/\/portaltela.pt\/"],"url":"https:\/\/portaltela.pt\/por\/367410592786\/"}]}},"_links":{"self":[{"href":"https:\/\/portaltela.pt\/api\/wp\/v2\/posts\/220995","targetHints":{"allow":["GET"]}}],"collection":[{"href":"https:\/\/portaltela.pt\/api\/wp\/v2\/posts"}],"about":[{"href":"https:\/\/portaltela.pt\/api\/wp\/v2\/types\/post"}],"author":[{"embeddable":true,"href":"https:\/\/portaltela.pt\/api\/wp\/v2\/users\/2"}],"replies":[{"embeddable":true,"href":"https:\/\/portaltela.pt\/api\/wp\/v2\/comments?post=220995"}],"version-history":[{"count":0,"href":"https:\/\/portaltela.pt\/api\/wp\/v2\/posts\/220995\/revisions"}],"wp:featuredmedia":[{"embeddable":true,"href":"https:\/\/portaltela.pt\/api\/wp\/v2\/media\/220998"}],"wp:attachment":[{"href":"https:\/\/portaltela.pt\/api\/wp\/v2\/media?parent=220995"}],"wp:term":[{"taxonomy":"category","embeddable":true,"href":"https:\/\/portaltela.pt\/api\/wp\/v2\/categories?post=220995"},{"taxonomy":"post_tag","embeddable":true,"href":"https:\/\/portaltela.pt\/api\/wp\/v2\/tags?post=220995"}],"curies":[{"name":"wp","href":"https:\/\/api.w.org\/{rel}","templated":true}]}}