{"id":220975,"date":"2026-02-21T16:32:00","date_gmt":"2026-02-21T19:32:00","guid":{"rendered":"https:\/\/portaltela.pt\/noticias\/2026\/02\/21\/inter-de-milao-vence-lecce-e-amplia-lideranca-na-serie-a\/"},"modified":"2026-02-21T16:32:00","modified_gmt":"2026-02-21T19:32:00","slug":"inter-de-milao-vence-lecce-e-amplia-lideranca-na-serie-a","status":"publish","type":"post","link":"https:\/\/portaltela.pt\/desporto\/futebol\/2026\/02\/21\/inter-de-milao-vence-lecce-e-amplia-lideranca-na-serie-a\/","title":{"rendered":"Inter de Mil\u00e3o vence Lecce e amplia lideran\u00e7a na Serie A"},"content":{"rendered":"<p>O Inter Mil\u00e3o venceu o Lecce fora de casa e consolidou a lideran\u00e7a da Serie A. O triunfo coloca o conjunto milan\u00eas na posi\u00e7\u00e3o de favorito no campeonato.<\/p>\n<p>A vit\u00f3ria foi alcan\u00e7ada no terreno do Lecce, em um encontro em que o Inter assumiu o controlo do jogo. Os detalhes de marcadores n\u00e3o foram anunciados neste resumo.<\/p>\n<p>Com este resultado, o Inter mant\u00e9m-se no topo da classifica\u00e7\u00e3o, ampliando a vantagem sobre os perseguidores na corrida pelo scudetto. A equipa apostou num registo s\u00f3lido defensivamente e em transi\u00e7\u00f5es r\u00e1pidas ao ataque.<\/p>\n<p>O Lecce continua a partida com foco na melhoria do seu rendimento, tentando aproximar-se dos lugares de manuten\u00e7\u00e3o e estabelecer consist\u00eancia ao longo da \u00e9poca.<\/p>\n","protected":false},"excerpt":{"rendered":"<ul>\n<li>Inter Mil\u00e3o venceu em Lecce.<\/li>\n<li>A vit\u00f3ria refor\u00e7a a lideran\u00e7a da S\u00e9rie A.<\/li>\n<li>O jogo realizou-se no est\u00e1dio de Lecce.<\/li>\n<li>O marcador n\u00e3o \u00e9 indicado no texto fornecido.<\/li>\n<\/ul>\n","protected":false},"author":2,"featured_media":220976,"comment_status":"closed","ping_status":"closed","sticky":false,"template":"","format":"standard","meta":{"footnotes":""},"categories":[21,24],"tags":[32,3338,2119,2062],"class_list":["post-220975","post","type-post","status-publish","format-standard","has-post-thumbnail","hentry","category-desporto","category-futebol","tag-futebol","tag-futebol-internacional","tag-inter-de-milao","tag-serie-a"],"yoast_head":"<!-- This site is optimized with the Yoast SEO plugin v27.2 - https:\/\/yoast.com\/product\/yoast-seo-wordpress\/ -->\n<title>Inter de Mil\u00e3o vence Lecce e amplia lideran\u00e7a na Serie A - Portal Tela Portugal<\/title>\n<meta name=\"robots\" content=\"index, follow, max-snippet:-1, max-image-preview:large, max-video-preview:-1\" \/>\n<meta property=\"og:locale\" content=\"pt_PT\" \/>\n<meta property=\"og:type\" content=\"article\" \/>\n<meta property=\"og:title\" content=\"Inter de Mil\u00e3o vence Lecce e amplia lideran\u00e7a na Serie A - Portal Tela Portugal\" \/>\n<meta property=\"og:description\" content=\"Inter Mil\u00e3o venceu em Lecce. A vit\u00f3ria refor\u00e7a a lideran\u00e7a da S\u00e9rie A. O jogo realizou-se no est\u00e1dio de Lecce. O marcador n\u00e3o \u00e9 indicado no texto fornecido.\" \/>\n<meta property=\"og:url\" content=\"https:\/\/portaltela.pt\/noticias\/2026\/02\/21\/inter-de-milao-vence-lecce-e-amplia-lideranca-na-serie-a\/\" \/>\n<meta property=\"og:site_name\" content=\"Portal Tela Portugal\" \/>\n<meta property=\"article:published_time\" content=\"2026-02-21T19:32:00+00:00\" \/>\n<meta name=\"author\" content=\"Telinha\" \/>\n<meta name=\"twitter:card\" content=\"summary_large_image\" \/>\n<meta name=\"twitter:label1\" content=\"Escrito por\" \/>\n\t<meta name=\"twitter:data1\" content=\"Telinha\" \/>\n\t<meta name=\"twitter:label2\" content=\"Tempo estimado de leitura\" \/>\n\t<meta name=\"twitter:data2\" content=\"1 minuto\" \/>\n<script type=\"application\/ld+json\" class=\"yoast-schema-graph\">{\"@context\":\"https:\/\/schema.org\",\"@graph\":[{\"@type\":\"Article\",\"@id\":\"https:\/\/portaltela.pt\/noticias\/2026\/02\/21\/inter-de-milao-vence-lecce-e-amplia-lideranca-na-serie-a\/#article\",\"isPartOf\":{\"@id\":\"https:\/\/portaltela.pt\/noticias\/2026\/02\/21\/inter-de-milao-vence-lecce-e-amplia-lideranca-na-serie-a\/\"},\"author\":{\"name\":\"Telinha\",\"@id\":\"https:\/\/portaltela.pt\/#\/schema\/person\/c4278d4a6028830caff9ee44b42d32ed\"},\"headline\":\"Inter de Mil\u00e3o vence Lecce e amplia lideran\u00e7a na Serie A\",\"datePublished\":\"2026-02-21T19:32:00+00:00\",\"mainEntityOfPage\":{\"@id\":\"https:\/\/portaltela.pt\/noticias\/2026\/02\/21\/inter-de-milao-vence-lecce-e-amplia-lideranca-na-serie-a\/\"},\"wordCount\":142,\"image\":{\"@id\":\"https:\/\/portaltela.pt\/noticias\/2026\/02\/21\/inter-de-milao-vence-lecce-e-amplia-lideranca-na-serie-a\/#primaryimage\"},\"thumbnailUrl\":\"https:\/\/portaltela.pt\/s.01k8rhncp4jt1\/2026\/02\/CACHE_780X1200_ANALOG_WATERMARKED_46615312_9894376534221.jpg\",\"keywords\":[\"futebol\",\"futebol internacional\",\"Inter de Mil\u00e3o\",\"S\u00e9rie A\"],\"articleSection\":[\"Desporto\",\"Futebol\"],\"inLanguage\":\"pt-PT\"},{\"@type\":\"WebPage\",\"@id\":\"https:\/\/portaltela.pt\/noticias\/2026\/02\/21\/inter-de-milao-vence-lecce-e-amplia-lideranca-na-serie-a\/\",\"url\":\"https:\/\/portaltela.pt\/noticias\/2026\/02\/21\/inter-de-milao-vence-lecce-e-amplia-lideranca-na-serie-a\/\",\"name\":\"Inter de Mil\u00e3o vence Lecce e amplia lideran\u00e7a na Serie A - Portal Tela Portugal\",\"isPartOf\":{\"@id\":\"https:\/\/portaltela.pt\/#website\"},\"primaryImageOfPage\":{\"@id\":\"https:\/\/portaltela.pt\/noticias\/2026\/02\/21\/inter-de-milao-vence-lecce-e-amplia-lideranca-na-serie-a\/#primaryimage\"},\"image\":{\"@id\":\"https:\/\/portaltela.pt\/noticias\/2026\/02\/21\/inter-de-milao-vence-lecce-e-amplia-lideranca-na-serie-a\/#primaryimage\"},\"thumbnailUrl\":\"https:\/\/portaltela.pt\/s.01k8rhncp4jt1\/2026\/02\/CACHE_780X1200_ANALOG_WATERMARKED_46615312_9894376534221.jpg\",\"datePublished\":\"2026-02-21T19:32:00+00:00\",\"author\":{\"@id\":\"https:\/\/portaltela.pt\/#\/schema\/person\/c4278d4a6028830caff9ee44b42d32ed\"},\"breadcrumb\":{\"@id\":\"https:\/\/portaltela.pt\/noticias\/2026\/02\/21\/inter-de-milao-vence-lecce-e-amplia-lideranca-na-serie-a\/#breadcrumb\"},\"inLanguage\":\"pt-PT\",\"potentialAction\":[{\"@type\":\"ReadAction\",\"target\":[\"https:\/\/portaltela.pt\/noticias\/2026\/02\/21\/inter-de-milao-vence-lecce-e-amplia-lideranca-na-serie-a\/\"]}]},{\"@type\":\"ImageObject\",\"inLanguage\":\"pt-PT\",\"@id\":\"https:\/\/portaltela.pt\/noticias\/2026\/02\/21\/inter-de-milao-vence-lecce-e-amplia-lideranca-na-serie-a\/#primaryimage\",\"url\":\"https:\/\/portaltela.pt\/s.01k8rhncp4jt1\/2026\/02\/CACHE_780X1200_ANALOG_WATERMARKED_46615312_9894376534221.jpg\",\"contentUrl\":\"https:\/\/portaltela.pt\/s.01k8rhncp4jt1\/2026\/02\/CACHE_780X1200_ANALOG_WATERMARKED_46615312_9894376534221.jpg\",\"width\":768,\"height\":532,\"caption\":\"Inter Mil\u00e3o vence em Lecce e refor\u00e7a lideran\u00e7a da Serie A\"},{\"@type\":\"BreadcrumbList\",\"@id\":\"https:\/\/portaltela.pt\/noticias\/2026\/02\/21\/inter-de-milao-vence-lecce-e-amplia-lideranca-na-serie-a\/#breadcrumb\",\"itemListElement\":[{\"@type\":\"ListItem\",\"position\":1,\"name\":\"In\u00edcio\",\"item\":\"https:\/\/portaltela.pt\/\"},{\"@type\":\"ListItem\",\"position\":2,\"name\":\"Inter de Mil\u00e3o vence Lecce e amplia lideran\u00e7a na Serie A\"}]},{\"@type\":\"WebSite\",\"@id\":\"https:\/\/portaltela.pt\/#website\",\"url\":\"https:\/\/portaltela.pt\/\",\"name\":\"Portal Tela Portugal\",\"description\":\"\",\"potentialAction\":[{\"@type\":\"SearchAction\",\"target\":{\"@type\":\"EntryPoint\",\"urlTemplate\":\"https:\/\/portaltela.pt\/?s={search_term_string}\"},\"query-input\":{\"@type\":\"PropertyValueSpecification\",\"valueRequired\":true,\"valueName\":\"search_term_string\"}}],\"inLanguage\":\"pt-PT\"},{\"@type\":\"Person\",\"@id\":\"https:\/\/portaltela.pt\/#\/schema\/person\/c4278d4a6028830caff9ee44b42d32ed\",\"name\":\"Telinha\",\"image\":{\"@type\":\"ImageObject\",\"inLanguage\":\"pt-PT\",\"@id\":\"https:\/\/portaltela.pt\/s.01k8rhncp4jt1\/2025\/11\/talking-bot-125x125.png\",\"url\":\"https:\/\/portaltela.pt\/s.01k8rhncp4jt1\/2025\/11\/talking-bot-125x125.png\",\"contentUrl\":\"https:\/\/portaltela.pt\/s.01k8rhncp4jt1\/2025\/11\/talking-bot-125x125.png\",\"caption\":\"Telinha\"},\"sameAs\":[\"https:\/\/portaltela.pt\/\"],\"url\":\"https:\/\/portaltela.pt\/por\/367410592786\/\"}]}<\/script>\n<!-- \/ Yoast SEO plugin. -->","yoast_head_json":{"title":"Inter de Mil\u00e3o vence Lecce e amplia lideran\u00e7a na Serie A - Portal Tela Portugal","robots":{"index":"index","follow":"follow","max-snippet":"max-snippet:-1","max-image-preview":"max-image-preview:large","max-video-preview":"max-video-preview:-1"},"og_locale":"pt_PT","og_type":"article","og_title":"Inter de Mil\u00e3o vence Lecce e amplia lideran\u00e7a na Serie A - Portal Tela Portugal","og_description":"Inter Mil\u00e3o venceu em Lecce. A vit\u00f3ria refor\u00e7a a lideran\u00e7a da S\u00e9rie A. O jogo realizou-se no est\u00e1dio de Lecce. O marcador n\u00e3o \u00e9 indicado no texto fornecido.","og_url":"https:\/\/portaltela.pt\/noticias\/2026\/02\/21\/inter-de-milao-vence-lecce-e-amplia-lideranca-na-serie-a\/","og_site_name":"Portal Tela Portugal","article_published_time":"2026-02-21T19:32:00+00:00","author":"Telinha","twitter_card":"summary_large_image","twitter_misc":{"Escrito por":"Telinha","Tempo estimado de leitura":"1 minuto"},"schema":{"@context":"https:\/\/schema.org","@graph":[{"@type":"Article","@id":"https:\/\/portaltela.pt\/noticias\/2026\/02\/21\/inter-de-milao-vence-lecce-e-amplia-lideranca-na-serie-a\/#article","isPartOf":{"@id":"https:\/\/portaltela.pt\/noticias\/2026\/02\/21\/inter-de-milao-vence-lecce-e-amplia-lideranca-na-serie-a\/"},"author":{"name":"Telinha","@id":"https:\/\/portaltela.pt\/#\/schema\/person\/c4278d4a6028830caff9ee44b42d32ed"},"headline":"Inter de Mil\u00e3o vence Lecce e amplia lideran\u00e7a na Serie A","datePublished":"2026-02-21T19:32:00+00:00","mainEntityOfPage":{"@id":"https:\/\/portaltela.pt\/noticias\/2026\/02\/21\/inter-de-milao-vence-lecce-e-amplia-lideranca-na-serie-a\/"},"wordCount":142,"image":{"@id":"https:\/\/portaltela.pt\/noticias\/2026\/02\/21\/inter-de-milao-vence-lecce-e-amplia-lideranca-na-serie-a\/#primaryimage"},"thumbnailUrl":"https:\/\/portaltela.pt\/s.01k8rhncp4jt1\/2026\/02\/CACHE_780X1200_ANALOG_WATERMARKED_46615312_9894376534221.jpg","keywords":["futebol","futebol internacional","Inter de Mil\u00e3o","S\u00e9rie A"],"articleSection":["Desporto","Futebol"],"inLanguage":"pt-PT"},{"@type":"WebPage","@id":"https:\/\/portaltela.pt\/noticias\/2026\/02\/21\/inter-de-milao-vence-lecce-e-amplia-lideranca-na-serie-a\/","url":"https:\/\/portaltela.pt\/noticias\/2026\/02\/21\/inter-de-milao-vence-lecce-e-amplia-lideranca-na-serie-a\/","name":"Inter de Mil\u00e3o vence Lecce e amplia lideran\u00e7a na Serie A - Portal Tela Portugal","isPartOf":{"@id":"https:\/\/portaltela.pt\/#website"},"primaryImageOfPage":{"@id":"https:\/\/portaltela.pt\/noticias\/2026\/02\/21\/inter-de-milao-vence-lecce-e-amplia-lideranca-na-serie-a\/#primaryimage"},"image":{"@id":"https:\/\/portaltela.pt\/noticias\/2026\/02\/21\/inter-de-milao-vence-lecce-e-amplia-lideranca-na-serie-a\/#primaryimage"},"thumbnailUrl":"https:\/\/portaltela.pt\/s.01k8rhncp4jt1\/2026\/02\/CACHE_780X1200_ANALOG_WATERMARKED_46615312_9894376534221.jpg","datePublished":"2026-02-21T19:32:00+00:00","author":{"@id":"https:\/\/portaltela.pt\/#\/schema\/person\/c4278d4a6028830caff9ee44b42d32ed"},"breadcrumb":{"@id":"https:\/\/portaltela.pt\/noticias\/2026\/02\/21\/inter-de-milao-vence-lecce-e-amplia-lideranca-na-serie-a\/#breadcrumb"},"inLanguage":"pt-PT","potentialAction":[{"@type":"ReadAction","target":["https:\/\/portaltela.pt\/noticias\/2026\/02\/21\/inter-de-milao-vence-lecce-e-amplia-lideranca-na-serie-a\/"]}]},{"@type":"ImageObject","inLanguage":"pt-PT","@id":"https:\/\/portaltela.pt\/noticias\/2026\/02\/21\/inter-de-milao-vence-lecce-e-amplia-lideranca-na-serie-a\/#primaryimage","url":"https:\/\/portaltela.pt\/s.01k8rhncp4jt1\/2026\/02\/CACHE_780X1200_ANALOG_WATERMARKED_46615312_9894376534221.jpg","contentUrl":"https:\/\/portaltela.pt\/s.01k8rhncp4jt1\/2026\/02\/CACHE_780X1200_ANALOG_WATERMARKED_46615312_9894376534221.jpg","width":768,"height":532,"caption":"Inter Mil\u00e3o vence em Lecce e refor\u00e7a lideran\u00e7a da Serie A"},{"@type":"BreadcrumbList","@id":"https:\/\/portaltela.pt\/noticias\/2026\/02\/21\/inter-de-milao-vence-lecce-e-amplia-lideranca-na-serie-a\/#breadcrumb","itemListElement":[{"@type":"ListItem","position":1,"name":"In\u00edcio","item":"https:\/\/portaltela.pt\/"},{"@type":"ListItem","position":2,"name":"Inter de Mil\u00e3o vence Lecce e amplia lideran\u00e7a na Serie A"}]},{"@type":"WebSite","@id":"https:\/\/portaltela.pt\/#website","url":"https:\/\/portaltela.pt\/","name":"Portal Tela Portugal","description":"","potentialAction":[{"@type":"SearchAction","target":{"@type":"EntryPoint","urlTemplate":"https:\/\/portaltela.pt\/?s={search_term_string}"},"query-input":{"@type":"PropertyValueSpecification","valueRequired":true,"valueName":"search_term_string"}}],"inLanguage":"pt-PT"},{"@type":"Person","@id":"https:\/\/portaltela.pt\/#\/schema\/person\/c4278d4a6028830caff9ee44b42d32ed","name":"Telinha","image":{"@type":"ImageObject","inLanguage":"pt-PT","@id":"https:\/\/portaltela.pt\/s.01k8rhncp4jt1\/2025\/11\/talking-bot-125x125.png","url":"https:\/\/portaltela.pt\/s.01k8rhncp4jt1\/2025\/11\/talking-bot-125x125.png","contentUrl":"https:\/\/portaltela.pt\/s.01k8rhncp4jt1\/2025\/11\/talking-bot-125x125.png","caption":"Telinha"},"sameAs":["https:\/\/portaltela.pt\/"],"url":"https:\/\/portaltela.pt\/por\/367410592786\/"}]}},"_links":{"self":[{"href":"https:\/\/portaltela.pt\/api\/wp\/v2\/posts\/220975","targetHints":{"allow":["GET"]}}],"collection":[{"href":"https:\/\/portaltela.pt\/api\/wp\/v2\/posts"}],"about":[{"href":"https:\/\/portaltela.pt\/api\/wp\/v2\/types\/post"}],"author":[{"embeddable":true,"href":"https:\/\/portaltela.pt\/api\/wp\/v2\/users\/2"}],"replies":[{"embeddable":true,"href":"https:\/\/portaltela.pt\/api\/wp\/v2\/comments?post=220975"}],"version-history":[{"count":0,"href":"https:\/\/portaltela.pt\/api\/wp\/v2\/posts\/220975\/revisions"}],"wp:featuredmedia":[{"embeddable":true,"href":"https:\/\/portaltela.pt\/api\/wp\/v2\/media\/220976"}],"wp:attachment":[{"href":"https:\/\/portaltela.pt\/api\/wp\/v2\/media?parent=220975"}],"wp:term":[{"taxonomy":"category","embeddable":true,"href":"https:\/\/portaltela.pt\/api\/wp\/v2\/categories?post=220975"},{"taxonomy":"post_tag","embeddable":true,"href":"https:\/\/portaltela.pt\/api\/wp\/v2\/tags?post=220975"}],"curies":[{"name":"wp","href":"https:\/\/api.w.org\/{rel}","templated":true}]}}