{"id":220947,"date":"2026-02-21T16:08:48","date_gmt":"2026-02-21T19:08:48","guid":{"rendered":"https:\/\/portaltela.pt\/noticias\/2026\/02\/21\/sindicato-da-psp-reconhece-nomeacao-de-luis-neves-para-mai-com-reservas\/"},"modified":"2026-02-21T16:08:48","modified_gmt":"2026-02-21T19:08:48","slug":"sindicato-da-psp-reconhece-nomeacao-de-luis-neves-para-mai-com-reservas","status":"publish","type":"post","link":"https:\/\/portaltela.pt\/noticias\/politica\/2026\/02\/21\/sindicato-da-psp-reconhece-nomeacao-de-luis-neves-para-mai-com-reservas\/","title":{"rendered":"Sindicato da PSP reconhece nomea\u00e7\u00e3o de Lu\u00eds Neves para MAI, com reservas"},"content":{"rendered":"<p>A Associa\u00e7\u00e3o Sindical dos Profissionais da Pol\u00edcia (ASPP\/PSP) reconheceu este s\u00e1bado a escolha de Lu\u00eds Neves para ministro da Administra\u00e7\u00e3o Interna, mas salientou que as op\u00e7\u00f5es pol\u00edticas na \u00e1rea s\u00e3o da exclusiva responsabilidade do primeiro-ministro.<\/p>\n<p>A ASPP\/PSP afirma que a linha e a a\u00e7\u00e3o pol\u00edticas continuam a ser centrais na gest\u00e3o do MAI e que quem escolhe os ministros, bem como as op\u00e7\u00f5es pol\u00edticas, cabe inteiramente ao Governo. O sindicato adianta manter a postura hist\u00f3rica de acompanhar com aten\u00e7\u00e3o o desempenho do novo Minist\u00e9rio.<\/p>\n<p>A candidatura de Lu\u00eds Neves, atual diretor da Pol\u00edcia Judici\u00e1ria (PJ) h\u00e1 oito anos, \u00e9 considerada de relev\u00e2ncia por diversos fatores, mas a ASPP\/PSP espera uma avalia\u00e7\u00e3o mais concreta ap\u00f3s a nomea\u00e7\u00e3o de toda a equipa ministerial e o discurso de posse.<\/p>\n<h3>Contexto institucional<\/h3>\n<p>O sindicato recorda que, em dezembro, encerrou negocia\u00e7\u00f5es com a ex-ministra da Administra\u00e7\u00e3o Interna Maria L\u00facia Amaral, por n\u00e3o ter sido respeitado o acordo assinado em julho de 2024 entre o Governo e os sindicatos da PSP. Mant\u00e9m, por\u00e9m, a defesa de cumprir integralmente esse acordo.<\/p>\n<p>A ASPP\/PSP sublinha as dificuldades que a PSP enfrenta e solicita o cumprimento do acordo de 2024 como instrumento para enfrentar problemas estruturais da institui\u00e7\u00e3o. O objetivo \u00e9 garantir progressos tang\u00edveis na gest\u00e3o e nos recursos da PSP.<\/p>\n<p>Lu\u00eds Neves toma posse como ministro da Administra\u00e7\u00e3o Interna na pr\u00f3xima segunda-feira, \u00e0s 10:00, no Pal\u00e1cio de Bel\u00e9m, em Lisboa. A atua\u00e7\u00e3o do novo Governo ser\u00e1 acompanhada pela PSP e por outros agentes da seguran\u00e7a p\u00fablica.<\/p>\n","protected":false},"excerpt":{"rendered":"<ul>\n<li>A ASPP\/PSP reconheceu a nomea\u00e7\u00e3o de Lu\u00eds Neves para ministro da Administra\u00e7\u00e3o Interna, mas afirmou que as op\u00e7\u00f5es pol\u00edticas s\u00e3o da inteira responsabilidade do primeiro-ministro.<\/li>\n<li>O sindicato sustenta que a linha pol\u00edtica \u00e9 determinante na gest\u00e3o do MAI e que cabe ao primeiro-ministro definir ministros e pol\u00edticas.<\/li>\n<li>A ASPP reconhece a relev\u00e2ncia da nomea\u00e7\u00e3o, mas vai aguardar a indica\u00e7\u00e3o de toda a equipa ministerial e o discurso de posse para uma avalia\u00e7\u00e3o mais concreta.<\/li>\n<li>Reitera as dificuldades e limita\u00e7\u00f5es enfrentadas pela PSP e apela ao cumprimento integral do acordo de 2024 para resolver os problemas estruturais da institui\u00e7\u00e3o.<\/li>\n<li>Lu\u00eds Neves, director da Pol\u00edcia Judici\u00e1ria h\u00e1 oito anos, toma posse como ministro da Administra\u00e7\u00e3o Interna na segunda-feira, \u00e0s 10:00, no Pal\u00e1cio de Bel\u00e9m, em Lisboa.<\/li>\n<\/ul>\n","protected":false},"author":2,"featured_media":220950,"comment_status":"closed","ping_status":"closed","sticky":false,"template":"","format":"standard","meta":{"footnotes":""},"categories":[1,5],"tags":[5798,168,34,6229,3418,250],"class_list":["post-220947","post","type-post","status-publish","format-standard","has-post-thumbnail","hentry","category-noticias","category-politica","tag-administracao-interna","tag-administracao-publica","tag-governo","tag-luis-neves","tag-policia-de-seguranca-publica","tag-seguranca-publica"],"yoast_head":"<!-- This site is optimized with the Yoast SEO plugin v27.2 - https:\/\/yoast.com\/product\/yoast-seo-wordpress\/ -->\n<title>Sindicato da PSP reconhece nomea\u00e7\u00e3o de Lu\u00eds Neves para MAI, com reservas - Portal Tela Portugal<\/title>\n<meta name=\"robots\" content=\"index, follow, max-snippet:-1, max-image-preview:large, max-video-preview:-1\" \/>\n<meta property=\"og:locale\" content=\"pt_PT\" \/>\n<meta property=\"og:type\" content=\"article\" \/>\n<meta property=\"og:title\" content=\"Sindicato da PSP reconhece nomea\u00e7\u00e3o de Lu\u00eds Neves para MAI, com reservas - Portal Tela Portugal\" \/>\n<meta property=\"og:description\" content=\"A ASPP\/PSP reconheceu a nomea\u00e7\u00e3o de Lu\u00eds Neves para ministro da Administra\u00e7\u00e3o Interna, mas afirmou que as op\u00e7\u00f5es pol\u00edticas s\u00e3o da inteira responsabilidade do primeiro-ministro. O sindicato sustenta que a linha pol\u00edtica \u00e9 determinante na gest\u00e3o do MAI e que cabe ao primeiro-ministro definir ministros e pol\u00edticas. A ASPP reconhece a relev\u00e2ncia da nomea\u00e7\u00e3o, mas vai aguardar a indica\u00e7\u00e3o de toda a equipa ministerial e o discurso de posse para uma avalia\u00e7\u00e3o mais concreta. Reitera as dificuldades e limita\u00e7\u00f5es enfrentadas pela PSP e apela ao cumprimento integral do acordo de 2024 para resolver os problemas estruturais da institui\u00e7\u00e3o. Lu\u00eds Neves, director da Pol\u00edcia Judici\u00e1ria h\u00e1 oito anos, toma posse como ministro da Administra\u00e7\u00e3o Interna na segunda-feira, \u00e0s 10:00, no Pal\u00e1cio de Bel\u00e9m, em Lisboa.\" \/>\n<meta property=\"og:url\" content=\"https:\/\/portaltela.pt\/noticias\/2026\/02\/21\/sindicato-da-psp-reconhece-nomeacao-de-luis-neves-para-mai-com-reservas\/\" \/>\n<meta property=\"og:site_name\" content=\"Portal Tela Portugal\" \/>\n<meta property=\"article:published_time\" content=\"2026-02-21T19:08:48+00:00\" \/>\n<meta name=\"author\" content=\"Telinha\" \/>\n<meta name=\"twitter:card\" content=\"summary_large_image\" \/>\n<meta name=\"twitter:label1\" content=\"Escrito por\" \/>\n\t<meta name=\"twitter:data1\" content=\"Telinha\" \/>\n\t<meta name=\"twitter:label2\" content=\"Tempo estimado de leitura\" \/>\n\t<meta name=\"twitter:data2\" content=\"1 minuto\" \/>\n<script type=\"application\/ld+json\" class=\"yoast-schema-graph\">{\"@context\":\"https:\/\/schema.org\",\"@graph\":[{\"@type\":\"Article\",\"@id\":\"https:\/\/portaltela.pt\/noticias\/2026\/02\/21\/sindicato-da-psp-reconhece-nomeacao-de-luis-neves-para-mai-com-reservas\/#article\",\"isPartOf\":{\"@id\":\"https:\/\/portaltela.pt\/noticias\/2026\/02\/21\/sindicato-da-psp-reconhece-nomeacao-de-luis-neves-para-mai-com-reservas\/\"},\"author\":{\"name\":\"Telinha\",\"@id\":\"https:\/\/portaltela.pt\/#\/schema\/person\/c4278d4a6028830caff9ee44b42d32ed\"},\"headline\":\"Sindicato da PSP reconhece nomea\u00e7\u00e3o de Lu\u00eds Neves para MAI, com reservas\",\"datePublished\":\"2026-02-21T19:08:48+00:00\",\"mainEntityOfPage\":{\"@id\":\"https:\/\/portaltela.pt\/noticias\/2026\/02\/21\/sindicato-da-psp-reconhece-nomeacao-de-luis-neves-para-mai-com-reservas\/\"},\"wordCount\":301,\"image\":{\"@id\":\"https:\/\/portaltela.pt\/noticias\/2026\/02\/21\/sindicato-da-psp-reconhece-nomeacao-de-luis-neves-para-mai-com-reservas\/#primaryimage\"},\"thumbnailUrl\":\"https:\/\/portaltela.pt\/s.01k8rhncp4jt1\/2026\/02\/img_1500x1000uu2026-02-21-12-02-59-2234088-1.jpg\",\"keywords\":[\"Administra\u00e7\u00e3o Interna\",\"administra\u00e7\u00e3o p\u00fablica\",\"governo\",\"Lu\u00eds Neves\",\"Pol\u00edcia de Seguran\u00e7a P\u00fablica\",\"seguran\u00e7a p\u00fablica\"],\"articleSection\":[\"Not\u00edcias\",\"Pol\u00edtica\"],\"inLanguage\":\"pt-PT\"},{\"@type\":\"WebPage\",\"@id\":\"https:\/\/portaltela.pt\/noticias\/2026\/02\/21\/sindicato-da-psp-reconhece-nomeacao-de-luis-neves-para-mai-com-reservas\/\",\"url\":\"https:\/\/portaltela.pt\/noticias\/2026\/02\/21\/sindicato-da-psp-reconhece-nomeacao-de-luis-neves-para-mai-com-reservas\/\",\"name\":\"Sindicato da PSP reconhece nomea\u00e7\u00e3o de Lu\u00eds Neves para MAI, com reservas - Portal Tela Portugal\",\"isPartOf\":{\"@id\":\"https:\/\/portaltela.pt\/#website\"},\"primaryImageOfPage\":{\"@id\":\"https:\/\/portaltela.pt\/noticias\/2026\/02\/21\/sindicato-da-psp-reconhece-nomeacao-de-luis-neves-para-mai-com-reservas\/#primaryimage\"},\"image\":{\"@id\":\"https:\/\/portaltela.pt\/noticias\/2026\/02\/21\/sindicato-da-psp-reconhece-nomeacao-de-luis-neves-para-mai-com-reservas\/#primaryimage\"},\"thumbnailUrl\":\"https:\/\/portaltela.pt\/s.01k8rhncp4jt1\/2026\/02\/img_1500x1000uu2026-02-21-12-02-59-2234088-1.jpg\",\"datePublished\":\"2026-02-21T19:08:48+00:00\",\"author\":{\"@id\":\"https:\/\/portaltela.pt\/#\/schema\/person\/c4278d4a6028830caff9ee44b42d32ed\"},\"breadcrumb\":{\"@id\":\"https:\/\/portaltela.pt\/noticias\/2026\/02\/21\/sindicato-da-psp-reconhece-nomeacao-de-luis-neves-para-mai-com-reservas\/#breadcrumb\"},\"inLanguage\":\"pt-PT\",\"potentialAction\":[{\"@type\":\"ReadAction\",\"target\":[\"https:\/\/portaltela.pt\/noticias\/2026\/02\/21\/sindicato-da-psp-reconhece-nomeacao-de-luis-neves-para-mai-com-reservas\/\"]}]},{\"@type\":\"ImageObject\",\"inLanguage\":\"pt-PT\",\"@id\":\"https:\/\/portaltela.pt\/noticias\/2026\/02\/21\/sindicato-da-psp-reconhece-nomeacao-de-luis-neves-para-mai-com-reservas\/#primaryimage\",\"url\":\"https:\/\/portaltela.pt\/s.01k8rhncp4jt1\/2026\/02\/img_1500x1000uu2026-02-21-12-02-59-2234088-1.jpg\",\"contentUrl\":\"https:\/\/portaltela.pt\/s.01k8rhncp4jt1\/2026\/02\/img_1500x1000uu2026-02-21-12-02-59-2234088-1.jpg\",\"width\":796,\"height\":448,\"caption\":\"Lu\u00eds Neves\"},{\"@type\":\"BreadcrumbList\",\"@id\":\"https:\/\/portaltela.pt\/noticias\/2026\/02\/21\/sindicato-da-psp-reconhece-nomeacao-de-luis-neves-para-mai-com-reservas\/#breadcrumb\",\"itemListElement\":[{\"@type\":\"ListItem\",\"position\":1,\"name\":\"In\u00edcio\",\"item\":\"https:\/\/portaltela.pt\/\"},{\"@type\":\"ListItem\",\"position\":2,\"name\":\"Sindicato da PSP reconhece nomea\u00e7\u00e3o de Lu\u00eds Neves para MAI, com reservas\"}]},{\"@type\":\"WebSite\",\"@id\":\"https:\/\/portaltela.pt\/#website\",\"url\":\"https:\/\/portaltela.pt\/\",\"name\":\"Portal Tela Portugal\",\"description\":\"\",\"potentialAction\":[{\"@type\":\"SearchAction\",\"target\":{\"@type\":\"EntryPoint\",\"urlTemplate\":\"https:\/\/portaltela.pt\/?s={search_term_string}\"},\"query-input\":{\"@type\":\"PropertyValueSpecification\",\"valueRequired\":true,\"valueName\":\"search_term_string\"}}],\"inLanguage\":\"pt-PT\"},{\"@type\":\"Person\",\"@id\":\"https:\/\/portaltela.pt\/#\/schema\/person\/c4278d4a6028830caff9ee44b42d32ed\",\"name\":\"Telinha\",\"image\":{\"@type\":\"ImageObject\",\"inLanguage\":\"pt-PT\",\"@id\":\"https:\/\/portaltela.pt\/s.01k8rhncp4jt1\/2025\/11\/talking-bot-125x125.png\",\"url\":\"https:\/\/portaltela.pt\/s.01k8rhncp4jt1\/2025\/11\/talking-bot-125x125.png\",\"contentUrl\":\"https:\/\/portaltela.pt\/s.01k8rhncp4jt1\/2025\/11\/talking-bot-125x125.png\",\"caption\":\"Telinha\"},\"sameAs\":[\"https:\/\/portaltela.pt\/\"],\"url\":\"https:\/\/portaltela.pt\/por\/367410592786\/\"}]}<\/script>\n<!-- \/ Yoast SEO plugin. -->","yoast_head_json":{"title":"Sindicato da PSP reconhece nomea\u00e7\u00e3o de Lu\u00eds Neves para MAI, com reservas - Portal Tela Portugal","robots":{"index":"index","follow":"follow","max-snippet":"max-snippet:-1","max-image-preview":"max-image-preview:large","max-video-preview":"max-video-preview:-1"},"og_locale":"pt_PT","og_type":"article","og_title":"Sindicato da PSP reconhece nomea\u00e7\u00e3o de Lu\u00eds Neves para MAI, com reservas - Portal Tela Portugal","og_description":"A ASPP\/PSP reconheceu a nomea\u00e7\u00e3o de Lu\u00eds Neves para ministro da Administra\u00e7\u00e3o Interna, mas afirmou que as op\u00e7\u00f5es pol\u00edticas s\u00e3o da inteira responsabilidade do primeiro-ministro. O sindicato sustenta que a linha pol\u00edtica \u00e9 determinante na gest\u00e3o do MAI e que cabe ao primeiro-ministro definir ministros e pol\u00edticas. A ASPP reconhece a relev\u00e2ncia da nomea\u00e7\u00e3o, mas vai aguardar a indica\u00e7\u00e3o de toda a equipa ministerial e o discurso de posse para uma avalia\u00e7\u00e3o mais concreta. Reitera as dificuldades e limita\u00e7\u00f5es enfrentadas pela PSP e apela ao cumprimento integral do acordo de 2024 para resolver os problemas estruturais da institui\u00e7\u00e3o. Lu\u00eds Neves, director da Pol\u00edcia Judici\u00e1ria h\u00e1 oito anos, toma posse como ministro da Administra\u00e7\u00e3o Interna na segunda-feira, \u00e0s 10:00, no Pal\u00e1cio de Bel\u00e9m, em Lisboa.","og_url":"https:\/\/portaltela.pt\/noticias\/2026\/02\/21\/sindicato-da-psp-reconhece-nomeacao-de-luis-neves-para-mai-com-reservas\/","og_site_name":"Portal Tela Portugal","article_published_time":"2026-02-21T19:08:48+00:00","author":"Telinha","twitter_card":"summary_large_image","twitter_misc":{"Escrito por":"Telinha","Tempo estimado de leitura":"1 minuto"},"schema":{"@context":"https:\/\/schema.org","@graph":[{"@type":"Article","@id":"https:\/\/portaltela.pt\/noticias\/2026\/02\/21\/sindicato-da-psp-reconhece-nomeacao-de-luis-neves-para-mai-com-reservas\/#article","isPartOf":{"@id":"https:\/\/portaltela.pt\/noticias\/2026\/02\/21\/sindicato-da-psp-reconhece-nomeacao-de-luis-neves-para-mai-com-reservas\/"},"author":{"name":"Telinha","@id":"https:\/\/portaltela.pt\/#\/schema\/person\/c4278d4a6028830caff9ee44b42d32ed"},"headline":"Sindicato da PSP reconhece nomea\u00e7\u00e3o de Lu\u00eds Neves para MAI, com reservas","datePublished":"2026-02-21T19:08:48+00:00","mainEntityOfPage":{"@id":"https:\/\/portaltela.pt\/noticias\/2026\/02\/21\/sindicato-da-psp-reconhece-nomeacao-de-luis-neves-para-mai-com-reservas\/"},"wordCount":301,"image":{"@id":"https:\/\/portaltela.pt\/noticias\/2026\/02\/21\/sindicato-da-psp-reconhece-nomeacao-de-luis-neves-para-mai-com-reservas\/#primaryimage"},"thumbnailUrl":"https:\/\/portaltela.pt\/s.01k8rhncp4jt1\/2026\/02\/img_1500x1000uu2026-02-21-12-02-59-2234088-1.jpg","keywords":["Administra\u00e7\u00e3o Interna","administra\u00e7\u00e3o p\u00fablica","governo","Lu\u00eds Neves","Pol\u00edcia de Seguran\u00e7a P\u00fablica","seguran\u00e7a p\u00fablica"],"articleSection":["Not\u00edcias","Pol\u00edtica"],"inLanguage":"pt-PT"},{"@type":"WebPage","@id":"https:\/\/portaltela.pt\/noticias\/2026\/02\/21\/sindicato-da-psp-reconhece-nomeacao-de-luis-neves-para-mai-com-reservas\/","url":"https:\/\/portaltela.pt\/noticias\/2026\/02\/21\/sindicato-da-psp-reconhece-nomeacao-de-luis-neves-para-mai-com-reservas\/","name":"Sindicato da PSP reconhece nomea\u00e7\u00e3o de Lu\u00eds Neves para MAI, com reservas - Portal Tela Portugal","isPartOf":{"@id":"https:\/\/portaltela.pt\/#website"},"primaryImageOfPage":{"@id":"https:\/\/portaltela.pt\/noticias\/2026\/02\/21\/sindicato-da-psp-reconhece-nomeacao-de-luis-neves-para-mai-com-reservas\/#primaryimage"},"image":{"@id":"https:\/\/portaltela.pt\/noticias\/2026\/02\/21\/sindicato-da-psp-reconhece-nomeacao-de-luis-neves-para-mai-com-reservas\/#primaryimage"},"thumbnailUrl":"https:\/\/portaltela.pt\/s.01k8rhncp4jt1\/2026\/02\/img_1500x1000uu2026-02-21-12-02-59-2234088-1.jpg","datePublished":"2026-02-21T19:08:48+00:00","author":{"@id":"https:\/\/portaltela.pt\/#\/schema\/person\/c4278d4a6028830caff9ee44b42d32ed"},"breadcrumb":{"@id":"https:\/\/portaltela.pt\/noticias\/2026\/02\/21\/sindicato-da-psp-reconhece-nomeacao-de-luis-neves-para-mai-com-reservas\/#breadcrumb"},"inLanguage":"pt-PT","potentialAction":[{"@type":"ReadAction","target":["https:\/\/portaltela.pt\/noticias\/2026\/02\/21\/sindicato-da-psp-reconhece-nomeacao-de-luis-neves-para-mai-com-reservas\/"]}]},{"@type":"ImageObject","inLanguage":"pt-PT","@id":"https:\/\/portaltela.pt\/noticias\/2026\/02\/21\/sindicato-da-psp-reconhece-nomeacao-de-luis-neves-para-mai-com-reservas\/#primaryimage","url":"https:\/\/portaltela.pt\/s.01k8rhncp4jt1\/2026\/02\/img_1500x1000uu2026-02-21-12-02-59-2234088-1.jpg","contentUrl":"https:\/\/portaltela.pt\/s.01k8rhncp4jt1\/2026\/02\/img_1500x1000uu2026-02-21-12-02-59-2234088-1.jpg","width":796,"height":448,"caption":"Lu\u00eds Neves"},{"@type":"BreadcrumbList","@id":"https:\/\/portaltela.pt\/noticias\/2026\/02\/21\/sindicato-da-psp-reconhece-nomeacao-de-luis-neves-para-mai-com-reservas\/#breadcrumb","itemListElement":[{"@type":"ListItem","position":1,"name":"In\u00edcio","item":"https:\/\/portaltela.pt\/"},{"@type":"ListItem","position":2,"name":"Sindicato da PSP reconhece nomea\u00e7\u00e3o de Lu\u00eds Neves para MAI, com reservas"}]},{"@type":"WebSite","@id":"https:\/\/portaltela.pt\/#website","url":"https:\/\/portaltela.pt\/","name":"Portal Tela Portugal","description":"","potentialAction":[{"@type":"SearchAction","target":{"@type":"EntryPoint","urlTemplate":"https:\/\/portaltela.pt\/?s={search_term_string}"},"query-input":{"@type":"PropertyValueSpecification","valueRequired":true,"valueName":"search_term_string"}}],"inLanguage":"pt-PT"},{"@type":"Person","@id":"https:\/\/portaltela.pt\/#\/schema\/person\/c4278d4a6028830caff9ee44b42d32ed","name":"Telinha","image":{"@type":"ImageObject","inLanguage":"pt-PT","@id":"https:\/\/portaltela.pt\/s.01k8rhncp4jt1\/2025\/11\/talking-bot-125x125.png","url":"https:\/\/portaltela.pt\/s.01k8rhncp4jt1\/2025\/11\/talking-bot-125x125.png","contentUrl":"https:\/\/portaltela.pt\/s.01k8rhncp4jt1\/2025\/11\/talking-bot-125x125.png","caption":"Telinha"},"sameAs":["https:\/\/portaltela.pt\/"],"url":"https:\/\/portaltela.pt\/por\/367410592786\/"}]}},"_links":{"self":[{"href":"https:\/\/portaltela.pt\/api\/wp\/v2\/posts\/220947","targetHints":{"allow":["GET"]}}],"collection":[{"href":"https:\/\/portaltela.pt\/api\/wp\/v2\/posts"}],"about":[{"href":"https:\/\/portaltela.pt\/api\/wp\/v2\/types\/post"}],"author":[{"embeddable":true,"href":"https:\/\/portaltela.pt\/api\/wp\/v2\/users\/2"}],"replies":[{"embeddable":true,"href":"https:\/\/portaltela.pt\/api\/wp\/v2\/comments?post=220947"}],"version-history":[{"count":0,"href":"https:\/\/portaltela.pt\/api\/wp\/v2\/posts\/220947\/revisions"}],"wp:featuredmedia":[{"embeddable":true,"href":"https:\/\/portaltela.pt\/api\/wp\/v2\/media\/220950"}],"wp:attachment":[{"href":"https:\/\/portaltela.pt\/api\/wp\/v2\/media?parent=220947"}],"wp:term":[{"taxonomy":"category","embeddable":true,"href":"https:\/\/portaltela.pt\/api\/wp\/v2\/categories?post=220947"},{"taxonomy":"post_tag","embeddable":true,"href":"https:\/\/portaltela.pt\/api\/wp\/v2\/tags?post=220947"}],"curies":[{"name":"wp","href":"https:\/\/api.w.org\/{rel}","templated":true}]}}