{"id":220903,"date":"2026-02-21T15:29:07","date_gmt":"2026-02-21T18:29:07","guid":{"rendered":"https:\/\/portaltela.pt\/noticias\/2026\/02\/21\/motociclista-morre-em-colisao-com-carro-em-almeirim\/"},"modified":"2026-02-21T15:29:07","modified_gmt":"2026-02-21T18:29:07","slug":"motociclista-morre-em-colisao-com-carro-em-almeirim","status":"publish","type":"post","link":"https:\/\/portaltela.pt\/noticias\/2026\/02\/21\/motociclista-morre-em-colisao-com-carro-em-almeirim\/","title":{"rendered":"Motociclista morre em colis\u00e3o com carro em Almeirim"},"content":{"rendered":"<p>Um motociclista morreu na sequ\u00eancia de uma colis\u00e3o entre uma mota e um carro na Estrada Nacional 118 (EN118), na Azeitada, concelho de Almeirim. O \u00f3bito ocorreu no local, ainda sem divulga\u00e7\u00e3o da idade da v\u00edtima.<\/p>\n<p>Do acidente resultaram ainda dois feridos leves, ocupantes da viatura, que foram encaminhados para o Hospital de Santar\u00e9m para observa\u00e7\u00e3o e tratamento.<\/p>\n<p>Segundo o CM, o alerta foi dado \u00e0s 16h04. No local estiveram 23 operacionais, apoiados por nove viaturas, dos Bombeiros de Almeirim, do INEM e da GNR.<\/p>\n<p>O tr\u00e2nsito na EN118 encontra-se cortado em ambos os sentidos, entre Salvaterra de Magos e Almeirim, na sequ\u00eancia da colis\u00e3o.<\/p>\n<p>As circunst\u00e2ncias do acidente est\u00e3o a ser investigadas pelas autoridades competentes.<\/p>\n","protected":false},"excerpt":{"rendered":"<ul>\n<li>Um motociclista morreu ap\u00f3s colis\u00e3o entre mota e carro na EN118, na localidade da Azeitada, concelho de Almeirim.<\/li>\n<li>O \u00f3bito foi declarado no local; a idade da v\u00edtima ainda n\u00e3o \u00e9 conhecida.<\/li>\n<li>Dois ocupantes da viatura sofreram ferimentos leves e foram encaminhados para o Hospital de Santar\u00e9m para observa\u00e7\u00e3o.<\/li>\n<li>O alerta foi dado \u00e0s 16h04; estiveram no local 23 operacionais, apoiados por nove viaturas, dos Bombeiros de Almeirim, INEM e GNR.<\/li>\n<li>O tr\u00e2nsito est\u00e1 cortado em ambos os sentidos entre Salvaterra de Magos e Almeirim; as circunst\u00e2ncias do acidente est\u00e3o a ser investigadas.<\/li>\n<\/ul>\n","protected":false},"author":2,"featured_media":220907,"comment_status":"closed","ping_status":"closed","sticky":false,"template":"","format":"standard","meta":{"footnotes":""},"categories":[1],"tags":[2088,2335,1457,971,1922,4339],"class_list":["post-220903","post","type-post","status-publish","format-standard","has-post-thumbnail","hentry","category-noticias","tag-acidente-de-viacao","tag-acidentes-rodoviarios","tag-almeirim","tag-bombeiros","tag-inem","tag-salvaterra-de-magos"],"yoast_head":"<!-- This site is optimized with the Yoast SEO plugin v27.2 - https:\/\/yoast.com\/product\/yoast-seo-wordpress\/ -->\n<title>Motociclista morre em colis\u00e3o com carro em Almeirim - Portal Tela Portugal<\/title>\n<meta name=\"robots\" content=\"index, follow, max-snippet:-1, max-image-preview:large, max-video-preview:-1\" \/>\n<meta property=\"og:locale\" content=\"pt_PT\" \/>\n<meta property=\"og:type\" content=\"article\" \/>\n<meta property=\"og:title\" content=\"Motociclista morre em colis\u00e3o com carro em Almeirim - Portal Tela Portugal\" \/>\n<meta property=\"og:description\" content=\"Um motociclista morreu ap\u00f3s colis\u00e3o entre mota e carro na EN118, na localidade da Azeitada, concelho de Almeirim. O \u00f3bito foi declarado no local; a idade da v\u00edtima ainda n\u00e3o \u00e9 conhecida. Dois ocupantes da viatura sofreram ferimentos leves e foram encaminhados para o Hospital de Santar\u00e9m para observa\u00e7\u00e3o. O alerta foi dado \u00e0s 16h04; estiveram no local 23 operacionais, apoiados por nove viaturas, dos Bombeiros de Almeirim, INEM e GNR. O tr\u00e2nsito est\u00e1 cortado em ambos os sentidos entre Salvaterra de Magos e Almeirim; as circunst\u00e2ncias do acidente est\u00e3o a ser investigadas.\" \/>\n<meta property=\"og:url\" content=\"https:\/\/portaltela.pt\/noticias\/2026\/02\/21\/motociclista-morre-em-colisao-com-carro-em-almeirim\/\" \/>\n<meta property=\"og:site_name\" content=\"Portal Tela Portugal\" \/>\n<meta property=\"article:published_time\" content=\"2026-02-21T18:29:07+00:00\" \/>\n<meta name=\"author\" content=\"Telinha\" \/>\n<meta name=\"twitter:card\" content=\"summary_large_image\" \/>\n<meta name=\"twitter:label1\" content=\"Escrito por\" \/>\n\t<meta name=\"twitter:data1\" content=\"Telinha\" \/>\n\t<meta name=\"twitter:label2\" content=\"Tempo estimado de leitura\" \/>\n\t<meta name=\"twitter:data2\" content=\"1 minuto\" \/>\n<script type=\"application\/ld+json\" class=\"yoast-schema-graph\">{\"@context\":\"https:\/\/schema.org\",\"@graph\":[{\"@type\":\"Article\",\"@id\":\"https:\/\/portaltela.pt\/noticias\/2026\/02\/21\/motociclista-morre-em-colisao-com-carro-em-almeirim\/#article\",\"isPartOf\":{\"@id\":\"https:\/\/portaltela.pt\/noticias\/2026\/02\/21\/motociclista-morre-em-colisao-com-carro-em-almeirim\/\"},\"author\":{\"name\":\"Telinha\",\"@id\":\"https:\/\/portaltela.pt\/#\/schema\/person\/c4278d4a6028830caff9ee44b42d32ed\"},\"headline\":\"Motociclista morre em colis\u00e3o com carro em Almeirim\",\"datePublished\":\"2026-02-21T18:29:07+00:00\",\"mainEntityOfPage\":{\"@id\":\"https:\/\/portaltela.pt\/noticias\/2026\/02\/21\/motociclista-morre-em-colisao-com-carro-em-almeirim\/\"},\"wordCount\":134,\"image\":{\"@id\":\"https:\/\/portaltela.pt\/noticias\/2026\/02\/21\/motociclista-morre-em-colisao-com-carro-em-almeirim\/#primaryimage\"},\"thumbnailUrl\":\"https:\/\/portaltela.pt\/s.01k8rhncp4jt1\/2026\/02\/img_1500x1000uu2023-07-17-19-31-12-1397010-5.jpg\",\"keywords\":[\"acidente de via\u00e7\u00e3o\",\"acidentes rodovi\u00e1rios\",\"Almeirim\",\"bombeiros\",\"INEM\",\"Salvaterra de Magos\"],\"articleSection\":[\"Not\u00edcias\"],\"inLanguage\":\"pt-PT\"},{\"@type\":\"WebPage\",\"@id\":\"https:\/\/portaltela.pt\/noticias\/2026\/02\/21\/motociclista-morre-em-colisao-com-carro-em-almeirim\/\",\"url\":\"https:\/\/portaltela.pt\/noticias\/2026\/02\/21\/motociclista-morre-em-colisao-com-carro-em-almeirim\/\",\"name\":\"Motociclista morre em colis\u00e3o com carro em Almeirim - Portal Tela Portugal\",\"isPartOf\":{\"@id\":\"https:\/\/portaltela.pt\/#website\"},\"primaryImageOfPage\":{\"@id\":\"https:\/\/portaltela.pt\/noticias\/2026\/02\/21\/motociclista-morre-em-colisao-com-carro-em-almeirim\/#primaryimage\"},\"image\":{\"@id\":\"https:\/\/portaltela.pt\/noticias\/2026\/02\/21\/motociclista-morre-em-colisao-com-carro-em-almeirim\/#primaryimage\"},\"thumbnailUrl\":\"https:\/\/portaltela.pt\/s.01k8rhncp4jt1\/2026\/02\/img_1500x1000uu2023-07-17-19-31-12-1397010-5.jpg\",\"datePublished\":\"2026-02-21T18:29:07+00:00\",\"author\":{\"@id\":\"https:\/\/portaltela.pt\/#\/schema\/person\/c4278d4a6028830caff9ee44b42d32ed\"},\"breadcrumb\":{\"@id\":\"https:\/\/portaltela.pt\/noticias\/2026\/02\/21\/motociclista-morre-em-colisao-com-carro-em-almeirim\/#breadcrumb\"},\"inLanguage\":\"pt-PT\",\"potentialAction\":[{\"@type\":\"ReadAction\",\"target\":[\"https:\/\/portaltela.pt\/noticias\/2026\/02\/21\/motociclista-morre-em-colisao-com-carro-em-almeirim\/\"]}]},{\"@type\":\"ImageObject\",\"inLanguage\":\"pt-PT\",\"@id\":\"https:\/\/portaltela.pt\/noticias\/2026\/02\/21\/motociclista-morre-em-colisao-com-carro-em-almeirim\/#primaryimage\",\"url\":\"https:\/\/portaltela.pt\/s.01k8rhncp4jt1\/2026\/02\/img_1500x1000uu2023-07-17-19-31-12-1397010-5.jpg\",\"contentUrl\":\"https:\/\/portaltela.pt\/s.01k8rhncp4jt1\/2026\/02\/img_1500x1000uu2023-07-17-19-31-12-1397010-5.jpg\",\"width\":796,\"height\":448,\"caption\":\"GNR\"},{\"@type\":\"BreadcrumbList\",\"@id\":\"https:\/\/portaltela.pt\/noticias\/2026\/02\/21\/motociclista-morre-em-colisao-com-carro-em-almeirim\/#breadcrumb\",\"itemListElement\":[{\"@type\":\"ListItem\",\"position\":1,\"name\":\"In\u00edcio\",\"item\":\"https:\/\/portaltela.pt\/\"},{\"@type\":\"ListItem\",\"position\":2,\"name\":\"Motociclista morre em colis\u00e3o com carro em Almeirim\"}]},{\"@type\":\"WebSite\",\"@id\":\"https:\/\/portaltela.pt\/#website\",\"url\":\"https:\/\/portaltela.pt\/\",\"name\":\"Portal Tela Portugal\",\"description\":\"\",\"potentialAction\":[{\"@type\":\"SearchAction\",\"target\":{\"@type\":\"EntryPoint\",\"urlTemplate\":\"https:\/\/portaltela.pt\/?s={search_term_string}\"},\"query-input\":{\"@type\":\"PropertyValueSpecification\",\"valueRequired\":true,\"valueName\":\"search_term_string\"}}],\"inLanguage\":\"pt-PT\"},{\"@type\":\"Person\",\"@id\":\"https:\/\/portaltela.pt\/#\/schema\/person\/c4278d4a6028830caff9ee44b42d32ed\",\"name\":\"Telinha\",\"image\":{\"@type\":\"ImageObject\",\"inLanguage\":\"pt-PT\",\"@id\":\"https:\/\/portaltela.pt\/s.01k8rhncp4jt1\/2025\/11\/talking-bot-125x125.png\",\"url\":\"https:\/\/portaltela.pt\/s.01k8rhncp4jt1\/2025\/11\/talking-bot-125x125.png\",\"contentUrl\":\"https:\/\/portaltela.pt\/s.01k8rhncp4jt1\/2025\/11\/talking-bot-125x125.png\",\"caption\":\"Telinha\"},\"sameAs\":[\"https:\/\/portaltela.pt\/\"],\"url\":\"https:\/\/portaltela.pt\/por\/367410592786\/\"}]}<\/script>\n<!-- \/ Yoast SEO plugin. -->","yoast_head_json":{"title":"Motociclista morre em colis\u00e3o com carro em Almeirim - Portal Tela Portugal","robots":{"index":"index","follow":"follow","max-snippet":"max-snippet:-1","max-image-preview":"max-image-preview:large","max-video-preview":"max-video-preview:-1"},"og_locale":"pt_PT","og_type":"article","og_title":"Motociclista morre em colis\u00e3o com carro em Almeirim - Portal Tela Portugal","og_description":"Um motociclista morreu ap\u00f3s colis\u00e3o entre mota e carro na EN118, na localidade da Azeitada, concelho de Almeirim. O \u00f3bito foi declarado no local; a idade da v\u00edtima ainda n\u00e3o \u00e9 conhecida. Dois ocupantes da viatura sofreram ferimentos leves e foram encaminhados para o Hospital de Santar\u00e9m para observa\u00e7\u00e3o. O alerta foi dado \u00e0s 16h04; estiveram no local 23 operacionais, apoiados por nove viaturas, dos Bombeiros de Almeirim, INEM e GNR. O tr\u00e2nsito est\u00e1 cortado em ambos os sentidos entre Salvaterra de Magos e Almeirim; as circunst\u00e2ncias do acidente est\u00e3o a ser investigadas.","og_url":"https:\/\/portaltela.pt\/noticias\/2026\/02\/21\/motociclista-morre-em-colisao-com-carro-em-almeirim\/","og_site_name":"Portal Tela Portugal","article_published_time":"2026-02-21T18:29:07+00:00","author":"Telinha","twitter_card":"summary_large_image","twitter_misc":{"Escrito por":"Telinha","Tempo estimado de leitura":"1 minuto"},"schema":{"@context":"https:\/\/schema.org","@graph":[{"@type":"Article","@id":"https:\/\/portaltela.pt\/noticias\/2026\/02\/21\/motociclista-morre-em-colisao-com-carro-em-almeirim\/#article","isPartOf":{"@id":"https:\/\/portaltela.pt\/noticias\/2026\/02\/21\/motociclista-morre-em-colisao-com-carro-em-almeirim\/"},"author":{"name":"Telinha","@id":"https:\/\/portaltela.pt\/#\/schema\/person\/c4278d4a6028830caff9ee44b42d32ed"},"headline":"Motociclista morre em colis\u00e3o com carro em Almeirim","datePublished":"2026-02-21T18:29:07+00:00","mainEntityOfPage":{"@id":"https:\/\/portaltela.pt\/noticias\/2026\/02\/21\/motociclista-morre-em-colisao-com-carro-em-almeirim\/"},"wordCount":134,"image":{"@id":"https:\/\/portaltela.pt\/noticias\/2026\/02\/21\/motociclista-morre-em-colisao-com-carro-em-almeirim\/#primaryimage"},"thumbnailUrl":"https:\/\/portaltela.pt\/s.01k8rhncp4jt1\/2026\/02\/img_1500x1000uu2023-07-17-19-31-12-1397010-5.jpg","keywords":["acidente de via\u00e7\u00e3o","acidentes rodovi\u00e1rios","Almeirim","bombeiros","INEM","Salvaterra de Magos"],"articleSection":["Not\u00edcias"],"inLanguage":"pt-PT"},{"@type":"WebPage","@id":"https:\/\/portaltela.pt\/noticias\/2026\/02\/21\/motociclista-morre-em-colisao-com-carro-em-almeirim\/","url":"https:\/\/portaltela.pt\/noticias\/2026\/02\/21\/motociclista-morre-em-colisao-com-carro-em-almeirim\/","name":"Motociclista morre em colis\u00e3o com carro em Almeirim - Portal Tela Portugal","isPartOf":{"@id":"https:\/\/portaltela.pt\/#website"},"primaryImageOfPage":{"@id":"https:\/\/portaltela.pt\/noticias\/2026\/02\/21\/motociclista-morre-em-colisao-com-carro-em-almeirim\/#primaryimage"},"image":{"@id":"https:\/\/portaltela.pt\/noticias\/2026\/02\/21\/motociclista-morre-em-colisao-com-carro-em-almeirim\/#primaryimage"},"thumbnailUrl":"https:\/\/portaltela.pt\/s.01k8rhncp4jt1\/2026\/02\/img_1500x1000uu2023-07-17-19-31-12-1397010-5.jpg","datePublished":"2026-02-21T18:29:07+00:00","author":{"@id":"https:\/\/portaltela.pt\/#\/schema\/person\/c4278d4a6028830caff9ee44b42d32ed"},"breadcrumb":{"@id":"https:\/\/portaltela.pt\/noticias\/2026\/02\/21\/motociclista-morre-em-colisao-com-carro-em-almeirim\/#breadcrumb"},"inLanguage":"pt-PT","potentialAction":[{"@type":"ReadAction","target":["https:\/\/portaltela.pt\/noticias\/2026\/02\/21\/motociclista-morre-em-colisao-com-carro-em-almeirim\/"]}]},{"@type":"ImageObject","inLanguage":"pt-PT","@id":"https:\/\/portaltela.pt\/noticias\/2026\/02\/21\/motociclista-morre-em-colisao-com-carro-em-almeirim\/#primaryimage","url":"https:\/\/portaltela.pt\/s.01k8rhncp4jt1\/2026\/02\/img_1500x1000uu2023-07-17-19-31-12-1397010-5.jpg","contentUrl":"https:\/\/portaltela.pt\/s.01k8rhncp4jt1\/2026\/02\/img_1500x1000uu2023-07-17-19-31-12-1397010-5.jpg","width":796,"height":448,"caption":"GNR"},{"@type":"BreadcrumbList","@id":"https:\/\/portaltela.pt\/noticias\/2026\/02\/21\/motociclista-morre-em-colisao-com-carro-em-almeirim\/#breadcrumb","itemListElement":[{"@type":"ListItem","position":1,"name":"In\u00edcio","item":"https:\/\/portaltela.pt\/"},{"@type":"ListItem","position":2,"name":"Motociclista morre em colis\u00e3o com carro em Almeirim"}]},{"@type":"WebSite","@id":"https:\/\/portaltela.pt\/#website","url":"https:\/\/portaltela.pt\/","name":"Portal Tela Portugal","description":"","potentialAction":[{"@type":"SearchAction","target":{"@type":"EntryPoint","urlTemplate":"https:\/\/portaltela.pt\/?s={search_term_string}"},"query-input":{"@type":"PropertyValueSpecification","valueRequired":true,"valueName":"search_term_string"}}],"inLanguage":"pt-PT"},{"@type":"Person","@id":"https:\/\/portaltela.pt\/#\/schema\/person\/c4278d4a6028830caff9ee44b42d32ed","name":"Telinha","image":{"@type":"ImageObject","inLanguage":"pt-PT","@id":"https:\/\/portaltela.pt\/s.01k8rhncp4jt1\/2025\/11\/talking-bot-125x125.png","url":"https:\/\/portaltela.pt\/s.01k8rhncp4jt1\/2025\/11\/talking-bot-125x125.png","contentUrl":"https:\/\/portaltela.pt\/s.01k8rhncp4jt1\/2025\/11\/talking-bot-125x125.png","caption":"Telinha"},"sameAs":["https:\/\/portaltela.pt\/"],"url":"https:\/\/portaltela.pt\/por\/367410592786\/"}]}},"_links":{"self":[{"href":"https:\/\/portaltela.pt\/api\/wp\/v2\/posts\/220903","targetHints":{"allow":["GET"]}}],"collection":[{"href":"https:\/\/portaltela.pt\/api\/wp\/v2\/posts"}],"about":[{"href":"https:\/\/portaltela.pt\/api\/wp\/v2\/types\/post"}],"author":[{"embeddable":true,"href":"https:\/\/portaltela.pt\/api\/wp\/v2\/users\/2"}],"replies":[{"embeddable":true,"href":"https:\/\/portaltela.pt\/api\/wp\/v2\/comments?post=220903"}],"version-history":[{"count":0,"href":"https:\/\/portaltela.pt\/api\/wp\/v2\/posts\/220903\/revisions"}],"wp:featuredmedia":[{"embeddable":true,"href":"https:\/\/portaltela.pt\/api\/wp\/v2\/media\/220907"}],"wp:attachment":[{"href":"https:\/\/portaltela.pt\/api\/wp\/v2\/media?parent=220903"}],"wp:term":[{"taxonomy":"category","embeddable":true,"href":"https:\/\/portaltela.pt\/api\/wp\/v2\/categories?post=220903"},{"taxonomy":"post_tag","embeddable":true,"href":"https:\/\/portaltela.pt\/api\/wp\/v2\/tags?post=220903"}],"curies":[{"name":"wp","href":"https:\/\/api.w.org\/{rel}","templated":true}]}}