{"id":220897,"date":"2026-02-21T15:00:00","date_gmt":"2026-02-21T18:00:00","guid":{"rendered":"https:\/\/portaltela.pt\/noticias\/2026\/02\/21\/sala-de-consumo-vigiado-e-reconhecida-como-centro-de-saude\/"},"modified":"2026-02-21T15:00:00","modified_gmt":"2026-02-21T18:00:00","slug":"sala-de-consumo-vigiado-e-reconhecida-como-centro-de-saude","status":"publish","type":"post","link":"https:\/\/portaltela.pt\/noticias\/2026\/02\/21\/sala-de-consumo-vigiado-e-reconhecida-como-centro-de-saude\/","title":{"rendered":"Sala de Consumo Vigiado \u00e9 reconhecida como centro de sa\u00fade"},"content":{"rendered":"<p>A Sala de Consumo Vigiado (SCV) \u00e9 apresentada como centro de sa\u00fade voltado para a redu\u00e7\u00e3o de danos, preven\u00e7\u00e3o e encaminhamento para recupera\u00e7\u00e3o. A discuss\u00e3o envolve entidades locais, autoridades e servi\u00e7os de sa\u00fade, num contexto de deslocaliza\u00e7\u00e3o potencial da sala. O debate ocorre numa perspetiva de pol\u00edticas p\u00fablicas e seguran\u00e7a, com impacto direto na Pasteleira e zonas adjacentes. A proposta de desloca\u00e7\u00e3o surge num quadro de controlo institucional e de avalia\u00e7\u00e3o de condi\u00e7\u00f5es de funcionamento.<\/p>\n<p>Durante a \u00faltima campanha eleitoral, v\u00e1rias vozes locais destacaram a import\u00e2ncia da SCV para reduzir danos, combater o estigma e facilitar o acesso a tratamento. Entre quem participou no processo, estiveram associa\u00e7\u00f5es de moradores, pol\u00edcia municipal e t\u00e9cnicos de organiza\u00e7\u00f5es da \u00e1rea, todos a defender a continuidade e melhoria do servi\u00e7o, n\u00e3o a sua desativa\u00e7\u00e3o.<\/p>\n<p>O Servi\u00e7o de Interven\u00e7\u00e3o nos Comportamentos Aditivos e nas Depend\u00eancias (SICAD) defende a expans\u00e3o do programa, sugerindo que as boas pr\u00e1ticas do passado sejam retomadas com melhores recursos. Em igual linha, o ent\u00e3o comandante da Pol\u00edcia Municipal, cuja sede fica na Pasteleira, afirmou que a SCV contribuiu para elevar as condi\u00e7\u00f5es de seguran\u00e7a na zona, ao longo dos anos.<\/p>\n<h3>Perspetivas e d\u00favidas<\/h3>\n<p>Pedro Duarte questiona a abordagem do tema, defendendo uma vis\u00e3o de humaniza\u00e7\u00e3o sem estigmatiza\u00e7\u00e3o, e aponta preocupa\u00e7\u00f5es sobre a localiza\u00e7\u00e3o ao lado de institui\u00e7\u00f5es culturais privadas e de escolas privadas. Refere a necessidade de equilibrar acesso a servi\u00e7os com a prote\u00e7\u00e3o de comunidades locais, sem excluir quem precisa de apoio.<\/p>\n<p>A posi\u00e7\u00e3o oficial exige que a deslocaliza\u00e7\u00e3o seja cuidadosamente avaliada, com foco na melhoria de acessibilidade, dignidade e capacidade de resposta do servi\u00e7o. A CMP pede ao governo meios para sustentar a\u00e7\u00f5es de policiamento, investiga\u00e7\u00e3o de tr\u00e1fico e combate a crimes associados, sem penalizar quem consome.<\/p>\n<h3>Desafios sociais e de pol\u00edticas p\u00fablicas<\/h3>\n<p>Os defensores da SCV apontam que o problema das depend\u00eancias n\u00e3o \u00e9 exclusivo de uma classe social, mas atinge sobretudo comunidades economicamente vulner\u00e1veis. A aposta \u00e9 numa resposta integrada: sa\u00fade, habita\u00e7\u00e3o, emprego e apoio familiar para reduzir vulnerabilidades que favorecem o consumo e o crime associado.<\/p>\n<p>Especialistas lembram que territ\u00f3rios perif\u00e9ricos tendem a concentrar problemas de depend\u00eancia e criminalidade. A Pasteleira \u00e9 citada como exemplo de complexidade urbana, onde a descontinuidade de pol\u00edticas pode deslocar o problema sem resolver as causas subjacentes.<\/p>\n<h3>Caminho a seguir<\/h3>\n<p>A proposta de desloca\u00e7\u00e3o da SCV \u00e9 apresentada como uma discuss\u00e3o a ocorrer com objetivos claros: melhorar o acesso, ampliar a capacidade de atendimento e manter a dignidade dos utentes. A ideia \u00e9 criar espa\u00e7os de sa\u00fade de proximidade com recursos humanos adequados e infraestrutura suficiente.<\/p>\n","protected":false},"excerpt":{"rendered":"<ul>\n<li>O PCV (Programa de Consumo Vigiado) \u00e9 alvo de questionamento pol\u00edtico, com pretens\u00e3o de alterar a localiza\u00e7\u00e3o da sala de consumo e o seu desmantelamento, em vez de ampliar as suas condi\u00e7\u00f5es de funcionamento.<\/li>\n<li>Em tempo de campanha, associa\u00e7\u00f5es de moradores, a pol\u00edcia municipal e t\u00e9cnicos destacaram a import\u00e2ncia do PCV na redu\u00e7\u00e3o de danos, inclus\u00e3o social e encaminhamento para recupera\u00e7\u00e3o, com a Pasteleira a ser apontada como local de impacto positivo pela seguran\u00e7a.<\/li>\n<li>O Servi\u00e7o de Interven\u00e7\u00e3o nos Comportamentos Aditivos e nas Depend\u00eancias (SICAD) defende a expans\u00e3o do programa, alinhada \u00e0s boas pr\u00e1ticas do passado, para enfrentar depend\u00eancias de forma mais eficaz.<\/li>\n<li>Pedro Duarte sustenta a necessidade de humanizar quem sofre com a doen\u00e7a, questionando a localiza\u00e7\u00e3o da SCV ao lado de uma institui\u00e7\u00e3o cultural privada e perto de escolas privadas, defendendo uma abordagem que inclua sa\u00fade, educa\u00e7\u00e3o e combate ao tr\u00e1fico sem deslocalizar o servi\u00e7o.<\/li>\n<li>A eventual deslocaliza\u00e7\u00e3o deve priorizar melhoria de acesso e dignidade no atendimento, com mais espa\u00e7o, mais t\u00e9cnicos e mais atendimentos, avaliando a cria\u00e7\u00e3o de Centros de Sa\u00fade Especializados de Proximidade onde for necess\u00e1rio.<\/li>\n<\/ul>\n","protected":false},"author":2,"featured_media":220900,"comment_status":"closed","ping_status":"closed","sticky":false,"template":"","format":"standard","meta":{"footnotes":""},"categories":[1],"tags":[5764,6156,229,982,271,250],"class_list":["post-220897","post","type-post","status-publish","format-standard","has-post-thumbnail","hentry","category-noticias","tag-assistencia-de-saude","tag-dependencias","tag-politica-publica","tag-porto","tag-saude-publica","tag-seguranca-publica"],"yoast_head":"<!-- This site is optimized with the Yoast SEO plugin v27.2 - https:\/\/yoast.com\/product\/yoast-seo-wordpress\/ -->\n<title>Sala de Consumo Vigiado \u00e9 reconhecida como centro de sa\u00fade - Portal Tela Portugal<\/title>\n<meta name=\"robots\" content=\"index, follow, max-snippet:-1, max-image-preview:large, max-video-preview:-1\" \/>\n<meta property=\"og:locale\" content=\"pt_PT\" \/>\n<meta property=\"og:type\" content=\"article\" \/>\n<meta property=\"og:title\" content=\"Sala de Consumo Vigiado \u00e9 reconhecida como centro de sa\u00fade - Portal Tela Portugal\" \/>\n<meta property=\"og:description\" content=\"O PCV (Programa de Consumo Vigiado) \u00e9 alvo de questionamento pol\u00edtico, com pretens\u00e3o de alterar a localiza\u00e7\u00e3o da sala de consumo e o seu desmantelamento, em vez de ampliar as suas condi\u00e7\u00f5es de funcionamento. Em tempo de campanha, associa\u00e7\u00f5es de moradores, a pol\u00edcia municipal e t\u00e9cnicos destacaram a import\u00e2ncia do PCV na redu\u00e7\u00e3o de danos, inclus\u00e3o social e encaminhamento para recupera\u00e7\u00e3o, com a Pasteleira a ser apontada como local de impacto positivo pela seguran\u00e7a. O Servi\u00e7o de Interven\u00e7\u00e3o nos Comportamentos Aditivos e nas Depend\u00eancias (SICAD) defende a expans\u00e3o do programa, alinhada \u00e0s boas pr\u00e1ticas do passado, para enfrentar depend\u00eancias de forma mais eficaz. Pedro Duarte sustenta a necessidade de humanizar quem sofre com a doen\u00e7a, questionando a localiza\u00e7\u00e3o da SCV ao lado de uma institui\u00e7\u00e3o cultural privada e perto de escolas privadas, defendendo uma abordagem que inclua sa\u00fade, educa\u00e7\u00e3o e combate ao tr\u00e1fico sem deslocalizar o servi\u00e7o. A eventual deslocaliza\u00e7\u00e3o deve priorizar melhoria de acesso e dignidade no atendimento, com mais espa\u00e7o, mais t\u00e9cnicos e mais atendimentos, avaliando a cria\u00e7\u00e3o de Centros de Sa\u00fade Especializados de Proximidade onde for necess\u00e1rio.\" \/>\n<meta property=\"og:url\" content=\"https:\/\/portaltela.pt\/noticias\/2026\/02\/21\/sala-de-consumo-vigiado-e-reconhecida-como-centro-de-saude\/\" \/>\n<meta property=\"og:site_name\" content=\"Portal Tela Portugal\" \/>\n<meta property=\"article:published_time\" content=\"2026-02-21T18:00:00+00:00\" \/>\n<meta name=\"author\" content=\"Telinha\" \/>\n<meta name=\"twitter:card\" content=\"summary_large_image\" \/>\n<meta name=\"twitter:label1\" content=\"Escrito por\" \/>\n\t<meta name=\"twitter:data1\" content=\"Telinha\" \/>\n\t<meta name=\"twitter:label2\" content=\"Tempo estimado de leitura\" \/>\n\t<meta name=\"twitter:data2\" content=\"2 minutos\" \/>\n<script type=\"application\/ld+json\" class=\"yoast-schema-graph\">{\"@context\":\"https:\/\/schema.org\",\"@graph\":[{\"@type\":\"Article\",\"@id\":\"https:\/\/portaltela.pt\/noticias\/2026\/02\/21\/sala-de-consumo-vigiado-e-reconhecida-como-centro-de-saude\/#article\",\"isPartOf\":{\"@id\":\"https:\/\/portaltela.pt\/noticias\/2026\/02\/21\/sala-de-consumo-vigiado-e-reconhecida-como-centro-de-saude\/\"},\"author\":{\"name\":\"Telinha\",\"@id\":\"https:\/\/portaltela.pt\/#\/schema\/person\/c4278d4a6028830caff9ee44b42d32ed\"},\"headline\":\"Sala de Consumo Vigiado \u00e9 reconhecida como centro de sa\u00fade\",\"datePublished\":\"2026-02-21T18:00:00+00:00\",\"mainEntityOfPage\":{\"@id\":\"https:\/\/portaltela.pt\/noticias\/2026\/02\/21\/sala-de-consumo-vigiado-e-reconhecida-como-centro-de-saude\/\"},\"wordCount\":491,\"image\":{\"@id\":\"https:\/\/portaltela.pt\/noticias\/2026\/02\/21\/sala-de-consumo-vigiado-e-reconhecida-como-centro-de-saude\/#primaryimage\"},\"thumbnailUrl\":\"https:\/\/portaltela.pt\/s.01k8rhncp4jt1\/2026\/02\/75fa5ce1-137a-49d2-92b0-5de8a467caa1_1200x675.jpg\",\"keywords\":[\"assist\u00eancia de sa\u00fade\",\"depend\u00eancias\",\"pol\u00edtica p\u00fablica\",\"Porto\",\"sa\u00fade p\u00fablica\",\"seguran\u00e7a p\u00fablica\"],\"articleSection\":[\"Not\u00edcias\"],\"inLanguage\":\"pt-PT\"},{\"@type\":\"WebPage\",\"@id\":\"https:\/\/portaltela.pt\/noticias\/2026\/02\/21\/sala-de-consumo-vigiado-e-reconhecida-como-centro-de-saude\/\",\"url\":\"https:\/\/portaltela.pt\/noticias\/2026\/02\/21\/sala-de-consumo-vigiado-e-reconhecida-como-centro-de-saude\/\",\"name\":\"Sala de Consumo Vigiado \u00e9 reconhecida como centro de sa\u00fade - Portal Tela Portugal\",\"isPartOf\":{\"@id\":\"https:\/\/portaltela.pt\/#website\"},\"primaryImageOfPage\":{\"@id\":\"https:\/\/portaltela.pt\/noticias\/2026\/02\/21\/sala-de-consumo-vigiado-e-reconhecida-como-centro-de-saude\/#primaryimage\"},\"image\":{\"@id\":\"https:\/\/portaltela.pt\/noticias\/2026\/02\/21\/sala-de-consumo-vigiado-e-reconhecida-como-centro-de-saude\/#primaryimage\"},\"thumbnailUrl\":\"https:\/\/portaltela.pt\/s.01k8rhncp4jt1\/2026\/02\/75fa5ce1-137a-49d2-92b0-5de8a467caa1_1200x675.jpg\",\"datePublished\":\"2026-02-21T18:00:00+00:00\",\"author\":{\"@id\":\"https:\/\/portaltela.pt\/#\/schema\/person\/c4278d4a6028830caff9ee44b42d32ed\"},\"breadcrumb\":{\"@id\":\"https:\/\/portaltela.pt\/noticias\/2026\/02\/21\/sala-de-consumo-vigiado-e-reconhecida-como-centro-de-saude\/#breadcrumb\"},\"inLanguage\":\"pt-PT\",\"potentialAction\":[{\"@type\":\"ReadAction\",\"target\":[\"https:\/\/portaltela.pt\/noticias\/2026\/02\/21\/sala-de-consumo-vigiado-e-reconhecida-como-centro-de-saude\/\"]}]},{\"@type\":\"ImageObject\",\"inLanguage\":\"pt-PT\",\"@id\":\"https:\/\/portaltela.pt\/noticias\/2026\/02\/21\/sala-de-consumo-vigiado-e-reconhecida-como-centro-de-saude\/#primaryimage\",\"url\":\"https:\/\/portaltela.pt\/s.01k8rhncp4jt1\/2026\/02\/75fa5ce1-137a-49d2-92b0-5de8a467caa1_1200x675.jpg\",\"contentUrl\":\"https:\/\/portaltela.pt\/s.01k8rhncp4jt1\/2026\/02\/75fa5ce1-137a-49d2-92b0-5de8a467caa1_1200x675.jpg\",\"width\":796,\"height\":448,\"caption\":\"Photo\"},{\"@type\":\"BreadcrumbList\",\"@id\":\"https:\/\/portaltela.pt\/noticias\/2026\/02\/21\/sala-de-consumo-vigiado-e-reconhecida-como-centro-de-saude\/#breadcrumb\",\"itemListElement\":[{\"@type\":\"ListItem\",\"position\":1,\"name\":\"In\u00edcio\",\"item\":\"https:\/\/portaltela.pt\/\"},{\"@type\":\"ListItem\",\"position\":2,\"name\":\"Sala de Consumo Vigiado \u00e9 reconhecida como centro de sa\u00fade\"}]},{\"@type\":\"WebSite\",\"@id\":\"https:\/\/portaltela.pt\/#website\",\"url\":\"https:\/\/portaltela.pt\/\",\"name\":\"Portal Tela Portugal\",\"description\":\"\",\"potentialAction\":[{\"@type\":\"SearchAction\",\"target\":{\"@type\":\"EntryPoint\",\"urlTemplate\":\"https:\/\/portaltela.pt\/?s={search_term_string}\"},\"query-input\":{\"@type\":\"PropertyValueSpecification\",\"valueRequired\":true,\"valueName\":\"search_term_string\"}}],\"inLanguage\":\"pt-PT\"},{\"@type\":\"Person\",\"@id\":\"https:\/\/portaltela.pt\/#\/schema\/person\/c4278d4a6028830caff9ee44b42d32ed\",\"name\":\"Telinha\",\"image\":{\"@type\":\"ImageObject\",\"inLanguage\":\"pt-PT\",\"@id\":\"https:\/\/portaltela.pt\/s.01k8rhncp4jt1\/2025\/11\/talking-bot-125x125.png\",\"url\":\"https:\/\/portaltela.pt\/s.01k8rhncp4jt1\/2025\/11\/talking-bot-125x125.png\",\"contentUrl\":\"https:\/\/portaltela.pt\/s.01k8rhncp4jt1\/2025\/11\/talking-bot-125x125.png\",\"caption\":\"Telinha\"},\"sameAs\":[\"https:\/\/portaltela.pt\/\"],\"url\":\"https:\/\/portaltela.pt\/por\/367410592786\/\"}]}<\/script>\n<!-- \/ Yoast SEO plugin. -->","yoast_head_json":{"title":"Sala de Consumo Vigiado \u00e9 reconhecida como centro de sa\u00fade - Portal Tela Portugal","robots":{"index":"index","follow":"follow","max-snippet":"max-snippet:-1","max-image-preview":"max-image-preview:large","max-video-preview":"max-video-preview:-1"},"og_locale":"pt_PT","og_type":"article","og_title":"Sala de Consumo Vigiado \u00e9 reconhecida como centro de sa\u00fade - Portal Tela Portugal","og_description":"O PCV (Programa de Consumo Vigiado) \u00e9 alvo de questionamento pol\u00edtico, com pretens\u00e3o de alterar a localiza\u00e7\u00e3o da sala de consumo e o seu desmantelamento, em vez de ampliar as suas condi\u00e7\u00f5es de funcionamento. Em tempo de campanha, associa\u00e7\u00f5es de moradores, a pol\u00edcia municipal e t\u00e9cnicos destacaram a import\u00e2ncia do PCV na redu\u00e7\u00e3o de danos, inclus\u00e3o social e encaminhamento para recupera\u00e7\u00e3o, com a Pasteleira a ser apontada como local de impacto positivo pela seguran\u00e7a. O Servi\u00e7o de Interven\u00e7\u00e3o nos Comportamentos Aditivos e nas Depend\u00eancias (SICAD) defende a expans\u00e3o do programa, alinhada \u00e0s boas pr\u00e1ticas do passado, para enfrentar depend\u00eancias de forma mais eficaz. Pedro Duarte sustenta a necessidade de humanizar quem sofre com a doen\u00e7a, questionando a localiza\u00e7\u00e3o da SCV ao lado de uma institui\u00e7\u00e3o cultural privada e perto de escolas privadas, defendendo uma abordagem que inclua sa\u00fade, educa\u00e7\u00e3o e combate ao tr\u00e1fico sem deslocalizar o servi\u00e7o. A eventual deslocaliza\u00e7\u00e3o deve priorizar melhoria de acesso e dignidade no atendimento, com mais espa\u00e7o, mais t\u00e9cnicos e mais atendimentos, avaliando a cria\u00e7\u00e3o de Centros de Sa\u00fade Especializados de Proximidade onde for necess\u00e1rio.","og_url":"https:\/\/portaltela.pt\/noticias\/2026\/02\/21\/sala-de-consumo-vigiado-e-reconhecida-como-centro-de-saude\/","og_site_name":"Portal Tela Portugal","article_published_time":"2026-02-21T18:00:00+00:00","author":"Telinha","twitter_card":"summary_large_image","twitter_misc":{"Escrito por":"Telinha","Tempo estimado de leitura":"2 minutos"},"schema":{"@context":"https:\/\/schema.org","@graph":[{"@type":"Article","@id":"https:\/\/portaltela.pt\/noticias\/2026\/02\/21\/sala-de-consumo-vigiado-e-reconhecida-como-centro-de-saude\/#article","isPartOf":{"@id":"https:\/\/portaltela.pt\/noticias\/2026\/02\/21\/sala-de-consumo-vigiado-e-reconhecida-como-centro-de-saude\/"},"author":{"name":"Telinha","@id":"https:\/\/portaltela.pt\/#\/schema\/person\/c4278d4a6028830caff9ee44b42d32ed"},"headline":"Sala de Consumo Vigiado \u00e9 reconhecida como centro de sa\u00fade","datePublished":"2026-02-21T18:00:00+00:00","mainEntityOfPage":{"@id":"https:\/\/portaltela.pt\/noticias\/2026\/02\/21\/sala-de-consumo-vigiado-e-reconhecida-como-centro-de-saude\/"},"wordCount":491,"image":{"@id":"https:\/\/portaltela.pt\/noticias\/2026\/02\/21\/sala-de-consumo-vigiado-e-reconhecida-como-centro-de-saude\/#primaryimage"},"thumbnailUrl":"https:\/\/portaltela.pt\/s.01k8rhncp4jt1\/2026\/02\/75fa5ce1-137a-49d2-92b0-5de8a467caa1_1200x675.jpg","keywords":["assist\u00eancia de sa\u00fade","depend\u00eancias","pol\u00edtica p\u00fablica","Porto","sa\u00fade p\u00fablica","seguran\u00e7a p\u00fablica"],"articleSection":["Not\u00edcias"],"inLanguage":"pt-PT"},{"@type":"WebPage","@id":"https:\/\/portaltela.pt\/noticias\/2026\/02\/21\/sala-de-consumo-vigiado-e-reconhecida-como-centro-de-saude\/","url":"https:\/\/portaltela.pt\/noticias\/2026\/02\/21\/sala-de-consumo-vigiado-e-reconhecida-como-centro-de-saude\/","name":"Sala de Consumo Vigiado \u00e9 reconhecida como centro de sa\u00fade - Portal Tela Portugal","isPartOf":{"@id":"https:\/\/portaltela.pt\/#website"},"primaryImageOfPage":{"@id":"https:\/\/portaltela.pt\/noticias\/2026\/02\/21\/sala-de-consumo-vigiado-e-reconhecida-como-centro-de-saude\/#primaryimage"},"image":{"@id":"https:\/\/portaltela.pt\/noticias\/2026\/02\/21\/sala-de-consumo-vigiado-e-reconhecida-como-centro-de-saude\/#primaryimage"},"thumbnailUrl":"https:\/\/portaltela.pt\/s.01k8rhncp4jt1\/2026\/02\/75fa5ce1-137a-49d2-92b0-5de8a467caa1_1200x675.jpg","datePublished":"2026-02-21T18:00:00+00:00","author":{"@id":"https:\/\/portaltela.pt\/#\/schema\/person\/c4278d4a6028830caff9ee44b42d32ed"},"breadcrumb":{"@id":"https:\/\/portaltela.pt\/noticias\/2026\/02\/21\/sala-de-consumo-vigiado-e-reconhecida-como-centro-de-saude\/#breadcrumb"},"inLanguage":"pt-PT","potentialAction":[{"@type":"ReadAction","target":["https:\/\/portaltela.pt\/noticias\/2026\/02\/21\/sala-de-consumo-vigiado-e-reconhecida-como-centro-de-saude\/"]}]},{"@type":"ImageObject","inLanguage":"pt-PT","@id":"https:\/\/portaltela.pt\/noticias\/2026\/02\/21\/sala-de-consumo-vigiado-e-reconhecida-como-centro-de-saude\/#primaryimage","url":"https:\/\/portaltela.pt\/s.01k8rhncp4jt1\/2026\/02\/75fa5ce1-137a-49d2-92b0-5de8a467caa1_1200x675.jpg","contentUrl":"https:\/\/portaltela.pt\/s.01k8rhncp4jt1\/2026\/02\/75fa5ce1-137a-49d2-92b0-5de8a467caa1_1200x675.jpg","width":796,"height":448,"caption":"Photo"},{"@type":"BreadcrumbList","@id":"https:\/\/portaltela.pt\/noticias\/2026\/02\/21\/sala-de-consumo-vigiado-e-reconhecida-como-centro-de-saude\/#breadcrumb","itemListElement":[{"@type":"ListItem","position":1,"name":"In\u00edcio","item":"https:\/\/portaltela.pt\/"},{"@type":"ListItem","position":2,"name":"Sala de Consumo Vigiado \u00e9 reconhecida como centro de sa\u00fade"}]},{"@type":"WebSite","@id":"https:\/\/portaltela.pt\/#website","url":"https:\/\/portaltela.pt\/","name":"Portal Tela Portugal","description":"","potentialAction":[{"@type":"SearchAction","target":{"@type":"EntryPoint","urlTemplate":"https:\/\/portaltela.pt\/?s={search_term_string}"},"query-input":{"@type":"PropertyValueSpecification","valueRequired":true,"valueName":"search_term_string"}}],"inLanguage":"pt-PT"},{"@type":"Person","@id":"https:\/\/portaltela.pt\/#\/schema\/person\/c4278d4a6028830caff9ee44b42d32ed","name":"Telinha","image":{"@type":"ImageObject","inLanguage":"pt-PT","@id":"https:\/\/portaltela.pt\/s.01k8rhncp4jt1\/2025\/11\/talking-bot-125x125.png","url":"https:\/\/portaltela.pt\/s.01k8rhncp4jt1\/2025\/11\/talking-bot-125x125.png","contentUrl":"https:\/\/portaltela.pt\/s.01k8rhncp4jt1\/2025\/11\/talking-bot-125x125.png","caption":"Telinha"},"sameAs":["https:\/\/portaltela.pt\/"],"url":"https:\/\/portaltela.pt\/por\/367410592786\/"}]}},"_links":{"self":[{"href":"https:\/\/portaltela.pt\/api\/wp\/v2\/posts\/220897","targetHints":{"allow":["GET"]}}],"collection":[{"href":"https:\/\/portaltela.pt\/api\/wp\/v2\/posts"}],"about":[{"href":"https:\/\/portaltela.pt\/api\/wp\/v2\/types\/post"}],"author":[{"embeddable":true,"href":"https:\/\/portaltela.pt\/api\/wp\/v2\/users\/2"}],"replies":[{"embeddable":true,"href":"https:\/\/portaltela.pt\/api\/wp\/v2\/comments?post=220897"}],"version-history":[{"count":0,"href":"https:\/\/portaltela.pt\/api\/wp\/v2\/posts\/220897\/revisions"}],"wp:featuredmedia":[{"embeddable":true,"href":"https:\/\/portaltela.pt\/api\/wp\/v2\/media\/220900"}],"wp:attachment":[{"href":"https:\/\/portaltela.pt\/api\/wp\/v2\/media?parent=220897"}],"wp:term":[{"taxonomy":"category","embeddable":true,"href":"https:\/\/portaltela.pt\/api\/wp\/v2\/categories?post=220897"},{"taxonomy":"post_tag","embeddable":true,"href":"https:\/\/portaltela.pt\/api\/wp\/v2\/tags?post=220897"}],"curies":[{"name":"wp","href":"https:\/\/api.w.org\/{rel}","templated":true}]}}