{"id":220815,"date":"2026-02-21T14:06:00","date_gmt":"2026-02-21T17:06:00","guid":{"rendered":"https:\/\/portaltela.pt\/noticias\/2026\/02\/21\/volta-ao-algarve-paul-magnier-vence-sprint-pela-segunda-vez\/"},"modified":"2026-02-21T14:06:00","modified_gmt":"2026-02-21T17:06:00","slug":"volta-ao-algarve-paul-magnier-vence-sprint-pela-segunda-vez","status":"publish","type":"post","link":"https:\/\/portaltela.pt\/desporto\/2026\/02\/21\/volta-ao-algarve-paul-magnier-vence-sprint-pela-segunda-vez\/","title":{"rendered":"Volta ao Algarve: Paul Magnier vence sprint pela segunda vez"},"content":{"rendered":"<p>Paul Magnier (Soudal Quick-Step) voltou a vencer num sprint, ao triunfar na 4.\u00aa etapa da Volta ao Algarve, disputada em Lagos. A vit\u00f3ria confirma o registo do franc\u0327\u00eas, que j\u00e1 tinha ganho a primeira etapa.<\/p>\n<p>A tirada, de 175,1 quil\u00f3metros, arrancou de Albufeira, onde ficou a conhecer-se uma novidade: a cidade vai receber uma etapa da Volta a Portugal, com chegada nesse destino. \u00c9 o regresso de Albufeira ao evento, oito anos depois.<\/p>\n<p>A fuga do dia reuniu nove ciclistas, incluindo Hugo Nunes, Noah Campos, Jo\u00e3o Silva e Tom\u00e1s Contte. Contte assumiu a lideran\u00e7a da montanha ao vencer a segunda meta de desn\u00edvel, somando tr\u00eas pontos, na Nave (5,6 km a 4,2%).<\/p>\n<h3>Perce\u00e7\u00e3o da corrida<\/h3>\n<p>A escalada na Nave foi o \u00fanico ponto de interesse nas primeiras duas horas. Enquanto isso, a fuga arrecadou pontos e bonifica\u00e7\u00f5es nas metas volantes ao longo do dia. A etapa terminou num circuito em Lagos, com Magnier a superar Jordi Meeus no sprint final.<\/p>\n<p>Na geral, Juan Ayuso manteve a camisola amarela, com pequenas diferen\u00e7as para Paul Seixas, Jo\u00e3o Almeida e outros voltistas que aguardam a \u00faltima etapa para se posicionarem. A tirada final parte de Faro e termina no Malh\u00e3o, ap\u00f3s 148,4 quil\u00f3metros.<\/p>\n<ul>\n<li>O que aconteceu: vit\u00f3ria de Magnier na 4.\u00aa etapa da Volta ao Algarve.<\/li>\n<li>Quem est\u00e1 envolvido: Paul Magnier; Jordi Meeus, Oded Kogut; Contte e outros na fuga.<\/li>\n<li>Quando: s\u00e1bado, 4.\u00aa etapa da prova.<\/li>\n<li>Onde: Lagos, Algarve.<\/li>\n<li>Porqu\u00ea: sprint final no circuito urbano definiu o resultado.<\/li>\n<\/ul>\n","protected":false},"excerpt":{"rendered":"<ul>\n<li>Paul Magnier (Soudal Quick-Step) venceu ao sprint a 4.\u00aa etapa da Volta ao Algarve, na chegada a Lagos, repetindo o triunfo que j\u00e1 tinha alcan\u00e7ado na 1.\u00aa etapa.<\/li>\n<li>A tirada, 175,1 quil\u00f3metros desde Albufeira at\u00e9 Lagos, ficou marcada pela fuga de nove ciclistas logo ap\u00f3s a partida, incluindo nomes habituais das escapadas.<\/li>\n<li>Na passagem pela subida de Nave, Contte (Aviludo-Louletano-Loul\u00e9) conquistou os tr\u00eas pontos da classifica\u00e7\u00e3o da montanha, mantendo-se na frente at\u00e9 ao final.<\/li>\n<li>No final em Lagos, Magnier bateu Jordi Meeus (Red Bull-BORA-hansgrohe) no sprint, com Oded Kogut (NSN Cycling Team) em terceiro; Jasper Philipsen terminou em d\u00e9cimo.<\/li>\n<li>Na geral, o l\u00edder continua Juan Ayuso (Lidl-Trek), mantendo diferen\u00e7as para Paul Seixas, Jo\u00e3o Almeida e restante pelot\u00e3o, com a \u00faltima etapa a decidir no Malh\u00e3o.<\/li>\n<\/ul>\n","protected":false},"author":2,"featured_media":220819,"comment_status":"closed","ping_status":"closed","sticky":false,"template":"","format":"standard","meta":{"footnotes":""},"categories":[21],"tags":[1202,928,923,3504,2303,2235],"class_list":["post-220815","post","type-post","status-publish","format-standard","has-post-thumbnail","hentry","category-desporto","tag-albufeira","tag-algarve","tag-ciclismo","tag-corridas","tag-lagos","tag-volta-a-portugal"],"yoast_head":"<!-- This site is optimized with the Yoast SEO plugin v27.2 - https:\/\/yoast.com\/product\/yoast-seo-wordpress\/ -->\n<title>Volta ao Algarve: Paul Magnier vence sprint pela segunda vez - Portal Tela Portugal<\/title>\n<meta name=\"robots\" content=\"index, follow, max-snippet:-1, max-image-preview:large, max-video-preview:-1\" \/>\n<meta property=\"og:locale\" content=\"pt_PT\" \/>\n<meta property=\"og:type\" content=\"article\" \/>\n<meta property=\"og:title\" content=\"Volta ao Algarve: Paul Magnier vence sprint pela segunda vez - Portal Tela Portugal\" \/>\n<meta property=\"og:description\" content=\"Paul Magnier (Soudal Quick-Step) venceu ao sprint a 4.\u00aa etapa da Volta ao Algarve, na chegada a Lagos, repetindo o triunfo que j\u00e1 tinha alcan\u00e7ado na 1.\u00aa etapa. A tirada, 175,1 quil\u00f3metros desde Albufeira at\u00e9 Lagos, ficou marcada pela fuga de nove ciclistas logo ap\u00f3s a partida, incluindo nomes habituais das escapadas. Na passagem pela subida de Nave, Contte (Aviludo-Louletano-Loul\u00e9) conquistou os tr\u00eas pontos da classifica\u00e7\u00e3o da montanha, mantendo-se na frente at\u00e9 ao final. No final em Lagos, Magnier bateu Jordi Meeus (Red Bull-BORA-hansgrohe) no sprint, com Oded Kogut (NSN Cycling Team) em terceiro; Jasper Philipsen terminou em d\u00e9cimo. Na geral, o l\u00edder continua Juan Ayuso (Lidl-Trek), mantendo diferen\u00e7as para Paul Seixas, Jo\u00e3o Almeida e restante pelot\u00e3o, com a \u00faltima etapa a decidir no Malh\u00e3o.\" \/>\n<meta property=\"og:url\" content=\"https:\/\/portaltela.pt\/noticias\/2026\/02\/21\/volta-ao-algarve-paul-magnier-vence-sprint-pela-segunda-vez\/\" \/>\n<meta property=\"og:site_name\" content=\"Portal Tela Portugal\" \/>\n<meta property=\"article:published_time\" content=\"2026-02-21T17:06:00+00:00\" \/>\n<meta name=\"author\" content=\"Telinha\" \/>\n<meta name=\"twitter:card\" content=\"summary_large_image\" \/>\n<meta name=\"twitter:label1\" content=\"Escrito por\" \/>\n\t<meta name=\"twitter:data1\" content=\"Telinha\" \/>\n\t<meta name=\"twitter:label2\" content=\"Tempo estimado de leitura\" \/>\n\t<meta name=\"twitter:data2\" content=\"1 minuto\" \/>\n<script type=\"application\/ld+json\" class=\"yoast-schema-graph\">{\"@context\":\"https:\/\/schema.org\",\"@graph\":[{\"@type\":\"Article\",\"@id\":\"https:\/\/portaltela.pt\/noticias\/2026\/02\/21\/volta-ao-algarve-paul-magnier-vence-sprint-pela-segunda-vez\/#article\",\"isPartOf\":{\"@id\":\"https:\/\/portaltela.pt\/noticias\/2026\/02\/21\/volta-ao-algarve-paul-magnier-vence-sprint-pela-segunda-vez\/\"},\"author\":{\"name\":\"Telinha\",\"@id\":\"https:\/\/portaltela.pt\/#\/schema\/person\/c4278d4a6028830caff9ee44b42d32ed\"},\"headline\":\"Volta ao Algarve: Paul Magnier vence sprint pela segunda vez\",\"datePublished\":\"2026-02-21T17:06:00+00:00\",\"mainEntityOfPage\":{\"@id\":\"https:\/\/portaltela.pt\/noticias\/2026\/02\/21\/volta-ao-algarve-paul-magnier-vence-sprint-pela-segunda-vez\/\"},\"wordCount\":264,\"image\":{\"@id\":\"https:\/\/portaltela.pt\/noticias\/2026\/02\/21\/volta-ao-algarve-paul-magnier-vence-sprint-pela-segunda-vez\/#primaryimage\"},\"thumbnailUrl\":\"https:\/\/portaltela.pt\/s.01k8rhncp4jt1\/2026\/02\/2068827.jpg\",\"keywords\":[\"Albufeira\",\"Algarve\",\"ciclismo\",\"corridas\",\"Lagos\",\"Volta a Portugal\"],\"articleSection\":[\"Desporto\"],\"inLanguage\":\"pt-PT\"},{\"@type\":\"WebPage\",\"@id\":\"https:\/\/portaltela.pt\/noticias\/2026\/02\/21\/volta-ao-algarve-paul-magnier-vence-sprint-pela-segunda-vez\/\",\"url\":\"https:\/\/portaltela.pt\/noticias\/2026\/02\/21\/volta-ao-algarve-paul-magnier-vence-sprint-pela-segunda-vez\/\",\"name\":\"Volta ao Algarve: Paul Magnier vence sprint pela segunda vez - Portal Tela Portugal\",\"isPartOf\":{\"@id\":\"https:\/\/portaltela.pt\/#website\"},\"primaryImageOfPage\":{\"@id\":\"https:\/\/portaltela.pt\/noticias\/2026\/02\/21\/volta-ao-algarve-paul-magnier-vence-sprint-pela-segunda-vez\/#primaryimage\"},\"image\":{\"@id\":\"https:\/\/portaltela.pt\/noticias\/2026\/02\/21\/volta-ao-algarve-paul-magnier-vence-sprint-pela-segunda-vez\/#primaryimage\"},\"thumbnailUrl\":\"https:\/\/portaltela.pt\/s.01k8rhncp4jt1\/2026\/02\/2068827.jpg\",\"datePublished\":\"2026-02-21T17:06:00+00:00\",\"author\":{\"@id\":\"https:\/\/portaltela.pt\/#\/schema\/person\/c4278d4a6028830caff9ee44b42d32ed\"},\"breadcrumb\":{\"@id\":\"https:\/\/portaltela.pt\/noticias\/2026\/02\/21\/volta-ao-algarve-paul-magnier-vence-sprint-pela-segunda-vez\/#breadcrumb\"},\"inLanguage\":\"pt-PT\",\"potentialAction\":[{\"@type\":\"ReadAction\",\"target\":[\"https:\/\/portaltela.pt\/noticias\/2026\/02\/21\/volta-ao-algarve-paul-magnier-vence-sprint-pela-segunda-vez\/\"]}]},{\"@type\":\"ImageObject\",\"inLanguage\":\"pt-PT\",\"@id\":\"https:\/\/portaltela.pt\/noticias\/2026\/02\/21\/volta-ao-algarve-paul-magnier-vence-sprint-pela-segunda-vez\/#primaryimage\",\"url\":\"https:\/\/portaltela.pt\/s.01k8rhncp4jt1\/2026\/02\/2068827.jpg\",\"contentUrl\":\"https:\/\/portaltela.pt\/s.01k8rhncp4jt1\/2026\/02\/2068827.jpg\",\"width\":796,\"height\":448,\"caption\":\"Paul Magnier voltou a vencer etapa ao sprint, desta vez na chegada a Lagos\"},{\"@type\":\"BreadcrumbList\",\"@id\":\"https:\/\/portaltela.pt\/noticias\/2026\/02\/21\/volta-ao-algarve-paul-magnier-vence-sprint-pela-segunda-vez\/#breadcrumb\",\"itemListElement\":[{\"@type\":\"ListItem\",\"position\":1,\"name\":\"In\u00edcio\",\"item\":\"https:\/\/portaltela.pt\/\"},{\"@type\":\"ListItem\",\"position\":2,\"name\":\"Volta ao Algarve: Paul Magnier vence sprint pela segunda vez\"}]},{\"@type\":\"WebSite\",\"@id\":\"https:\/\/portaltela.pt\/#website\",\"url\":\"https:\/\/portaltela.pt\/\",\"name\":\"Portal Tela Portugal\",\"description\":\"\",\"potentialAction\":[{\"@type\":\"SearchAction\",\"target\":{\"@type\":\"EntryPoint\",\"urlTemplate\":\"https:\/\/portaltela.pt\/?s={search_term_string}\"},\"query-input\":{\"@type\":\"PropertyValueSpecification\",\"valueRequired\":true,\"valueName\":\"search_term_string\"}}],\"inLanguage\":\"pt-PT\"},{\"@type\":\"Person\",\"@id\":\"https:\/\/portaltela.pt\/#\/schema\/person\/c4278d4a6028830caff9ee44b42d32ed\",\"name\":\"Telinha\",\"image\":{\"@type\":\"ImageObject\",\"inLanguage\":\"pt-PT\",\"@id\":\"https:\/\/portaltela.pt\/s.01k8rhncp4jt1\/2025\/11\/talking-bot-125x125.png\",\"url\":\"https:\/\/portaltela.pt\/s.01k8rhncp4jt1\/2025\/11\/talking-bot-125x125.png\",\"contentUrl\":\"https:\/\/portaltela.pt\/s.01k8rhncp4jt1\/2025\/11\/talking-bot-125x125.png\",\"caption\":\"Telinha\"},\"sameAs\":[\"https:\/\/portaltela.pt\/\"],\"url\":\"https:\/\/portaltela.pt\/por\/367410592786\/\"}]}<\/script>\n<!-- \/ Yoast SEO plugin. -->","yoast_head_json":{"title":"Volta ao Algarve: Paul Magnier vence sprint pela segunda vez - Portal Tela Portugal","robots":{"index":"index","follow":"follow","max-snippet":"max-snippet:-1","max-image-preview":"max-image-preview:large","max-video-preview":"max-video-preview:-1"},"og_locale":"pt_PT","og_type":"article","og_title":"Volta ao Algarve: Paul Magnier vence sprint pela segunda vez - Portal Tela Portugal","og_description":"Paul Magnier (Soudal Quick-Step) venceu ao sprint a 4.\u00aa etapa da Volta ao Algarve, na chegada a Lagos, repetindo o triunfo que j\u00e1 tinha alcan\u00e7ado na 1.\u00aa etapa. A tirada, 175,1 quil\u00f3metros desde Albufeira at\u00e9 Lagos, ficou marcada pela fuga de nove ciclistas logo ap\u00f3s a partida, incluindo nomes habituais das escapadas. Na passagem pela subida de Nave, Contte (Aviludo-Louletano-Loul\u00e9) conquistou os tr\u00eas pontos da classifica\u00e7\u00e3o da montanha, mantendo-se na frente at\u00e9 ao final. No final em Lagos, Magnier bateu Jordi Meeus (Red Bull-BORA-hansgrohe) no sprint, com Oded Kogut (NSN Cycling Team) em terceiro; Jasper Philipsen terminou em d\u00e9cimo. Na geral, o l\u00edder continua Juan Ayuso (Lidl-Trek), mantendo diferen\u00e7as para Paul Seixas, Jo\u00e3o Almeida e restante pelot\u00e3o, com a \u00faltima etapa a decidir no Malh\u00e3o.","og_url":"https:\/\/portaltela.pt\/noticias\/2026\/02\/21\/volta-ao-algarve-paul-magnier-vence-sprint-pela-segunda-vez\/","og_site_name":"Portal Tela Portugal","article_published_time":"2026-02-21T17:06:00+00:00","author":"Telinha","twitter_card":"summary_large_image","twitter_misc":{"Escrito por":"Telinha","Tempo estimado de leitura":"1 minuto"},"schema":{"@context":"https:\/\/schema.org","@graph":[{"@type":"Article","@id":"https:\/\/portaltela.pt\/noticias\/2026\/02\/21\/volta-ao-algarve-paul-magnier-vence-sprint-pela-segunda-vez\/#article","isPartOf":{"@id":"https:\/\/portaltela.pt\/noticias\/2026\/02\/21\/volta-ao-algarve-paul-magnier-vence-sprint-pela-segunda-vez\/"},"author":{"name":"Telinha","@id":"https:\/\/portaltela.pt\/#\/schema\/person\/c4278d4a6028830caff9ee44b42d32ed"},"headline":"Volta ao Algarve: Paul Magnier vence sprint pela segunda vez","datePublished":"2026-02-21T17:06:00+00:00","mainEntityOfPage":{"@id":"https:\/\/portaltela.pt\/noticias\/2026\/02\/21\/volta-ao-algarve-paul-magnier-vence-sprint-pela-segunda-vez\/"},"wordCount":264,"image":{"@id":"https:\/\/portaltela.pt\/noticias\/2026\/02\/21\/volta-ao-algarve-paul-magnier-vence-sprint-pela-segunda-vez\/#primaryimage"},"thumbnailUrl":"https:\/\/portaltela.pt\/s.01k8rhncp4jt1\/2026\/02\/2068827.jpg","keywords":["Albufeira","Algarve","ciclismo","corridas","Lagos","Volta a Portugal"],"articleSection":["Desporto"],"inLanguage":"pt-PT"},{"@type":"WebPage","@id":"https:\/\/portaltela.pt\/noticias\/2026\/02\/21\/volta-ao-algarve-paul-magnier-vence-sprint-pela-segunda-vez\/","url":"https:\/\/portaltela.pt\/noticias\/2026\/02\/21\/volta-ao-algarve-paul-magnier-vence-sprint-pela-segunda-vez\/","name":"Volta ao Algarve: Paul Magnier vence sprint pela segunda vez - Portal Tela Portugal","isPartOf":{"@id":"https:\/\/portaltela.pt\/#website"},"primaryImageOfPage":{"@id":"https:\/\/portaltela.pt\/noticias\/2026\/02\/21\/volta-ao-algarve-paul-magnier-vence-sprint-pela-segunda-vez\/#primaryimage"},"image":{"@id":"https:\/\/portaltela.pt\/noticias\/2026\/02\/21\/volta-ao-algarve-paul-magnier-vence-sprint-pela-segunda-vez\/#primaryimage"},"thumbnailUrl":"https:\/\/portaltela.pt\/s.01k8rhncp4jt1\/2026\/02\/2068827.jpg","datePublished":"2026-02-21T17:06:00+00:00","author":{"@id":"https:\/\/portaltela.pt\/#\/schema\/person\/c4278d4a6028830caff9ee44b42d32ed"},"breadcrumb":{"@id":"https:\/\/portaltela.pt\/noticias\/2026\/02\/21\/volta-ao-algarve-paul-magnier-vence-sprint-pela-segunda-vez\/#breadcrumb"},"inLanguage":"pt-PT","potentialAction":[{"@type":"ReadAction","target":["https:\/\/portaltela.pt\/noticias\/2026\/02\/21\/volta-ao-algarve-paul-magnier-vence-sprint-pela-segunda-vez\/"]}]},{"@type":"ImageObject","inLanguage":"pt-PT","@id":"https:\/\/portaltela.pt\/noticias\/2026\/02\/21\/volta-ao-algarve-paul-magnier-vence-sprint-pela-segunda-vez\/#primaryimage","url":"https:\/\/portaltela.pt\/s.01k8rhncp4jt1\/2026\/02\/2068827.jpg","contentUrl":"https:\/\/portaltela.pt\/s.01k8rhncp4jt1\/2026\/02\/2068827.jpg","width":796,"height":448,"caption":"Paul Magnier voltou a vencer etapa ao sprint, desta vez na chegada a Lagos"},{"@type":"BreadcrumbList","@id":"https:\/\/portaltela.pt\/noticias\/2026\/02\/21\/volta-ao-algarve-paul-magnier-vence-sprint-pela-segunda-vez\/#breadcrumb","itemListElement":[{"@type":"ListItem","position":1,"name":"In\u00edcio","item":"https:\/\/portaltela.pt\/"},{"@type":"ListItem","position":2,"name":"Volta ao Algarve: Paul Magnier vence sprint pela segunda vez"}]},{"@type":"WebSite","@id":"https:\/\/portaltela.pt\/#website","url":"https:\/\/portaltela.pt\/","name":"Portal Tela Portugal","description":"","potentialAction":[{"@type":"SearchAction","target":{"@type":"EntryPoint","urlTemplate":"https:\/\/portaltela.pt\/?s={search_term_string}"},"query-input":{"@type":"PropertyValueSpecification","valueRequired":true,"valueName":"search_term_string"}}],"inLanguage":"pt-PT"},{"@type":"Person","@id":"https:\/\/portaltela.pt\/#\/schema\/person\/c4278d4a6028830caff9ee44b42d32ed","name":"Telinha","image":{"@type":"ImageObject","inLanguage":"pt-PT","@id":"https:\/\/portaltela.pt\/s.01k8rhncp4jt1\/2025\/11\/talking-bot-125x125.png","url":"https:\/\/portaltela.pt\/s.01k8rhncp4jt1\/2025\/11\/talking-bot-125x125.png","contentUrl":"https:\/\/portaltela.pt\/s.01k8rhncp4jt1\/2025\/11\/talking-bot-125x125.png","caption":"Telinha"},"sameAs":["https:\/\/portaltela.pt\/"],"url":"https:\/\/portaltela.pt\/por\/367410592786\/"}]}},"_links":{"self":[{"href":"https:\/\/portaltela.pt\/api\/wp\/v2\/posts\/220815","targetHints":{"allow":["GET"]}}],"collection":[{"href":"https:\/\/portaltela.pt\/api\/wp\/v2\/posts"}],"about":[{"href":"https:\/\/portaltela.pt\/api\/wp\/v2\/types\/post"}],"author":[{"embeddable":true,"href":"https:\/\/portaltela.pt\/api\/wp\/v2\/users\/2"}],"replies":[{"embeddable":true,"href":"https:\/\/portaltela.pt\/api\/wp\/v2\/comments?post=220815"}],"version-history":[{"count":0,"href":"https:\/\/portaltela.pt\/api\/wp\/v2\/posts\/220815\/revisions"}],"wp:featuredmedia":[{"embeddable":true,"href":"https:\/\/portaltela.pt\/api\/wp\/v2\/media\/220819"}],"wp:attachment":[{"href":"https:\/\/portaltela.pt\/api\/wp\/v2\/media?parent=220815"}],"wp:term":[{"taxonomy":"category","embeddable":true,"href":"https:\/\/portaltela.pt\/api\/wp\/v2\/categories?post=220815"},{"taxonomy":"post_tag","embeddable":true,"href":"https:\/\/portaltela.pt\/api\/wp\/v2\/tags?post=220815"}],"curies":[{"name":"wp","href":"https:\/\/api.w.org\/{rel}","templated":true}]}}