{"id":220813,"date":"2026-02-21T14:00:42","date_gmt":"2026-02-21T17:00:42","guid":{"rendered":"https:\/\/portaltela.pt\/noticias\/2026\/02\/21\/carro-tvde-embate-fachada-de-banco-em-gaia-apos-desacatos\/"},"modified":"2026-02-21T14:00:42","modified_gmt":"2026-02-21T17:00:42","slug":"carro-tvde-embate-fachada-de-banco-em-gaia-apos-desacatos","status":"publish","type":"post","link":"https:\/\/portaltela.pt\/noticias\/2026\/02\/21\/carro-tvde-embate-fachada-de-banco-em-gaia-apos-desacatos\/","title":{"rendered":"Carro TVDE embate fachada de banco em Gaia ap\u00f3s desacatos"},"content":{"rendered":"<p>Um ve\u00edculo TVDE abalroou a fachada de um banco em Gaia, na regi\u00e3o do Porto, na manh\u00e3 de hoje, ap\u00f3s um desacato entre o condutor e alguns clientes. A PSP est\u00e1 a investigar as circunst\u00e2ncias do incidente.<\/p>\n<p>Segundo relatos, o condutor tentou abandonar o local ap\u00f3s a discuss\u00e3o, mas perdeu o controlo do ve\u00edculo e atingiu a fachada do edif\u00edcio. N\u00e3o h\u00e1 feridos reportados.<\/p>\n<p>A PSP foi acionada e j\u00e1 iniciou a averigua\u00e7\u00e3o sobre as responsabilidades. N\u00e3o est\u00e3o ainda confirmadas deten\u00e7\u00f5es ou acusa\u00e7\u00f5es.<\/p>\n<p>O banco afetado \u00e9 uma institui\u00e7\u00e3o de grande circula\u00e7\u00e3o na cidade, e os t\u00e9cnicos j\u00e1 avaliam os danos na fachada. A comunidade local mostra apreens\u00e3o face a poss\u00edveis epis\u00f3dios semelhantes.<\/p>\n<p>As autoridades apelam \u00e0 calma e ao respeito entre os cidad\u00e3os, bem como \u00e0 den\u00fancia de comportamentos violentos ou suspeitos \u00e0s for\u00e7as de seguran\u00e7a.<\/p>\n","protected":false},"excerpt":{"rendered":"<ul>\n<li>Um condutor de um ve\u00edculo TVDE abalroou a fachada de um banco em Gaia, ap\u00f3s um desacato entre o condutor e alguns clientes, na manh\u00e3 de segunda-feira.<\/li>\n<li>O acidente ocorreu quando o condutor tentou abandonar o local ap\u00f3s uma discuss\u00e3o acalorada e acabou por perder o controlo do ve\u00edculo.<\/li>\n<li>N\u00e3o h\u00e1 registos de feridos, mas a PSP foi chamada para investigar as circunst\u00e2ncias e tomar as medidas cab\u00edveis.<\/li>\n<li>O banco afetado \u00e9 uma institui\u00e7\u00e3o financeira de grande circula\u00e7\u00e3o na cidade, e os danos na fachada est\u00e3o a ser avaliados pelas autoridades.<\/li>\n<li>A comunidade local ficou preocupada com novos epis\u00f3dios de viol\u00eancia; as autoridades apelam \u00e0 calma, ao respeito e \u00e0 den\u00fancia de comportamentos violentos.<\/li>\n<\/ul>\n","protected":false},"author":2,"featured_media":220816,"comment_status":"closed","ping_status":"closed","sticky":false,"template":"","format":"standard","meta":{"footnotes":""},"categories":[1],"tags":[5487,3527,1761,982,1381,250],"class_list":["post-220813","post","type-post","status-publish","format-standard","has-post-thumbnail","hentry","category-noticias","tag-acidente","tag-desacatos","tag-gaia","tag-porto","tag-psp","tag-seguranca-publica"],"yoast_head":"<!-- This site is optimized with the Yoast SEO plugin v27.2 - https:\/\/yoast.com\/product\/yoast-seo-wordpress\/ -->\n<title>Carro TVDE embate fachada de banco em Gaia ap\u00f3s desacatos - Portal Tela Portugal<\/title>\n<meta name=\"robots\" content=\"index, follow, max-snippet:-1, max-image-preview:large, max-video-preview:-1\" \/>\n<meta property=\"og:locale\" content=\"pt_PT\" \/>\n<meta property=\"og:type\" content=\"article\" \/>\n<meta property=\"og:title\" content=\"Carro TVDE embate fachada de banco em Gaia ap\u00f3s desacatos - Portal Tela Portugal\" \/>\n<meta property=\"og:description\" content=\"Um condutor de um ve\u00edculo TVDE abalroou a fachada de um banco em Gaia, ap\u00f3s um desacato entre o condutor e alguns clientes, na manh\u00e3 de segunda-feira. O acidente ocorreu quando o condutor tentou abandonar o local ap\u00f3s uma discuss\u00e3o acalorada e acabou por perder o controlo do ve\u00edculo. N\u00e3o h\u00e1 registos de feridos, mas a PSP foi chamada para investigar as circunst\u00e2ncias e tomar as medidas cab\u00edveis. O banco afetado \u00e9 uma institui\u00e7\u00e3o financeira de grande circula\u00e7\u00e3o na cidade, e os danos na fachada est\u00e3o a ser avaliados pelas autoridades. A comunidade local ficou preocupada com novos epis\u00f3dios de viol\u00eancia; as autoridades apelam \u00e0 calma, ao respeito e \u00e0 den\u00fancia de comportamentos violentos.\" \/>\n<meta property=\"og:url\" content=\"https:\/\/portaltela.pt\/noticias\/2026\/02\/21\/carro-tvde-embate-fachada-de-banco-em-gaia-apos-desacatos\/\" \/>\n<meta property=\"og:site_name\" content=\"Portal Tela Portugal\" \/>\n<meta property=\"article:published_time\" content=\"2026-02-21T17:00:42+00:00\" \/>\n<meta name=\"author\" content=\"Telinha\" \/>\n<meta name=\"twitter:card\" content=\"summary_large_image\" \/>\n<meta name=\"twitter:label1\" content=\"Escrito por\" \/>\n\t<meta name=\"twitter:data1\" content=\"Telinha\" \/>\n\t<meta name=\"twitter:label2\" content=\"Tempo estimado de leitura\" \/>\n\t<meta name=\"twitter:data2\" content=\"1 minuto\" \/>\n<script type=\"application\/ld+json\" class=\"yoast-schema-graph\">{\"@context\":\"https:\/\/schema.org\",\"@graph\":[{\"@type\":\"Article\",\"@id\":\"https:\/\/portaltela.pt\/noticias\/2026\/02\/21\/carro-tvde-embate-fachada-de-banco-em-gaia-apos-desacatos\/#article\",\"isPartOf\":{\"@id\":\"https:\/\/portaltela.pt\/noticias\/2026\/02\/21\/carro-tvde-embate-fachada-de-banco-em-gaia-apos-desacatos\/\"},\"author\":{\"name\":\"Telinha\",\"@id\":\"https:\/\/portaltela.pt\/#\/schema\/person\/c4278d4a6028830caff9ee44b42d32ed\"},\"headline\":\"Carro TVDE embate fachada de banco em Gaia ap\u00f3s desacatos\",\"datePublished\":\"2026-02-21T17:00:42+00:00\",\"mainEntityOfPage\":{\"@id\":\"https:\/\/portaltela.pt\/noticias\/2026\/02\/21\/carro-tvde-embate-fachada-de-banco-em-gaia-apos-desacatos\/\"},\"wordCount\":169,\"image\":{\"@id\":\"https:\/\/portaltela.pt\/noticias\/2026\/02\/21\/carro-tvde-embate-fachada-de-banco-em-gaia-apos-desacatos\/#primaryimage\"},\"thumbnailUrl\":\"https:\/\/portaltela.pt\/s.01k8rhncp4jt1\/2026\/02\/img_1280x722uu2026-02-20-09-23-29-2267864-1.jpg\",\"keywords\":[\"acidente\",\"desacatos\",\"Gaia\",\"Porto\",\"PSP\",\"seguran\u00e7a p\u00fablica\"],\"articleSection\":[\"Not\u00edcias\"],\"inLanguage\":\"pt-PT\"},{\"@type\":\"WebPage\",\"@id\":\"https:\/\/portaltela.pt\/noticias\/2026\/02\/21\/carro-tvde-embate-fachada-de-banco-em-gaia-apos-desacatos\/\",\"url\":\"https:\/\/portaltela.pt\/noticias\/2026\/02\/21\/carro-tvde-embate-fachada-de-banco-em-gaia-apos-desacatos\/\",\"name\":\"Carro TVDE embate fachada de banco em Gaia ap\u00f3s desacatos - Portal Tela Portugal\",\"isPartOf\":{\"@id\":\"https:\/\/portaltela.pt\/#website\"},\"primaryImageOfPage\":{\"@id\":\"https:\/\/portaltela.pt\/noticias\/2026\/02\/21\/carro-tvde-embate-fachada-de-banco-em-gaia-apos-desacatos\/#primaryimage\"},\"image\":{\"@id\":\"https:\/\/portaltela.pt\/noticias\/2026\/02\/21\/carro-tvde-embate-fachada-de-banco-em-gaia-apos-desacatos\/#primaryimage\"},\"thumbnailUrl\":\"https:\/\/portaltela.pt\/s.01k8rhncp4jt1\/2026\/02\/img_1280x722uu2026-02-20-09-23-29-2267864-1.jpg\",\"datePublished\":\"2026-02-21T17:00:42+00:00\",\"author\":{\"@id\":\"https:\/\/portaltela.pt\/#\/schema\/person\/c4278d4a6028830caff9ee44b42d32ed\"},\"breadcrumb\":{\"@id\":\"https:\/\/portaltela.pt\/noticias\/2026\/02\/21\/carro-tvde-embate-fachada-de-banco-em-gaia-apos-desacatos\/#breadcrumb\"},\"inLanguage\":\"pt-PT\",\"potentialAction\":[{\"@type\":\"ReadAction\",\"target\":[\"https:\/\/portaltela.pt\/noticias\/2026\/02\/21\/carro-tvde-embate-fachada-de-banco-em-gaia-apos-desacatos\/\"]}]},{\"@type\":\"ImageObject\",\"inLanguage\":\"pt-PT\",\"@id\":\"https:\/\/portaltela.pt\/noticias\/2026\/02\/21\/carro-tvde-embate-fachada-de-banco-em-gaia-apos-desacatos\/#primaryimage\",\"url\":\"https:\/\/portaltela.pt\/s.01k8rhncp4jt1\/2026\/02\/img_1280x722uu2026-02-20-09-23-29-2267864-1.jpg\",\"contentUrl\":\"https:\/\/portaltela.pt\/s.01k8rhncp4jt1\/2026\/02\/img_1280x722uu2026-02-20-09-23-29-2267864-1.jpg\",\"width\":796,\"height\":448,\"caption\":\"Carro TVDE abalroa fachada de banco em Gaia ap\u00f3s desacatos\"},{\"@type\":\"BreadcrumbList\",\"@id\":\"https:\/\/portaltela.pt\/noticias\/2026\/02\/21\/carro-tvde-embate-fachada-de-banco-em-gaia-apos-desacatos\/#breadcrumb\",\"itemListElement\":[{\"@type\":\"ListItem\",\"position\":1,\"name\":\"In\u00edcio\",\"item\":\"https:\/\/portaltela.pt\/\"},{\"@type\":\"ListItem\",\"position\":2,\"name\":\"Carro TVDE embate fachada de banco em Gaia ap\u00f3s desacatos\"}]},{\"@type\":\"WebSite\",\"@id\":\"https:\/\/portaltela.pt\/#website\",\"url\":\"https:\/\/portaltela.pt\/\",\"name\":\"Portal Tela Portugal\",\"description\":\"\",\"potentialAction\":[{\"@type\":\"SearchAction\",\"target\":{\"@type\":\"EntryPoint\",\"urlTemplate\":\"https:\/\/portaltela.pt\/?s={search_term_string}\"},\"query-input\":{\"@type\":\"PropertyValueSpecification\",\"valueRequired\":true,\"valueName\":\"search_term_string\"}}],\"inLanguage\":\"pt-PT\"},{\"@type\":\"Person\",\"@id\":\"https:\/\/portaltela.pt\/#\/schema\/person\/c4278d4a6028830caff9ee44b42d32ed\",\"name\":\"Telinha\",\"image\":{\"@type\":\"ImageObject\",\"inLanguage\":\"pt-PT\",\"@id\":\"https:\/\/portaltela.pt\/s.01k8rhncp4jt1\/2025\/11\/talking-bot-125x125.png\",\"url\":\"https:\/\/portaltela.pt\/s.01k8rhncp4jt1\/2025\/11\/talking-bot-125x125.png\",\"contentUrl\":\"https:\/\/portaltela.pt\/s.01k8rhncp4jt1\/2025\/11\/talking-bot-125x125.png\",\"caption\":\"Telinha\"},\"sameAs\":[\"https:\/\/portaltela.pt\/\"],\"url\":\"https:\/\/portaltela.pt\/por\/367410592786\/\"}]}<\/script>\n<!-- \/ Yoast SEO plugin. -->","yoast_head_json":{"title":"Carro TVDE embate fachada de banco em Gaia ap\u00f3s desacatos - Portal Tela Portugal","robots":{"index":"index","follow":"follow","max-snippet":"max-snippet:-1","max-image-preview":"max-image-preview:large","max-video-preview":"max-video-preview:-1"},"og_locale":"pt_PT","og_type":"article","og_title":"Carro TVDE embate fachada de banco em Gaia ap\u00f3s desacatos - Portal Tela Portugal","og_description":"Um condutor de um ve\u00edculo TVDE abalroou a fachada de um banco em Gaia, ap\u00f3s um desacato entre o condutor e alguns clientes, na manh\u00e3 de segunda-feira. O acidente ocorreu quando o condutor tentou abandonar o local ap\u00f3s uma discuss\u00e3o acalorada e acabou por perder o controlo do ve\u00edculo. N\u00e3o h\u00e1 registos de feridos, mas a PSP foi chamada para investigar as circunst\u00e2ncias e tomar as medidas cab\u00edveis. O banco afetado \u00e9 uma institui\u00e7\u00e3o financeira de grande circula\u00e7\u00e3o na cidade, e os danos na fachada est\u00e3o a ser avaliados pelas autoridades. A comunidade local ficou preocupada com novos epis\u00f3dios de viol\u00eancia; as autoridades apelam \u00e0 calma, ao respeito e \u00e0 den\u00fancia de comportamentos violentos.","og_url":"https:\/\/portaltela.pt\/noticias\/2026\/02\/21\/carro-tvde-embate-fachada-de-banco-em-gaia-apos-desacatos\/","og_site_name":"Portal Tela Portugal","article_published_time":"2026-02-21T17:00:42+00:00","author":"Telinha","twitter_card":"summary_large_image","twitter_misc":{"Escrito por":"Telinha","Tempo estimado de leitura":"1 minuto"},"schema":{"@context":"https:\/\/schema.org","@graph":[{"@type":"Article","@id":"https:\/\/portaltela.pt\/noticias\/2026\/02\/21\/carro-tvde-embate-fachada-de-banco-em-gaia-apos-desacatos\/#article","isPartOf":{"@id":"https:\/\/portaltela.pt\/noticias\/2026\/02\/21\/carro-tvde-embate-fachada-de-banco-em-gaia-apos-desacatos\/"},"author":{"name":"Telinha","@id":"https:\/\/portaltela.pt\/#\/schema\/person\/c4278d4a6028830caff9ee44b42d32ed"},"headline":"Carro TVDE embate fachada de banco em Gaia ap\u00f3s desacatos","datePublished":"2026-02-21T17:00:42+00:00","mainEntityOfPage":{"@id":"https:\/\/portaltela.pt\/noticias\/2026\/02\/21\/carro-tvde-embate-fachada-de-banco-em-gaia-apos-desacatos\/"},"wordCount":169,"image":{"@id":"https:\/\/portaltela.pt\/noticias\/2026\/02\/21\/carro-tvde-embate-fachada-de-banco-em-gaia-apos-desacatos\/#primaryimage"},"thumbnailUrl":"https:\/\/portaltela.pt\/s.01k8rhncp4jt1\/2026\/02\/img_1280x722uu2026-02-20-09-23-29-2267864-1.jpg","keywords":["acidente","desacatos","Gaia","Porto","PSP","seguran\u00e7a p\u00fablica"],"articleSection":["Not\u00edcias"],"inLanguage":"pt-PT"},{"@type":"WebPage","@id":"https:\/\/portaltela.pt\/noticias\/2026\/02\/21\/carro-tvde-embate-fachada-de-banco-em-gaia-apos-desacatos\/","url":"https:\/\/portaltela.pt\/noticias\/2026\/02\/21\/carro-tvde-embate-fachada-de-banco-em-gaia-apos-desacatos\/","name":"Carro TVDE embate fachada de banco em Gaia ap\u00f3s desacatos - Portal Tela Portugal","isPartOf":{"@id":"https:\/\/portaltela.pt\/#website"},"primaryImageOfPage":{"@id":"https:\/\/portaltela.pt\/noticias\/2026\/02\/21\/carro-tvde-embate-fachada-de-banco-em-gaia-apos-desacatos\/#primaryimage"},"image":{"@id":"https:\/\/portaltela.pt\/noticias\/2026\/02\/21\/carro-tvde-embate-fachada-de-banco-em-gaia-apos-desacatos\/#primaryimage"},"thumbnailUrl":"https:\/\/portaltela.pt\/s.01k8rhncp4jt1\/2026\/02\/img_1280x722uu2026-02-20-09-23-29-2267864-1.jpg","datePublished":"2026-02-21T17:00:42+00:00","author":{"@id":"https:\/\/portaltela.pt\/#\/schema\/person\/c4278d4a6028830caff9ee44b42d32ed"},"breadcrumb":{"@id":"https:\/\/portaltela.pt\/noticias\/2026\/02\/21\/carro-tvde-embate-fachada-de-banco-em-gaia-apos-desacatos\/#breadcrumb"},"inLanguage":"pt-PT","potentialAction":[{"@type":"ReadAction","target":["https:\/\/portaltela.pt\/noticias\/2026\/02\/21\/carro-tvde-embate-fachada-de-banco-em-gaia-apos-desacatos\/"]}]},{"@type":"ImageObject","inLanguage":"pt-PT","@id":"https:\/\/portaltela.pt\/noticias\/2026\/02\/21\/carro-tvde-embate-fachada-de-banco-em-gaia-apos-desacatos\/#primaryimage","url":"https:\/\/portaltela.pt\/s.01k8rhncp4jt1\/2026\/02\/img_1280x722uu2026-02-20-09-23-29-2267864-1.jpg","contentUrl":"https:\/\/portaltela.pt\/s.01k8rhncp4jt1\/2026\/02\/img_1280x722uu2026-02-20-09-23-29-2267864-1.jpg","width":796,"height":448,"caption":"Carro TVDE abalroa fachada de banco em Gaia ap\u00f3s desacatos"},{"@type":"BreadcrumbList","@id":"https:\/\/portaltela.pt\/noticias\/2026\/02\/21\/carro-tvde-embate-fachada-de-banco-em-gaia-apos-desacatos\/#breadcrumb","itemListElement":[{"@type":"ListItem","position":1,"name":"In\u00edcio","item":"https:\/\/portaltela.pt\/"},{"@type":"ListItem","position":2,"name":"Carro TVDE embate fachada de banco em Gaia ap\u00f3s desacatos"}]},{"@type":"WebSite","@id":"https:\/\/portaltela.pt\/#website","url":"https:\/\/portaltela.pt\/","name":"Portal Tela Portugal","description":"","potentialAction":[{"@type":"SearchAction","target":{"@type":"EntryPoint","urlTemplate":"https:\/\/portaltela.pt\/?s={search_term_string}"},"query-input":{"@type":"PropertyValueSpecification","valueRequired":true,"valueName":"search_term_string"}}],"inLanguage":"pt-PT"},{"@type":"Person","@id":"https:\/\/portaltela.pt\/#\/schema\/person\/c4278d4a6028830caff9ee44b42d32ed","name":"Telinha","image":{"@type":"ImageObject","inLanguage":"pt-PT","@id":"https:\/\/portaltela.pt\/s.01k8rhncp4jt1\/2025\/11\/talking-bot-125x125.png","url":"https:\/\/portaltela.pt\/s.01k8rhncp4jt1\/2025\/11\/talking-bot-125x125.png","contentUrl":"https:\/\/portaltela.pt\/s.01k8rhncp4jt1\/2025\/11\/talking-bot-125x125.png","caption":"Telinha"},"sameAs":["https:\/\/portaltela.pt\/"],"url":"https:\/\/portaltela.pt\/por\/367410592786\/"}]}},"_links":{"self":[{"href":"https:\/\/portaltela.pt\/api\/wp\/v2\/posts\/220813","targetHints":{"allow":["GET"]}}],"collection":[{"href":"https:\/\/portaltela.pt\/api\/wp\/v2\/posts"}],"about":[{"href":"https:\/\/portaltela.pt\/api\/wp\/v2\/types\/post"}],"author":[{"embeddable":true,"href":"https:\/\/portaltela.pt\/api\/wp\/v2\/users\/2"}],"replies":[{"embeddable":true,"href":"https:\/\/portaltela.pt\/api\/wp\/v2\/comments?post=220813"}],"version-history":[{"count":0,"href":"https:\/\/portaltela.pt\/api\/wp\/v2\/posts\/220813\/revisions"}],"wp:featuredmedia":[{"embeddable":true,"href":"https:\/\/portaltela.pt\/api\/wp\/v2\/media\/220816"}],"wp:attachment":[{"href":"https:\/\/portaltela.pt\/api\/wp\/v2\/media?parent=220813"}],"wp:term":[{"taxonomy":"category","embeddable":true,"href":"https:\/\/portaltela.pt\/api\/wp\/v2\/categories?post=220813"},{"taxonomy":"post_tag","embeddable":true,"href":"https:\/\/portaltela.pt\/api\/wp\/v2\/tags?post=220813"}],"curies":[{"name":"wp","href":"https:\/\/api.w.org\/{rel}","templated":true}]}}