{"id":220781,"date":"2026-02-21T13:42:00","date_gmt":"2026-02-21T16:42:00","guid":{"rendered":"https:\/\/portaltela.pt\/noticias\/2026\/02\/21\/paul-magnier-no-algarve-sente-se-muito-forte-para-finalizar-o-bis\/"},"modified":"2026-02-21T13:42:00","modified_gmt":"2026-02-21T16:42:00","slug":"paul-magnier-no-algarve-sente-se-muito-forte-para-finalizar-o-bis","status":"publish","type":"post","link":"https:\/\/portaltela.pt\/desporto\/2026\/02\/21\/paul-magnier-no-algarve-sente-se-muito-forte-para-finalizar-o-bis\/","title":{"rendered":"Paul Magnier no Algarve: sente-se muito forte para finalizar o bis"},"content":{"rendered":"<p>O ciclista franc\u00eas Paul Magnier, da Soudal, venceu ao sprint a 4.\u00aa etapa da Volta ao Algarve, na chegada a Lagos. A corrida decorreu ontem, com a meta fixa na cidade algarvia, ap\u00f3s uma etapa marcada por uma desenfreada velocidade no final.<\/p>\n<p>Jordi Meeus, da Bora, terminou em 2.\u00ba, repetindo o resultado da etapa inaugural, enquanto Oded Kogut (NSN) completou o p\u00f3dio na 3.\u00aa posi\u00e7\u00e3o. A chegada em Lagos foi disputada num tra\u00e7ado estreito que obrigou a uma gest\u00e3o cuidada at\u00e9 \u00e0 aproxima\u00e7\u00e3o \u00e0 reta final.<\/p>\n<p>Magnier explicou que a \u00faltima parte da tirada exigiu paci\u00eancia at\u00e9 \u00e0 viragem para a estrada mais larga, onde houve uma acelera\u00e7\u00e3o r\u00e1pida at\u00e9 \u00e0 meta. O jovem de 21 anos destacou a import\u00e2ncia de estar bem colocado na descida junto a uma rotunda e de contar com o apoio de dois colegas para manter o ritmo.<\/p>\n<h3>Desempenho e balan\u00e7o<\/h3>\n<p>Este triunfo representa o segundo tento de Magnier na Volta ao Algarve, vindo de Tavira, e refor\u00e7a a confian\u00e7a para o restante da temporada. O vencedor sublinhou a satisfa\u00e7\u00e3o por come\u00e7ar bem a prova e manter a forma at\u00e9 Lagos, prolongando a boa fase demonstrada na prova.<\/p>\n","protected":false},"excerpt":{"rendered":"<ul>\n<li>Paul Magnier, ciclista franc\u00eas da Soudal, venceu ao sprint a quarta etapa da Volta ao Algarve, na chegada a Lagos, repetindo o triunfo de Tavira na abertura da prova.<\/li>\n<li>O belga Jordi Meeus (Bora) foi segundo e o israelita Oded Kogut (NSN) completou o p\u00f3dio na terceira posi\u00e7\u00e3o.<\/li>\n<li>Magnier, de 21 anos, revelou ter ficado muito forte para terminar ap\u00f3s uma etapa bastante agitada nos \u00faltimos vinte quil\u00f3metros.<\/li>\n<li>A corrida est\u00e1 a decorrer na 52.\u00aa edi\u00e7\u00e3o da Volta ao Algarve.<\/li>\n<li>O ciclista destacou ter ficado bem posicionado na descida antes da rotunda e ter contado com dois colegas para imprimir o ritmo at\u00e9 \u00e0 meta.<\/li>\n<\/ul>\n","protected":false},"author":2,"featured_media":220783,"comment_status":"closed","ping_status":"closed","sticky":false,"template":"","format":"standard","meta":{"footnotes":""},"categories":[21],"tags":[928,923,152,2303,1014],"class_list":["post-220781","post","type-post","status-publish","format-standard","has-post-thumbnail","hentry","category-desporto","tag-algarve","tag-ciclismo","tag-desporto","tag-lagos","tag-portugal"],"yoast_head":"<!-- This site is optimized with the Yoast SEO plugin v27.2 - https:\/\/yoast.com\/product\/yoast-seo-wordpress\/ -->\n<title>Paul Magnier no Algarve: sente-se muito forte para finalizar o bis - Portal Tela Portugal<\/title>\n<meta name=\"robots\" content=\"index, follow, max-snippet:-1, max-image-preview:large, max-video-preview:-1\" \/>\n<meta property=\"og:locale\" content=\"pt_PT\" \/>\n<meta property=\"og:type\" content=\"article\" \/>\n<meta property=\"og:title\" content=\"Paul Magnier no Algarve: sente-se muito forte para finalizar o bis - Portal Tela Portugal\" \/>\n<meta property=\"og:description\" content=\"Paul Magnier, ciclista franc\u00eas da Soudal, venceu ao sprint a quarta etapa da Volta ao Algarve, na chegada a Lagos, repetindo o triunfo de Tavira na abertura da prova. O belga Jordi Meeus (Bora) foi segundo e o israelita Oded Kogut (NSN) completou o p\u00f3dio na terceira posi\u00e7\u00e3o. Magnier, de 21 anos, revelou ter ficado muito forte para terminar ap\u00f3s uma etapa bastante agitada nos \u00faltimos vinte quil\u00f3metros. A corrida est\u00e1 a decorrer na 52.\u00aa edi\u00e7\u00e3o da Volta ao Algarve. O ciclista destacou ter ficado bem posicionado na descida antes da rotunda e ter contado com dois colegas para imprimir o ritmo at\u00e9 \u00e0 meta.\" \/>\n<meta property=\"og:url\" content=\"https:\/\/portaltela.pt\/noticias\/2026\/02\/21\/paul-magnier-no-algarve-sente-se-muito-forte-para-finalizar-o-bis\/\" \/>\n<meta property=\"og:site_name\" content=\"Portal Tela Portugal\" \/>\n<meta property=\"article:published_time\" content=\"2026-02-21T16:42:00+00:00\" \/>\n<meta name=\"author\" content=\"Telinha\" \/>\n<meta name=\"twitter:card\" content=\"summary_large_image\" \/>\n<meta name=\"twitter:label1\" content=\"Escrito por\" \/>\n\t<meta name=\"twitter:data1\" content=\"Telinha\" \/>\n\t<meta name=\"twitter:label2\" content=\"Tempo estimado de leitura\" \/>\n\t<meta name=\"twitter:data2\" content=\"1 minuto\" \/>\n<script type=\"application\/ld+json\" class=\"yoast-schema-graph\">{\"@context\":\"https:\/\/schema.org\",\"@graph\":[{\"@type\":\"Article\",\"@id\":\"https:\/\/portaltela.pt\/noticias\/2026\/02\/21\/paul-magnier-no-algarve-sente-se-muito-forte-para-finalizar-o-bis\/#article\",\"isPartOf\":{\"@id\":\"https:\/\/portaltela.pt\/noticias\/2026\/02\/21\/paul-magnier-no-algarve-sente-se-muito-forte-para-finalizar-o-bis\/\"},\"author\":{\"name\":\"Telinha\",\"@id\":\"https:\/\/portaltela.pt\/#\/schema\/person\/c4278d4a6028830caff9ee44b42d32ed\"},\"headline\":\"Paul Magnier no Algarve: sente-se muito forte para finalizar o bis\",\"datePublished\":\"2026-02-21T16:42:00+00:00\",\"mainEntityOfPage\":{\"@id\":\"https:\/\/portaltela.pt\/noticias\/2026\/02\/21\/paul-magnier-no-algarve-sente-se-muito-forte-para-finalizar-o-bis\/\"},\"wordCount\":212,\"image\":{\"@id\":\"https:\/\/portaltela.pt\/noticias\/2026\/02\/21\/paul-magnier-no-algarve-sente-se-muito-forte-para-finalizar-o-bis\/#primaryimage\"},\"thumbnailUrl\":\"https:\/\/portaltela.pt\/s.01k8rhncp4jt1\/2026\/02\/img_920x518uu2026-02-21-16-44-27-2422904.jpg\",\"keywords\":[\"Algarve\",\"ciclismo\",\"desporto\",\"Lagos\",\"Portugal\"],\"articleSection\":[\"Desporto\"],\"inLanguage\":\"pt-PT\"},{\"@type\":\"WebPage\",\"@id\":\"https:\/\/portaltela.pt\/noticias\/2026\/02\/21\/paul-magnier-no-algarve-sente-se-muito-forte-para-finalizar-o-bis\/\",\"url\":\"https:\/\/portaltela.pt\/noticias\/2026\/02\/21\/paul-magnier-no-algarve-sente-se-muito-forte-para-finalizar-o-bis\/\",\"name\":\"Paul Magnier no Algarve: sente-se muito forte para finalizar o bis - Portal Tela Portugal\",\"isPartOf\":{\"@id\":\"https:\/\/portaltela.pt\/#website\"},\"primaryImageOfPage\":{\"@id\":\"https:\/\/portaltela.pt\/noticias\/2026\/02\/21\/paul-magnier-no-algarve-sente-se-muito-forte-para-finalizar-o-bis\/#primaryimage\"},\"image\":{\"@id\":\"https:\/\/portaltela.pt\/noticias\/2026\/02\/21\/paul-magnier-no-algarve-sente-se-muito-forte-para-finalizar-o-bis\/#primaryimage\"},\"thumbnailUrl\":\"https:\/\/portaltela.pt\/s.01k8rhncp4jt1\/2026\/02\/img_920x518uu2026-02-21-16-44-27-2422904.jpg\",\"datePublished\":\"2026-02-21T16:42:00+00:00\",\"author\":{\"@id\":\"https:\/\/portaltela.pt\/#\/schema\/person\/c4278d4a6028830caff9ee44b42d32ed\"},\"breadcrumb\":{\"@id\":\"https:\/\/portaltela.pt\/noticias\/2026\/02\/21\/paul-magnier-no-algarve-sente-se-muito-forte-para-finalizar-o-bis\/#breadcrumb\"},\"inLanguage\":\"pt-PT\",\"potentialAction\":[{\"@type\":\"ReadAction\",\"target\":[\"https:\/\/portaltela.pt\/noticias\/2026\/02\/21\/paul-magnier-no-algarve-sente-se-muito-forte-para-finalizar-o-bis\/\"]}]},{\"@type\":\"ImageObject\",\"inLanguage\":\"pt-PT\",\"@id\":\"https:\/\/portaltela.pt\/noticias\/2026\/02\/21\/paul-magnier-no-algarve-sente-se-muito-forte-para-finalizar-o-bis\/#primaryimage\",\"url\":\"https:\/\/portaltela.pt\/s.01k8rhncp4jt1\/2026\/02\/img_920x518uu2026-02-21-16-44-27-2422904.jpg\",\"contentUrl\":\"https:\/\/portaltela.pt\/s.01k8rhncp4jt1\/2026\/02\/img_920x518uu2026-02-21-16-44-27-2422904.jpg\",\"width\":796,\"height\":448,\"caption\":\"Paul Magnier festeja com os colegas\"},{\"@type\":\"BreadcrumbList\",\"@id\":\"https:\/\/portaltela.pt\/noticias\/2026\/02\/21\/paul-magnier-no-algarve-sente-se-muito-forte-para-finalizar-o-bis\/#breadcrumb\",\"itemListElement\":[{\"@type\":\"ListItem\",\"position\":1,\"name\":\"In\u00edcio\",\"item\":\"https:\/\/portaltela.pt\/\"},{\"@type\":\"ListItem\",\"position\":2,\"name\":\"Paul Magnier no Algarve: sente-se muito forte para finalizar o bis\"}]},{\"@type\":\"WebSite\",\"@id\":\"https:\/\/portaltela.pt\/#website\",\"url\":\"https:\/\/portaltela.pt\/\",\"name\":\"Portal Tela Portugal\",\"description\":\"\",\"potentialAction\":[{\"@type\":\"SearchAction\",\"target\":{\"@type\":\"EntryPoint\",\"urlTemplate\":\"https:\/\/portaltela.pt\/?s={search_term_string}\"},\"query-input\":{\"@type\":\"PropertyValueSpecification\",\"valueRequired\":true,\"valueName\":\"search_term_string\"}}],\"inLanguage\":\"pt-PT\"},{\"@type\":\"Person\",\"@id\":\"https:\/\/portaltela.pt\/#\/schema\/person\/c4278d4a6028830caff9ee44b42d32ed\",\"name\":\"Telinha\",\"image\":{\"@type\":\"ImageObject\",\"inLanguage\":\"pt-PT\",\"@id\":\"https:\/\/portaltela.pt\/s.01k8rhncp4jt1\/2025\/11\/talking-bot-125x125.png\",\"url\":\"https:\/\/portaltela.pt\/s.01k8rhncp4jt1\/2025\/11\/talking-bot-125x125.png\",\"contentUrl\":\"https:\/\/portaltela.pt\/s.01k8rhncp4jt1\/2025\/11\/talking-bot-125x125.png\",\"caption\":\"Telinha\"},\"sameAs\":[\"https:\/\/portaltela.pt\/\"],\"url\":\"https:\/\/portaltela.pt\/por\/367410592786\/\"}]}<\/script>\n<!-- \/ Yoast SEO plugin. -->","yoast_head_json":{"title":"Paul Magnier no Algarve: sente-se muito forte para finalizar o bis - Portal Tela Portugal","robots":{"index":"index","follow":"follow","max-snippet":"max-snippet:-1","max-image-preview":"max-image-preview:large","max-video-preview":"max-video-preview:-1"},"og_locale":"pt_PT","og_type":"article","og_title":"Paul Magnier no Algarve: sente-se muito forte para finalizar o bis - Portal Tela Portugal","og_description":"Paul Magnier, ciclista franc\u00eas da Soudal, venceu ao sprint a quarta etapa da Volta ao Algarve, na chegada a Lagos, repetindo o triunfo de Tavira na abertura da prova. O belga Jordi Meeus (Bora) foi segundo e o israelita Oded Kogut (NSN) completou o p\u00f3dio na terceira posi\u00e7\u00e3o. Magnier, de 21 anos, revelou ter ficado muito forte para terminar ap\u00f3s uma etapa bastante agitada nos \u00faltimos vinte quil\u00f3metros. A corrida est\u00e1 a decorrer na 52.\u00aa edi\u00e7\u00e3o da Volta ao Algarve. O ciclista destacou ter ficado bem posicionado na descida antes da rotunda e ter contado com dois colegas para imprimir o ritmo at\u00e9 \u00e0 meta.","og_url":"https:\/\/portaltela.pt\/noticias\/2026\/02\/21\/paul-magnier-no-algarve-sente-se-muito-forte-para-finalizar-o-bis\/","og_site_name":"Portal Tela Portugal","article_published_time":"2026-02-21T16:42:00+00:00","author":"Telinha","twitter_card":"summary_large_image","twitter_misc":{"Escrito por":"Telinha","Tempo estimado de leitura":"1 minuto"},"schema":{"@context":"https:\/\/schema.org","@graph":[{"@type":"Article","@id":"https:\/\/portaltela.pt\/noticias\/2026\/02\/21\/paul-magnier-no-algarve-sente-se-muito-forte-para-finalizar-o-bis\/#article","isPartOf":{"@id":"https:\/\/portaltela.pt\/noticias\/2026\/02\/21\/paul-magnier-no-algarve-sente-se-muito-forte-para-finalizar-o-bis\/"},"author":{"name":"Telinha","@id":"https:\/\/portaltela.pt\/#\/schema\/person\/c4278d4a6028830caff9ee44b42d32ed"},"headline":"Paul Magnier no Algarve: sente-se muito forte para finalizar o bis","datePublished":"2026-02-21T16:42:00+00:00","mainEntityOfPage":{"@id":"https:\/\/portaltela.pt\/noticias\/2026\/02\/21\/paul-magnier-no-algarve-sente-se-muito-forte-para-finalizar-o-bis\/"},"wordCount":212,"image":{"@id":"https:\/\/portaltela.pt\/noticias\/2026\/02\/21\/paul-magnier-no-algarve-sente-se-muito-forte-para-finalizar-o-bis\/#primaryimage"},"thumbnailUrl":"https:\/\/portaltela.pt\/s.01k8rhncp4jt1\/2026\/02\/img_920x518uu2026-02-21-16-44-27-2422904.jpg","keywords":["Algarve","ciclismo","desporto","Lagos","Portugal"],"articleSection":["Desporto"],"inLanguage":"pt-PT"},{"@type":"WebPage","@id":"https:\/\/portaltela.pt\/noticias\/2026\/02\/21\/paul-magnier-no-algarve-sente-se-muito-forte-para-finalizar-o-bis\/","url":"https:\/\/portaltela.pt\/noticias\/2026\/02\/21\/paul-magnier-no-algarve-sente-se-muito-forte-para-finalizar-o-bis\/","name":"Paul Magnier no Algarve: sente-se muito forte para finalizar o bis - Portal Tela Portugal","isPartOf":{"@id":"https:\/\/portaltela.pt\/#website"},"primaryImageOfPage":{"@id":"https:\/\/portaltela.pt\/noticias\/2026\/02\/21\/paul-magnier-no-algarve-sente-se-muito-forte-para-finalizar-o-bis\/#primaryimage"},"image":{"@id":"https:\/\/portaltela.pt\/noticias\/2026\/02\/21\/paul-magnier-no-algarve-sente-se-muito-forte-para-finalizar-o-bis\/#primaryimage"},"thumbnailUrl":"https:\/\/portaltela.pt\/s.01k8rhncp4jt1\/2026\/02\/img_920x518uu2026-02-21-16-44-27-2422904.jpg","datePublished":"2026-02-21T16:42:00+00:00","author":{"@id":"https:\/\/portaltela.pt\/#\/schema\/person\/c4278d4a6028830caff9ee44b42d32ed"},"breadcrumb":{"@id":"https:\/\/portaltela.pt\/noticias\/2026\/02\/21\/paul-magnier-no-algarve-sente-se-muito-forte-para-finalizar-o-bis\/#breadcrumb"},"inLanguage":"pt-PT","potentialAction":[{"@type":"ReadAction","target":["https:\/\/portaltela.pt\/noticias\/2026\/02\/21\/paul-magnier-no-algarve-sente-se-muito-forte-para-finalizar-o-bis\/"]}]},{"@type":"ImageObject","inLanguage":"pt-PT","@id":"https:\/\/portaltela.pt\/noticias\/2026\/02\/21\/paul-magnier-no-algarve-sente-se-muito-forte-para-finalizar-o-bis\/#primaryimage","url":"https:\/\/portaltela.pt\/s.01k8rhncp4jt1\/2026\/02\/img_920x518uu2026-02-21-16-44-27-2422904.jpg","contentUrl":"https:\/\/portaltela.pt\/s.01k8rhncp4jt1\/2026\/02\/img_920x518uu2026-02-21-16-44-27-2422904.jpg","width":796,"height":448,"caption":"Paul Magnier festeja com os colegas"},{"@type":"BreadcrumbList","@id":"https:\/\/portaltela.pt\/noticias\/2026\/02\/21\/paul-magnier-no-algarve-sente-se-muito-forte-para-finalizar-o-bis\/#breadcrumb","itemListElement":[{"@type":"ListItem","position":1,"name":"In\u00edcio","item":"https:\/\/portaltela.pt\/"},{"@type":"ListItem","position":2,"name":"Paul Magnier no Algarve: sente-se muito forte para finalizar o bis"}]},{"@type":"WebSite","@id":"https:\/\/portaltela.pt\/#website","url":"https:\/\/portaltela.pt\/","name":"Portal Tela Portugal","description":"","potentialAction":[{"@type":"SearchAction","target":{"@type":"EntryPoint","urlTemplate":"https:\/\/portaltela.pt\/?s={search_term_string}"},"query-input":{"@type":"PropertyValueSpecification","valueRequired":true,"valueName":"search_term_string"}}],"inLanguage":"pt-PT"},{"@type":"Person","@id":"https:\/\/portaltela.pt\/#\/schema\/person\/c4278d4a6028830caff9ee44b42d32ed","name":"Telinha","image":{"@type":"ImageObject","inLanguage":"pt-PT","@id":"https:\/\/portaltela.pt\/s.01k8rhncp4jt1\/2025\/11\/talking-bot-125x125.png","url":"https:\/\/portaltela.pt\/s.01k8rhncp4jt1\/2025\/11\/talking-bot-125x125.png","contentUrl":"https:\/\/portaltela.pt\/s.01k8rhncp4jt1\/2025\/11\/talking-bot-125x125.png","caption":"Telinha"},"sameAs":["https:\/\/portaltela.pt\/"],"url":"https:\/\/portaltela.pt\/por\/367410592786\/"}]}},"_links":{"self":[{"href":"https:\/\/portaltela.pt\/api\/wp\/v2\/posts\/220781","targetHints":{"allow":["GET"]}}],"collection":[{"href":"https:\/\/portaltela.pt\/api\/wp\/v2\/posts"}],"about":[{"href":"https:\/\/portaltela.pt\/api\/wp\/v2\/types\/post"}],"author":[{"embeddable":true,"href":"https:\/\/portaltela.pt\/api\/wp\/v2\/users\/2"}],"replies":[{"embeddable":true,"href":"https:\/\/portaltela.pt\/api\/wp\/v2\/comments?post=220781"}],"version-history":[{"count":0,"href":"https:\/\/portaltela.pt\/api\/wp\/v2\/posts\/220781\/revisions"}],"wp:featuredmedia":[{"embeddable":true,"href":"https:\/\/portaltela.pt\/api\/wp\/v2\/media\/220783"}],"wp:attachment":[{"href":"https:\/\/portaltela.pt\/api\/wp\/v2\/media?parent=220781"}],"wp:term":[{"taxonomy":"category","embeddable":true,"href":"https:\/\/portaltela.pt\/api\/wp\/v2\/categories?post=220781"},{"taxonomy":"post_tag","embeddable":true,"href":"https:\/\/portaltela.pt\/api\/wp\/v2\/tags?post=220781"}],"curies":[{"name":"wp","href":"https:\/\/api.w.org\/{rel}","templated":true}]}}