{"id":220714,"date":"2026-02-21T12:46:00","date_gmt":"2026-02-21T15:46:00","guid":{"rendered":"https:\/\/portaltela.pt\/noticias\/2026\/02\/21\/franca-devolve-a-costa-do-marfim-tambor-falante-roubado-no-periodo-colonial\/"},"modified":"2026-02-21T12:46:00","modified_gmt":"2026-02-21T15:46:00","slug":"franca-devolve-a-costa-do-marfim-tambor-falante-roubado-no-periodo-colonial","status":"publish","type":"post","link":"https:\/\/portaltela.pt\/noticias\/2026\/02\/21\/franca-devolve-a-costa-do-marfim-tambor-falante-roubado-no-periodo-colonial\/","title":{"rendered":"Fran\u00e7a devolve \u00e0 Costa do Marfim tambor-falante roubado no per\u00edodo colonial"},"content":{"rendered":"<p>Fran\u00e7a devolveu \u00e0 Costa do Marfim o tambor-falante djidji ay\u00f4kw\u00e9, instrumento sagrado do povo ebri\u00e9 confiscado em Abidjan em 1916. A cerim\u00f3nia ocorreu nesta sexta-feira, ap\u00f3s aprova\u00e7\u00e3o un\u00e2nime no Parlamento franc\u00eas em julho. A devolu\u00e7\u00e3o encerra uma \u201clonga saga\u201d iniciada h\u00e1 anos.<\/p>\n<p>O tambor, com tr\u00eas metros de comprimento e 430 quilos, era utilizado para transmitir mensagens rituais e avisos sobre opera\u00e7\u00f5es de recrutamento for\u00e7ado pelos colonos franceses. Em 2022, foi restaurado num laborat\u00f3rio em Aubervilliers, sob supervis\u00e3o do Museu do Quai Branly, que integrou o objeto nas suas cole\u00e7\u00f5es em 2006.<\/p>\n<p>A repatria\u00e7\u00e3o foi anunciada pelo Presidente franc\u00eas em 2021, durante a cimeira \u00c1frica-Fran\u00e7a em Montpellier, com a promessa de restituir o instrumento \u00e0 Costa do Marfim. Na cerim\u00f3nia, a ministra marfinense da Cultura e da Francofonia, Fran\u00e7oise Remarck, disse que todo o pa\u00eds est\u00e1 preparado para receb\u00ea-lo.<\/p>\n<p>A ministra francesa da Cultura, Rachida Dati, descreveu a devolu\u00e7\u00e3o como parte de uma parceria exemplar entre as duas na\u00e7\u00f5es, destacando o di\u00e1logo como motor do processo. Remarck recebeu o instrumento e descreveu o momento como extremamente emocionado para o povo marfinense.<\/p>\n<p>O transporte do tambor continuar\u00e1 com uma cerim\u00f3nia de dessacraliza\u00e7\u00e3o marcada para segunda-feira, conforme informou o Le Monde. O djidji ay\u00f4kw\u00e9 ficar\u00e1 integrado nas cole\u00e7\u00f5es do Museu das Civiliza\u00e7\u00f5es da Costa do Marfim, j\u00e1 com a rece\u00e7\u00e3o t\u00e9cnica e simb\u00f3lica garantida pelo museu.<\/p>\n<p>O Senado franc\u00eas aprovou, no m\u00eas passado, por unanimidade, uma lei-quadro para facilitar restitui\u00e7\u00f5es de bens culturais roubados a antigas col\u00f3nias. O objetivo \u00e9 simplificar processos, j\u00e1 que, devido \u00e0 inalienabilidade, cada caso exigia legisla\u00e7\u00e3o espec\u00edfica no Parlamento.<\/p>\n<h3>O que acontece a seguir<\/h3>\n<p>O passo seguinte envolve a cerim\u00f3nia de dessacraliza\u00e7\u00e3o e a entrega formal ao museu marfinense. O an\u00fancio da data concreta de devolu\u00e7\u00e3o f\u00edsica depende de detalhes log\u00edsticos e administrativos em Fran\u00e7a e na Costa do Marfim.<\/p>\n","protected":false},"excerpt":{"rendered":"<ul>\n<li>Fran\u00e7a devolveu \u00e0 Costa do Marfim o tambor-falante sagrado djidji ay\u00f4kw\u00e9, numa cerim\u00f3nia em Paris, nesta sexta-feira.<\/li>\n<li>O instrumento, confiscado em 1916 em Abidjan pela administra\u00e7\u00e3o colonial francesa, tem cerca de tr\u00eas metros de comprimento e pesa 430 quilos.<\/li>\n<li>O djidji ay\u00f4kw\u00e9 era utilizado para transmitir mensagens rituais e alertar alde\u00f5es sobre opera\u00e7\u00f5es de alistamento militar for\u00e7ado.<\/li>\n<li>A devolu\u00e7\u00e3o foi aprovada no Parlamento franc\u00eas em julho e envolve o restauro feito em 2022, com o instrumento integrado nas colec\u00e7\u00f5es do Museu do Quai Branly.<\/li>\n<li>O transporte final exigir\u00e1 uma cerim\u00f3nia de dessacraliza\u00e7\u00e3o e o tambor ser\u00e1 integrado nas colec\u00e7\u00f5es do Museu das Civiliza\u00e7\u00f5es da Costa do Marfim; o Senado franc\u00eas aprovou recentemente uma lei-quadro para facilitar restitui\u00e7\u00f5es de bens culturais roubados.<\/li>\n<\/ul>\n","protected":false},"author":2,"featured_media":220720,"comment_status":"closed","ping_status":"closed","sticky":false,"template":"","format":"standard","meta":{"footnotes":""},"categories":[1],"tags":[5227,145,1856,1192,1175,4489],"class_list":["post-220714","post","type-post","status-publish","format-standard","has-post-thumbnail","hentry","category-noticias","tag-africa","tag-cultura","tag-franca","tag-museus-arquivos","tag-patrimonio-cultural","tag-patrimonio-publico"],"yoast_head":"<!-- This site is optimized with the Yoast SEO plugin v27.2 - https:\/\/yoast.com\/product\/yoast-seo-wordpress\/ -->\n<title>Fran\u00e7a devolve \u00e0 Costa do Marfim tambor-falante roubado no per\u00edodo colonial - Portal Tela Portugal<\/title>\n<meta name=\"robots\" content=\"index, follow, max-snippet:-1, max-image-preview:large, max-video-preview:-1\" \/>\n<meta property=\"og:locale\" content=\"pt_PT\" \/>\n<meta property=\"og:type\" content=\"article\" \/>\n<meta property=\"og:title\" content=\"Fran\u00e7a devolve \u00e0 Costa do Marfim tambor-falante roubado no per\u00edodo colonial - Portal Tela Portugal\" \/>\n<meta property=\"og:description\" content=\"Fran\u00e7a devolveu \u00e0 Costa do Marfim o tambor-falante sagrado djidji ay\u00f4kw\u00e9, numa cerim\u00f3nia em Paris, nesta sexta-feira. O instrumento, confiscado em 1916 em Abidjan pela administra\u00e7\u00e3o colonial francesa, tem cerca de tr\u00eas metros de comprimento e pesa 430 quilos. O djidji ay\u00f4kw\u00e9 era utilizado para transmitir mensagens rituais e alertar alde\u00f5es sobre opera\u00e7\u00f5es de alistamento militar for\u00e7ado. A devolu\u00e7\u00e3o foi aprovada no Parlamento franc\u00eas em julho e envolve o restauro feito em 2022, com o instrumento integrado nas colec\u00e7\u00f5es do Museu do Quai Branly. O transporte final exigir\u00e1 uma cerim\u00f3nia de dessacraliza\u00e7\u00e3o e o tambor ser\u00e1 integrado nas colec\u00e7\u00f5es do Museu das Civiliza\u00e7\u00f5es da Costa do Marfim; o Senado franc\u00eas aprovou recentemente uma lei-quadro para facilitar restitui\u00e7\u00f5es de bens culturais roubados.\" \/>\n<meta property=\"og:url\" content=\"https:\/\/portaltela.pt\/noticias\/2026\/02\/21\/franca-devolve-a-costa-do-marfim-tambor-falante-roubado-no-periodo-colonial\/\" \/>\n<meta property=\"og:site_name\" content=\"Portal Tela Portugal\" \/>\n<meta property=\"article:published_time\" content=\"2026-02-21T15:46:00+00:00\" \/>\n<meta name=\"author\" content=\"Telinha\" \/>\n<meta name=\"twitter:card\" content=\"summary_large_image\" \/>\n<meta name=\"twitter:label1\" content=\"Escrito por\" \/>\n\t<meta name=\"twitter:data1\" content=\"Telinha\" \/>\n\t<meta name=\"twitter:label2\" content=\"Tempo estimado de leitura\" \/>\n\t<meta name=\"twitter:data2\" content=\"2 minutos\" \/>\n<script type=\"application\/ld+json\" class=\"yoast-schema-graph\">{\"@context\":\"https:\/\/schema.org\",\"@graph\":[{\"@type\":\"Article\",\"@id\":\"https:\/\/portaltela.pt\/noticias\/2026\/02\/21\/franca-devolve-a-costa-do-marfim-tambor-falante-roubado-no-periodo-colonial\/#article\",\"isPartOf\":{\"@id\":\"https:\/\/portaltela.pt\/noticias\/2026\/02\/21\/franca-devolve-a-costa-do-marfim-tambor-falante-roubado-no-periodo-colonial\/\"},\"author\":{\"name\":\"Telinha\",\"@id\":\"https:\/\/portaltela.pt\/#\/schema\/person\/c4278d4a6028830caff9ee44b42d32ed\"},\"headline\":\"Fran\u00e7a devolve \u00e0 Costa do Marfim tambor-falante roubado no per\u00edodo colonial\",\"datePublished\":\"2026-02-21T15:46:00+00:00\",\"mainEntityOfPage\":{\"@id\":\"https:\/\/portaltela.pt\/noticias\/2026\/02\/21\/franca-devolve-a-costa-do-marfim-tambor-falante-roubado-no-periodo-colonial\/\"},\"wordCount\":351,\"image\":{\"@id\":\"https:\/\/portaltela.pt\/noticias\/2026\/02\/21\/franca-devolve-a-costa-do-marfim-tambor-falante-roubado-no-periodo-colonial\/#primaryimage\"},\"thumbnailUrl\":\"https:\/\/portaltela.pt\/s.01k8rhncp4jt1\/2026\/02\/2068817.jpg\",\"keywords\":[\"\u00c1frica\",\"cultura\",\"Fran\u00e7a\",\"museus\/arquivos\",\"Patrim\u00f3nio Cultural\",\"patrim\u00f3nio p\u00fablico\"],\"articleSection\":[\"Not\u00edcias\"],\"inLanguage\":\"pt-PT\"},{\"@type\":\"WebPage\",\"@id\":\"https:\/\/portaltela.pt\/noticias\/2026\/02\/21\/franca-devolve-a-costa-do-marfim-tambor-falante-roubado-no-periodo-colonial\/\",\"url\":\"https:\/\/portaltela.pt\/noticias\/2026\/02\/21\/franca-devolve-a-costa-do-marfim-tambor-falante-roubado-no-periodo-colonial\/\",\"name\":\"Fran\u00e7a devolve \u00e0 Costa do Marfim tambor-falante roubado no per\u00edodo colonial - Portal Tela Portugal\",\"isPartOf\":{\"@id\":\"https:\/\/portaltela.pt\/#website\"},\"primaryImageOfPage\":{\"@id\":\"https:\/\/portaltela.pt\/noticias\/2026\/02\/21\/franca-devolve-a-costa-do-marfim-tambor-falante-roubado-no-periodo-colonial\/#primaryimage\"},\"image\":{\"@id\":\"https:\/\/portaltela.pt\/noticias\/2026\/02\/21\/franca-devolve-a-costa-do-marfim-tambor-falante-roubado-no-periodo-colonial\/#primaryimage\"},\"thumbnailUrl\":\"https:\/\/portaltela.pt\/s.01k8rhncp4jt1\/2026\/02\/2068817.jpg\",\"datePublished\":\"2026-02-21T15:46:00+00:00\",\"author\":{\"@id\":\"https:\/\/portaltela.pt\/#\/schema\/person\/c4278d4a6028830caff9ee44b42d32ed\"},\"breadcrumb\":{\"@id\":\"https:\/\/portaltela.pt\/noticias\/2026\/02\/21\/franca-devolve-a-costa-do-marfim-tambor-falante-roubado-no-periodo-colonial\/#breadcrumb\"},\"inLanguage\":\"pt-PT\",\"potentialAction\":[{\"@type\":\"ReadAction\",\"target\":[\"https:\/\/portaltela.pt\/noticias\/2026\/02\/21\/franca-devolve-a-costa-do-marfim-tambor-falante-roubado-no-periodo-colonial\/\"]}]},{\"@type\":\"ImageObject\",\"inLanguage\":\"pt-PT\",\"@id\":\"https:\/\/portaltela.pt\/noticias\/2026\/02\/21\/franca-devolve-a-costa-do-marfim-tambor-falante-roubado-no-periodo-colonial\/#primaryimage\",\"url\":\"https:\/\/portaltela.pt\/s.01k8rhncp4jt1\/2026\/02\/2068817.jpg\",\"contentUrl\":\"https:\/\/portaltela.pt\/s.01k8rhncp4jt1\/2026\/02\/2068817.jpg\",\"width\":796,\"height\":448,\"caption\":\"O transporte do tambor-falante requerer\u00e1 uma cerim\u00f3nia de dessacraliza\u00e7\u00e3o, que est\u00e1 marcada para segunda-feira\"},{\"@type\":\"BreadcrumbList\",\"@id\":\"https:\/\/portaltela.pt\/noticias\/2026\/02\/21\/franca-devolve-a-costa-do-marfim-tambor-falante-roubado-no-periodo-colonial\/#breadcrumb\",\"itemListElement\":[{\"@type\":\"ListItem\",\"position\":1,\"name\":\"In\u00edcio\",\"item\":\"https:\/\/portaltela.pt\/\"},{\"@type\":\"ListItem\",\"position\":2,\"name\":\"Fran\u00e7a devolve \u00e0 Costa do Marfim tambor-falante roubado no per\u00edodo colonial\"}]},{\"@type\":\"WebSite\",\"@id\":\"https:\/\/portaltela.pt\/#website\",\"url\":\"https:\/\/portaltela.pt\/\",\"name\":\"Portal Tela Portugal\",\"description\":\"\",\"potentialAction\":[{\"@type\":\"SearchAction\",\"target\":{\"@type\":\"EntryPoint\",\"urlTemplate\":\"https:\/\/portaltela.pt\/?s={search_term_string}\"},\"query-input\":{\"@type\":\"PropertyValueSpecification\",\"valueRequired\":true,\"valueName\":\"search_term_string\"}}],\"inLanguage\":\"pt-PT\"},{\"@type\":\"Person\",\"@id\":\"https:\/\/portaltela.pt\/#\/schema\/person\/c4278d4a6028830caff9ee44b42d32ed\",\"name\":\"Telinha\",\"image\":{\"@type\":\"ImageObject\",\"inLanguage\":\"pt-PT\",\"@id\":\"https:\/\/portaltela.pt\/s.01k8rhncp4jt1\/2025\/11\/talking-bot-125x125.png\",\"url\":\"https:\/\/portaltela.pt\/s.01k8rhncp4jt1\/2025\/11\/talking-bot-125x125.png\",\"contentUrl\":\"https:\/\/portaltela.pt\/s.01k8rhncp4jt1\/2025\/11\/talking-bot-125x125.png\",\"caption\":\"Telinha\"},\"sameAs\":[\"https:\/\/portaltela.pt\/\"],\"url\":\"https:\/\/portaltela.pt\/por\/367410592786\/\"}]}<\/script>\n<!-- \/ Yoast SEO plugin. -->","yoast_head_json":{"title":"Fran\u00e7a devolve \u00e0 Costa do Marfim tambor-falante roubado no per\u00edodo colonial - Portal Tela Portugal","robots":{"index":"index","follow":"follow","max-snippet":"max-snippet:-1","max-image-preview":"max-image-preview:large","max-video-preview":"max-video-preview:-1"},"og_locale":"pt_PT","og_type":"article","og_title":"Fran\u00e7a devolve \u00e0 Costa do Marfim tambor-falante roubado no per\u00edodo colonial - Portal Tela Portugal","og_description":"Fran\u00e7a devolveu \u00e0 Costa do Marfim o tambor-falante sagrado djidji ay\u00f4kw\u00e9, numa cerim\u00f3nia em Paris, nesta sexta-feira. O instrumento, confiscado em 1916 em Abidjan pela administra\u00e7\u00e3o colonial francesa, tem cerca de tr\u00eas metros de comprimento e pesa 430 quilos. O djidji ay\u00f4kw\u00e9 era utilizado para transmitir mensagens rituais e alertar alde\u00f5es sobre opera\u00e7\u00f5es de alistamento militar for\u00e7ado. A devolu\u00e7\u00e3o foi aprovada no Parlamento franc\u00eas em julho e envolve o restauro feito em 2022, com o instrumento integrado nas colec\u00e7\u00f5es do Museu do Quai Branly. O transporte final exigir\u00e1 uma cerim\u00f3nia de dessacraliza\u00e7\u00e3o e o tambor ser\u00e1 integrado nas colec\u00e7\u00f5es do Museu das Civiliza\u00e7\u00f5es da Costa do Marfim; o Senado franc\u00eas aprovou recentemente uma lei-quadro para facilitar restitui\u00e7\u00f5es de bens culturais roubados.","og_url":"https:\/\/portaltela.pt\/noticias\/2026\/02\/21\/franca-devolve-a-costa-do-marfim-tambor-falante-roubado-no-periodo-colonial\/","og_site_name":"Portal Tela Portugal","article_published_time":"2026-02-21T15:46:00+00:00","author":"Telinha","twitter_card":"summary_large_image","twitter_misc":{"Escrito por":"Telinha","Tempo estimado de leitura":"2 minutos"},"schema":{"@context":"https:\/\/schema.org","@graph":[{"@type":"Article","@id":"https:\/\/portaltela.pt\/noticias\/2026\/02\/21\/franca-devolve-a-costa-do-marfim-tambor-falante-roubado-no-periodo-colonial\/#article","isPartOf":{"@id":"https:\/\/portaltela.pt\/noticias\/2026\/02\/21\/franca-devolve-a-costa-do-marfim-tambor-falante-roubado-no-periodo-colonial\/"},"author":{"name":"Telinha","@id":"https:\/\/portaltela.pt\/#\/schema\/person\/c4278d4a6028830caff9ee44b42d32ed"},"headline":"Fran\u00e7a devolve \u00e0 Costa do Marfim tambor-falante roubado no per\u00edodo colonial","datePublished":"2026-02-21T15:46:00+00:00","mainEntityOfPage":{"@id":"https:\/\/portaltela.pt\/noticias\/2026\/02\/21\/franca-devolve-a-costa-do-marfim-tambor-falante-roubado-no-periodo-colonial\/"},"wordCount":351,"image":{"@id":"https:\/\/portaltela.pt\/noticias\/2026\/02\/21\/franca-devolve-a-costa-do-marfim-tambor-falante-roubado-no-periodo-colonial\/#primaryimage"},"thumbnailUrl":"https:\/\/portaltela.pt\/s.01k8rhncp4jt1\/2026\/02\/2068817.jpg","keywords":["\u00c1frica","cultura","Fran\u00e7a","museus\/arquivos","Patrim\u00f3nio Cultural","patrim\u00f3nio p\u00fablico"],"articleSection":["Not\u00edcias"],"inLanguage":"pt-PT"},{"@type":"WebPage","@id":"https:\/\/portaltela.pt\/noticias\/2026\/02\/21\/franca-devolve-a-costa-do-marfim-tambor-falante-roubado-no-periodo-colonial\/","url":"https:\/\/portaltela.pt\/noticias\/2026\/02\/21\/franca-devolve-a-costa-do-marfim-tambor-falante-roubado-no-periodo-colonial\/","name":"Fran\u00e7a devolve \u00e0 Costa do Marfim tambor-falante roubado no per\u00edodo colonial - Portal Tela Portugal","isPartOf":{"@id":"https:\/\/portaltela.pt\/#website"},"primaryImageOfPage":{"@id":"https:\/\/portaltela.pt\/noticias\/2026\/02\/21\/franca-devolve-a-costa-do-marfim-tambor-falante-roubado-no-periodo-colonial\/#primaryimage"},"image":{"@id":"https:\/\/portaltela.pt\/noticias\/2026\/02\/21\/franca-devolve-a-costa-do-marfim-tambor-falante-roubado-no-periodo-colonial\/#primaryimage"},"thumbnailUrl":"https:\/\/portaltela.pt\/s.01k8rhncp4jt1\/2026\/02\/2068817.jpg","datePublished":"2026-02-21T15:46:00+00:00","author":{"@id":"https:\/\/portaltela.pt\/#\/schema\/person\/c4278d4a6028830caff9ee44b42d32ed"},"breadcrumb":{"@id":"https:\/\/portaltela.pt\/noticias\/2026\/02\/21\/franca-devolve-a-costa-do-marfim-tambor-falante-roubado-no-periodo-colonial\/#breadcrumb"},"inLanguage":"pt-PT","potentialAction":[{"@type":"ReadAction","target":["https:\/\/portaltela.pt\/noticias\/2026\/02\/21\/franca-devolve-a-costa-do-marfim-tambor-falante-roubado-no-periodo-colonial\/"]}]},{"@type":"ImageObject","inLanguage":"pt-PT","@id":"https:\/\/portaltela.pt\/noticias\/2026\/02\/21\/franca-devolve-a-costa-do-marfim-tambor-falante-roubado-no-periodo-colonial\/#primaryimage","url":"https:\/\/portaltela.pt\/s.01k8rhncp4jt1\/2026\/02\/2068817.jpg","contentUrl":"https:\/\/portaltela.pt\/s.01k8rhncp4jt1\/2026\/02\/2068817.jpg","width":796,"height":448,"caption":"O transporte do tambor-falante requerer\u00e1 uma cerim\u00f3nia de dessacraliza\u00e7\u00e3o, que est\u00e1 marcada para segunda-feira"},{"@type":"BreadcrumbList","@id":"https:\/\/portaltela.pt\/noticias\/2026\/02\/21\/franca-devolve-a-costa-do-marfim-tambor-falante-roubado-no-periodo-colonial\/#breadcrumb","itemListElement":[{"@type":"ListItem","position":1,"name":"In\u00edcio","item":"https:\/\/portaltela.pt\/"},{"@type":"ListItem","position":2,"name":"Fran\u00e7a devolve \u00e0 Costa do Marfim tambor-falante roubado no per\u00edodo colonial"}]},{"@type":"WebSite","@id":"https:\/\/portaltela.pt\/#website","url":"https:\/\/portaltela.pt\/","name":"Portal Tela Portugal","description":"","potentialAction":[{"@type":"SearchAction","target":{"@type":"EntryPoint","urlTemplate":"https:\/\/portaltela.pt\/?s={search_term_string}"},"query-input":{"@type":"PropertyValueSpecification","valueRequired":true,"valueName":"search_term_string"}}],"inLanguage":"pt-PT"},{"@type":"Person","@id":"https:\/\/portaltela.pt\/#\/schema\/person\/c4278d4a6028830caff9ee44b42d32ed","name":"Telinha","image":{"@type":"ImageObject","inLanguage":"pt-PT","@id":"https:\/\/portaltela.pt\/s.01k8rhncp4jt1\/2025\/11\/talking-bot-125x125.png","url":"https:\/\/portaltela.pt\/s.01k8rhncp4jt1\/2025\/11\/talking-bot-125x125.png","contentUrl":"https:\/\/portaltela.pt\/s.01k8rhncp4jt1\/2025\/11\/talking-bot-125x125.png","caption":"Telinha"},"sameAs":["https:\/\/portaltela.pt\/"],"url":"https:\/\/portaltela.pt\/por\/367410592786\/"}]}},"_links":{"self":[{"href":"https:\/\/portaltela.pt\/api\/wp\/v2\/posts\/220714","targetHints":{"allow":["GET"]}}],"collection":[{"href":"https:\/\/portaltela.pt\/api\/wp\/v2\/posts"}],"about":[{"href":"https:\/\/portaltela.pt\/api\/wp\/v2\/types\/post"}],"author":[{"embeddable":true,"href":"https:\/\/portaltela.pt\/api\/wp\/v2\/users\/2"}],"replies":[{"embeddable":true,"href":"https:\/\/portaltela.pt\/api\/wp\/v2\/comments?post=220714"}],"version-history":[{"count":0,"href":"https:\/\/portaltela.pt\/api\/wp\/v2\/posts\/220714\/revisions"}],"wp:featuredmedia":[{"embeddable":true,"href":"https:\/\/portaltela.pt\/api\/wp\/v2\/media\/220720"}],"wp:attachment":[{"href":"https:\/\/portaltela.pt\/api\/wp\/v2\/media?parent=220714"}],"wp:term":[{"taxonomy":"category","embeddable":true,"href":"https:\/\/portaltela.pt\/api\/wp\/v2\/categories?post=220714"},{"taxonomy":"post_tag","embeddable":true,"href":"https:\/\/portaltela.pt\/api\/wp\/v2\/tags?post=220714"}],"curies":[{"name":"wp","href":"https:\/\/api.w.org\/{rel}","templated":true}]}}