{"id":220688,"date":"2026-02-21T12:44:12","date_gmt":"2026-02-21T15:44:12","guid":{"rendered":"https:\/\/portaltela.pt\/noticias\/2026\/02\/21\/tempestade-de-neve-atinge-o-sul-da-romenia\/"},"modified":"2026-02-21T12:44:12","modified_gmt":"2026-02-21T15:44:12","slug":"tempestade-de-neve-atinge-o-sul-da-romenia","status":"publish","type":"post","link":"https:\/\/portaltela.pt\/noticias\/2026\/02\/21\/tempestade-de-neve-atinge-o-sul-da-romenia\/","title":{"rendered":"Tempestade de neve atinge o sul da Rom\u00e9nia"},"content":{"rendered":"<p>Uma nova tempestade de neve atingiu o sul da Rom\u00e9nia, marcando a segunda vaga em menos de uma semana. Escolas foram encerradas e atividades comerciais suspensas na regi\u00e3o, ainda em funcionamento condicionadas pelas condi\u00e7\u00f5es clim\u00e1ticas.<\/p>\n<p>As autoridades emitiram alertas para estradas perigosas devido ao acumulado de neve e \u00e0 visibilidade reduzida. O tr\u00e2nsito est\u00e1 dificultado e as equipas de emerg\u00eancia atuam na remo\u00e7\u00e3o de neve e no socorro a v\u00edtimas.<\/p>\n<p>O meteorologista indica que o mau tempo pode prolongar-se nos pr\u00f3ximos dias, com temperaturas muito baixas e ventos fortes. A popula\u00e7\u00e3o foi aconselhada a permanecer em casa e a evitar desloca\u00e7\u00f5es desnecess\u00e1rias.<\/p>\n<h3>Impacto na regi\u00e3o<\/h3>\n<p>A neve cobriu v\u00e1rias \u00e1reas, gerando interrup\u00e7\u00f5es em servi\u00e7os b\u00e1sicos e no com\u00e9rcio local. As ruas apresentaram presencia de neve compacta e queda repentina de velocidade de circula\u00e7\u00e3o.<\/p>\n<h3>Medidas das autoridades<\/h3>\n<p>As autoridades de prote\u00e7\u00e3o civil mant\u00eam monitoriza\u00e7\u00e3o das vias e refor\u00e7am equipas de resposta. Escolas e estabelecimentos comerciais devem manter-se encerrados at\u00e9 novo aviso. Em caso de emerg\u00eancia, os cidad\u00e3os devem contactar os servi\u00e7os de prote\u00e7\u00e3o civil.<\/p>\n","protected":false},"excerpt":{"rendered":"<ul>\n<li>A tempestade de neve atingiu o sul da Rom\u00e9nia, levando ao encerramento de escolas e \u00e0 suspens\u00e3o de atividades comerciais na regi\u00e3o.<\/li>\n<li>Autoridades emitiram alertas para estradas perigosas devido \u00e0s condi\u00e7\u00f5es meteorol\u00f3gicas adversas.<\/li>\n<li>A neve acumulou-se em v\u00e1rias \u00e1reas, dificultando o tr\u00e2nsito e obrigando equipas de emerg\u00eancia a atuar na remo\u00e7\u00e3o de neve e no socorro \u00e0s v\u00edtimas.<\/li>\n<li>A previs\u00e3o indica que a tempestade deve continuar nos pr\u00f3ximos dias, com temperaturas extremamente baixas e ventos fortes.<\/li>\n<li>Os moradores foram aconselhados a permanecer em casa e a evitar desloca\u00e7\u00f5es desnecess\u00e1rias.<\/li>\n<\/ul>\n","protected":false},"author":2,"featured_media":220691,"comment_status":"closed","ping_status":"closed","sticky":false,"template":"","format":"standard","meta":{"footnotes":""},"categories":[1],"tags":[5224,1935,1083,320,4918,1486],"class_list":["post-220688","post","type-post","status-publish","format-standard","has-post-thumbnail","hentry","category-noticias","tag-clima","tag-emergencias","tag-estradas","tag-protecao-civil","tag-queda-de-neve","tag-romenia"],"yoast_head":"<!-- This site is optimized with the Yoast SEO plugin v27.2 - https:\/\/yoast.com\/product\/yoast-seo-wordpress\/ -->\n<title>Tempestade de neve atinge o sul da Rom\u00e9nia - Portal Tela Portugal<\/title>\n<meta name=\"robots\" content=\"index, follow, max-snippet:-1, max-image-preview:large, max-video-preview:-1\" \/>\n<meta property=\"og:locale\" content=\"pt_PT\" \/>\n<meta property=\"og:type\" content=\"article\" \/>\n<meta property=\"og:title\" content=\"Tempestade de neve atinge o sul da Rom\u00e9nia - Portal Tela Portugal\" \/>\n<meta property=\"og:description\" content=\"A tempestade de neve atingiu o sul da Rom\u00e9nia, levando ao encerramento de escolas e \u00e0 suspens\u00e3o de atividades comerciais na regi\u00e3o. Autoridades emitiram alertas para estradas perigosas devido \u00e0s condi\u00e7\u00f5es meteorol\u00f3gicas adversas. A neve acumulou-se em v\u00e1rias \u00e1reas, dificultando o tr\u00e2nsito e obrigando equipas de emerg\u00eancia a atuar na remo\u00e7\u00e3o de neve e no socorro \u00e0s v\u00edtimas. A previs\u00e3o indica que a tempestade deve continuar nos pr\u00f3ximos dias, com temperaturas extremamente baixas e ventos fortes. Os moradores foram aconselhados a permanecer em casa e a evitar desloca\u00e7\u00f5es desnecess\u00e1rias.\" \/>\n<meta property=\"og:url\" content=\"https:\/\/portaltela.pt\/noticias\/2026\/02\/21\/tempestade-de-neve-atinge-o-sul-da-romenia\/\" \/>\n<meta property=\"og:site_name\" content=\"Portal Tela Portugal\" \/>\n<meta property=\"article:published_time\" content=\"2026-02-21T15:44:12+00:00\" \/>\n<meta name=\"author\" content=\"Telinha\" \/>\n<meta name=\"twitter:card\" content=\"summary_large_image\" \/>\n<meta name=\"twitter:label1\" content=\"Escrito por\" \/>\n\t<meta name=\"twitter:data1\" content=\"Telinha\" \/>\n\t<meta name=\"twitter:label2\" content=\"Tempo estimado de leitura\" \/>\n\t<meta name=\"twitter:data2\" content=\"1 minuto\" \/>\n<script type=\"application\/ld+json\" class=\"yoast-schema-graph\">{\"@context\":\"https:\/\/schema.org\",\"@graph\":[{\"@type\":\"Article\",\"@id\":\"https:\/\/portaltela.pt\/noticias\/2026\/02\/21\/tempestade-de-neve-atinge-o-sul-da-romenia\/#article\",\"isPartOf\":{\"@id\":\"https:\/\/portaltela.pt\/noticias\/2026\/02\/21\/tempestade-de-neve-atinge-o-sul-da-romenia\/\"},\"author\":{\"name\":\"Telinha\",\"@id\":\"https:\/\/portaltela.pt\/#\/schema\/person\/c4278d4a6028830caff9ee44b42d32ed\"},\"headline\":\"Tempestade de neve atinge o sul da Rom\u00e9nia\",\"datePublished\":\"2026-02-21T15:44:12+00:00\",\"mainEntityOfPage\":{\"@id\":\"https:\/\/portaltela.pt\/noticias\/2026\/02\/21\/tempestade-de-neve-atinge-o-sul-da-romenia\/\"},\"wordCount\":208,\"image\":{\"@id\":\"https:\/\/portaltela.pt\/noticias\/2026\/02\/21\/tempestade-de-neve-atinge-o-sul-da-romenia\/#primaryimage\"},\"thumbnailUrl\":\"https:\/\/portaltela.pt\/s.01k8rhncp4jt1\/2026\/02\/img_1280x722uu2026-02-21-15-43-02-2268149.jpg\",\"keywords\":[\"clima\",\"emerg\u00eancias\",\"estradas\",\"prote\u00e7\u00e3o civil\",\"queda de neve\",\"Rom\u00e9nia\"],\"articleSection\":[\"Not\u00edcias\"],\"inLanguage\":\"pt-PT\"},{\"@type\":\"WebPage\",\"@id\":\"https:\/\/portaltela.pt\/noticias\/2026\/02\/21\/tempestade-de-neve-atinge-o-sul-da-romenia\/\",\"url\":\"https:\/\/portaltela.pt\/noticias\/2026\/02\/21\/tempestade-de-neve-atinge-o-sul-da-romenia\/\",\"name\":\"Tempestade de neve atinge o sul da Rom\u00e9nia - Portal Tela Portugal\",\"isPartOf\":{\"@id\":\"https:\/\/portaltela.pt\/#website\"},\"primaryImageOfPage\":{\"@id\":\"https:\/\/portaltela.pt\/noticias\/2026\/02\/21\/tempestade-de-neve-atinge-o-sul-da-romenia\/#primaryimage\"},\"image\":{\"@id\":\"https:\/\/portaltela.pt\/noticias\/2026\/02\/21\/tempestade-de-neve-atinge-o-sul-da-romenia\/#primaryimage\"},\"thumbnailUrl\":\"https:\/\/portaltela.pt\/s.01k8rhncp4jt1\/2026\/02\/img_1280x722uu2026-02-21-15-43-02-2268149.jpg\",\"datePublished\":\"2026-02-21T15:44:12+00:00\",\"author\":{\"@id\":\"https:\/\/portaltela.pt\/#\/schema\/person\/c4278d4a6028830caff9ee44b42d32ed\"},\"breadcrumb\":{\"@id\":\"https:\/\/portaltela.pt\/noticias\/2026\/02\/21\/tempestade-de-neve-atinge-o-sul-da-romenia\/#breadcrumb\"},\"inLanguage\":\"pt-PT\",\"potentialAction\":[{\"@type\":\"ReadAction\",\"target\":[\"https:\/\/portaltela.pt\/noticias\/2026\/02\/21\/tempestade-de-neve-atinge-o-sul-da-romenia\/\"]}]},{\"@type\":\"ImageObject\",\"inLanguage\":\"pt-PT\",\"@id\":\"https:\/\/portaltela.pt\/noticias\/2026\/02\/21\/tempestade-de-neve-atinge-o-sul-da-romenia\/#primaryimage\",\"url\":\"https:\/\/portaltela.pt\/s.01k8rhncp4jt1\/2026\/02\/img_1280x722uu2026-02-21-15-43-02-2268149.jpg\",\"contentUrl\":\"https:\/\/portaltela.pt\/s.01k8rhncp4jt1\/2026\/02\/img_1280x722uu2026-02-21-15-43-02-2268149.jpg\",\"width\":796,\"height\":448,\"caption\":\"Regi\u00e3o enfrenta a segunda vaga de neve em menos de uma semana, com alertas para estradas perigosas.\"},{\"@type\":\"BreadcrumbList\",\"@id\":\"https:\/\/portaltela.pt\/noticias\/2026\/02\/21\/tempestade-de-neve-atinge-o-sul-da-romenia\/#breadcrumb\",\"itemListElement\":[{\"@type\":\"ListItem\",\"position\":1,\"name\":\"In\u00edcio\",\"item\":\"https:\/\/portaltela.pt\/\"},{\"@type\":\"ListItem\",\"position\":2,\"name\":\"Tempestade de neve atinge o sul da Rom\u00e9nia\"}]},{\"@type\":\"WebSite\",\"@id\":\"https:\/\/portaltela.pt\/#website\",\"url\":\"https:\/\/portaltela.pt\/\",\"name\":\"Portal Tela Portugal\",\"description\":\"\",\"potentialAction\":[{\"@type\":\"SearchAction\",\"target\":{\"@type\":\"EntryPoint\",\"urlTemplate\":\"https:\/\/portaltela.pt\/?s={search_term_string}\"},\"query-input\":{\"@type\":\"PropertyValueSpecification\",\"valueRequired\":true,\"valueName\":\"search_term_string\"}}],\"inLanguage\":\"pt-PT\"},{\"@type\":\"Person\",\"@id\":\"https:\/\/portaltela.pt\/#\/schema\/person\/c4278d4a6028830caff9ee44b42d32ed\",\"name\":\"Telinha\",\"image\":{\"@type\":\"ImageObject\",\"inLanguage\":\"pt-PT\",\"@id\":\"https:\/\/portaltela.pt\/s.01k8rhncp4jt1\/2025\/11\/talking-bot-125x125.png\",\"url\":\"https:\/\/portaltela.pt\/s.01k8rhncp4jt1\/2025\/11\/talking-bot-125x125.png\",\"contentUrl\":\"https:\/\/portaltela.pt\/s.01k8rhncp4jt1\/2025\/11\/talking-bot-125x125.png\",\"caption\":\"Telinha\"},\"sameAs\":[\"https:\/\/portaltela.pt\/\"],\"url\":\"https:\/\/portaltela.pt\/por\/367410592786\/\"}]}<\/script>\n<!-- \/ Yoast SEO plugin. -->","yoast_head_json":{"title":"Tempestade de neve atinge o sul da Rom\u00e9nia - Portal Tela Portugal","robots":{"index":"index","follow":"follow","max-snippet":"max-snippet:-1","max-image-preview":"max-image-preview:large","max-video-preview":"max-video-preview:-1"},"og_locale":"pt_PT","og_type":"article","og_title":"Tempestade de neve atinge o sul da Rom\u00e9nia - Portal Tela Portugal","og_description":"A tempestade de neve atingiu o sul da Rom\u00e9nia, levando ao encerramento de escolas e \u00e0 suspens\u00e3o de atividades comerciais na regi\u00e3o. Autoridades emitiram alertas para estradas perigosas devido \u00e0s condi\u00e7\u00f5es meteorol\u00f3gicas adversas. A neve acumulou-se em v\u00e1rias \u00e1reas, dificultando o tr\u00e2nsito e obrigando equipas de emerg\u00eancia a atuar na remo\u00e7\u00e3o de neve e no socorro \u00e0s v\u00edtimas. A previs\u00e3o indica que a tempestade deve continuar nos pr\u00f3ximos dias, com temperaturas extremamente baixas e ventos fortes. Os moradores foram aconselhados a permanecer em casa e a evitar desloca\u00e7\u00f5es desnecess\u00e1rias.","og_url":"https:\/\/portaltela.pt\/noticias\/2026\/02\/21\/tempestade-de-neve-atinge-o-sul-da-romenia\/","og_site_name":"Portal Tela Portugal","article_published_time":"2026-02-21T15:44:12+00:00","author":"Telinha","twitter_card":"summary_large_image","twitter_misc":{"Escrito por":"Telinha","Tempo estimado de leitura":"1 minuto"},"schema":{"@context":"https:\/\/schema.org","@graph":[{"@type":"Article","@id":"https:\/\/portaltela.pt\/noticias\/2026\/02\/21\/tempestade-de-neve-atinge-o-sul-da-romenia\/#article","isPartOf":{"@id":"https:\/\/portaltela.pt\/noticias\/2026\/02\/21\/tempestade-de-neve-atinge-o-sul-da-romenia\/"},"author":{"name":"Telinha","@id":"https:\/\/portaltela.pt\/#\/schema\/person\/c4278d4a6028830caff9ee44b42d32ed"},"headline":"Tempestade de neve atinge o sul da Rom\u00e9nia","datePublished":"2026-02-21T15:44:12+00:00","mainEntityOfPage":{"@id":"https:\/\/portaltela.pt\/noticias\/2026\/02\/21\/tempestade-de-neve-atinge-o-sul-da-romenia\/"},"wordCount":208,"image":{"@id":"https:\/\/portaltela.pt\/noticias\/2026\/02\/21\/tempestade-de-neve-atinge-o-sul-da-romenia\/#primaryimage"},"thumbnailUrl":"https:\/\/portaltela.pt\/s.01k8rhncp4jt1\/2026\/02\/img_1280x722uu2026-02-21-15-43-02-2268149.jpg","keywords":["clima","emerg\u00eancias","estradas","prote\u00e7\u00e3o civil","queda de neve","Rom\u00e9nia"],"articleSection":["Not\u00edcias"],"inLanguage":"pt-PT"},{"@type":"WebPage","@id":"https:\/\/portaltela.pt\/noticias\/2026\/02\/21\/tempestade-de-neve-atinge-o-sul-da-romenia\/","url":"https:\/\/portaltela.pt\/noticias\/2026\/02\/21\/tempestade-de-neve-atinge-o-sul-da-romenia\/","name":"Tempestade de neve atinge o sul da Rom\u00e9nia - Portal Tela Portugal","isPartOf":{"@id":"https:\/\/portaltela.pt\/#website"},"primaryImageOfPage":{"@id":"https:\/\/portaltela.pt\/noticias\/2026\/02\/21\/tempestade-de-neve-atinge-o-sul-da-romenia\/#primaryimage"},"image":{"@id":"https:\/\/portaltela.pt\/noticias\/2026\/02\/21\/tempestade-de-neve-atinge-o-sul-da-romenia\/#primaryimage"},"thumbnailUrl":"https:\/\/portaltela.pt\/s.01k8rhncp4jt1\/2026\/02\/img_1280x722uu2026-02-21-15-43-02-2268149.jpg","datePublished":"2026-02-21T15:44:12+00:00","author":{"@id":"https:\/\/portaltela.pt\/#\/schema\/person\/c4278d4a6028830caff9ee44b42d32ed"},"breadcrumb":{"@id":"https:\/\/portaltela.pt\/noticias\/2026\/02\/21\/tempestade-de-neve-atinge-o-sul-da-romenia\/#breadcrumb"},"inLanguage":"pt-PT","potentialAction":[{"@type":"ReadAction","target":["https:\/\/portaltela.pt\/noticias\/2026\/02\/21\/tempestade-de-neve-atinge-o-sul-da-romenia\/"]}]},{"@type":"ImageObject","inLanguage":"pt-PT","@id":"https:\/\/portaltela.pt\/noticias\/2026\/02\/21\/tempestade-de-neve-atinge-o-sul-da-romenia\/#primaryimage","url":"https:\/\/portaltela.pt\/s.01k8rhncp4jt1\/2026\/02\/img_1280x722uu2026-02-21-15-43-02-2268149.jpg","contentUrl":"https:\/\/portaltela.pt\/s.01k8rhncp4jt1\/2026\/02\/img_1280x722uu2026-02-21-15-43-02-2268149.jpg","width":796,"height":448,"caption":"Regi\u00e3o enfrenta a segunda vaga de neve em menos de uma semana, com alertas para estradas perigosas."},{"@type":"BreadcrumbList","@id":"https:\/\/portaltela.pt\/noticias\/2026\/02\/21\/tempestade-de-neve-atinge-o-sul-da-romenia\/#breadcrumb","itemListElement":[{"@type":"ListItem","position":1,"name":"In\u00edcio","item":"https:\/\/portaltela.pt\/"},{"@type":"ListItem","position":2,"name":"Tempestade de neve atinge o sul da Rom\u00e9nia"}]},{"@type":"WebSite","@id":"https:\/\/portaltela.pt\/#website","url":"https:\/\/portaltela.pt\/","name":"Portal Tela Portugal","description":"","potentialAction":[{"@type":"SearchAction","target":{"@type":"EntryPoint","urlTemplate":"https:\/\/portaltela.pt\/?s={search_term_string}"},"query-input":{"@type":"PropertyValueSpecification","valueRequired":true,"valueName":"search_term_string"}}],"inLanguage":"pt-PT"},{"@type":"Person","@id":"https:\/\/portaltela.pt\/#\/schema\/person\/c4278d4a6028830caff9ee44b42d32ed","name":"Telinha","image":{"@type":"ImageObject","inLanguage":"pt-PT","@id":"https:\/\/portaltela.pt\/s.01k8rhncp4jt1\/2025\/11\/talking-bot-125x125.png","url":"https:\/\/portaltela.pt\/s.01k8rhncp4jt1\/2025\/11\/talking-bot-125x125.png","contentUrl":"https:\/\/portaltela.pt\/s.01k8rhncp4jt1\/2025\/11\/talking-bot-125x125.png","caption":"Telinha"},"sameAs":["https:\/\/portaltela.pt\/"],"url":"https:\/\/portaltela.pt\/por\/367410592786\/"}]}},"_links":{"self":[{"href":"https:\/\/portaltela.pt\/api\/wp\/v2\/posts\/220688","targetHints":{"allow":["GET"]}}],"collection":[{"href":"https:\/\/portaltela.pt\/api\/wp\/v2\/posts"}],"about":[{"href":"https:\/\/portaltela.pt\/api\/wp\/v2\/types\/post"}],"author":[{"embeddable":true,"href":"https:\/\/portaltela.pt\/api\/wp\/v2\/users\/2"}],"replies":[{"embeddable":true,"href":"https:\/\/portaltela.pt\/api\/wp\/v2\/comments?post=220688"}],"version-history":[{"count":0,"href":"https:\/\/portaltela.pt\/api\/wp\/v2\/posts\/220688\/revisions"}],"wp:featuredmedia":[{"embeddable":true,"href":"https:\/\/portaltela.pt\/api\/wp\/v2\/media\/220691"}],"wp:attachment":[{"href":"https:\/\/portaltela.pt\/api\/wp\/v2\/media?parent=220688"}],"wp:term":[{"taxonomy":"category","embeddable":true,"href":"https:\/\/portaltela.pt\/api\/wp\/v2\/categories?post=220688"},{"taxonomy":"post_tag","embeddable":true,"href":"https:\/\/portaltela.pt\/api\/wp\/v2\/tags?post=220688"}],"curies":[{"name":"wp","href":"https:\/\/api.w.org\/{rel}","templated":true}]}}