{"id":220685,"date":"2026-02-21T12:19:00","date_gmt":"2026-02-21T15:19:00","guid":{"rendered":"https:\/\/portaltela.pt\/noticias\/2026\/02\/21\/guimaraes-abre-regularizacao-extraordinaria-de-edificios\/"},"modified":"2026-02-21T12:19:00","modified_gmt":"2026-02-21T15:19:00","slug":"guimaraes-abre-regularizacao-extraordinaria-de-edificios","status":"publish","type":"post","link":"https:\/\/portaltela.pt\/noticias\/2026\/02\/21\/guimaraes-abre-regularizacao-extraordinaria-de-edificios\/","title":{"rendered":"Guimar\u00e3es abre regulariza\u00e7\u00e3o extraordin\u00e1ria de edif\u00edcios"},"content":{"rendered":"<p>O Munic\u00edpio de Guimar\u00e3es abriu um regime excecional de regulariza\u00e7\u00e3o urban\u00edstica para associa\u00e7\u00f5es culturais, recreativas, desportivas sem fins lucrativos e IPSS. A medida surge ao abrigo da Lei 29 de 5 de mar\u00e7o de 2024.<\/p>\n<p>A iniciativa abrange sedes sociais, espa\u00e7os de conv\u00edvio, recintos desportivos e culturais. Os processos de contraordena\u00e7\u00e3o relacionados com estes im\u00f3veis ficam suspensos enquanto decorre a regulariza\u00e7\u00e3o.<\/p>\n<p>A decis\u00e3o visa simplificar a legaliza\u00e7\u00e3o de im\u00f3veis usados por entidades sem fins lucrativos, promovendo a sua atividade social e cultural no concelho. O regime \u00e9 aplic\u00e1vel a im\u00f3veis j\u00e1 existentes e operacionais.<\/p>\n","protected":false},"excerpt":{"rendered":"<ul>\n<li>O Munic\u00edpio de Guimar\u00e3es abriu um regime excecional de regulariza\u00e7\u00e3o urban\u00edstica destinado a associa\u00e7\u00f5es culturais, recreativas, desportivas, sem fins lucrativos e a IPSS.<\/li>\n<li>A medida \u00e9 implementada ao abrigo da Lei 29 de 5 de mar\u00e7o de 2024.<\/li>\n<li>Sedes sociais, espa\u00e7os de conv\u00edvio, recintos desportivos e culturais ficam abrangidos pela legisla\u00e7\u00e3o.<\/li>\n<li>Os processos de contraordena\u00e7\u00e3o relacionados ficam suspensos.<\/li>\n<\/ul>\n","protected":false},"author":2,"featured_media":220686,"comment_status":"closed","ping_status":"closed","sticky":false,"template":"","format":"standard","meta":{"footnotes":""},"categories":[1],"tags":[679,1640,1145,3129,6225,189],"class_list":["post-220685","post","type-post","status-publish","format-standard","has-post-thumbnail","hentry","category-noticias","tag-associacoes","tag-associacoes-desportivas","tag-guimaraes","tag-ipss","tag-regularizacao-urbana","tag-urbanismo"],"yoast_head":"<!-- This site is optimized with the Yoast SEO plugin v27.2 - https:\/\/yoast.com\/product\/yoast-seo-wordpress\/ -->\n<title>Guimar\u00e3es abre regulariza\u00e7\u00e3o extraordin\u00e1ria de edif\u00edcios - Portal Tela Portugal<\/title>\n<meta name=\"robots\" content=\"index, follow, max-snippet:-1, max-image-preview:large, max-video-preview:-1\" \/>\n<meta property=\"og:locale\" content=\"pt_PT\" \/>\n<meta property=\"og:type\" content=\"article\" \/>\n<meta property=\"og:title\" content=\"Guimar\u00e3es abre regulariza\u00e7\u00e3o extraordin\u00e1ria de edif\u00edcios - Portal Tela Portugal\" \/>\n<meta property=\"og:description\" content=\"O Munic\u00edpio de Guimar\u00e3es abriu um regime excecional de regulariza\u00e7\u00e3o urban\u00edstica destinado a associa\u00e7\u00f5es culturais, recreativas, desportivas, sem fins lucrativos e a IPSS. A medida \u00e9 implementada ao abrigo da Lei 29 de 5 de mar\u00e7o de 2024. Sedes sociais, espa\u00e7os de conv\u00edvio, recintos desportivos e culturais ficam abrangidos pela legisla\u00e7\u00e3o. Os processos de contraordena\u00e7\u00e3o relacionados ficam suspensos.\" \/>\n<meta property=\"og:url\" content=\"https:\/\/portaltela.pt\/noticias\/2026\/02\/21\/guimaraes-abre-regularizacao-extraordinaria-de-edificios\/\" \/>\n<meta property=\"og:site_name\" content=\"Portal Tela Portugal\" \/>\n<meta property=\"article:published_time\" content=\"2026-02-21T15:19:00+00:00\" \/>\n<meta name=\"author\" content=\"Telinha\" \/>\n<meta name=\"twitter:card\" content=\"summary_large_image\" \/>\n<meta name=\"twitter:label1\" content=\"Escrito por\" \/>\n\t<meta name=\"twitter:data1\" content=\"Telinha\" \/>\n\t<meta name=\"twitter:label2\" content=\"Tempo estimado de leitura\" \/>\n\t<meta name=\"twitter:data2\" content=\"1 minuto\" \/>\n<script type=\"application\/ld+json\" class=\"yoast-schema-graph\">{\"@context\":\"https:\/\/schema.org\",\"@graph\":[{\"@type\":\"Article\",\"@id\":\"https:\/\/portaltela.pt\/noticias\/2026\/02\/21\/guimaraes-abre-regularizacao-extraordinaria-de-edificios\/#article\",\"isPartOf\":{\"@id\":\"https:\/\/portaltela.pt\/noticias\/2026\/02\/21\/guimaraes-abre-regularizacao-extraordinaria-de-edificios\/\"},\"author\":{\"name\":\"Telinha\",\"@id\":\"https:\/\/portaltela.pt\/#\/schema\/person\/c4278d4a6028830caff9ee44b42d32ed\"},\"headline\":\"Guimar\u00e3es abre regulariza\u00e7\u00e3o extraordin\u00e1ria de edif\u00edcios\",\"datePublished\":\"2026-02-21T15:19:00+00:00\",\"mainEntityOfPage\":{\"@id\":\"https:\/\/portaltela.pt\/noticias\/2026\/02\/21\/guimaraes-abre-regularizacao-extraordinaria-de-edificios\/\"},\"wordCount\":116,\"image\":{\"@id\":\"https:\/\/portaltela.pt\/noticias\/2026\/02\/21\/guimaraes-abre-regularizacao-extraordinaria-de-edificios\/#primaryimage\"},\"thumbnailUrl\":\"https:\/\/portaltela.pt\/s.01k8rhncp4jt1\/2026\/02\/image-1572.jpg\",\"keywords\":[\"associa\u00e7\u00f5es\",\"associa\u00e7\u00f5es desportivas\",\"Guimar\u00e3es\",\"IPSS\",\"regulariza\u00e7\u00e3o urbana\",\"urbanismo\"],\"articleSection\":[\"Not\u00edcias\"],\"inLanguage\":\"pt-PT\"},{\"@type\":\"WebPage\",\"@id\":\"https:\/\/portaltela.pt\/noticias\/2026\/02\/21\/guimaraes-abre-regularizacao-extraordinaria-de-edificios\/\",\"url\":\"https:\/\/portaltela.pt\/noticias\/2026\/02\/21\/guimaraes-abre-regularizacao-extraordinaria-de-edificios\/\",\"name\":\"Guimar\u00e3es abre regulariza\u00e7\u00e3o extraordin\u00e1ria de edif\u00edcios - Portal Tela Portugal\",\"isPartOf\":{\"@id\":\"https:\/\/portaltela.pt\/#website\"},\"primaryImageOfPage\":{\"@id\":\"https:\/\/portaltela.pt\/noticias\/2026\/02\/21\/guimaraes-abre-regularizacao-extraordinaria-de-edificios\/#primaryimage\"},\"image\":{\"@id\":\"https:\/\/portaltela.pt\/noticias\/2026\/02\/21\/guimaraes-abre-regularizacao-extraordinaria-de-edificios\/#primaryimage\"},\"thumbnailUrl\":\"https:\/\/portaltela.pt\/s.01k8rhncp4jt1\/2026\/02\/image-1572.jpg\",\"datePublished\":\"2026-02-21T15:19:00+00:00\",\"author\":{\"@id\":\"https:\/\/portaltela.pt\/#\/schema\/person\/c4278d4a6028830caff9ee44b42d32ed\"},\"breadcrumb\":{\"@id\":\"https:\/\/portaltela.pt\/noticias\/2026\/02\/21\/guimaraes-abre-regularizacao-extraordinaria-de-edificios\/#breadcrumb\"},\"inLanguage\":\"pt-PT\",\"potentialAction\":[{\"@type\":\"ReadAction\",\"target\":[\"https:\/\/portaltela.pt\/noticias\/2026\/02\/21\/guimaraes-abre-regularizacao-extraordinaria-de-edificios\/\"]}]},{\"@type\":\"ImageObject\",\"inLanguage\":\"pt-PT\",\"@id\":\"https:\/\/portaltela.pt\/noticias\/2026\/02\/21\/guimaraes-abre-regularizacao-extraordinaria-de-edificios\/#primaryimage\",\"url\":\"https:\/\/portaltela.pt\/s.01k8rhncp4jt1\/2026\/02\/image-1572.jpg\",\"contentUrl\":\"https:\/\/portaltela.pt\/s.01k8rhncp4jt1\/2026\/02\/image-1572.jpg\",\"width\":796,\"height\":448,\"caption\":\"Munic\u00edpio de Guimar\u00e3es abriu um regime excecional de regulariza\u00e7\u00e3o urban\u00edstica\"},{\"@type\":\"BreadcrumbList\",\"@id\":\"https:\/\/portaltela.pt\/noticias\/2026\/02\/21\/guimaraes-abre-regularizacao-extraordinaria-de-edificios\/#breadcrumb\",\"itemListElement\":[{\"@type\":\"ListItem\",\"position\":1,\"name\":\"In\u00edcio\",\"item\":\"https:\/\/portaltela.pt\/\"},{\"@type\":\"ListItem\",\"position\":2,\"name\":\"Guimar\u00e3es abre regulariza\u00e7\u00e3o extraordin\u00e1ria de edif\u00edcios\"}]},{\"@type\":\"WebSite\",\"@id\":\"https:\/\/portaltela.pt\/#website\",\"url\":\"https:\/\/portaltela.pt\/\",\"name\":\"Portal Tela Portugal\",\"description\":\"\",\"potentialAction\":[{\"@type\":\"SearchAction\",\"target\":{\"@type\":\"EntryPoint\",\"urlTemplate\":\"https:\/\/portaltela.pt\/?s={search_term_string}\"},\"query-input\":{\"@type\":\"PropertyValueSpecification\",\"valueRequired\":true,\"valueName\":\"search_term_string\"}}],\"inLanguage\":\"pt-PT\"},{\"@type\":\"Person\",\"@id\":\"https:\/\/portaltela.pt\/#\/schema\/person\/c4278d4a6028830caff9ee44b42d32ed\",\"name\":\"Telinha\",\"image\":{\"@type\":\"ImageObject\",\"inLanguage\":\"pt-PT\",\"@id\":\"https:\/\/portaltela.pt\/s.01k8rhncp4jt1\/2025\/11\/talking-bot-125x125.png\",\"url\":\"https:\/\/portaltela.pt\/s.01k8rhncp4jt1\/2025\/11\/talking-bot-125x125.png\",\"contentUrl\":\"https:\/\/portaltela.pt\/s.01k8rhncp4jt1\/2025\/11\/talking-bot-125x125.png\",\"caption\":\"Telinha\"},\"sameAs\":[\"https:\/\/portaltela.pt\/\"],\"url\":\"https:\/\/portaltela.pt\/por\/367410592786\/\"}]}<\/script>\n<!-- \/ Yoast SEO plugin. -->","yoast_head_json":{"title":"Guimar\u00e3es abre regulariza\u00e7\u00e3o extraordin\u00e1ria de edif\u00edcios - Portal Tela Portugal","robots":{"index":"index","follow":"follow","max-snippet":"max-snippet:-1","max-image-preview":"max-image-preview:large","max-video-preview":"max-video-preview:-1"},"og_locale":"pt_PT","og_type":"article","og_title":"Guimar\u00e3es abre regulariza\u00e7\u00e3o extraordin\u00e1ria de edif\u00edcios - Portal Tela Portugal","og_description":"O Munic\u00edpio de Guimar\u00e3es abriu um regime excecional de regulariza\u00e7\u00e3o urban\u00edstica destinado a associa\u00e7\u00f5es culturais, recreativas, desportivas, sem fins lucrativos e a IPSS. A medida \u00e9 implementada ao abrigo da Lei 29 de 5 de mar\u00e7o de 2024. Sedes sociais, espa\u00e7os de conv\u00edvio, recintos desportivos e culturais ficam abrangidos pela legisla\u00e7\u00e3o. Os processos de contraordena\u00e7\u00e3o relacionados ficam suspensos.","og_url":"https:\/\/portaltela.pt\/noticias\/2026\/02\/21\/guimaraes-abre-regularizacao-extraordinaria-de-edificios\/","og_site_name":"Portal Tela Portugal","article_published_time":"2026-02-21T15:19:00+00:00","author":"Telinha","twitter_card":"summary_large_image","twitter_misc":{"Escrito por":"Telinha","Tempo estimado de leitura":"1 minuto"},"schema":{"@context":"https:\/\/schema.org","@graph":[{"@type":"Article","@id":"https:\/\/portaltela.pt\/noticias\/2026\/02\/21\/guimaraes-abre-regularizacao-extraordinaria-de-edificios\/#article","isPartOf":{"@id":"https:\/\/portaltela.pt\/noticias\/2026\/02\/21\/guimaraes-abre-regularizacao-extraordinaria-de-edificios\/"},"author":{"name":"Telinha","@id":"https:\/\/portaltela.pt\/#\/schema\/person\/c4278d4a6028830caff9ee44b42d32ed"},"headline":"Guimar\u00e3es abre regulariza\u00e7\u00e3o extraordin\u00e1ria de edif\u00edcios","datePublished":"2026-02-21T15:19:00+00:00","mainEntityOfPage":{"@id":"https:\/\/portaltela.pt\/noticias\/2026\/02\/21\/guimaraes-abre-regularizacao-extraordinaria-de-edificios\/"},"wordCount":116,"image":{"@id":"https:\/\/portaltela.pt\/noticias\/2026\/02\/21\/guimaraes-abre-regularizacao-extraordinaria-de-edificios\/#primaryimage"},"thumbnailUrl":"https:\/\/portaltela.pt\/s.01k8rhncp4jt1\/2026\/02\/image-1572.jpg","keywords":["associa\u00e7\u00f5es","associa\u00e7\u00f5es desportivas","Guimar\u00e3es","IPSS","regulariza\u00e7\u00e3o urbana","urbanismo"],"articleSection":["Not\u00edcias"],"inLanguage":"pt-PT"},{"@type":"WebPage","@id":"https:\/\/portaltela.pt\/noticias\/2026\/02\/21\/guimaraes-abre-regularizacao-extraordinaria-de-edificios\/","url":"https:\/\/portaltela.pt\/noticias\/2026\/02\/21\/guimaraes-abre-regularizacao-extraordinaria-de-edificios\/","name":"Guimar\u00e3es abre regulariza\u00e7\u00e3o extraordin\u00e1ria de edif\u00edcios - Portal Tela Portugal","isPartOf":{"@id":"https:\/\/portaltela.pt\/#website"},"primaryImageOfPage":{"@id":"https:\/\/portaltela.pt\/noticias\/2026\/02\/21\/guimaraes-abre-regularizacao-extraordinaria-de-edificios\/#primaryimage"},"image":{"@id":"https:\/\/portaltela.pt\/noticias\/2026\/02\/21\/guimaraes-abre-regularizacao-extraordinaria-de-edificios\/#primaryimage"},"thumbnailUrl":"https:\/\/portaltela.pt\/s.01k8rhncp4jt1\/2026\/02\/image-1572.jpg","datePublished":"2026-02-21T15:19:00+00:00","author":{"@id":"https:\/\/portaltela.pt\/#\/schema\/person\/c4278d4a6028830caff9ee44b42d32ed"},"breadcrumb":{"@id":"https:\/\/portaltela.pt\/noticias\/2026\/02\/21\/guimaraes-abre-regularizacao-extraordinaria-de-edificios\/#breadcrumb"},"inLanguage":"pt-PT","potentialAction":[{"@type":"ReadAction","target":["https:\/\/portaltela.pt\/noticias\/2026\/02\/21\/guimaraes-abre-regularizacao-extraordinaria-de-edificios\/"]}]},{"@type":"ImageObject","inLanguage":"pt-PT","@id":"https:\/\/portaltela.pt\/noticias\/2026\/02\/21\/guimaraes-abre-regularizacao-extraordinaria-de-edificios\/#primaryimage","url":"https:\/\/portaltela.pt\/s.01k8rhncp4jt1\/2026\/02\/image-1572.jpg","contentUrl":"https:\/\/portaltela.pt\/s.01k8rhncp4jt1\/2026\/02\/image-1572.jpg","width":796,"height":448,"caption":"Munic\u00edpio de Guimar\u00e3es abriu um regime excecional de regulariza\u00e7\u00e3o urban\u00edstica"},{"@type":"BreadcrumbList","@id":"https:\/\/portaltela.pt\/noticias\/2026\/02\/21\/guimaraes-abre-regularizacao-extraordinaria-de-edificios\/#breadcrumb","itemListElement":[{"@type":"ListItem","position":1,"name":"In\u00edcio","item":"https:\/\/portaltela.pt\/"},{"@type":"ListItem","position":2,"name":"Guimar\u00e3es abre regulariza\u00e7\u00e3o extraordin\u00e1ria de edif\u00edcios"}]},{"@type":"WebSite","@id":"https:\/\/portaltela.pt\/#website","url":"https:\/\/portaltela.pt\/","name":"Portal Tela Portugal","description":"","potentialAction":[{"@type":"SearchAction","target":{"@type":"EntryPoint","urlTemplate":"https:\/\/portaltela.pt\/?s={search_term_string}"},"query-input":{"@type":"PropertyValueSpecification","valueRequired":true,"valueName":"search_term_string"}}],"inLanguage":"pt-PT"},{"@type":"Person","@id":"https:\/\/portaltela.pt\/#\/schema\/person\/c4278d4a6028830caff9ee44b42d32ed","name":"Telinha","image":{"@type":"ImageObject","inLanguage":"pt-PT","@id":"https:\/\/portaltela.pt\/s.01k8rhncp4jt1\/2025\/11\/talking-bot-125x125.png","url":"https:\/\/portaltela.pt\/s.01k8rhncp4jt1\/2025\/11\/talking-bot-125x125.png","contentUrl":"https:\/\/portaltela.pt\/s.01k8rhncp4jt1\/2025\/11\/talking-bot-125x125.png","caption":"Telinha"},"sameAs":["https:\/\/portaltela.pt\/"],"url":"https:\/\/portaltela.pt\/por\/367410592786\/"}]}},"_links":{"self":[{"href":"https:\/\/portaltela.pt\/api\/wp\/v2\/posts\/220685","targetHints":{"allow":["GET"]}}],"collection":[{"href":"https:\/\/portaltela.pt\/api\/wp\/v2\/posts"}],"about":[{"href":"https:\/\/portaltela.pt\/api\/wp\/v2\/types\/post"}],"author":[{"embeddable":true,"href":"https:\/\/portaltela.pt\/api\/wp\/v2\/users\/2"}],"replies":[{"embeddable":true,"href":"https:\/\/portaltela.pt\/api\/wp\/v2\/comments?post=220685"}],"version-history":[{"count":0,"href":"https:\/\/portaltela.pt\/api\/wp\/v2\/posts\/220685\/revisions"}],"wp:featuredmedia":[{"embeddable":true,"href":"https:\/\/portaltela.pt\/api\/wp\/v2\/media\/220686"}],"wp:attachment":[{"href":"https:\/\/portaltela.pt\/api\/wp\/v2\/media?parent=220685"}],"wp:term":[{"taxonomy":"category","embeddable":true,"href":"https:\/\/portaltela.pt\/api\/wp\/v2\/categories?post=220685"},{"taxonomy":"post_tag","embeddable":true,"href":"https:\/\/portaltela.pt\/api\/wp\/v2\/tags?post=220685"}],"curies":[{"name":"wp","href":"https:\/\/api.w.org\/{rel}","templated":true}]}}