{"id":220682,"date":"2026-02-21T12:26:00","date_gmt":"2026-02-21T15:26:00","guid":{"rendered":"https:\/\/portaltela.pt\/noticias\/2026\/02\/21\/obras-de-cobertura-na-escola-provisoria-de-barcelos-devem-durar-tres-semanas\/"},"modified":"2026-02-21T12:26:00","modified_gmt":"2026-02-21T15:26:00","slug":"obras-de-cobertura-na-escola-provisoria-de-barcelos-devem-durar-tres-semanas","status":"publish","type":"post","link":"https:\/\/portaltela.pt\/noticias\/2026\/02\/21\/obras-de-cobertura-na-escola-provisoria-de-barcelos-devem-durar-tres-semanas\/","title":{"rendered":"Obras de cobertura na escola provis\u00f3ria de Barcelos devem durar tr\u00eas semanas"},"content":{"rendered":"<p>Durante a pausa do Carnaval, arrancaram obras para instalar uma cobertura no recinto das instala\u00e7\u00f5es provis\u00f3rias da Escola Secund\u00e1ria de Barcelinhos, em Barcelos. O espa\u00e7o funciona junto do quartel dos bombeiros enquanto decorre a requalifica\u00e7\u00e3o do edif\u00edcio principal.<\/p>\n<p>A interven\u00e7\u00e3o, destinada a criar abrigo coberto para atividades, dever\u00e1 durar cerca de tr\u00eas semanas, conforme informa\u00e7\u00e3o da C\u00e2mara Municipal de Barcelos. O objetivo \u00e9 manter as opera\u00e7\u00f5es escolares durante as obras no pr\u00e9dio principal.<\/p>\n<h3>Localiza\u00e7\u00e3o e objetivo<\/h3>\n<p>As obras decorrem junto ao quartel dos bombeiros, onde ficam as instala\u00e7\u00f5es provis\u00f3rias. A constru\u00e7\u00e3o foi iniciada durante o per\u00edodo de interrup\u00e7\u00e3o escolar para n\u00e3o perturbar as atividades letivas. A requalifica\u00e7\u00e3o do edif\u00edcio principal continua conforme planeado.<\/p>\n","protected":false},"excerpt":{"rendered":"<ul>\n<li>As obras para instalar uma cobertura no recinto das instala\u00e7\u00f5es provis\u00f3rias da Escola Secund\u00e1ria de Barcelinhos come\u00e7aram na pausa do Carnaval.<\/li>\n<li>As instala\u00e7\u00f5es provis\u00f3rias est\u00e3o montadas no quartel dos bombeiros, enquanto decorre a requalifica\u00e7\u00e3o do edif\u00edcio principal.<\/li>\n<li>A interven\u00e7\u00e3o est\u00e1 prevista durar cerca de tr\u00eas semanas.<\/li>\n<\/ul>\n","protected":false},"author":2,"featured_media":220687,"comment_status":"closed","ping_status":"closed","sticky":false,"template":"","format":"standard","meta":{"footnotes":""},"categories":[1],"tags":[1028,1027,971,101,5691,2433],"class_list":["post-220682","post","type-post","status-publish","format-standard","has-post-thumbnail","hentry","category-noticias","tag-barcelinhos","tag-barcelos","tag-bombeiros","tag-escolas","tag-obras","tag-requalificacao-urbana"],"yoast_head":"<!-- This site is optimized with the Yoast SEO plugin v27.2 - https:\/\/yoast.com\/product\/yoast-seo-wordpress\/ -->\n<title>Obras de cobertura na escola provis\u00f3ria de Barcelos devem durar tr\u00eas semanas - Portal Tela Portugal<\/title>\n<meta name=\"robots\" content=\"index, follow, max-snippet:-1, max-image-preview:large, max-video-preview:-1\" \/>\n<meta property=\"og:locale\" content=\"pt_PT\" \/>\n<meta property=\"og:type\" content=\"article\" \/>\n<meta property=\"og:title\" content=\"Obras de cobertura na escola provis\u00f3ria de Barcelos devem durar tr\u00eas semanas - Portal Tela Portugal\" \/>\n<meta property=\"og:description\" content=\"As obras para instalar uma cobertura no recinto das instala\u00e7\u00f5es provis\u00f3rias da Escola Secund\u00e1ria de Barcelinhos come\u00e7aram na pausa do Carnaval. As instala\u00e7\u00f5es provis\u00f3rias est\u00e3o montadas no quartel dos bombeiros, enquanto decorre a requalifica\u00e7\u00e3o do edif\u00edcio principal. A interven\u00e7\u00e3o est\u00e1 prevista durar cerca de tr\u00eas semanas.\" \/>\n<meta property=\"og:url\" content=\"https:\/\/portaltela.pt\/noticias\/2026\/02\/21\/obras-de-cobertura-na-escola-provisoria-de-barcelos-devem-durar-tres-semanas\/\" \/>\n<meta property=\"og:site_name\" content=\"Portal Tela Portugal\" \/>\n<meta property=\"article:published_time\" content=\"2026-02-21T15:26:00+00:00\" \/>\n<meta name=\"author\" content=\"Telinha\" \/>\n<meta name=\"twitter:card\" content=\"summary_large_image\" \/>\n<meta name=\"twitter:label1\" content=\"Escrito por\" \/>\n\t<meta name=\"twitter:data1\" content=\"Telinha\" \/>\n\t<meta name=\"twitter:label2\" content=\"Tempo estimado de leitura\" \/>\n\t<meta name=\"twitter:data2\" content=\"1 minuto\" \/>\n<script type=\"application\/ld+json\" class=\"yoast-schema-graph\">{\"@context\":\"https:\/\/schema.org\",\"@graph\":[{\"@type\":\"Article\",\"@id\":\"https:\/\/portaltela.pt\/noticias\/2026\/02\/21\/obras-de-cobertura-na-escola-provisoria-de-barcelos-devem-durar-tres-semanas\/#article\",\"isPartOf\":{\"@id\":\"https:\/\/portaltela.pt\/noticias\/2026\/02\/21\/obras-de-cobertura-na-escola-provisoria-de-barcelos-devem-durar-tres-semanas\/\"},\"author\":{\"name\":\"Telinha\",\"@id\":\"https:\/\/portaltela.pt\/#\/schema\/person\/c4278d4a6028830caff9ee44b42d32ed\"},\"headline\":\"Obras de cobertura na escola provis\u00f3ria de Barcelos devem durar tr\u00eas semanas\",\"datePublished\":\"2026-02-21T15:26:00+00:00\",\"mainEntityOfPage\":{\"@id\":\"https:\/\/portaltela.pt\/noticias\/2026\/02\/21\/obras-de-cobertura-na-escola-provisoria-de-barcelos-devem-durar-tres-semanas\/\"},\"wordCount\":147,\"image\":{\"@id\":\"https:\/\/portaltela.pt\/noticias\/2026\/02\/21\/obras-de-cobertura-na-escola-provisoria-de-barcelos-devem-durar-tres-semanas\/#primaryimage\"},\"thumbnailUrl\":\"https:\/\/portaltela.pt\/s.01k8rhncp4jt1\/2026\/02\/image-1572.jpg\",\"keywords\":[\"Barcelinhos\",\"Barcelos\",\"bombeiros\",\"escolas\",\"obras\",\"requalifica\u00e7\u00e3o urbana\"],\"articleSection\":[\"Not\u00edcias\"],\"inLanguage\":\"pt-PT\"},{\"@type\":\"WebPage\",\"@id\":\"https:\/\/portaltela.pt\/noticias\/2026\/02\/21\/obras-de-cobertura-na-escola-provisoria-de-barcelos-devem-durar-tres-semanas\/\",\"url\":\"https:\/\/portaltela.pt\/noticias\/2026\/02\/21\/obras-de-cobertura-na-escola-provisoria-de-barcelos-devem-durar-tres-semanas\/\",\"name\":\"Obras de cobertura na escola provis\u00f3ria de Barcelos devem durar tr\u00eas semanas - Portal Tela Portugal\",\"isPartOf\":{\"@id\":\"https:\/\/portaltela.pt\/#website\"},\"primaryImageOfPage\":{\"@id\":\"https:\/\/portaltela.pt\/noticias\/2026\/02\/21\/obras-de-cobertura-na-escola-provisoria-de-barcelos-devem-durar-tres-semanas\/#primaryimage\"},\"image\":{\"@id\":\"https:\/\/portaltela.pt\/noticias\/2026\/02\/21\/obras-de-cobertura-na-escola-provisoria-de-barcelos-devem-durar-tres-semanas\/#primaryimage\"},\"thumbnailUrl\":\"https:\/\/portaltela.pt\/s.01k8rhncp4jt1\/2026\/02\/image-1572.jpg\",\"datePublished\":\"2026-02-21T15:26:00+00:00\",\"author\":{\"@id\":\"https:\/\/portaltela.pt\/#\/schema\/person\/c4278d4a6028830caff9ee44b42d32ed\"},\"breadcrumb\":{\"@id\":\"https:\/\/portaltela.pt\/noticias\/2026\/02\/21\/obras-de-cobertura-na-escola-provisoria-de-barcelos-devem-durar-tres-semanas\/#breadcrumb\"},\"inLanguage\":\"pt-PT\",\"potentialAction\":[{\"@type\":\"ReadAction\",\"target\":[\"https:\/\/portaltela.pt\/noticias\/2026\/02\/21\/obras-de-cobertura-na-escola-provisoria-de-barcelos-devem-durar-tres-semanas\/\"]}]},{\"@type\":\"ImageObject\",\"inLanguage\":\"pt-PT\",\"@id\":\"https:\/\/portaltela.pt\/noticias\/2026\/02\/21\/obras-de-cobertura-na-escola-provisoria-de-barcelos-devem-durar-tres-semanas\/#primaryimage\",\"url\":\"https:\/\/portaltela.pt\/s.01k8rhncp4jt1\/2026\/02\/image-1572.jpg\",\"contentUrl\":\"https:\/\/portaltela.pt\/s.01k8rhncp4jt1\/2026\/02\/image-1572.jpg\",\"width\":796,\"height\":448,\"caption\":\"Escola Secund\u00e1ria de Barcelinhos vai ter uma nova cobertura no recinto das instala\u00e7\u00f5es provis\u00f3rias\"},{\"@type\":\"BreadcrumbList\",\"@id\":\"https:\/\/portaltela.pt\/noticias\/2026\/02\/21\/obras-de-cobertura-na-escola-provisoria-de-barcelos-devem-durar-tres-semanas\/#breadcrumb\",\"itemListElement\":[{\"@type\":\"ListItem\",\"position\":1,\"name\":\"In\u00edcio\",\"item\":\"https:\/\/portaltela.pt\/\"},{\"@type\":\"ListItem\",\"position\":2,\"name\":\"Obras de cobertura na escola provis\u00f3ria de Barcelos devem durar tr\u00eas semanas\"}]},{\"@type\":\"WebSite\",\"@id\":\"https:\/\/portaltela.pt\/#website\",\"url\":\"https:\/\/portaltela.pt\/\",\"name\":\"Portal Tela Portugal\",\"description\":\"\",\"potentialAction\":[{\"@type\":\"SearchAction\",\"target\":{\"@type\":\"EntryPoint\",\"urlTemplate\":\"https:\/\/portaltela.pt\/?s={search_term_string}\"},\"query-input\":{\"@type\":\"PropertyValueSpecification\",\"valueRequired\":true,\"valueName\":\"search_term_string\"}}],\"inLanguage\":\"pt-PT\"},{\"@type\":\"Person\",\"@id\":\"https:\/\/portaltela.pt\/#\/schema\/person\/c4278d4a6028830caff9ee44b42d32ed\",\"name\":\"Telinha\",\"image\":{\"@type\":\"ImageObject\",\"inLanguage\":\"pt-PT\",\"@id\":\"https:\/\/portaltela.pt\/s.01k8rhncp4jt1\/2025\/11\/talking-bot-125x125.png\",\"url\":\"https:\/\/portaltela.pt\/s.01k8rhncp4jt1\/2025\/11\/talking-bot-125x125.png\",\"contentUrl\":\"https:\/\/portaltela.pt\/s.01k8rhncp4jt1\/2025\/11\/talking-bot-125x125.png\",\"caption\":\"Telinha\"},\"sameAs\":[\"https:\/\/portaltela.pt\/\"],\"url\":\"https:\/\/portaltela.pt\/por\/367410592786\/\"}]}<\/script>\n<!-- \/ Yoast SEO plugin. -->","yoast_head_json":{"title":"Obras de cobertura na escola provis\u00f3ria de Barcelos devem durar tr\u00eas semanas - Portal Tela Portugal","robots":{"index":"index","follow":"follow","max-snippet":"max-snippet:-1","max-image-preview":"max-image-preview:large","max-video-preview":"max-video-preview:-1"},"og_locale":"pt_PT","og_type":"article","og_title":"Obras de cobertura na escola provis\u00f3ria de Barcelos devem durar tr\u00eas semanas - Portal Tela Portugal","og_description":"As obras para instalar uma cobertura no recinto das instala\u00e7\u00f5es provis\u00f3rias da Escola Secund\u00e1ria de Barcelinhos come\u00e7aram na pausa do Carnaval. As instala\u00e7\u00f5es provis\u00f3rias est\u00e3o montadas no quartel dos bombeiros, enquanto decorre a requalifica\u00e7\u00e3o do edif\u00edcio principal. A interven\u00e7\u00e3o est\u00e1 prevista durar cerca de tr\u00eas semanas.","og_url":"https:\/\/portaltela.pt\/noticias\/2026\/02\/21\/obras-de-cobertura-na-escola-provisoria-de-barcelos-devem-durar-tres-semanas\/","og_site_name":"Portal Tela Portugal","article_published_time":"2026-02-21T15:26:00+00:00","author":"Telinha","twitter_card":"summary_large_image","twitter_misc":{"Escrito por":"Telinha","Tempo estimado de leitura":"1 minuto"},"schema":{"@context":"https:\/\/schema.org","@graph":[{"@type":"Article","@id":"https:\/\/portaltela.pt\/noticias\/2026\/02\/21\/obras-de-cobertura-na-escola-provisoria-de-barcelos-devem-durar-tres-semanas\/#article","isPartOf":{"@id":"https:\/\/portaltela.pt\/noticias\/2026\/02\/21\/obras-de-cobertura-na-escola-provisoria-de-barcelos-devem-durar-tres-semanas\/"},"author":{"name":"Telinha","@id":"https:\/\/portaltela.pt\/#\/schema\/person\/c4278d4a6028830caff9ee44b42d32ed"},"headline":"Obras de cobertura na escola provis\u00f3ria de Barcelos devem durar tr\u00eas semanas","datePublished":"2026-02-21T15:26:00+00:00","mainEntityOfPage":{"@id":"https:\/\/portaltela.pt\/noticias\/2026\/02\/21\/obras-de-cobertura-na-escola-provisoria-de-barcelos-devem-durar-tres-semanas\/"},"wordCount":147,"image":{"@id":"https:\/\/portaltela.pt\/noticias\/2026\/02\/21\/obras-de-cobertura-na-escola-provisoria-de-barcelos-devem-durar-tres-semanas\/#primaryimage"},"thumbnailUrl":"https:\/\/portaltela.pt\/s.01k8rhncp4jt1\/2026\/02\/image-1572.jpg","keywords":["Barcelinhos","Barcelos","bombeiros","escolas","obras","requalifica\u00e7\u00e3o urbana"],"articleSection":["Not\u00edcias"],"inLanguage":"pt-PT"},{"@type":"WebPage","@id":"https:\/\/portaltela.pt\/noticias\/2026\/02\/21\/obras-de-cobertura-na-escola-provisoria-de-barcelos-devem-durar-tres-semanas\/","url":"https:\/\/portaltela.pt\/noticias\/2026\/02\/21\/obras-de-cobertura-na-escola-provisoria-de-barcelos-devem-durar-tres-semanas\/","name":"Obras de cobertura na escola provis\u00f3ria de Barcelos devem durar tr\u00eas semanas - Portal Tela Portugal","isPartOf":{"@id":"https:\/\/portaltela.pt\/#website"},"primaryImageOfPage":{"@id":"https:\/\/portaltela.pt\/noticias\/2026\/02\/21\/obras-de-cobertura-na-escola-provisoria-de-barcelos-devem-durar-tres-semanas\/#primaryimage"},"image":{"@id":"https:\/\/portaltela.pt\/noticias\/2026\/02\/21\/obras-de-cobertura-na-escola-provisoria-de-barcelos-devem-durar-tres-semanas\/#primaryimage"},"thumbnailUrl":"https:\/\/portaltela.pt\/s.01k8rhncp4jt1\/2026\/02\/image-1572.jpg","datePublished":"2026-02-21T15:26:00+00:00","author":{"@id":"https:\/\/portaltela.pt\/#\/schema\/person\/c4278d4a6028830caff9ee44b42d32ed"},"breadcrumb":{"@id":"https:\/\/portaltela.pt\/noticias\/2026\/02\/21\/obras-de-cobertura-na-escola-provisoria-de-barcelos-devem-durar-tres-semanas\/#breadcrumb"},"inLanguage":"pt-PT","potentialAction":[{"@type":"ReadAction","target":["https:\/\/portaltela.pt\/noticias\/2026\/02\/21\/obras-de-cobertura-na-escola-provisoria-de-barcelos-devem-durar-tres-semanas\/"]}]},{"@type":"ImageObject","inLanguage":"pt-PT","@id":"https:\/\/portaltela.pt\/noticias\/2026\/02\/21\/obras-de-cobertura-na-escola-provisoria-de-barcelos-devem-durar-tres-semanas\/#primaryimage","url":"https:\/\/portaltela.pt\/s.01k8rhncp4jt1\/2026\/02\/image-1572.jpg","contentUrl":"https:\/\/portaltela.pt\/s.01k8rhncp4jt1\/2026\/02\/image-1572.jpg","width":796,"height":448,"caption":"Escola Secund\u00e1ria de Barcelinhos vai ter uma nova cobertura no recinto das instala\u00e7\u00f5es provis\u00f3rias"},{"@type":"BreadcrumbList","@id":"https:\/\/portaltela.pt\/noticias\/2026\/02\/21\/obras-de-cobertura-na-escola-provisoria-de-barcelos-devem-durar-tres-semanas\/#breadcrumb","itemListElement":[{"@type":"ListItem","position":1,"name":"In\u00edcio","item":"https:\/\/portaltela.pt\/"},{"@type":"ListItem","position":2,"name":"Obras de cobertura na escola provis\u00f3ria de Barcelos devem durar tr\u00eas semanas"}]},{"@type":"WebSite","@id":"https:\/\/portaltela.pt\/#website","url":"https:\/\/portaltela.pt\/","name":"Portal Tela Portugal","description":"","potentialAction":[{"@type":"SearchAction","target":{"@type":"EntryPoint","urlTemplate":"https:\/\/portaltela.pt\/?s={search_term_string}"},"query-input":{"@type":"PropertyValueSpecification","valueRequired":true,"valueName":"search_term_string"}}],"inLanguage":"pt-PT"},{"@type":"Person","@id":"https:\/\/portaltela.pt\/#\/schema\/person\/c4278d4a6028830caff9ee44b42d32ed","name":"Telinha","image":{"@type":"ImageObject","inLanguage":"pt-PT","@id":"https:\/\/portaltela.pt\/s.01k8rhncp4jt1\/2025\/11\/talking-bot-125x125.png","url":"https:\/\/portaltela.pt\/s.01k8rhncp4jt1\/2025\/11\/talking-bot-125x125.png","contentUrl":"https:\/\/portaltela.pt\/s.01k8rhncp4jt1\/2025\/11\/talking-bot-125x125.png","caption":"Telinha"},"sameAs":["https:\/\/portaltela.pt\/"],"url":"https:\/\/portaltela.pt\/por\/367410592786\/"}]}},"_links":{"self":[{"href":"https:\/\/portaltela.pt\/api\/wp\/v2\/posts\/220682","targetHints":{"allow":["GET"]}}],"collection":[{"href":"https:\/\/portaltela.pt\/api\/wp\/v2\/posts"}],"about":[{"href":"https:\/\/portaltela.pt\/api\/wp\/v2\/types\/post"}],"author":[{"embeddable":true,"href":"https:\/\/portaltela.pt\/api\/wp\/v2\/users\/2"}],"replies":[{"embeddable":true,"href":"https:\/\/portaltela.pt\/api\/wp\/v2\/comments?post=220682"}],"version-history":[{"count":0,"href":"https:\/\/portaltela.pt\/api\/wp\/v2\/posts\/220682\/revisions"}],"wp:featuredmedia":[{"embeddable":true,"href":"https:\/\/portaltela.pt\/api\/wp\/v2\/media\/220687"}],"wp:attachment":[{"href":"https:\/\/portaltela.pt\/api\/wp\/v2\/media?parent=220682"}],"wp:term":[{"taxonomy":"category","embeddable":true,"href":"https:\/\/portaltela.pt\/api\/wp\/v2\/categories?post=220682"},{"taxonomy":"post_tag","embeddable":true,"href":"https:\/\/portaltela.pt\/api\/wp\/v2\/tags?post=220682"}],"curies":[{"name":"wp","href":"https:\/\/api.w.org\/{rel}","templated":true}]}}