{"id":220679,"date":"2026-02-21T12:22:00","date_gmt":"2026-02-21T15:22:00","guid":{"rendered":"https:\/\/portaltela.pt\/noticias\/2026\/02\/21\/volta-ao-algarve-paul-magnier-vence-em-lagos-pela-segunda-vez\/"},"modified":"2026-02-21T12:22:00","modified_gmt":"2026-02-21T15:22:00","slug":"volta-ao-algarve-paul-magnier-vence-em-lagos-pela-segunda-vez","status":"publish","type":"post","link":"https:\/\/portaltela.pt\/desporto\/2026\/02\/21\/volta-ao-algarve-paul-magnier-vence-em-lagos-pela-segunda-vez\/","title":{"rendered":"Volta ao Algarve: Paul Magnier vence em Lagos pela segunda vez"},"content":{"rendered":"<p>Paul Magnier (Soudal) venceu a quarta etapa da Volta ao Algarve de 2026 em Lagos, repetindo o triunfo ap\u00f3s ter ganho Tavira. O sprint decorreu num pelot\u00e3o controlado, com Magnier a chegar \u00e0 frente de forma relativamente f\u00e1cil.<\/p>\n<p>Jordi Meeus (Red Bull) ficou em segundo, repetindo a posi\u00e7\u00e3o da decis\u00e3o anterior ao sprint. Santiago Mesa (Anicolor) foi o melhor entre as equipas portuguesas, ao terminar em oitavo.<\/p>\n<p>Uma queda nos \u00faltimos seis quil\u00f3metros envolveu v\u00e1rios ciclistas e marcou o desfecho da etapa. Mesas j\u00e1 tinha estado no top-10 em Tavira, mas acabou desclassificado por sprint irregular.<\/p>\n<p>Juan Ayuso (Lidl) mant\u00e9m a lideran\u00e7a na geral, aproximando-se da \u00faltima etapa. I\u00fari Leit\u00e3o (Caja Rural) foi o melhor portugu\u00eas, na 13.\u00aa posi\u00e7\u00e3o. A derradeira tirada est\u00e1 marcada para o Malh\u00e3o.<\/p>\n<h3>Desenvolvimento da prova<\/h3>\n<p>A etapa de Lagos seguiu para a \u00faltima jornada, com o pelot\u00e3o unido na chegada. A meta ser\u00e1 alcan\u00e7ada no final em subida, abrindo as decis\u00f5es da corrida.<\/p>\n","protected":false},"excerpt":{"rendered":"<ul>\n<li>O franc\u00eas Paul Magnier (Soudal) venceu a quarta etapa da Volta ao Algarve de 2026 em Lagos, repetindo o triunfo j\u00e1 conseguido na primeira etapa em Tavira.<\/li>\n<li>Magnier chegou em sprint de grupo, batendo Jordi Meeus (Red Bull), que foi segundo na decis\u00e3o anterior ao sprint.<\/li>\n<li>Santiago Mesa (Anicolor) foi o melhor entre as equipas portuguesas, ao terminar oitavo; em Tavira tamb\u00e9m esteve no top ten, mas foi desclassificado por sprint irregular.<\/li>\n<li>Uma queda nos \u00faltimos seis quil\u00f3metros marcou o final da etapa, afetando v\u00e1rios ciclistas.<\/li>\n<li>A lideran\u00e7a geral continua com Juan Ayuso (Lidl), que entra na \u00faltima etapa, que termina no Malh\u00e3o; o melhor portugu\u00eas \u00e9 I\u00fari Leit\u00e3o (Caja Rural), em 13.\u00ba.<\/li>\n<\/ul>\n","protected":false},"author":2,"featured_media":220683,"comment_status":"closed","ping_status":"closed","sticky":false,"template":"","format":"standard","meta":{"footnotes":""},"categories":[21],"tags":[928,4004,923,2303,1014,2687],"class_list":["post-220679","post","type-post","status-publish","format-standard","has-post-thumbnail","hentry","category-desporto","tag-algarve","tag-anicolor-campicarn","tag-ciclismo","tag-lagos","tag-portugal","tag-tavira"],"yoast_head":"<!-- This site is optimized with the Yoast SEO plugin v27.2 - https:\/\/yoast.com\/product\/yoast-seo-wordpress\/ -->\n<title>Volta ao Algarve: Paul Magnier vence em Lagos pela segunda vez - Portal Tela Portugal<\/title>\n<meta name=\"robots\" content=\"index, follow, max-snippet:-1, max-image-preview:large, max-video-preview:-1\" \/>\n<meta property=\"og:locale\" content=\"pt_PT\" \/>\n<meta property=\"og:type\" content=\"article\" \/>\n<meta property=\"og:title\" content=\"Volta ao Algarve: Paul Magnier vence em Lagos pela segunda vez - Portal Tela Portugal\" \/>\n<meta property=\"og:description\" content=\"O franc\u00eas Paul Magnier (Soudal) venceu a quarta etapa da Volta ao Algarve de 2026 em Lagos, repetindo o triunfo j\u00e1 conseguido na primeira etapa em Tavira. Magnier chegou em sprint de grupo, batendo Jordi Meeus (Red Bull), que foi segundo na decis\u00e3o anterior ao sprint. Santiago Mesa (Anicolor) foi o melhor entre as equipas portuguesas, ao terminar oitavo; em Tavira tamb\u00e9m esteve no top ten, mas foi desclassificado por sprint irregular. Uma queda nos \u00faltimos seis quil\u00f3metros marcou o final da etapa, afetando v\u00e1rios ciclistas. A lideran\u00e7a geral continua com Juan Ayuso (Lidl), que entra na \u00faltima etapa, que termina no Malh\u00e3o; o melhor portugu\u00eas \u00e9 I\u00fari Leit\u00e3o (Caja Rural), em 13.\u00ba.\" \/>\n<meta property=\"og:url\" content=\"https:\/\/portaltela.pt\/noticias\/2026\/02\/21\/volta-ao-algarve-paul-magnier-vence-em-lagos-pela-segunda-vez\/\" \/>\n<meta property=\"og:site_name\" content=\"Portal Tela Portugal\" \/>\n<meta property=\"article:published_time\" content=\"2026-02-21T15:22:00+00:00\" \/>\n<meta name=\"author\" content=\"Telinha\" \/>\n<meta name=\"twitter:card\" content=\"summary_large_image\" \/>\n<meta name=\"twitter:label1\" content=\"Escrito por\" \/>\n\t<meta name=\"twitter:data1\" content=\"Telinha\" \/>\n\t<meta name=\"twitter:label2\" content=\"Tempo estimado de leitura\" \/>\n\t<meta name=\"twitter:data2\" content=\"1 minuto\" \/>\n<script type=\"application\/ld+json\" class=\"yoast-schema-graph\">{\"@context\":\"https:\/\/schema.org\",\"@graph\":[{\"@type\":\"Article\",\"@id\":\"https:\/\/portaltela.pt\/noticias\/2026\/02\/21\/volta-ao-algarve-paul-magnier-vence-em-lagos-pela-segunda-vez\/#article\",\"isPartOf\":{\"@id\":\"https:\/\/portaltela.pt\/noticias\/2026\/02\/21\/volta-ao-algarve-paul-magnier-vence-em-lagos-pela-segunda-vez\/\"},\"author\":{\"name\":\"Telinha\",\"@id\":\"https:\/\/portaltela.pt\/#\/schema\/person\/c4278d4a6028830caff9ee44b42d32ed\"},\"headline\":\"Volta ao Algarve: Paul Magnier vence em Lagos pela segunda vez\",\"datePublished\":\"2026-02-21T15:22:00+00:00\",\"mainEntityOfPage\":{\"@id\":\"https:\/\/portaltela.pt\/noticias\/2026\/02\/21\/volta-ao-algarve-paul-magnier-vence-em-lagos-pela-segunda-vez\/\"},\"wordCount\":183,\"image\":{\"@id\":\"https:\/\/portaltela.pt\/noticias\/2026\/02\/21\/volta-ao-algarve-paul-magnier-vence-em-lagos-pela-segunda-vez\/#primaryimage\"},\"thumbnailUrl\":\"https:\/\/portaltela.pt\/s.01k8rhncp4jt1\/2026\/02\/img_920x518uu2026-02-21-15-08-52-2422877.jpg\",\"keywords\":[\"Algarve\",\"Anicolor-Campicarn\",\"ciclismo\",\"Lagos\",\"Portugal\",\"Tavira\"],\"articleSection\":[\"Desporto\"],\"inLanguage\":\"pt-PT\"},{\"@type\":\"WebPage\",\"@id\":\"https:\/\/portaltela.pt\/noticias\/2026\/02\/21\/volta-ao-algarve-paul-magnier-vence-em-lagos-pela-segunda-vez\/\",\"url\":\"https:\/\/portaltela.pt\/noticias\/2026\/02\/21\/volta-ao-algarve-paul-magnier-vence-em-lagos-pela-segunda-vez\/\",\"name\":\"Volta ao Algarve: Paul Magnier vence em Lagos pela segunda vez - Portal Tela Portugal\",\"isPartOf\":{\"@id\":\"https:\/\/portaltela.pt\/#website\"},\"primaryImageOfPage\":{\"@id\":\"https:\/\/portaltela.pt\/noticias\/2026\/02\/21\/volta-ao-algarve-paul-magnier-vence-em-lagos-pela-segunda-vez\/#primaryimage\"},\"image\":{\"@id\":\"https:\/\/portaltela.pt\/noticias\/2026\/02\/21\/volta-ao-algarve-paul-magnier-vence-em-lagos-pela-segunda-vez\/#primaryimage\"},\"thumbnailUrl\":\"https:\/\/portaltela.pt\/s.01k8rhncp4jt1\/2026\/02\/img_920x518uu2026-02-21-15-08-52-2422877.jpg\",\"datePublished\":\"2026-02-21T15:22:00+00:00\",\"author\":{\"@id\":\"https:\/\/portaltela.pt\/#\/schema\/person\/c4278d4a6028830caff9ee44b42d32ed\"},\"breadcrumb\":{\"@id\":\"https:\/\/portaltela.pt\/noticias\/2026\/02\/21\/volta-ao-algarve-paul-magnier-vence-em-lagos-pela-segunda-vez\/#breadcrumb\"},\"inLanguage\":\"pt-PT\",\"potentialAction\":[{\"@type\":\"ReadAction\",\"target\":[\"https:\/\/portaltela.pt\/noticias\/2026\/02\/21\/volta-ao-algarve-paul-magnier-vence-em-lagos-pela-segunda-vez\/\"]}]},{\"@type\":\"ImageObject\",\"inLanguage\":\"pt-PT\",\"@id\":\"https:\/\/portaltela.pt\/noticias\/2026\/02\/21\/volta-ao-algarve-paul-magnier-vence-em-lagos-pela-segunda-vez\/#primaryimage\",\"url\":\"https:\/\/portaltela.pt\/s.01k8rhncp4jt1\/2026\/02\/img_920x518uu2026-02-21-15-08-52-2422877.jpg\",\"contentUrl\":\"https:\/\/portaltela.pt\/s.01k8rhncp4jt1\/2026\/02\/img_920x518uu2026-02-21-15-08-52-2422877.jpg\",\"width\":796,\"height\":448,\"caption\":\"Pelot\u00e3o a caminho de Lagos\"},{\"@type\":\"BreadcrumbList\",\"@id\":\"https:\/\/portaltela.pt\/noticias\/2026\/02\/21\/volta-ao-algarve-paul-magnier-vence-em-lagos-pela-segunda-vez\/#breadcrumb\",\"itemListElement\":[{\"@type\":\"ListItem\",\"position\":1,\"name\":\"In\u00edcio\",\"item\":\"https:\/\/portaltela.pt\/\"},{\"@type\":\"ListItem\",\"position\":2,\"name\":\"Volta ao Algarve: Paul Magnier vence em Lagos pela segunda vez\"}]},{\"@type\":\"WebSite\",\"@id\":\"https:\/\/portaltela.pt\/#website\",\"url\":\"https:\/\/portaltela.pt\/\",\"name\":\"Portal Tela Portugal\",\"description\":\"\",\"potentialAction\":[{\"@type\":\"SearchAction\",\"target\":{\"@type\":\"EntryPoint\",\"urlTemplate\":\"https:\/\/portaltela.pt\/?s={search_term_string}\"},\"query-input\":{\"@type\":\"PropertyValueSpecification\",\"valueRequired\":true,\"valueName\":\"search_term_string\"}}],\"inLanguage\":\"pt-PT\"},{\"@type\":\"Person\",\"@id\":\"https:\/\/portaltela.pt\/#\/schema\/person\/c4278d4a6028830caff9ee44b42d32ed\",\"name\":\"Telinha\",\"image\":{\"@type\":\"ImageObject\",\"inLanguage\":\"pt-PT\",\"@id\":\"https:\/\/portaltela.pt\/s.01k8rhncp4jt1\/2025\/11\/talking-bot-125x125.png\",\"url\":\"https:\/\/portaltela.pt\/s.01k8rhncp4jt1\/2025\/11\/talking-bot-125x125.png\",\"contentUrl\":\"https:\/\/portaltela.pt\/s.01k8rhncp4jt1\/2025\/11\/talking-bot-125x125.png\",\"caption\":\"Telinha\"},\"sameAs\":[\"https:\/\/portaltela.pt\/\"],\"url\":\"https:\/\/portaltela.pt\/por\/367410592786\/\"}]}<\/script>\n<!-- \/ Yoast SEO plugin. -->","yoast_head_json":{"title":"Volta ao Algarve: Paul Magnier vence em Lagos pela segunda vez - Portal Tela Portugal","robots":{"index":"index","follow":"follow","max-snippet":"max-snippet:-1","max-image-preview":"max-image-preview:large","max-video-preview":"max-video-preview:-1"},"og_locale":"pt_PT","og_type":"article","og_title":"Volta ao Algarve: Paul Magnier vence em Lagos pela segunda vez - Portal Tela Portugal","og_description":"O franc\u00eas Paul Magnier (Soudal) venceu a quarta etapa da Volta ao Algarve de 2026 em Lagos, repetindo o triunfo j\u00e1 conseguido na primeira etapa em Tavira. Magnier chegou em sprint de grupo, batendo Jordi Meeus (Red Bull), que foi segundo na decis\u00e3o anterior ao sprint. Santiago Mesa (Anicolor) foi o melhor entre as equipas portuguesas, ao terminar oitavo; em Tavira tamb\u00e9m esteve no top ten, mas foi desclassificado por sprint irregular. Uma queda nos \u00faltimos seis quil\u00f3metros marcou o final da etapa, afetando v\u00e1rios ciclistas. A lideran\u00e7a geral continua com Juan Ayuso (Lidl), que entra na \u00faltima etapa, que termina no Malh\u00e3o; o melhor portugu\u00eas \u00e9 I\u00fari Leit\u00e3o (Caja Rural), em 13.\u00ba.","og_url":"https:\/\/portaltela.pt\/noticias\/2026\/02\/21\/volta-ao-algarve-paul-magnier-vence-em-lagos-pela-segunda-vez\/","og_site_name":"Portal Tela Portugal","article_published_time":"2026-02-21T15:22:00+00:00","author":"Telinha","twitter_card":"summary_large_image","twitter_misc":{"Escrito por":"Telinha","Tempo estimado de leitura":"1 minuto"},"schema":{"@context":"https:\/\/schema.org","@graph":[{"@type":"Article","@id":"https:\/\/portaltela.pt\/noticias\/2026\/02\/21\/volta-ao-algarve-paul-magnier-vence-em-lagos-pela-segunda-vez\/#article","isPartOf":{"@id":"https:\/\/portaltela.pt\/noticias\/2026\/02\/21\/volta-ao-algarve-paul-magnier-vence-em-lagos-pela-segunda-vez\/"},"author":{"name":"Telinha","@id":"https:\/\/portaltela.pt\/#\/schema\/person\/c4278d4a6028830caff9ee44b42d32ed"},"headline":"Volta ao Algarve: Paul Magnier vence em Lagos pela segunda vez","datePublished":"2026-02-21T15:22:00+00:00","mainEntityOfPage":{"@id":"https:\/\/portaltela.pt\/noticias\/2026\/02\/21\/volta-ao-algarve-paul-magnier-vence-em-lagos-pela-segunda-vez\/"},"wordCount":183,"image":{"@id":"https:\/\/portaltela.pt\/noticias\/2026\/02\/21\/volta-ao-algarve-paul-magnier-vence-em-lagos-pela-segunda-vez\/#primaryimage"},"thumbnailUrl":"https:\/\/portaltela.pt\/s.01k8rhncp4jt1\/2026\/02\/img_920x518uu2026-02-21-15-08-52-2422877.jpg","keywords":["Algarve","Anicolor-Campicarn","ciclismo","Lagos","Portugal","Tavira"],"articleSection":["Desporto"],"inLanguage":"pt-PT"},{"@type":"WebPage","@id":"https:\/\/portaltela.pt\/noticias\/2026\/02\/21\/volta-ao-algarve-paul-magnier-vence-em-lagos-pela-segunda-vez\/","url":"https:\/\/portaltela.pt\/noticias\/2026\/02\/21\/volta-ao-algarve-paul-magnier-vence-em-lagos-pela-segunda-vez\/","name":"Volta ao Algarve: Paul Magnier vence em Lagos pela segunda vez - Portal Tela Portugal","isPartOf":{"@id":"https:\/\/portaltela.pt\/#website"},"primaryImageOfPage":{"@id":"https:\/\/portaltela.pt\/noticias\/2026\/02\/21\/volta-ao-algarve-paul-magnier-vence-em-lagos-pela-segunda-vez\/#primaryimage"},"image":{"@id":"https:\/\/portaltela.pt\/noticias\/2026\/02\/21\/volta-ao-algarve-paul-magnier-vence-em-lagos-pela-segunda-vez\/#primaryimage"},"thumbnailUrl":"https:\/\/portaltela.pt\/s.01k8rhncp4jt1\/2026\/02\/img_920x518uu2026-02-21-15-08-52-2422877.jpg","datePublished":"2026-02-21T15:22:00+00:00","author":{"@id":"https:\/\/portaltela.pt\/#\/schema\/person\/c4278d4a6028830caff9ee44b42d32ed"},"breadcrumb":{"@id":"https:\/\/portaltela.pt\/noticias\/2026\/02\/21\/volta-ao-algarve-paul-magnier-vence-em-lagos-pela-segunda-vez\/#breadcrumb"},"inLanguage":"pt-PT","potentialAction":[{"@type":"ReadAction","target":["https:\/\/portaltela.pt\/noticias\/2026\/02\/21\/volta-ao-algarve-paul-magnier-vence-em-lagos-pela-segunda-vez\/"]}]},{"@type":"ImageObject","inLanguage":"pt-PT","@id":"https:\/\/portaltela.pt\/noticias\/2026\/02\/21\/volta-ao-algarve-paul-magnier-vence-em-lagos-pela-segunda-vez\/#primaryimage","url":"https:\/\/portaltela.pt\/s.01k8rhncp4jt1\/2026\/02\/img_920x518uu2026-02-21-15-08-52-2422877.jpg","contentUrl":"https:\/\/portaltela.pt\/s.01k8rhncp4jt1\/2026\/02\/img_920x518uu2026-02-21-15-08-52-2422877.jpg","width":796,"height":448,"caption":"Pelot\u00e3o a caminho de Lagos"},{"@type":"BreadcrumbList","@id":"https:\/\/portaltela.pt\/noticias\/2026\/02\/21\/volta-ao-algarve-paul-magnier-vence-em-lagos-pela-segunda-vez\/#breadcrumb","itemListElement":[{"@type":"ListItem","position":1,"name":"In\u00edcio","item":"https:\/\/portaltela.pt\/"},{"@type":"ListItem","position":2,"name":"Volta ao Algarve: Paul Magnier vence em Lagos pela segunda vez"}]},{"@type":"WebSite","@id":"https:\/\/portaltela.pt\/#website","url":"https:\/\/portaltela.pt\/","name":"Portal Tela Portugal","description":"","potentialAction":[{"@type":"SearchAction","target":{"@type":"EntryPoint","urlTemplate":"https:\/\/portaltela.pt\/?s={search_term_string}"},"query-input":{"@type":"PropertyValueSpecification","valueRequired":true,"valueName":"search_term_string"}}],"inLanguage":"pt-PT"},{"@type":"Person","@id":"https:\/\/portaltela.pt\/#\/schema\/person\/c4278d4a6028830caff9ee44b42d32ed","name":"Telinha","image":{"@type":"ImageObject","inLanguage":"pt-PT","@id":"https:\/\/portaltela.pt\/s.01k8rhncp4jt1\/2025\/11\/talking-bot-125x125.png","url":"https:\/\/portaltela.pt\/s.01k8rhncp4jt1\/2025\/11\/talking-bot-125x125.png","contentUrl":"https:\/\/portaltela.pt\/s.01k8rhncp4jt1\/2025\/11\/talking-bot-125x125.png","caption":"Telinha"},"sameAs":["https:\/\/portaltela.pt\/"],"url":"https:\/\/portaltela.pt\/por\/367410592786\/"}]}},"_links":{"self":[{"href":"https:\/\/portaltela.pt\/api\/wp\/v2\/posts\/220679","targetHints":{"allow":["GET"]}}],"collection":[{"href":"https:\/\/portaltela.pt\/api\/wp\/v2\/posts"}],"about":[{"href":"https:\/\/portaltela.pt\/api\/wp\/v2\/types\/post"}],"author":[{"embeddable":true,"href":"https:\/\/portaltela.pt\/api\/wp\/v2\/users\/2"}],"replies":[{"embeddable":true,"href":"https:\/\/portaltela.pt\/api\/wp\/v2\/comments?post=220679"}],"version-history":[{"count":0,"href":"https:\/\/portaltela.pt\/api\/wp\/v2\/posts\/220679\/revisions"}],"wp:featuredmedia":[{"embeddable":true,"href":"https:\/\/portaltela.pt\/api\/wp\/v2\/media\/220683"}],"wp:attachment":[{"href":"https:\/\/portaltela.pt\/api\/wp\/v2\/media?parent=220679"}],"wp:term":[{"taxonomy":"category","embeddable":true,"href":"https:\/\/portaltela.pt\/api\/wp\/v2\/categories?post=220679"},{"taxonomy":"post_tag","embeddable":true,"href":"https:\/\/portaltela.pt\/api\/wp\/v2\/tags?post=220679"}],"curies":[{"name":"wp","href":"https:\/\/api.w.org\/{rel}","templated":true}]}}