{"id":220666,"date":"2026-02-21T12:01:00","date_gmt":"2026-02-21T15:01:00","guid":{"rendered":"https:\/\/portaltela.pt\/noticias\/2026\/02\/21\/homem-que-esfaqueou-companheiro-de-casa-em-braga-fica-na-cadeia\/"},"modified":"2026-02-21T12:01:00","modified_gmt":"2026-02-21T15:01:00","slug":"homem-que-esfaqueou-companheiro-de-casa-em-braga-fica-na-cadeia","status":"publish","type":"post","link":"https:\/\/portaltela.pt\/noticias\/2026\/02\/21\/homem-que-esfaqueou-companheiro-de-casa-em-braga-fica-na-cadeia\/","title":{"rendered":"Homem que esfaqueou companheiro de casa em Braga fica na cadeia"},"content":{"rendered":"<p>Foi detido, em Braga, o homem de 60 anos que esfaqueou o companheiro de casa no bairro das Enguardas. O ataque ocorreu ontem \u00e0 noite, no apartamento social arrendado pela C\u00e1ritas de Braga. O agressor utilizou uma faca de serrilha para ferir a v\u00edtima no pesco\u00e7o e depois fechou-se no quarto.<\/p>\n<p>A v\u00edtima, de 35 anos, sofreu uma perfura\u00e7\u00e3o na traqueia. Conseguiu comprimir o ferimento com uma pe\u00e7a de roupa at\u00e9 \u00e0 chegada dos meios de socorro. Foi transportada para o Hospital de Braga, onde foi operada e permanece em recupera\u00e7\u00e3o; o estado de sa\u00fade \u00e9 est\u00e1vel.<\/p>\n<p>Os dois homens partilhavam o apartamento h\u00e1 v\u00e1rias semanas e viviam num ambiente de conflito. Durante o jantar de ontem, por volta das 20h45, teve lugar a discuss\u00e3o que degenerou em agress\u00e3o. Colegas de casa e um vizinho alertaram as autoridades.<\/p>\n<p>A Pol\u00edcia Judici\u00e1ria (PJ) de Braga deteve o agressor, que foi apresentado ao juiz de turno no Tribunal de Guimar\u00e3es. O magistrado ordenou a sua pris\u00e3o preventiva, com a v\u00edtima a permanecer sob actually tratamento no hospital. A investiga\u00e7\u00e3o continua a apurar as circunst\u00e2ncias do crime.<\/p>\n","protected":false},"excerpt":{"rendered":"<ul>\n<li>O homem de 60 anos, que esfaqueou no pesco\u00e7o um morador de um apartamento social partilhado no bairro das Enguardas, permanece em pris\u00e3o preventiva em Braga, \u00e0 espera de julgamento.<\/li>\n<li>A v\u00edtima, de 35 anos, foi atingida na traqueia com uma faca de serrilha durante uma discuss\u00e3o no jantar, sofreu cirurgia no Hospital de Braga e j\u00e1 n\u00e3o corre risco de vida.<\/li>\n<li>Os dois ocupavam o apartamento, arrendado pela C\u00e1ritas de Braga, e j\u00e1 existiam conflitos graves entre eles nas \u00faltimas semanas.<\/li>\n<\/ul>\n<p>\u2022Ap\u00f3s o ataque, o agressor fechou-se no quarto; foi encontrado pela PSP e detido pela Pol\u00edcia Judici\u00e1ria de Braga, mantendo-se na cadeia de Braga.<\/p>\n<ul>\n<li>O juiz de turno que ouviu o agressor em primeiro interrogat\u00f3rio ordenou a pris\u00e3o preventiva.<\/li>\n<\/ul>\n","protected":false},"author":2,"featured_media":220667,"comment_status":"closed","ping_status":"closed","sticky":false,"template":"","format":"standard","meta":{"footnotes":""},"categories":[1],"tags":[2754,1207,5952,147,1345,1802],"class_list":["post-220666","post","type-post","status-publish","format-standard","has-post-thumbnail","hentry","category-noticias","tag-agressao","tag-braga","tag-caritas-diocesana","tag-crime","tag-homicidio","tag-policia-judiciaria"],"yoast_head":"<!-- This site is optimized with the Yoast SEO plugin v27.2 - https:\/\/yoast.com\/product\/yoast-seo-wordpress\/ -->\n<title>Homem que esfaqueou companheiro de casa em Braga fica na cadeia - Portal Tela Portugal<\/title>\n<meta name=\"robots\" content=\"index, follow, max-snippet:-1, max-image-preview:large, max-video-preview:-1\" \/>\n<meta property=\"og:locale\" content=\"pt_PT\" \/>\n<meta property=\"og:type\" content=\"article\" \/>\n<meta property=\"og:title\" content=\"Homem que esfaqueou companheiro de casa em Braga fica na cadeia - Portal Tela Portugal\" \/>\n<meta property=\"og:description\" content=\"O homem de 60 anos, que esfaqueou no pesco\u00e7o um morador de um apartamento social partilhado no bairro das Enguardas, permanece em pris\u00e3o preventiva em Braga, \u00e0 espera de julgamento. A v\u00edtima, de 35 anos, foi atingida na traqueia com uma faca de serrilha durante uma discuss\u00e3o no jantar, sofreu cirurgia no Hospital de Braga e j\u00e1 n\u00e3o corre risco de vida. Os dois ocupavam o apartamento, arrendado pela C\u00e1ritas de Braga, e j\u00e1 existiam conflitos graves entre eles nas \u00faltimas semanas. \u2022Ap\u00f3s o ataque, o agressor fechou-se no quarto; foi encontrado pela PSP e detido pela Pol\u00edcia Judici\u00e1ria de Braga, mantendo-se na cadeia de Braga. O juiz de turno que ouviu o agressor em primeiro interrogat\u00f3rio ordenou a pris\u00e3o preventiva.\" \/>\n<meta property=\"og:url\" content=\"https:\/\/portaltela.pt\/noticias\/2026\/02\/21\/homem-que-esfaqueou-companheiro-de-casa-em-braga-fica-na-cadeia\/\" \/>\n<meta property=\"og:site_name\" content=\"Portal Tela Portugal\" \/>\n<meta property=\"article:published_time\" content=\"2026-02-21T15:01:00+00:00\" \/>\n<meta name=\"author\" content=\"Telinha\" \/>\n<meta name=\"twitter:card\" content=\"summary_large_image\" \/>\n<meta name=\"twitter:label1\" content=\"Escrito por\" \/>\n\t<meta name=\"twitter:data1\" content=\"Telinha\" \/>\n\t<meta name=\"twitter:label2\" content=\"Tempo estimado de leitura\" \/>\n\t<meta name=\"twitter:data2\" content=\"1 minuto\" \/>\n<script type=\"application\/ld+json\" class=\"yoast-schema-graph\">{\"@context\":\"https:\/\/schema.org\",\"@graph\":[{\"@type\":\"Article\",\"@id\":\"https:\/\/portaltela.pt\/noticias\/2026\/02\/21\/homem-que-esfaqueou-companheiro-de-casa-em-braga-fica-na-cadeia\/#article\",\"isPartOf\":{\"@id\":\"https:\/\/portaltela.pt\/noticias\/2026\/02\/21\/homem-que-esfaqueou-companheiro-de-casa-em-braga-fica-na-cadeia\/\"},\"author\":{\"name\":\"Telinha\",\"@id\":\"https:\/\/portaltela.pt\/#\/schema\/person\/c4278d4a6028830caff9ee44b42d32ed\"},\"headline\":\"Homem que esfaqueou companheiro de casa em Braga fica na cadeia\",\"datePublished\":\"2026-02-21T15:01:00+00:00\",\"mainEntityOfPage\":{\"@id\":\"https:\/\/portaltela.pt\/noticias\/2026\/02\/21\/homem-que-esfaqueou-companheiro-de-casa-em-braga-fica-na-cadeia\/\"},\"wordCount\":209,\"image\":{\"@id\":\"https:\/\/portaltela.pt\/noticias\/2026\/02\/21\/homem-que-esfaqueou-companheiro-de-casa-em-braga-fica-na-cadeia\/#primaryimage\"},\"thumbnailUrl\":\"https:\/\/portaltela.pt\/s.01k8rhncp4jt1\/2026\/02\/img_1500x1000uu2023-10-04-00-53-56-1458333.jpg\",\"keywords\":[\"agress\u00e3o\",\"Braga\",\"C\u00e1ritas Diocesana\",\"crime\",\"homic\u00eddio\",\"Pol\u00edcia Judici\u00e1ria\"],\"articleSection\":[\"Not\u00edcias\"],\"inLanguage\":\"pt-PT\"},{\"@type\":\"WebPage\",\"@id\":\"https:\/\/portaltela.pt\/noticias\/2026\/02\/21\/homem-que-esfaqueou-companheiro-de-casa-em-braga-fica-na-cadeia\/\",\"url\":\"https:\/\/portaltela.pt\/noticias\/2026\/02\/21\/homem-que-esfaqueou-companheiro-de-casa-em-braga-fica-na-cadeia\/\",\"name\":\"Homem que esfaqueou companheiro de casa em Braga fica na cadeia - Portal Tela Portugal\",\"isPartOf\":{\"@id\":\"https:\/\/portaltela.pt\/#website\"},\"primaryImageOfPage\":{\"@id\":\"https:\/\/portaltela.pt\/noticias\/2026\/02\/21\/homem-que-esfaqueou-companheiro-de-casa-em-braga-fica-na-cadeia\/#primaryimage\"},\"image\":{\"@id\":\"https:\/\/portaltela.pt\/noticias\/2026\/02\/21\/homem-que-esfaqueou-companheiro-de-casa-em-braga-fica-na-cadeia\/#primaryimage\"},\"thumbnailUrl\":\"https:\/\/portaltela.pt\/s.01k8rhncp4jt1\/2026\/02\/img_1500x1000uu2023-10-04-00-53-56-1458333.jpg\",\"datePublished\":\"2026-02-21T15:01:00+00:00\",\"author\":{\"@id\":\"https:\/\/portaltela.pt\/#\/schema\/person\/c4278d4a6028830caff9ee44b42d32ed\"},\"breadcrumb\":{\"@id\":\"https:\/\/portaltela.pt\/noticias\/2026\/02\/21\/homem-que-esfaqueou-companheiro-de-casa-em-braga-fica-na-cadeia\/#breadcrumb\"},\"inLanguage\":\"pt-PT\",\"potentialAction\":[{\"@type\":\"ReadAction\",\"target\":[\"https:\/\/portaltela.pt\/noticias\/2026\/02\/21\/homem-que-esfaqueou-companheiro-de-casa-em-braga-fica-na-cadeia\/\"]}]},{\"@type\":\"ImageObject\",\"inLanguage\":\"pt-PT\",\"@id\":\"https:\/\/portaltela.pt\/noticias\/2026\/02\/21\/homem-que-esfaqueou-companheiro-de-casa-em-braga-fica-na-cadeia\/#primaryimage\",\"url\":\"https:\/\/portaltela.pt\/s.01k8rhncp4jt1\/2026\/02\/img_1500x1000uu2023-10-04-00-53-56-1458333.jpg\",\"contentUrl\":\"https:\/\/portaltela.pt\/s.01k8rhncp4jt1\/2026\/02\/img_1500x1000uu2023-10-04-00-53-56-1458333.jpg\",\"width\":796,\"height\":448,\"caption\":\"Homem que esfaqueou companheiro de casa em Braga fica na cadeia\"},{\"@type\":\"BreadcrumbList\",\"@id\":\"https:\/\/portaltela.pt\/noticias\/2026\/02\/21\/homem-que-esfaqueou-companheiro-de-casa-em-braga-fica-na-cadeia\/#breadcrumb\",\"itemListElement\":[{\"@type\":\"ListItem\",\"position\":1,\"name\":\"In\u00edcio\",\"item\":\"https:\/\/portaltela.pt\/\"},{\"@type\":\"ListItem\",\"position\":2,\"name\":\"Homem que esfaqueou companheiro de casa em Braga fica na cadeia\"}]},{\"@type\":\"WebSite\",\"@id\":\"https:\/\/portaltela.pt\/#website\",\"url\":\"https:\/\/portaltela.pt\/\",\"name\":\"Portal Tela Portugal\",\"description\":\"\",\"potentialAction\":[{\"@type\":\"SearchAction\",\"target\":{\"@type\":\"EntryPoint\",\"urlTemplate\":\"https:\/\/portaltela.pt\/?s={search_term_string}\"},\"query-input\":{\"@type\":\"PropertyValueSpecification\",\"valueRequired\":true,\"valueName\":\"search_term_string\"}}],\"inLanguage\":\"pt-PT\"},{\"@type\":\"Person\",\"@id\":\"https:\/\/portaltela.pt\/#\/schema\/person\/c4278d4a6028830caff9ee44b42d32ed\",\"name\":\"Telinha\",\"image\":{\"@type\":\"ImageObject\",\"inLanguage\":\"pt-PT\",\"@id\":\"https:\/\/portaltela.pt\/s.01k8rhncp4jt1\/2025\/11\/talking-bot-125x125.png\",\"url\":\"https:\/\/portaltela.pt\/s.01k8rhncp4jt1\/2025\/11\/talking-bot-125x125.png\",\"contentUrl\":\"https:\/\/portaltela.pt\/s.01k8rhncp4jt1\/2025\/11\/talking-bot-125x125.png\",\"caption\":\"Telinha\"},\"sameAs\":[\"https:\/\/portaltela.pt\/\"],\"url\":\"https:\/\/portaltela.pt\/por\/367410592786\/\"}]}<\/script>\n<!-- \/ Yoast SEO plugin. -->","yoast_head_json":{"title":"Homem que esfaqueou companheiro de casa em Braga fica na cadeia - Portal Tela Portugal","robots":{"index":"index","follow":"follow","max-snippet":"max-snippet:-1","max-image-preview":"max-image-preview:large","max-video-preview":"max-video-preview:-1"},"og_locale":"pt_PT","og_type":"article","og_title":"Homem que esfaqueou companheiro de casa em Braga fica na cadeia - Portal Tela Portugal","og_description":"O homem de 60 anos, que esfaqueou no pesco\u00e7o um morador de um apartamento social partilhado no bairro das Enguardas, permanece em pris\u00e3o preventiva em Braga, \u00e0 espera de julgamento. A v\u00edtima, de 35 anos, foi atingida na traqueia com uma faca de serrilha durante uma discuss\u00e3o no jantar, sofreu cirurgia no Hospital de Braga e j\u00e1 n\u00e3o corre risco de vida. Os dois ocupavam o apartamento, arrendado pela C\u00e1ritas de Braga, e j\u00e1 existiam conflitos graves entre eles nas \u00faltimas semanas. \u2022Ap\u00f3s o ataque, o agressor fechou-se no quarto; foi encontrado pela PSP e detido pela Pol\u00edcia Judici\u00e1ria de Braga, mantendo-se na cadeia de Braga. O juiz de turno que ouviu o agressor em primeiro interrogat\u00f3rio ordenou a pris\u00e3o preventiva.","og_url":"https:\/\/portaltela.pt\/noticias\/2026\/02\/21\/homem-que-esfaqueou-companheiro-de-casa-em-braga-fica-na-cadeia\/","og_site_name":"Portal Tela Portugal","article_published_time":"2026-02-21T15:01:00+00:00","author":"Telinha","twitter_card":"summary_large_image","twitter_misc":{"Escrito por":"Telinha","Tempo estimado de leitura":"1 minuto"},"schema":{"@context":"https:\/\/schema.org","@graph":[{"@type":"Article","@id":"https:\/\/portaltela.pt\/noticias\/2026\/02\/21\/homem-que-esfaqueou-companheiro-de-casa-em-braga-fica-na-cadeia\/#article","isPartOf":{"@id":"https:\/\/portaltela.pt\/noticias\/2026\/02\/21\/homem-que-esfaqueou-companheiro-de-casa-em-braga-fica-na-cadeia\/"},"author":{"name":"Telinha","@id":"https:\/\/portaltela.pt\/#\/schema\/person\/c4278d4a6028830caff9ee44b42d32ed"},"headline":"Homem que esfaqueou companheiro de casa em Braga fica na cadeia","datePublished":"2026-02-21T15:01:00+00:00","mainEntityOfPage":{"@id":"https:\/\/portaltela.pt\/noticias\/2026\/02\/21\/homem-que-esfaqueou-companheiro-de-casa-em-braga-fica-na-cadeia\/"},"wordCount":209,"image":{"@id":"https:\/\/portaltela.pt\/noticias\/2026\/02\/21\/homem-que-esfaqueou-companheiro-de-casa-em-braga-fica-na-cadeia\/#primaryimage"},"thumbnailUrl":"https:\/\/portaltela.pt\/s.01k8rhncp4jt1\/2026\/02\/img_1500x1000uu2023-10-04-00-53-56-1458333.jpg","keywords":["agress\u00e3o","Braga","C\u00e1ritas Diocesana","crime","homic\u00eddio","Pol\u00edcia Judici\u00e1ria"],"articleSection":["Not\u00edcias"],"inLanguage":"pt-PT"},{"@type":"WebPage","@id":"https:\/\/portaltela.pt\/noticias\/2026\/02\/21\/homem-que-esfaqueou-companheiro-de-casa-em-braga-fica-na-cadeia\/","url":"https:\/\/portaltela.pt\/noticias\/2026\/02\/21\/homem-que-esfaqueou-companheiro-de-casa-em-braga-fica-na-cadeia\/","name":"Homem que esfaqueou companheiro de casa em Braga fica na cadeia - Portal Tela Portugal","isPartOf":{"@id":"https:\/\/portaltela.pt\/#website"},"primaryImageOfPage":{"@id":"https:\/\/portaltela.pt\/noticias\/2026\/02\/21\/homem-que-esfaqueou-companheiro-de-casa-em-braga-fica-na-cadeia\/#primaryimage"},"image":{"@id":"https:\/\/portaltela.pt\/noticias\/2026\/02\/21\/homem-que-esfaqueou-companheiro-de-casa-em-braga-fica-na-cadeia\/#primaryimage"},"thumbnailUrl":"https:\/\/portaltela.pt\/s.01k8rhncp4jt1\/2026\/02\/img_1500x1000uu2023-10-04-00-53-56-1458333.jpg","datePublished":"2026-02-21T15:01:00+00:00","author":{"@id":"https:\/\/portaltela.pt\/#\/schema\/person\/c4278d4a6028830caff9ee44b42d32ed"},"breadcrumb":{"@id":"https:\/\/portaltela.pt\/noticias\/2026\/02\/21\/homem-que-esfaqueou-companheiro-de-casa-em-braga-fica-na-cadeia\/#breadcrumb"},"inLanguage":"pt-PT","potentialAction":[{"@type":"ReadAction","target":["https:\/\/portaltela.pt\/noticias\/2026\/02\/21\/homem-que-esfaqueou-companheiro-de-casa-em-braga-fica-na-cadeia\/"]}]},{"@type":"ImageObject","inLanguage":"pt-PT","@id":"https:\/\/portaltela.pt\/noticias\/2026\/02\/21\/homem-que-esfaqueou-companheiro-de-casa-em-braga-fica-na-cadeia\/#primaryimage","url":"https:\/\/portaltela.pt\/s.01k8rhncp4jt1\/2026\/02\/img_1500x1000uu2023-10-04-00-53-56-1458333.jpg","contentUrl":"https:\/\/portaltela.pt\/s.01k8rhncp4jt1\/2026\/02\/img_1500x1000uu2023-10-04-00-53-56-1458333.jpg","width":796,"height":448,"caption":"Homem que esfaqueou companheiro de casa em Braga fica na cadeia"},{"@type":"BreadcrumbList","@id":"https:\/\/portaltela.pt\/noticias\/2026\/02\/21\/homem-que-esfaqueou-companheiro-de-casa-em-braga-fica-na-cadeia\/#breadcrumb","itemListElement":[{"@type":"ListItem","position":1,"name":"In\u00edcio","item":"https:\/\/portaltela.pt\/"},{"@type":"ListItem","position":2,"name":"Homem que esfaqueou companheiro de casa em Braga fica na cadeia"}]},{"@type":"WebSite","@id":"https:\/\/portaltela.pt\/#website","url":"https:\/\/portaltela.pt\/","name":"Portal Tela Portugal","description":"","potentialAction":[{"@type":"SearchAction","target":{"@type":"EntryPoint","urlTemplate":"https:\/\/portaltela.pt\/?s={search_term_string}"},"query-input":{"@type":"PropertyValueSpecification","valueRequired":true,"valueName":"search_term_string"}}],"inLanguage":"pt-PT"},{"@type":"Person","@id":"https:\/\/portaltela.pt\/#\/schema\/person\/c4278d4a6028830caff9ee44b42d32ed","name":"Telinha","image":{"@type":"ImageObject","inLanguage":"pt-PT","@id":"https:\/\/portaltela.pt\/s.01k8rhncp4jt1\/2025\/11\/talking-bot-125x125.png","url":"https:\/\/portaltela.pt\/s.01k8rhncp4jt1\/2025\/11\/talking-bot-125x125.png","contentUrl":"https:\/\/portaltela.pt\/s.01k8rhncp4jt1\/2025\/11\/talking-bot-125x125.png","caption":"Telinha"},"sameAs":["https:\/\/portaltela.pt\/"],"url":"https:\/\/portaltela.pt\/por\/367410592786\/"}]}},"_links":{"self":[{"href":"https:\/\/portaltela.pt\/api\/wp\/v2\/posts\/220666","targetHints":{"allow":["GET"]}}],"collection":[{"href":"https:\/\/portaltela.pt\/api\/wp\/v2\/posts"}],"about":[{"href":"https:\/\/portaltela.pt\/api\/wp\/v2\/types\/post"}],"author":[{"embeddable":true,"href":"https:\/\/portaltela.pt\/api\/wp\/v2\/users\/2"}],"replies":[{"embeddable":true,"href":"https:\/\/portaltela.pt\/api\/wp\/v2\/comments?post=220666"}],"version-history":[{"count":0,"href":"https:\/\/portaltela.pt\/api\/wp\/v2\/posts\/220666\/revisions"}],"wp:featuredmedia":[{"embeddable":true,"href":"https:\/\/portaltela.pt\/api\/wp\/v2\/media\/220667"}],"wp:attachment":[{"href":"https:\/\/portaltela.pt\/api\/wp\/v2\/media?parent=220666"}],"wp:term":[{"taxonomy":"category","embeddable":true,"href":"https:\/\/portaltela.pt\/api\/wp\/v2\/categories?post=220666"},{"taxonomy":"post_tag","embeddable":true,"href":"https:\/\/portaltela.pt\/api\/wp\/v2\/tags?post=220666"}],"curies":[{"name":"wp","href":"https:\/\/api.w.org\/{rel}","templated":true}]}}