{"id":220655,"date":"2026-02-21T11:54:16","date_gmt":"2026-02-21T14:54:16","guid":{"rendered":"https:\/\/portaltela.pt\/noticias\/2026\/02\/21\/sindicato-acusa-uls-alto-ave-de-imposicao-de-horas-extras-nos-centros-de-saude\/"},"modified":"2026-02-21T11:54:16","modified_gmt":"2026-02-21T14:54:16","slug":"sindicato-acusa-uls-alto-ave-de-imposicao-de-horas-extras-nos-centros-de-saude","status":"publish","type":"post","link":"https:\/\/portaltela.pt\/noticias\/2026\/02\/21\/sindicato-acusa-uls-alto-ave-de-imposicao-de-horas-extras-nos-centros-de-saude\/","title":{"rendered":"Sindicato acusa ULS Alto Ave de imposi\u00e7\u00e3o de horas extras nos centros de sa\u00fade"},"content":{"rendered":"<p>O sindicato dos profissionais de sa\u00fade da ULS Alto Ave acusa a administra\u00e7\u00e3o de impor trabalho suplementar nos centros de sa\u00fade da regi\u00e3o. A queixa baseia-se na suposta viola\u00e7\u00e3o de direitos dos trabalhadores e no impacto negativo na qualidade do atendimento. A informa\u00e7\u00e3o foi tornada p\u00fablica esta semana pelos representantes sindicais.<\/p>\n<p>Segundo os representantes, a imposi\u00e7\u00e3o de turnos adicionais est\u00e1 a provocar desgaste f\u00edsico e psicol\u00f3gico entre os profissionais, agravando a concilia\u00e7\u00e3o entre vida profissional e pessoal. O sindicato informou que pretende manter a greve j\u00e1 convocada at\u00e9 30 de junho caso n\u00e3o haja negocia\u00e7\u00e3o de acordos que satisfa\u00e7am as reivindica\u00e7\u00f5es.<\/p>\n<p>A administra\u00e7\u00e3o da ULS Alto Ave ainda n\u00e3o respondeu oficialmente \u00e0s acusa\u00e7\u00f5es. A posi\u00e7\u00e3o do organismo \u00e9 de manter o di\u00e1logo, com o objetivo de assegurar a continuidade dos servi\u00e7os essenciais. A situa\u00e7\u00e3o tem gerado tens\u00e3o entre trabalhadores e gest\u00e3o da rede de cuidados de sa\u00fade prim\u00e1rios.<\/p>\n<p>A greve, defendida pelo sindicato, pretende melhorar condi\u00e7\u00f5es de trabalho, remunera\u00e7\u00e3o adequada e o respeito pelos direitos laborais. Autoridades de sa\u00fade e comunidade local acompanham o desfecho, com expectativa de uma solu\u00e7\u00e3o que garanta atendimento de qualidade.<\/p>\n<p>A ULS Alto Ave \u00e9 respons\u00e1vel por v\u00e1rios centros de sa\u00fade na regi\u00e3o, servindo uma popula\u00e7\u00e3o significativa. A administra\u00e7\u00e3o afirma estar aberta a negocia\u00e7\u00f5es para evitar interrup\u00e7\u00f5es no servi\u00e7o. Novas informa\u00e7\u00f5es devem ser divulgadas pelas partes envolvidas assim que houver desenvolvimentos.<\/p>\n","protected":false},"excerpt":{"rendered":"<ul>\n<li>O sindicato dos profissionais de sa\u00fade da ULS Alto Ave acusa a administra\u00e7\u00e3o de impor trabalho suplementar nos centros de sa\u00fade da regi\u00e3o.<\/li>\n<li>Alega-se que a medida viola direitos dos trabalhadores e compromete a qualidade do atendimento \u00e0 popula\u00e7\u00e3o.<\/li>\n<li>O desgaste f\u00edsico e psicol\u00f3gico dos profissionais \u00e9 apontado como consequ\u00eancia da imposi\u00e7\u00e3o, dificultando a concilia\u00e7\u00e3o entre vida profissional e pessoal.<\/li>\n<li>A greve est\u00e1 confirmada at\u00e9 30 de junho caso n\u00e3o haja negocia\u00e7\u00f5es que atendam \u00e0s reivindica\u00e7\u00f5es.<\/li>\n<li>A administra\u00e7\u00e3o diz estar aberta ao di\u00e1logo e ainda n\u00e3o se pronuncia oficialmente sobre as acusa\u00e7\u00f5es, enquanto a situa\u00e7\u00e3o permanece em desenvolvimento.<\/li>\n<\/ul>\n","protected":false},"author":2,"featured_media":220658,"comment_status":"closed","ping_status":"closed","sticky":false,"template":"","format":"standard","meta":{"footnotes":""},"categories":[1],"tags":[168,1773,1164,271,2841,2201],"class_list":["post-220655","post","type-post","status-publish","format-standard","has-post-thumbnail","hentry","category-noticias","tag-administracao-publica","tag-alto-ave","tag-greve","tag-saude-publica","tag-trabalhadores","tag-trabalho"],"yoast_head":"<!-- This site is optimized with the Yoast SEO plugin v27.2 - https:\/\/yoast.com\/product\/yoast-seo-wordpress\/ -->\n<title>Sindicato acusa ULS Alto Ave de imposi\u00e7\u00e3o de horas extras nos centros de sa\u00fade - Portal Tela Portugal<\/title>\n<meta name=\"robots\" content=\"index, follow, max-snippet:-1, max-image-preview:large, max-video-preview:-1\" \/>\n<meta property=\"og:locale\" content=\"pt_PT\" \/>\n<meta property=\"og:type\" content=\"article\" \/>\n<meta property=\"og:title\" content=\"Sindicato acusa ULS Alto Ave de imposi\u00e7\u00e3o de horas extras nos centros de sa\u00fade - Portal Tela Portugal\" \/>\n<meta property=\"og:description\" content=\"O sindicato dos profissionais de sa\u00fade da ULS Alto Ave acusa a administra\u00e7\u00e3o de impor trabalho suplementar nos centros de sa\u00fade da regi\u00e3o. Alega-se que a medida viola direitos dos trabalhadores e compromete a qualidade do atendimento \u00e0 popula\u00e7\u00e3o. O desgaste f\u00edsico e psicol\u00f3gico dos profissionais \u00e9 apontado como consequ\u00eancia da imposi\u00e7\u00e3o, dificultando a concilia\u00e7\u00e3o entre vida profissional e pessoal. A greve est\u00e1 confirmada at\u00e9 30 de junho caso n\u00e3o haja negocia\u00e7\u00f5es que atendam \u00e0s reivindica\u00e7\u00f5es. A administra\u00e7\u00e3o diz estar aberta ao di\u00e1logo e ainda n\u00e3o se pronuncia oficialmente sobre as acusa\u00e7\u00f5es, enquanto a situa\u00e7\u00e3o permanece em desenvolvimento.\" \/>\n<meta property=\"og:url\" content=\"https:\/\/portaltela.pt\/noticias\/2026\/02\/21\/sindicato-acusa-uls-alto-ave-de-imposicao-de-horas-extras-nos-centros-de-saude\/\" \/>\n<meta property=\"og:site_name\" content=\"Portal Tela Portugal\" \/>\n<meta property=\"article:published_time\" content=\"2026-02-21T14:54:16+00:00\" \/>\n<meta name=\"author\" content=\"Telinha\" \/>\n<meta name=\"twitter:card\" content=\"summary_large_image\" \/>\n<meta name=\"twitter:label1\" content=\"Escrito por\" \/>\n\t<meta name=\"twitter:data1\" content=\"Telinha\" \/>\n\t<meta name=\"twitter:label2\" content=\"Tempo estimado de leitura\" \/>\n\t<meta name=\"twitter:data2\" content=\"1 minuto\" \/>\n<script type=\"application\/ld+json\" class=\"yoast-schema-graph\">{\"@context\":\"https:\/\/schema.org\",\"@graph\":[{\"@type\":\"Article\",\"@id\":\"https:\/\/portaltela.pt\/noticias\/2026\/02\/21\/sindicato-acusa-uls-alto-ave-de-imposicao-de-horas-extras-nos-centros-de-saude\/#article\",\"isPartOf\":{\"@id\":\"https:\/\/portaltela.pt\/noticias\/2026\/02\/21\/sindicato-acusa-uls-alto-ave-de-imposicao-de-horas-extras-nos-centros-de-saude\/\"},\"author\":{\"name\":\"Telinha\",\"@id\":\"https:\/\/portaltela.pt\/#\/schema\/person\/c4278d4a6028830caff9ee44b42d32ed\"},\"headline\":\"Sindicato acusa ULS Alto Ave de imposi\u00e7\u00e3o de horas extras nos centros de sa\u00fade\",\"datePublished\":\"2026-02-21T14:54:16+00:00\",\"mainEntityOfPage\":{\"@id\":\"https:\/\/portaltela.pt\/noticias\/2026\/02\/21\/sindicato-acusa-uls-alto-ave-de-imposicao-de-horas-extras-nos-centros-de-saude\/\"},\"wordCount\":279,\"image\":{\"@id\":\"https:\/\/portaltela.pt\/noticias\/2026\/02\/21\/sindicato-acusa-uls-alto-ave-de-imposicao-de-horas-extras-nos-centros-de-saude\/#primaryimage\"},\"thumbnailUrl\":\"https:\/\/portaltela.pt\/s.01k8rhncp4jt1\/2026\/02\/img_1280x722uu2026-02-21-12-30-54-2268132.jpg\",\"keywords\":[\"administra\u00e7\u00e3o p\u00fablica\",\"Alto Ave\",\"greve\",\"sa\u00fade p\u00fablica\",\"trabalhadores\",\"trabalho\"],\"articleSection\":[\"Not\u00edcias\"],\"inLanguage\":\"pt-PT\"},{\"@type\":\"WebPage\",\"@id\":\"https:\/\/portaltela.pt\/noticias\/2026\/02\/21\/sindicato-acusa-uls-alto-ave-de-imposicao-de-horas-extras-nos-centros-de-saude\/\",\"url\":\"https:\/\/portaltela.pt\/noticias\/2026\/02\/21\/sindicato-acusa-uls-alto-ave-de-imposicao-de-horas-extras-nos-centros-de-saude\/\",\"name\":\"Sindicato acusa ULS Alto Ave de imposi\u00e7\u00e3o de horas extras nos centros de sa\u00fade - Portal Tela Portugal\",\"isPartOf\":{\"@id\":\"https:\/\/portaltela.pt\/#website\"},\"primaryImageOfPage\":{\"@id\":\"https:\/\/portaltela.pt\/noticias\/2026\/02\/21\/sindicato-acusa-uls-alto-ave-de-imposicao-de-horas-extras-nos-centros-de-saude\/#primaryimage\"},\"image\":{\"@id\":\"https:\/\/portaltela.pt\/noticias\/2026\/02\/21\/sindicato-acusa-uls-alto-ave-de-imposicao-de-horas-extras-nos-centros-de-saude\/#primaryimage\"},\"thumbnailUrl\":\"https:\/\/portaltela.pt\/s.01k8rhncp4jt1\/2026\/02\/img_1280x722uu2026-02-21-12-30-54-2268132.jpg\",\"datePublished\":\"2026-02-21T14:54:16+00:00\",\"author\":{\"@id\":\"https:\/\/portaltela.pt\/#\/schema\/person\/c4278d4a6028830caff9ee44b42d32ed\"},\"breadcrumb\":{\"@id\":\"https:\/\/portaltela.pt\/noticias\/2026\/02\/21\/sindicato-acusa-uls-alto-ave-de-imposicao-de-horas-extras-nos-centros-de-saude\/#breadcrumb\"},\"inLanguage\":\"pt-PT\",\"potentialAction\":[{\"@type\":\"ReadAction\",\"target\":[\"https:\/\/portaltela.pt\/noticias\/2026\/02\/21\/sindicato-acusa-uls-alto-ave-de-imposicao-de-horas-extras-nos-centros-de-saude\/\"]}]},{\"@type\":\"ImageObject\",\"inLanguage\":\"pt-PT\",\"@id\":\"https:\/\/portaltela.pt\/noticias\/2026\/02\/21\/sindicato-acusa-uls-alto-ave-de-imposicao-de-horas-extras-nos-centros-de-saude\/#primaryimage\",\"url\":\"https:\/\/portaltela.pt\/s.01k8rhncp4jt1\/2026\/02\/img_1280x722uu2026-02-21-12-30-54-2268132.jpg\",\"contentUrl\":\"https:\/\/portaltela.pt\/s.01k8rhncp4jt1\/2026\/02\/img_1280x722uu2026-02-21-12-30-54-2268132.jpg\",\"width\":796,\"height\":448,\"caption\":\"Sindicato acusa ULS Alto Ave de impor trabalho suplementar nos centros de sa\u00fade\"},{\"@type\":\"BreadcrumbList\",\"@id\":\"https:\/\/portaltela.pt\/noticias\/2026\/02\/21\/sindicato-acusa-uls-alto-ave-de-imposicao-de-horas-extras-nos-centros-de-saude\/#breadcrumb\",\"itemListElement\":[{\"@type\":\"ListItem\",\"position\":1,\"name\":\"In\u00edcio\",\"item\":\"https:\/\/portaltela.pt\/\"},{\"@type\":\"ListItem\",\"position\":2,\"name\":\"Sindicato acusa ULS Alto Ave de imposi\u00e7\u00e3o de horas extras nos centros de sa\u00fade\"}]},{\"@type\":\"WebSite\",\"@id\":\"https:\/\/portaltela.pt\/#website\",\"url\":\"https:\/\/portaltela.pt\/\",\"name\":\"Portal Tela Portugal\",\"description\":\"\",\"potentialAction\":[{\"@type\":\"SearchAction\",\"target\":{\"@type\":\"EntryPoint\",\"urlTemplate\":\"https:\/\/portaltela.pt\/?s={search_term_string}\"},\"query-input\":{\"@type\":\"PropertyValueSpecification\",\"valueRequired\":true,\"valueName\":\"search_term_string\"}}],\"inLanguage\":\"pt-PT\"},{\"@type\":\"Person\",\"@id\":\"https:\/\/portaltela.pt\/#\/schema\/person\/c4278d4a6028830caff9ee44b42d32ed\",\"name\":\"Telinha\",\"image\":{\"@type\":\"ImageObject\",\"inLanguage\":\"pt-PT\",\"@id\":\"https:\/\/portaltela.pt\/s.01k8rhncp4jt1\/2025\/11\/talking-bot-125x125.png\",\"url\":\"https:\/\/portaltela.pt\/s.01k8rhncp4jt1\/2025\/11\/talking-bot-125x125.png\",\"contentUrl\":\"https:\/\/portaltela.pt\/s.01k8rhncp4jt1\/2025\/11\/talking-bot-125x125.png\",\"caption\":\"Telinha\"},\"sameAs\":[\"https:\/\/portaltela.pt\/\"],\"url\":\"https:\/\/portaltela.pt\/por\/367410592786\/\"}]}<\/script>\n<!-- \/ Yoast SEO plugin. -->","yoast_head_json":{"title":"Sindicato acusa ULS Alto Ave de imposi\u00e7\u00e3o de horas extras nos centros de sa\u00fade - Portal Tela Portugal","robots":{"index":"index","follow":"follow","max-snippet":"max-snippet:-1","max-image-preview":"max-image-preview:large","max-video-preview":"max-video-preview:-1"},"og_locale":"pt_PT","og_type":"article","og_title":"Sindicato acusa ULS Alto Ave de imposi\u00e7\u00e3o de horas extras nos centros de sa\u00fade - Portal Tela Portugal","og_description":"O sindicato dos profissionais de sa\u00fade da ULS Alto Ave acusa a administra\u00e7\u00e3o de impor trabalho suplementar nos centros de sa\u00fade da regi\u00e3o. Alega-se que a medida viola direitos dos trabalhadores e compromete a qualidade do atendimento \u00e0 popula\u00e7\u00e3o. O desgaste f\u00edsico e psicol\u00f3gico dos profissionais \u00e9 apontado como consequ\u00eancia da imposi\u00e7\u00e3o, dificultando a concilia\u00e7\u00e3o entre vida profissional e pessoal. A greve est\u00e1 confirmada at\u00e9 30 de junho caso n\u00e3o haja negocia\u00e7\u00f5es que atendam \u00e0s reivindica\u00e7\u00f5es. A administra\u00e7\u00e3o diz estar aberta ao di\u00e1logo e ainda n\u00e3o se pronuncia oficialmente sobre as acusa\u00e7\u00f5es, enquanto a situa\u00e7\u00e3o permanece em desenvolvimento.","og_url":"https:\/\/portaltela.pt\/noticias\/2026\/02\/21\/sindicato-acusa-uls-alto-ave-de-imposicao-de-horas-extras-nos-centros-de-saude\/","og_site_name":"Portal Tela Portugal","article_published_time":"2026-02-21T14:54:16+00:00","author":"Telinha","twitter_card":"summary_large_image","twitter_misc":{"Escrito por":"Telinha","Tempo estimado de leitura":"1 minuto"},"schema":{"@context":"https:\/\/schema.org","@graph":[{"@type":"Article","@id":"https:\/\/portaltela.pt\/noticias\/2026\/02\/21\/sindicato-acusa-uls-alto-ave-de-imposicao-de-horas-extras-nos-centros-de-saude\/#article","isPartOf":{"@id":"https:\/\/portaltela.pt\/noticias\/2026\/02\/21\/sindicato-acusa-uls-alto-ave-de-imposicao-de-horas-extras-nos-centros-de-saude\/"},"author":{"name":"Telinha","@id":"https:\/\/portaltela.pt\/#\/schema\/person\/c4278d4a6028830caff9ee44b42d32ed"},"headline":"Sindicato acusa ULS Alto Ave de imposi\u00e7\u00e3o de horas extras nos centros de sa\u00fade","datePublished":"2026-02-21T14:54:16+00:00","mainEntityOfPage":{"@id":"https:\/\/portaltela.pt\/noticias\/2026\/02\/21\/sindicato-acusa-uls-alto-ave-de-imposicao-de-horas-extras-nos-centros-de-saude\/"},"wordCount":279,"image":{"@id":"https:\/\/portaltela.pt\/noticias\/2026\/02\/21\/sindicato-acusa-uls-alto-ave-de-imposicao-de-horas-extras-nos-centros-de-saude\/#primaryimage"},"thumbnailUrl":"https:\/\/portaltela.pt\/s.01k8rhncp4jt1\/2026\/02\/img_1280x722uu2026-02-21-12-30-54-2268132.jpg","keywords":["administra\u00e7\u00e3o p\u00fablica","Alto Ave","greve","sa\u00fade p\u00fablica","trabalhadores","trabalho"],"articleSection":["Not\u00edcias"],"inLanguage":"pt-PT"},{"@type":"WebPage","@id":"https:\/\/portaltela.pt\/noticias\/2026\/02\/21\/sindicato-acusa-uls-alto-ave-de-imposicao-de-horas-extras-nos-centros-de-saude\/","url":"https:\/\/portaltela.pt\/noticias\/2026\/02\/21\/sindicato-acusa-uls-alto-ave-de-imposicao-de-horas-extras-nos-centros-de-saude\/","name":"Sindicato acusa ULS Alto Ave de imposi\u00e7\u00e3o de horas extras nos centros de sa\u00fade - Portal Tela Portugal","isPartOf":{"@id":"https:\/\/portaltela.pt\/#website"},"primaryImageOfPage":{"@id":"https:\/\/portaltela.pt\/noticias\/2026\/02\/21\/sindicato-acusa-uls-alto-ave-de-imposicao-de-horas-extras-nos-centros-de-saude\/#primaryimage"},"image":{"@id":"https:\/\/portaltela.pt\/noticias\/2026\/02\/21\/sindicato-acusa-uls-alto-ave-de-imposicao-de-horas-extras-nos-centros-de-saude\/#primaryimage"},"thumbnailUrl":"https:\/\/portaltela.pt\/s.01k8rhncp4jt1\/2026\/02\/img_1280x722uu2026-02-21-12-30-54-2268132.jpg","datePublished":"2026-02-21T14:54:16+00:00","author":{"@id":"https:\/\/portaltela.pt\/#\/schema\/person\/c4278d4a6028830caff9ee44b42d32ed"},"breadcrumb":{"@id":"https:\/\/portaltela.pt\/noticias\/2026\/02\/21\/sindicato-acusa-uls-alto-ave-de-imposicao-de-horas-extras-nos-centros-de-saude\/#breadcrumb"},"inLanguage":"pt-PT","potentialAction":[{"@type":"ReadAction","target":["https:\/\/portaltela.pt\/noticias\/2026\/02\/21\/sindicato-acusa-uls-alto-ave-de-imposicao-de-horas-extras-nos-centros-de-saude\/"]}]},{"@type":"ImageObject","inLanguage":"pt-PT","@id":"https:\/\/portaltela.pt\/noticias\/2026\/02\/21\/sindicato-acusa-uls-alto-ave-de-imposicao-de-horas-extras-nos-centros-de-saude\/#primaryimage","url":"https:\/\/portaltela.pt\/s.01k8rhncp4jt1\/2026\/02\/img_1280x722uu2026-02-21-12-30-54-2268132.jpg","contentUrl":"https:\/\/portaltela.pt\/s.01k8rhncp4jt1\/2026\/02\/img_1280x722uu2026-02-21-12-30-54-2268132.jpg","width":796,"height":448,"caption":"Sindicato acusa ULS Alto Ave de impor trabalho suplementar nos centros de sa\u00fade"},{"@type":"BreadcrumbList","@id":"https:\/\/portaltela.pt\/noticias\/2026\/02\/21\/sindicato-acusa-uls-alto-ave-de-imposicao-de-horas-extras-nos-centros-de-saude\/#breadcrumb","itemListElement":[{"@type":"ListItem","position":1,"name":"In\u00edcio","item":"https:\/\/portaltela.pt\/"},{"@type":"ListItem","position":2,"name":"Sindicato acusa ULS Alto Ave de imposi\u00e7\u00e3o de horas extras nos centros de sa\u00fade"}]},{"@type":"WebSite","@id":"https:\/\/portaltela.pt\/#website","url":"https:\/\/portaltela.pt\/","name":"Portal Tela Portugal","description":"","potentialAction":[{"@type":"SearchAction","target":{"@type":"EntryPoint","urlTemplate":"https:\/\/portaltela.pt\/?s={search_term_string}"},"query-input":{"@type":"PropertyValueSpecification","valueRequired":true,"valueName":"search_term_string"}}],"inLanguage":"pt-PT"},{"@type":"Person","@id":"https:\/\/portaltela.pt\/#\/schema\/person\/c4278d4a6028830caff9ee44b42d32ed","name":"Telinha","image":{"@type":"ImageObject","inLanguage":"pt-PT","@id":"https:\/\/portaltela.pt\/s.01k8rhncp4jt1\/2025\/11\/talking-bot-125x125.png","url":"https:\/\/portaltela.pt\/s.01k8rhncp4jt1\/2025\/11\/talking-bot-125x125.png","contentUrl":"https:\/\/portaltela.pt\/s.01k8rhncp4jt1\/2025\/11\/talking-bot-125x125.png","caption":"Telinha"},"sameAs":["https:\/\/portaltela.pt\/"],"url":"https:\/\/portaltela.pt\/por\/367410592786\/"}]}},"_links":{"self":[{"href":"https:\/\/portaltela.pt\/api\/wp\/v2\/posts\/220655","targetHints":{"allow":["GET"]}}],"collection":[{"href":"https:\/\/portaltela.pt\/api\/wp\/v2\/posts"}],"about":[{"href":"https:\/\/portaltela.pt\/api\/wp\/v2\/types\/post"}],"author":[{"embeddable":true,"href":"https:\/\/portaltela.pt\/api\/wp\/v2\/users\/2"}],"replies":[{"embeddable":true,"href":"https:\/\/portaltela.pt\/api\/wp\/v2\/comments?post=220655"}],"version-history":[{"count":0,"href":"https:\/\/portaltela.pt\/api\/wp\/v2\/posts\/220655\/revisions"}],"wp:featuredmedia":[{"embeddable":true,"href":"https:\/\/portaltela.pt\/api\/wp\/v2\/media\/220658"}],"wp:attachment":[{"href":"https:\/\/portaltela.pt\/api\/wp\/v2\/media?parent=220655"}],"wp:term":[{"taxonomy":"category","embeddable":true,"href":"https:\/\/portaltela.pt\/api\/wp\/v2\/categories?post=220655"},{"taxonomy":"post_tag","embeddable":true,"href":"https:\/\/portaltela.pt\/api\/wp\/v2\/tags?post=220655"}],"curies":[{"name":"wp","href":"https:\/\/api.w.org\/{rel}","templated":true}]}}