{"id":220650,"date":"2026-02-21T11:51:00","date_gmt":"2026-02-21T14:51:00","guid":{"rendered":"https:\/\/portaltela.pt\/noticias\/2026\/02\/21\/lenda-do-rosario-central-sai-da-aposentadoria-para-jogar-com-di-maria\/"},"modified":"2026-02-21T11:51:00","modified_gmt":"2026-02-21T14:51:00","slug":"lenda-do-rosario-central-sai-da-aposentadoria-para-jogar-com-di-maria","status":"publish","type":"post","link":"https:\/\/portaltela.pt\/desporto\/futebol\/2026\/02\/21\/lenda-do-rosario-central-sai-da-aposentadoria-para-jogar-com-di-maria\/","title":{"rendered":"Lenda do Rosario Central sai da aposentadoria para jogar com Di Mar\u00eda"},"content":{"rendered":"<p>O Rosario Central anunciou a contrata\u00e7\u00e3o de Marco Ruben, o jogador com mais jogos e o melhor goleador da hist\u00f3ria do clube. O forward de 39 anos regressa \u00e0 equipa para atuar ao lado de \u00c1ngel Di Mar\u00eda, em mais uma fase da carreira.<\/p>\n<p>A apresenta\u00e7\u00e3o foi feita neste s\u00e1bado, em frente aos adeptos. Ruben afirmou, num v\u00eddeo de apresenta\u00e7\u00e3o, que n\u00e3o se trata de um regresso, pois diz nunca ter sa\u00eddo do clube durante a sua carreira. O clube tamb\u00e9m divulgou imagens do reencontro com Di Mar\u00eda, com quem partilhou balne\u00e1rio entre 2006 e 2007.<\/p>\n<p>Ruben retorna aos Canallas pela quarta vez. A soma total de jogos pelo clube \u00e9 de 286, com 110 golos marcados, n\u00fameros que refor\u00e7am a sua import\u00e2ncia hist\u00f3rica no Rosario Central.<\/p>\n<h3>Reencontro com Di Mar\u00eda<\/h3>\n<p>A dupla Di Mar\u00eda e Ruben ser\u00e1 novamente vizinha de campeonato, agora no Rosario Central, marcando um encontro entre dois veteranos de presen\u00e7a constante no plantel. O clube n\u00e3o divulgou detalhes contratuais nem dura\u00e7\u00e3o do v\u00ednculo.<\/p>\n","protected":false},"excerpt":{"rendered":"<ul>\n<li>O Rosario Central anunciou, neste s\u00e1bado, a contrata\u00e7\u00e3o de Marco Ruben, lenda do clube, como refor\u00e7o de \u00faltima hora.<\/li>\n<li>Ruben, de 39 anos, \u00e9 o jogador com mais jogos pelo clube e o maior goleador da hist\u00f3ria dos Canallas.<\/li>\n<li>O advers\u00e1rio de Marco Ruben \u00e9 \u00c1ngel Di Mar\u00eda, com quem reencontrar\u00e1 no plantel de Rosario Central.<\/li>\n<li>O an\u00fancio inclui um v\u00eddeo da apresenta\u00e7\u00e3o em que Ruben afirma: \u201cN\u00e3o \u00e9 um regresso. Eu nunca fui embora\u201d.<\/li>\n<li>Ao todo, Ruben j\u00e1 disputou 286 jogos pela equipa e marcou 110 golos pela camisola do Rosario Central.<\/li>\n<\/ul>\n","protected":false},"author":2,"featured_media":220652,"comment_status":"closed","ping_status":"closed","sticky":false,"template":"","format":"standard","meta":{"footnotes":""},"categories":[21,24],"tags":[2732,2681,2624,32,3338,242],"class_list":["post-220650","post","type-post","status-publish","format-standard","has-post-thumbnail","hentry","category-desporto","category-futebol","tag-argentina","tag-desporto-internacional","tag-di-maria","tag-futebol","tag-futebol-internacional","tag-jogadores"],"yoast_head":"<!-- This site is optimized with the Yoast SEO plugin v27.2 - https:\/\/yoast.com\/product\/yoast-seo-wordpress\/ -->\n<title>Lenda do Rosario Central sai da aposentadoria para jogar com Di Mar\u00eda - Portal Tela Portugal<\/title>\n<meta name=\"robots\" content=\"index, follow, max-snippet:-1, max-image-preview:large, max-video-preview:-1\" \/>\n<meta property=\"og:locale\" content=\"pt_PT\" \/>\n<meta property=\"og:type\" content=\"article\" \/>\n<meta property=\"og:title\" content=\"Lenda do Rosario Central sai da aposentadoria para jogar com Di Mar\u00eda - Portal Tela Portugal\" \/>\n<meta property=\"og:description\" content=\"O Rosario Central anunciou, neste s\u00e1bado, a contrata\u00e7\u00e3o de Marco Ruben, lenda do clube, como refor\u00e7o de \u00faltima hora. Ruben, de 39 anos, \u00e9 o jogador com mais jogos pelo clube e o maior goleador da hist\u00f3ria dos Canallas. O advers\u00e1rio de Marco Ruben \u00e9 \u00c1ngel Di Mar\u00eda, com quem reencontrar\u00e1 no plantel de Rosario Central. O an\u00fancio inclui um v\u00eddeo da apresenta\u00e7\u00e3o em que Ruben afirma: \u201cN\u00e3o \u00e9 um regresso. Eu nunca fui embora\u201d. Ao todo, Ruben j\u00e1 disputou 286 jogos pela equipa e marcou 110 golos pela camisola do Rosario Central.\" \/>\n<meta property=\"og:url\" content=\"https:\/\/portaltela.pt\/noticias\/2026\/02\/21\/lenda-do-rosario-central-sai-da-aposentadoria-para-jogar-com-di-maria\/\" \/>\n<meta property=\"og:site_name\" content=\"Portal Tela Portugal\" \/>\n<meta property=\"article:published_time\" content=\"2026-02-21T14:51:00+00:00\" \/>\n<meta name=\"author\" content=\"Telinha\" \/>\n<meta name=\"twitter:card\" content=\"summary_large_image\" \/>\n<meta name=\"twitter:label1\" content=\"Escrito por\" \/>\n\t<meta name=\"twitter:data1\" content=\"Telinha\" \/>\n\t<meta name=\"twitter:label2\" content=\"Tempo estimado de leitura\" \/>\n\t<meta name=\"twitter:data2\" content=\"1 minuto\" \/>\n<script type=\"application\/ld+json\" class=\"yoast-schema-graph\">{\"@context\":\"https:\/\/schema.org\",\"@graph\":[{\"@type\":\"Article\",\"@id\":\"https:\/\/portaltela.pt\/noticias\/2026\/02\/21\/lenda-do-rosario-central-sai-da-aposentadoria-para-jogar-com-di-maria\/#article\",\"isPartOf\":{\"@id\":\"https:\/\/portaltela.pt\/noticias\/2026\/02\/21\/lenda-do-rosario-central-sai-da-aposentadoria-para-jogar-com-di-maria\/\"},\"author\":{\"name\":\"Telinha\",\"@id\":\"https:\/\/portaltela.pt\/#\/schema\/person\/c4278d4a6028830caff9ee44b42d32ed\"},\"headline\":\"Lenda do Rosario Central sai da aposentadoria para jogar com Di Mar\u00eda\",\"datePublished\":\"2026-02-21T14:51:00+00:00\",\"mainEntityOfPage\":{\"@id\":\"https:\/\/portaltela.pt\/noticias\/2026\/02\/21\/lenda-do-rosario-central-sai-da-aposentadoria-para-jogar-com-di-maria\/\"},\"wordCount\":195,\"image\":{\"@id\":\"https:\/\/portaltela.pt\/noticias\/2026\/02\/21\/lenda-do-rosario-central-sai-da-aposentadoria-para-jogar-com-di-maria\/#primaryimage\"},\"thumbnailUrl\":\"https:\/\/portaltela.pt\/s.01k8rhncp4jt1\/2026\/02\/img_920x518uu2026-02-21-14-51-01-2422876.jpg\",\"keywords\":[\"Argentina\",\"desporto internacional\",\"Di Mar\u00eda\",\"futebol\",\"futebol internacional\",\"jogadores\"],\"articleSection\":[\"Desporto\",\"Futebol\"],\"inLanguage\":\"pt-PT\"},{\"@type\":\"WebPage\",\"@id\":\"https:\/\/portaltela.pt\/noticias\/2026\/02\/21\/lenda-do-rosario-central-sai-da-aposentadoria-para-jogar-com-di-maria\/\",\"url\":\"https:\/\/portaltela.pt\/noticias\/2026\/02\/21\/lenda-do-rosario-central-sai-da-aposentadoria-para-jogar-com-di-maria\/\",\"name\":\"Lenda do Rosario Central sai da aposentadoria para jogar com Di Mar\u00eda - Portal Tela Portugal\",\"isPartOf\":{\"@id\":\"https:\/\/portaltela.pt\/#website\"},\"primaryImageOfPage\":{\"@id\":\"https:\/\/portaltela.pt\/noticias\/2026\/02\/21\/lenda-do-rosario-central-sai-da-aposentadoria-para-jogar-com-di-maria\/#primaryimage\"},\"image\":{\"@id\":\"https:\/\/portaltela.pt\/noticias\/2026\/02\/21\/lenda-do-rosario-central-sai-da-aposentadoria-para-jogar-com-di-maria\/#primaryimage\"},\"thumbnailUrl\":\"https:\/\/portaltela.pt\/s.01k8rhncp4jt1\/2026\/02\/img_920x518uu2026-02-21-14-51-01-2422876.jpg\",\"datePublished\":\"2026-02-21T14:51:00+00:00\",\"author\":{\"@id\":\"https:\/\/portaltela.pt\/#\/schema\/person\/c4278d4a6028830caff9ee44b42d32ed\"},\"breadcrumb\":{\"@id\":\"https:\/\/portaltela.pt\/noticias\/2026\/02\/21\/lenda-do-rosario-central-sai-da-aposentadoria-para-jogar-com-di-maria\/#breadcrumb\"},\"inLanguage\":\"pt-PT\",\"potentialAction\":[{\"@type\":\"ReadAction\",\"target\":[\"https:\/\/portaltela.pt\/noticias\/2026\/02\/21\/lenda-do-rosario-central-sai-da-aposentadoria-para-jogar-com-di-maria\/\"]}]},{\"@type\":\"ImageObject\",\"inLanguage\":\"pt-PT\",\"@id\":\"https:\/\/portaltela.pt\/noticias\/2026\/02\/21\/lenda-do-rosario-central-sai-da-aposentadoria-para-jogar-com-di-maria\/#primaryimage\",\"url\":\"https:\/\/portaltela.pt\/s.01k8rhncp4jt1\/2026\/02\/img_920x518uu2026-02-21-14-51-01-2422876.jpg\",\"contentUrl\":\"https:\/\/portaltela.pt\/s.01k8rhncp4jt1\/2026\/02\/img_920x518uu2026-02-21-14-51-01-2422876.jpg\",\"width\":796,\"height\":448,\"caption\":\"Lenda do Rosario Central regressa da aposentadoria para voltar a jogar ao lado de Di Mar\u00eda\"},{\"@type\":\"BreadcrumbList\",\"@id\":\"https:\/\/portaltela.pt\/noticias\/2026\/02\/21\/lenda-do-rosario-central-sai-da-aposentadoria-para-jogar-com-di-maria\/#breadcrumb\",\"itemListElement\":[{\"@type\":\"ListItem\",\"position\":1,\"name\":\"In\u00edcio\",\"item\":\"https:\/\/portaltela.pt\/\"},{\"@type\":\"ListItem\",\"position\":2,\"name\":\"Lenda do Rosario Central sai da aposentadoria para jogar com Di Mar\u00eda\"}]},{\"@type\":\"WebSite\",\"@id\":\"https:\/\/portaltela.pt\/#website\",\"url\":\"https:\/\/portaltela.pt\/\",\"name\":\"Portal Tela Portugal\",\"description\":\"\",\"potentialAction\":[{\"@type\":\"SearchAction\",\"target\":{\"@type\":\"EntryPoint\",\"urlTemplate\":\"https:\/\/portaltela.pt\/?s={search_term_string}\"},\"query-input\":{\"@type\":\"PropertyValueSpecification\",\"valueRequired\":true,\"valueName\":\"search_term_string\"}}],\"inLanguage\":\"pt-PT\"},{\"@type\":\"Person\",\"@id\":\"https:\/\/portaltela.pt\/#\/schema\/person\/c4278d4a6028830caff9ee44b42d32ed\",\"name\":\"Telinha\",\"image\":{\"@type\":\"ImageObject\",\"inLanguage\":\"pt-PT\",\"@id\":\"https:\/\/portaltela.pt\/s.01k8rhncp4jt1\/2025\/11\/talking-bot-125x125.png\",\"url\":\"https:\/\/portaltela.pt\/s.01k8rhncp4jt1\/2025\/11\/talking-bot-125x125.png\",\"contentUrl\":\"https:\/\/portaltela.pt\/s.01k8rhncp4jt1\/2025\/11\/talking-bot-125x125.png\",\"caption\":\"Telinha\"},\"sameAs\":[\"https:\/\/portaltela.pt\/\"],\"url\":\"https:\/\/portaltela.pt\/por\/367410592786\/\"}]}<\/script>\n<!-- \/ Yoast SEO plugin. -->","yoast_head_json":{"title":"Lenda do Rosario Central sai da aposentadoria para jogar com Di Mar\u00eda - Portal Tela Portugal","robots":{"index":"index","follow":"follow","max-snippet":"max-snippet:-1","max-image-preview":"max-image-preview:large","max-video-preview":"max-video-preview:-1"},"og_locale":"pt_PT","og_type":"article","og_title":"Lenda do Rosario Central sai da aposentadoria para jogar com Di Mar\u00eda - Portal Tela Portugal","og_description":"O Rosario Central anunciou, neste s\u00e1bado, a contrata\u00e7\u00e3o de Marco Ruben, lenda do clube, como refor\u00e7o de \u00faltima hora. Ruben, de 39 anos, \u00e9 o jogador com mais jogos pelo clube e o maior goleador da hist\u00f3ria dos Canallas. O advers\u00e1rio de Marco Ruben \u00e9 \u00c1ngel Di Mar\u00eda, com quem reencontrar\u00e1 no plantel de Rosario Central. O an\u00fancio inclui um v\u00eddeo da apresenta\u00e7\u00e3o em que Ruben afirma: \u201cN\u00e3o \u00e9 um regresso. Eu nunca fui embora\u201d. Ao todo, Ruben j\u00e1 disputou 286 jogos pela equipa e marcou 110 golos pela camisola do Rosario Central.","og_url":"https:\/\/portaltela.pt\/noticias\/2026\/02\/21\/lenda-do-rosario-central-sai-da-aposentadoria-para-jogar-com-di-maria\/","og_site_name":"Portal Tela Portugal","article_published_time":"2026-02-21T14:51:00+00:00","author":"Telinha","twitter_card":"summary_large_image","twitter_misc":{"Escrito por":"Telinha","Tempo estimado de leitura":"1 minuto"},"schema":{"@context":"https:\/\/schema.org","@graph":[{"@type":"Article","@id":"https:\/\/portaltela.pt\/noticias\/2026\/02\/21\/lenda-do-rosario-central-sai-da-aposentadoria-para-jogar-com-di-maria\/#article","isPartOf":{"@id":"https:\/\/portaltela.pt\/noticias\/2026\/02\/21\/lenda-do-rosario-central-sai-da-aposentadoria-para-jogar-com-di-maria\/"},"author":{"name":"Telinha","@id":"https:\/\/portaltela.pt\/#\/schema\/person\/c4278d4a6028830caff9ee44b42d32ed"},"headline":"Lenda do Rosario Central sai da aposentadoria para jogar com Di Mar\u00eda","datePublished":"2026-02-21T14:51:00+00:00","mainEntityOfPage":{"@id":"https:\/\/portaltela.pt\/noticias\/2026\/02\/21\/lenda-do-rosario-central-sai-da-aposentadoria-para-jogar-com-di-maria\/"},"wordCount":195,"image":{"@id":"https:\/\/portaltela.pt\/noticias\/2026\/02\/21\/lenda-do-rosario-central-sai-da-aposentadoria-para-jogar-com-di-maria\/#primaryimage"},"thumbnailUrl":"https:\/\/portaltela.pt\/s.01k8rhncp4jt1\/2026\/02\/img_920x518uu2026-02-21-14-51-01-2422876.jpg","keywords":["Argentina","desporto internacional","Di Mar\u00eda","futebol","futebol internacional","jogadores"],"articleSection":["Desporto","Futebol"],"inLanguage":"pt-PT"},{"@type":"WebPage","@id":"https:\/\/portaltela.pt\/noticias\/2026\/02\/21\/lenda-do-rosario-central-sai-da-aposentadoria-para-jogar-com-di-maria\/","url":"https:\/\/portaltela.pt\/noticias\/2026\/02\/21\/lenda-do-rosario-central-sai-da-aposentadoria-para-jogar-com-di-maria\/","name":"Lenda do Rosario Central sai da aposentadoria para jogar com Di Mar\u00eda - Portal Tela Portugal","isPartOf":{"@id":"https:\/\/portaltela.pt\/#website"},"primaryImageOfPage":{"@id":"https:\/\/portaltela.pt\/noticias\/2026\/02\/21\/lenda-do-rosario-central-sai-da-aposentadoria-para-jogar-com-di-maria\/#primaryimage"},"image":{"@id":"https:\/\/portaltela.pt\/noticias\/2026\/02\/21\/lenda-do-rosario-central-sai-da-aposentadoria-para-jogar-com-di-maria\/#primaryimage"},"thumbnailUrl":"https:\/\/portaltela.pt\/s.01k8rhncp4jt1\/2026\/02\/img_920x518uu2026-02-21-14-51-01-2422876.jpg","datePublished":"2026-02-21T14:51:00+00:00","author":{"@id":"https:\/\/portaltela.pt\/#\/schema\/person\/c4278d4a6028830caff9ee44b42d32ed"},"breadcrumb":{"@id":"https:\/\/portaltela.pt\/noticias\/2026\/02\/21\/lenda-do-rosario-central-sai-da-aposentadoria-para-jogar-com-di-maria\/#breadcrumb"},"inLanguage":"pt-PT","potentialAction":[{"@type":"ReadAction","target":["https:\/\/portaltela.pt\/noticias\/2026\/02\/21\/lenda-do-rosario-central-sai-da-aposentadoria-para-jogar-com-di-maria\/"]}]},{"@type":"ImageObject","inLanguage":"pt-PT","@id":"https:\/\/portaltela.pt\/noticias\/2026\/02\/21\/lenda-do-rosario-central-sai-da-aposentadoria-para-jogar-com-di-maria\/#primaryimage","url":"https:\/\/portaltela.pt\/s.01k8rhncp4jt1\/2026\/02\/img_920x518uu2026-02-21-14-51-01-2422876.jpg","contentUrl":"https:\/\/portaltela.pt\/s.01k8rhncp4jt1\/2026\/02\/img_920x518uu2026-02-21-14-51-01-2422876.jpg","width":796,"height":448,"caption":"Lenda do Rosario Central regressa da aposentadoria para voltar a jogar ao lado de Di Mar\u00eda"},{"@type":"BreadcrumbList","@id":"https:\/\/portaltela.pt\/noticias\/2026\/02\/21\/lenda-do-rosario-central-sai-da-aposentadoria-para-jogar-com-di-maria\/#breadcrumb","itemListElement":[{"@type":"ListItem","position":1,"name":"In\u00edcio","item":"https:\/\/portaltela.pt\/"},{"@type":"ListItem","position":2,"name":"Lenda do Rosario Central sai da aposentadoria para jogar com Di Mar\u00eda"}]},{"@type":"WebSite","@id":"https:\/\/portaltela.pt\/#website","url":"https:\/\/portaltela.pt\/","name":"Portal Tela Portugal","description":"","potentialAction":[{"@type":"SearchAction","target":{"@type":"EntryPoint","urlTemplate":"https:\/\/portaltela.pt\/?s={search_term_string}"},"query-input":{"@type":"PropertyValueSpecification","valueRequired":true,"valueName":"search_term_string"}}],"inLanguage":"pt-PT"},{"@type":"Person","@id":"https:\/\/portaltela.pt\/#\/schema\/person\/c4278d4a6028830caff9ee44b42d32ed","name":"Telinha","image":{"@type":"ImageObject","inLanguage":"pt-PT","@id":"https:\/\/portaltela.pt\/s.01k8rhncp4jt1\/2025\/11\/talking-bot-125x125.png","url":"https:\/\/portaltela.pt\/s.01k8rhncp4jt1\/2025\/11\/talking-bot-125x125.png","contentUrl":"https:\/\/portaltela.pt\/s.01k8rhncp4jt1\/2025\/11\/talking-bot-125x125.png","caption":"Telinha"},"sameAs":["https:\/\/portaltela.pt\/"],"url":"https:\/\/portaltela.pt\/por\/367410592786\/"}]}},"_links":{"self":[{"href":"https:\/\/portaltela.pt\/api\/wp\/v2\/posts\/220650","targetHints":{"allow":["GET"]}}],"collection":[{"href":"https:\/\/portaltela.pt\/api\/wp\/v2\/posts"}],"about":[{"href":"https:\/\/portaltela.pt\/api\/wp\/v2\/types\/post"}],"author":[{"embeddable":true,"href":"https:\/\/portaltela.pt\/api\/wp\/v2\/users\/2"}],"replies":[{"embeddable":true,"href":"https:\/\/portaltela.pt\/api\/wp\/v2\/comments?post=220650"}],"version-history":[{"count":0,"href":"https:\/\/portaltela.pt\/api\/wp\/v2\/posts\/220650\/revisions"}],"wp:featuredmedia":[{"embeddable":true,"href":"https:\/\/portaltela.pt\/api\/wp\/v2\/media\/220652"}],"wp:attachment":[{"href":"https:\/\/portaltela.pt\/api\/wp\/v2\/media?parent=220650"}],"wp:term":[{"taxonomy":"category","embeddable":true,"href":"https:\/\/portaltela.pt\/api\/wp\/v2\/categories?post=220650"},{"taxonomy":"post_tag","embeddable":true,"href":"https:\/\/portaltela.pt\/api\/wp\/v2\/tags?post=220650"}],"curies":[{"name":"wp","href":"https:\/\/api.w.org\/{rel}","templated":true}]}}