{"id":220644,"date":"2026-02-21T11:35:15","date_gmt":"2026-02-21T14:35:15","guid":{"rendered":"https:\/\/portaltela.pt\/noticias\/2026\/02\/21\/klaebo-amplia-recorde-nos-jogos-de-inverno-ao-conquistar-11-o-ouro\/"},"modified":"2026-02-21T11:35:15","modified_gmt":"2026-02-21T14:35:15","slug":"klaebo-amplia-recorde-nos-jogos-de-inverno-ao-conquistar-11-o-ouro","status":"publish","type":"post","link":"https:\/\/portaltela.pt\/desporto\/2026\/02\/21\/klaebo-amplia-recorde-nos-jogos-de-inverno-ao-conquistar-11-o-ouro\/","title":{"rendered":"Klaebo amplia recorde nos Jogos de Inverno ao conquistar 11.\u00ba ouro"},"content":{"rendered":"<p>O fundista noruegu\u00eas Johannes Klaebo ampliou o seu hist\u00f3rico de ouro em Jogos Ol\u00edmpicos de Inverno, ao conquistar o 11.\u00ba t\u00edtulo na edi\u00e7\u00e3o de Mil\u00e3o-Cortina. A vit\u00f3ria chegou na prova dos 50 quil\u00f3metros em Val di Fiemme, consolidando o pleno de Klaebo nestas provas. O atleta tem agora seis ouros em Mil\u00e3o-Cortina, somando aos de PyeongChang 2018 e Pequim 2022.<\/p>\n<p>Na corrida de hoje, Klaebo confirmou o favoritismo ao vencer os 50 km, repetindo o que j\u00e1 tinha feito no sprint cl\u00e1ssico, na estafeta 4&#215;7,5 km, no skiathlon, nos 10 km em estilo livre e no sprint por equipas. Assim, somou o sexto t\u00edtulo na prova na edi\u00e7\u00e3o italiana.<\/p>\n<p>Este triunfo permite a Klaebo alcan\u00e7ar 11 medalhas de ouro em Jogos Ol\u00edmpicos de Inverno, duas d\u00e9cadas ap\u00f3s o in\u00edcio da sua carreira nestes eventos. O atleta de 29 anos j\u00e1 soma tamb\u00e9m uma prata (estafeta 4&#215;10 km) e um bronze (15 km cl\u00e1ssico) conquistados em 2022.<\/p>\n<h3>Recorde e desempenho<\/h3>\n<p>Em Val di Fiemme, Klaebo terminou \u00e0 frente de dois compatriotas. Martin Lowstr\u00f6m Nyenget ficou em segundo lugar, e Emil Iverson em terceiro. O resultado ajuda Klaebo a solidificar o seu lugar entre os maiores nomes da hist\u00f3ria ol\u00edmp\u00edca do esqui de fundo.<\/p>\n<p>O noruegu\u00eas, apelidado de &#8220;cometa de Trondheim&#8221;, soma agora 11 t\u00edtulos entre as edi\u00e7\u00f5es de Ver\u00e3o e Inverno da competi\u00e7\u00e3o. O hist\u00f3rico de 23 ouros de Michael Phelps mant\u00e9m-se como o m\u00e1ximo total de uma atleta ou atleta em Jogos Ol\u00edmpicos, entre Ver\u00e3o e Inverno, at\u00e9 ao momento.<\/p>\n","protected":false},"excerpt":{"rendered":"<ul>\n<li>Johannes Klaebo venceu os 50 quil\u00f3metros em Val di Fiemme, conquistando o sexto t\u00edtulo em Mil\u00e3o-Cortina e o 11.\u00ba ouro em Jogos Ol\u00edmpicos de Inverno.<\/li>\n<li>O noruegu\u00eas j\u00e1 tinha triunfado no sprint cl\u00e1ssico, na estafeta 4&#215;7,5 quil\u00f3metros, no skiathlon, nos 10 quil\u00f3metros em estilo livre e no sprint por equipas.<\/li>\n<li>Com este triunfo, Klaebo soma onze ouros no total ol\u00edmpico, refor\u00e7ando o segundo lugar no ranking entre Jogos Ol\u00edmpicos de Ver\u00e3o e Inverno, atr\u00e1s de Michael Phelps.<\/li>\n<li>Aos 29 anos, o atleta completa o Grand Slam no esqui de fundo.<\/li>\n<li>Na prova de hoje, Klaebo deixou os compatriotas Martin Lowstr\u00f6m Nyenget, segundo, e Emil Iverson, terceiro.<\/li>\n<\/ul>\n","protected":false},"author":2,"featured_media":220645,"comment_status":"closed","ping_status":"closed","sticky":false,"template":"","format":"standard","meta":{"footnotes":""},"categories":[21],"tags":[152,5008,120,2125,84],"class_list":["post-220644","post","type-post","status-publish","format-standard","has-post-thumbnail","hentry","category-desporto","tag-desporto","tag-esqui-de-fundo","tag-medalhas","tag-noruega","tag-olimpiadas"],"yoast_head":"<!-- This site is optimized with the Yoast SEO plugin v27.2 - https:\/\/yoast.com\/product\/yoast-seo-wordpress\/ -->\n<title>Klaebo amplia recorde nos Jogos de Inverno ao conquistar 11.\u00ba ouro - Portal Tela Portugal<\/title>\n<meta name=\"robots\" content=\"index, follow, max-snippet:-1, max-image-preview:large, max-video-preview:-1\" \/>\n<meta property=\"og:locale\" content=\"pt_PT\" \/>\n<meta property=\"og:type\" content=\"article\" \/>\n<meta property=\"og:title\" content=\"Klaebo amplia recorde nos Jogos de Inverno ao conquistar 11.\u00ba ouro - Portal Tela Portugal\" \/>\n<meta property=\"og:description\" content=\"Johannes Klaebo venceu os 50 quil\u00f3metros em Val di Fiemme, conquistando o sexto t\u00edtulo em Mil\u00e3o-Cortina e o 11.\u00ba ouro em Jogos Ol\u00edmpicos de Inverno. O noruegu\u00eas j\u00e1 tinha triunfado no sprint cl\u00e1ssico, na estafeta 4x7,5 quil\u00f3metros, no skiathlon, nos 10 quil\u00f3metros em estilo livre e no sprint por equipas. Com este triunfo, Klaebo soma onze ouros no total ol\u00edmpico, refor\u00e7ando o segundo lugar no ranking entre Jogos Ol\u00edmpicos de Ver\u00e3o e Inverno, atr\u00e1s de Michael Phelps. Aos 29 anos, o atleta completa o Grand Slam no esqui de fundo. Na prova de hoje, Klaebo deixou os compatriotas Martin Lowstr\u00f6m Nyenget, segundo, e Emil Iverson, terceiro.\" \/>\n<meta property=\"og:url\" content=\"https:\/\/portaltela.pt\/noticias\/2026\/02\/21\/klaebo-amplia-recorde-nos-jogos-de-inverno-ao-conquistar-11-o-ouro\/\" \/>\n<meta property=\"og:site_name\" content=\"Portal Tela Portugal\" \/>\n<meta property=\"article:published_time\" content=\"2026-02-21T14:35:15+00:00\" \/>\n<meta name=\"author\" content=\"Telinha\" \/>\n<meta name=\"twitter:card\" content=\"summary_large_image\" \/>\n<meta name=\"twitter:label1\" content=\"Escrito por\" \/>\n\t<meta name=\"twitter:data1\" content=\"Telinha\" \/>\n\t<meta name=\"twitter:label2\" content=\"Tempo estimado de leitura\" \/>\n\t<meta name=\"twitter:data2\" content=\"1 minuto\" \/>\n<script type=\"application\/ld+json\" class=\"yoast-schema-graph\">{\"@context\":\"https:\/\/schema.org\",\"@graph\":[{\"@type\":\"Article\",\"@id\":\"https:\/\/portaltela.pt\/noticias\/2026\/02\/21\/klaebo-amplia-recorde-nos-jogos-de-inverno-ao-conquistar-11-o-ouro\/#article\",\"isPartOf\":{\"@id\":\"https:\/\/portaltela.pt\/noticias\/2026\/02\/21\/klaebo-amplia-recorde-nos-jogos-de-inverno-ao-conquistar-11-o-ouro\/\"},\"author\":{\"name\":\"Telinha\",\"@id\":\"https:\/\/portaltela.pt\/#\/schema\/person\/c4278d4a6028830caff9ee44b42d32ed\"},\"headline\":\"Klaebo amplia recorde nos Jogos de Inverno ao conquistar 11.\u00ba ouro\",\"datePublished\":\"2026-02-21T14:35:15+00:00\",\"mainEntityOfPage\":{\"@id\":\"https:\/\/portaltela.pt\/noticias\/2026\/02\/21\/klaebo-amplia-recorde-nos-jogos-de-inverno-ao-conquistar-11-o-ouro\/\"},\"wordCount\":280,\"image\":{\"@id\":\"https:\/\/portaltela.pt\/noticias\/2026\/02\/21\/klaebo-amplia-recorde-nos-jogos-de-inverno-ao-conquistar-11-o-ouro\/#primaryimage\"},\"thumbnailUrl\":\"https:\/\/portaltela.pt\/s.01k8rhncp4jt1\/2026\/02\/img_920x518uu2026-02-21-14-31-54-2422873.jpg\",\"keywords\":[\"desporto\",\"esqui de fundo\",\"medalhas\",\"Noruega\",\"olimp\u00edadas\"],\"articleSection\":[\"Desporto\"],\"inLanguage\":\"pt-PT\"},{\"@type\":\"WebPage\",\"@id\":\"https:\/\/portaltela.pt\/noticias\/2026\/02\/21\/klaebo-amplia-recorde-nos-jogos-de-inverno-ao-conquistar-11-o-ouro\/\",\"url\":\"https:\/\/portaltela.pt\/noticias\/2026\/02\/21\/klaebo-amplia-recorde-nos-jogos-de-inverno-ao-conquistar-11-o-ouro\/\",\"name\":\"Klaebo amplia recorde nos Jogos de Inverno ao conquistar 11.\u00ba ouro - Portal Tela Portugal\",\"isPartOf\":{\"@id\":\"https:\/\/portaltela.pt\/#website\"},\"primaryImageOfPage\":{\"@id\":\"https:\/\/portaltela.pt\/noticias\/2026\/02\/21\/klaebo-amplia-recorde-nos-jogos-de-inverno-ao-conquistar-11-o-ouro\/#primaryimage\"},\"image\":{\"@id\":\"https:\/\/portaltela.pt\/noticias\/2026\/02\/21\/klaebo-amplia-recorde-nos-jogos-de-inverno-ao-conquistar-11-o-ouro\/#primaryimage\"},\"thumbnailUrl\":\"https:\/\/portaltela.pt\/s.01k8rhncp4jt1\/2026\/02\/img_920x518uu2026-02-21-14-31-54-2422873.jpg\",\"datePublished\":\"2026-02-21T14:35:15+00:00\",\"author\":{\"@id\":\"https:\/\/portaltela.pt\/#\/schema\/person\/c4278d4a6028830caff9ee44b42d32ed\"},\"breadcrumb\":{\"@id\":\"https:\/\/portaltela.pt\/noticias\/2026\/02\/21\/klaebo-amplia-recorde-nos-jogos-de-inverno-ao-conquistar-11-o-ouro\/#breadcrumb\"},\"inLanguage\":\"pt-PT\",\"potentialAction\":[{\"@type\":\"ReadAction\",\"target\":[\"https:\/\/portaltela.pt\/noticias\/2026\/02\/21\/klaebo-amplia-recorde-nos-jogos-de-inverno-ao-conquistar-11-o-ouro\/\"]}]},{\"@type\":\"ImageObject\",\"inLanguage\":\"pt-PT\",\"@id\":\"https:\/\/portaltela.pt\/noticias\/2026\/02\/21\/klaebo-amplia-recorde-nos-jogos-de-inverno-ao-conquistar-11-o-ouro\/#primaryimage\",\"url\":\"https:\/\/portaltela.pt\/s.01k8rhncp4jt1\/2026\/02\/img_920x518uu2026-02-21-14-31-54-2422873.jpg\",\"contentUrl\":\"https:\/\/portaltela.pt\/s.01k8rhncp4jt1\/2026\/02\/img_920x518uu2026-02-21-14-31-54-2422873.jpg\",\"width\":796,\"height\":448,\"caption\":\"Johannes Klaebo tem estado em grande nos Jogos Ol\u00edmpico de Inverno\"},{\"@type\":\"BreadcrumbList\",\"@id\":\"https:\/\/portaltela.pt\/noticias\/2026\/02\/21\/klaebo-amplia-recorde-nos-jogos-de-inverno-ao-conquistar-11-o-ouro\/#breadcrumb\",\"itemListElement\":[{\"@type\":\"ListItem\",\"position\":1,\"name\":\"In\u00edcio\",\"item\":\"https:\/\/portaltela.pt\/\"},{\"@type\":\"ListItem\",\"position\":2,\"name\":\"Klaebo amplia recorde nos Jogos de Inverno ao conquistar 11.\u00ba ouro\"}]},{\"@type\":\"WebSite\",\"@id\":\"https:\/\/portaltela.pt\/#website\",\"url\":\"https:\/\/portaltela.pt\/\",\"name\":\"Portal Tela Portugal\",\"description\":\"\",\"potentialAction\":[{\"@type\":\"SearchAction\",\"target\":{\"@type\":\"EntryPoint\",\"urlTemplate\":\"https:\/\/portaltela.pt\/?s={search_term_string}\"},\"query-input\":{\"@type\":\"PropertyValueSpecification\",\"valueRequired\":true,\"valueName\":\"search_term_string\"}}],\"inLanguage\":\"pt-PT\"},{\"@type\":\"Person\",\"@id\":\"https:\/\/portaltela.pt\/#\/schema\/person\/c4278d4a6028830caff9ee44b42d32ed\",\"name\":\"Telinha\",\"image\":{\"@type\":\"ImageObject\",\"inLanguage\":\"pt-PT\",\"@id\":\"https:\/\/portaltela.pt\/s.01k8rhncp4jt1\/2025\/11\/talking-bot-125x125.png\",\"url\":\"https:\/\/portaltela.pt\/s.01k8rhncp4jt1\/2025\/11\/talking-bot-125x125.png\",\"contentUrl\":\"https:\/\/portaltela.pt\/s.01k8rhncp4jt1\/2025\/11\/talking-bot-125x125.png\",\"caption\":\"Telinha\"},\"sameAs\":[\"https:\/\/portaltela.pt\/\"],\"url\":\"https:\/\/portaltela.pt\/por\/367410592786\/\"}]}<\/script>\n<!-- \/ Yoast SEO plugin. -->","yoast_head_json":{"title":"Klaebo amplia recorde nos Jogos de Inverno ao conquistar 11.\u00ba ouro - Portal Tela Portugal","robots":{"index":"index","follow":"follow","max-snippet":"max-snippet:-1","max-image-preview":"max-image-preview:large","max-video-preview":"max-video-preview:-1"},"og_locale":"pt_PT","og_type":"article","og_title":"Klaebo amplia recorde nos Jogos de Inverno ao conquistar 11.\u00ba ouro - Portal Tela Portugal","og_description":"Johannes Klaebo venceu os 50 quil\u00f3metros em Val di Fiemme, conquistando o sexto t\u00edtulo em Mil\u00e3o-Cortina e o 11.\u00ba ouro em Jogos Ol\u00edmpicos de Inverno. O noruegu\u00eas j\u00e1 tinha triunfado no sprint cl\u00e1ssico, na estafeta 4x7,5 quil\u00f3metros, no skiathlon, nos 10 quil\u00f3metros em estilo livre e no sprint por equipas. Com este triunfo, Klaebo soma onze ouros no total ol\u00edmpico, refor\u00e7ando o segundo lugar no ranking entre Jogos Ol\u00edmpicos de Ver\u00e3o e Inverno, atr\u00e1s de Michael Phelps. Aos 29 anos, o atleta completa o Grand Slam no esqui de fundo. Na prova de hoje, Klaebo deixou os compatriotas Martin Lowstr\u00f6m Nyenget, segundo, e Emil Iverson, terceiro.","og_url":"https:\/\/portaltela.pt\/noticias\/2026\/02\/21\/klaebo-amplia-recorde-nos-jogos-de-inverno-ao-conquistar-11-o-ouro\/","og_site_name":"Portal Tela Portugal","article_published_time":"2026-02-21T14:35:15+00:00","author":"Telinha","twitter_card":"summary_large_image","twitter_misc":{"Escrito por":"Telinha","Tempo estimado de leitura":"1 minuto"},"schema":{"@context":"https:\/\/schema.org","@graph":[{"@type":"Article","@id":"https:\/\/portaltela.pt\/noticias\/2026\/02\/21\/klaebo-amplia-recorde-nos-jogos-de-inverno-ao-conquistar-11-o-ouro\/#article","isPartOf":{"@id":"https:\/\/portaltela.pt\/noticias\/2026\/02\/21\/klaebo-amplia-recorde-nos-jogos-de-inverno-ao-conquistar-11-o-ouro\/"},"author":{"name":"Telinha","@id":"https:\/\/portaltela.pt\/#\/schema\/person\/c4278d4a6028830caff9ee44b42d32ed"},"headline":"Klaebo amplia recorde nos Jogos de Inverno ao conquistar 11.\u00ba ouro","datePublished":"2026-02-21T14:35:15+00:00","mainEntityOfPage":{"@id":"https:\/\/portaltela.pt\/noticias\/2026\/02\/21\/klaebo-amplia-recorde-nos-jogos-de-inverno-ao-conquistar-11-o-ouro\/"},"wordCount":280,"image":{"@id":"https:\/\/portaltela.pt\/noticias\/2026\/02\/21\/klaebo-amplia-recorde-nos-jogos-de-inverno-ao-conquistar-11-o-ouro\/#primaryimage"},"thumbnailUrl":"https:\/\/portaltela.pt\/s.01k8rhncp4jt1\/2026\/02\/img_920x518uu2026-02-21-14-31-54-2422873.jpg","keywords":["desporto","esqui de fundo","medalhas","Noruega","olimp\u00edadas"],"articleSection":["Desporto"],"inLanguage":"pt-PT"},{"@type":"WebPage","@id":"https:\/\/portaltela.pt\/noticias\/2026\/02\/21\/klaebo-amplia-recorde-nos-jogos-de-inverno-ao-conquistar-11-o-ouro\/","url":"https:\/\/portaltela.pt\/noticias\/2026\/02\/21\/klaebo-amplia-recorde-nos-jogos-de-inverno-ao-conquistar-11-o-ouro\/","name":"Klaebo amplia recorde nos Jogos de Inverno ao conquistar 11.\u00ba ouro - Portal Tela Portugal","isPartOf":{"@id":"https:\/\/portaltela.pt\/#website"},"primaryImageOfPage":{"@id":"https:\/\/portaltela.pt\/noticias\/2026\/02\/21\/klaebo-amplia-recorde-nos-jogos-de-inverno-ao-conquistar-11-o-ouro\/#primaryimage"},"image":{"@id":"https:\/\/portaltela.pt\/noticias\/2026\/02\/21\/klaebo-amplia-recorde-nos-jogos-de-inverno-ao-conquistar-11-o-ouro\/#primaryimage"},"thumbnailUrl":"https:\/\/portaltela.pt\/s.01k8rhncp4jt1\/2026\/02\/img_920x518uu2026-02-21-14-31-54-2422873.jpg","datePublished":"2026-02-21T14:35:15+00:00","author":{"@id":"https:\/\/portaltela.pt\/#\/schema\/person\/c4278d4a6028830caff9ee44b42d32ed"},"breadcrumb":{"@id":"https:\/\/portaltela.pt\/noticias\/2026\/02\/21\/klaebo-amplia-recorde-nos-jogos-de-inverno-ao-conquistar-11-o-ouro\/#breadcrumb"},"inLanguage":"pt-PT","potentialAction":[{"@type":"ReadAction","target":["https:\/\/portaltela.pt\/noticias\/2026\/02\/21\/klaebo-amplia-recorde-nos-jogos-de-inverno-ao-conquistar-11-o-ouro\/"]}]},{"@type":"ImageObject","inLanguage":"pt-PT","@id":"https:\/\/portaltela.pt\/noticias\/2026\/02\/21\/klaebo-amplia-recorde-nos-jogos-de-inverno-ao-conquistar-11-o-ouro\/#primaryimage","url":"https:\/\/portaltela.pt\/s.01k8rhncp4jt1\/2026\/02\/img_920x518uu2026-02-21-14-31-54-2422873.jpg","contentUrl":"https:\/\/portaltela.pt\/s.01k8rhncp4jt1\/2026\/02\/img_920x518uu2026-02-21-14-31-54-2422873.jpg","width":796,"height":448,"caption":"Johannes Klaebo tem estado em grande nos Jogos Ol\u00edmpico de Inverno"},{"@type":"BreadcrumbList","@id":"https:\/\/portaltela.pt\/noticias\/2026\/02\/21\/klaebo-amplia-recorde-nos-jogos-de-inverno-ao-conquistar-11-o-ouro\/#breadcrumb","itemListElement":[{"@type":"ListItem","position":1,"name":"In\u00edcio","item":"https:\/\/portaltela.pt\/"},{"@type":"ListItem","position":2,"name":"Klaebo amplia recorde nos Jogos de Inverno ao conquistar 11.\u00ba ouro"}]},{"@type":"WebSite","@id":"https:\/\/portaltela.pt\/#website","url":"https:\/\/portaltela.pt\/","name":"Portal Tela Portugal","description":"","potentialAction":[{"@type":"SearchAction","target":{"@type":"EntryPoint","urlTemplate":"https:\/\/portaltela.pt\/?s={search_term_string}"},"query-input":{"@type":"PropertyValueSpecification","valueRequired":true,"valueName":"search_term_string"}}],"inLanguage":"pt-PT"},{"@type":"Person","@id":"https:\/\/portaltela.pt\/#\/schema\/person\/c4278d4a6028830caff9ee44b42d32ed","name":"Telinha","image":{"@type":"ImageObject","inLanguage":"pt-PT","@id":"https:\/\/portaltela.pt\/s.01k8rhncp4jt1\/2025\/11\/talking-bot-125x125.png","url":"https:\/\/portaltela.pt\/s.01k8rhncp4jt1\/2025\/11\/talking-bot-125x125.png","contentUrl":"https:\/\/portaltela.pt\/s.01k8rhncp4jt1\/2025\/11\/talking-bot-125x125.png","caption":"Telinha"},"sameAs":["https:\/\/portaltela.pt\/"],"url":"https:\/\/portaltela.pt\/por\/367410592786\/"}]}},"_links":{"self":[{"href":"https:\/\/portaltela.pt\/api\/wp\/v2\/posts\/220644","targetHints":{"allow":["GET"]}}],"collection":[{"href":"https:\/\/portaltela.pt\/api\/wp\/v2\/posts"}],"about":[{"href":"https:\/\/portaltela.pt\/api\/wp\/v2\/types\/post"}],"author":[{"embeddable":true,"href":"https:\/\/portaltela.pt\/api\/wp\/v2\/users\/2"}],"replies":[{"embeddable":true,"href":"https:\/\/portaltela.pt\/api\/wp\/v2\/comments?post=220644"}],"version-history":[{"count":0,"href":"https:\/\/portaltela.pt\/api\/wp\/v2\/posts\/220644\/revisions"}],"wp:featuredmedia":[{"embeddable":true,"href":"https:\/\/portaltela.pt\/api\/wp\/v2\/media\/220645"}],"wp:attachment":[{"href":"https:\/\/portaltela.pt\/api\/wp\/v2\/media?parent=220644"}],"wp:term":[{"taxonomy":"category","embeddable":true,"href":"https:\/\/portaltela.pt\/api\/wp\/v2\/categories?post=220644"},{"taxonomy":"post_tag","embeddable":true,"href":"https:\/\/portaltela.pt\/api\/wp\/v2\/tags?post=220644"}],"curies":[{"name":"wp","href":"https:\/\/api.w.org\/{rel}","templated":true}]}}