{"id":220642,"date":"2026-02-21T11:43:00","date_gmt":"2026-02-21T14:43:00","guid":{"rendered":"https:\/\/portaltela.pt\/noticias\/2026\/02\/21\/pgr-do-brasil-opoe-se-a-concessao-de-prisao-domiciliaria-a-jair-bolsonaro\/"},"modified":"2026-02-21T11:43:00","modified_gmt":"2026-02-21T14:43:00","slug":"pgr-do-brasil-opoe-se-a-concessao-de-prisao-domiciliaria-a-jair-bolsonaro","status":"publish","type":"post","link":"https:\/\/portaltela.pt\/noticias\/2026\/02\/21\/pgr-do-brasil-opoe-se-a-concessao-de-prisao-domiciliaria-a-jair-bolsonaro\/","title":{"rendered":"PGR do Brasil op\u00f5e-se \u00e0 concess\u00e3o de pris\u00e3o domicili\u00e1ria a Jair Bolsonaro"},"content":{"rendered":"<p>O Procurador-Geral da Rep\u00fablica (PGR) do Brasil, Paulo Gonet, manifestou-se contra a concess\u00e3o de pris\u00e3o domicili\u00e1ria ao ex-presidente Jair Bolsonaro. O parecer foi apresentado na sequ\u00eancia de novo pedido dos advogados do ex-chefe de Estado.<\/p>\n<p>Bolsonaro cumpre pena de 27 anos e 3 meses no 19. Batalh\u00e3o da Pol\u00edcia Militar de Bras\u00edlia, conhecido pela proximidade ao Complexo Penitenci\u00e1rio da Papuda. A localiza\u00e7\u00e3o \u00e9 refer\u00eancia para presos com prerrogativa de foro, segundo o regime de Papudinha.<\/p>\n<p>O PGR argumenta que, apesar das condi\u00e7\u00f5es de sa\u00fade mental e f\u00edsica de Bolsonaro, a pris\u00e3o onde se encontra hoje oferece atendimento m\u00e9dico adequado. A unidade disp\u00f5e de atendimento m\u00e9dico 24 horas e de suporte do SAMU, com transfer\u00eancia hospitalar caso haja necessidade.<\/p>\n<p>O parecer foi solicitado pelo juiz Alexandre de Moraes, do Supremo Tribunal Federal (STF), que em setembro do ano passado condenou Bolsonaro e mais 32 arguidos por golpe de Estado. O laudo m\u00e9dico utilizado no processo aponta multicomorbidades cr\u00f3nicas e fragilidade f\u00edsica e psicol\u00f3gica.<\/p>\n<p>Apesar disso, o documento afirma que o departamento m\u00e9dico da Papudinha est\u00e1 plenamente apto a atender as necessidades m\u00e9dicas do ex-presidente. Moraes deve, por isso, rejeitar o novo pedido de transfer\u00eancia para pris\u00e3o domicili\u00e1ria.<\/p>\n<p>Para o STF e o PGR, sucessivos descumprimentos de Bolsonaro a medidas cautelares refor\u00e7am o temor de fuga. A perman\u00eancia na pris\u00e3o atual, sustentam, \u00e9 a melhor op\u00e7\u00e3o para evitar riscos de evas\u00e3o ou desloca\u00e7\u00e3o irregular.<\/p>\n","protected":false},"excerpt":{"rendered":"<ul>\n<li>O Procurador-Geral da Rep\u00fablica, Paulo Gonet, manifestou-se contra a concess\u00e3o de pris\u00e3o domicili\u00e1ria a Jair Bolsonaro.<\/li>\n<li>Bolsonaro cumpre uma pena de 27 anos e 3 meses no 19. Batalh\u00e3o da Pol\u00edcia Militar de Bras\u00edlia, junto \u00e0 chamada Papudinha, perto do Complexo Penitenci\u00e1rio da Papuda.<\/li>\n<li>O parecer afirma que a pris\u00e3o atual tem condi\u00e7\u00f5es de atender a necessidades m\u00e9dicas, incluindo emerg\u00eancias, com atendimento m\u00e9dico 24 horas e uma unidade do Servi\u00e7o de Atendimento M\u00e9dico de Urg\u00eancia (SAMU) e do INEM dispon\u00edvel.<\/li>\n<li>O parecer foi solicitado pelo juiz Alexandre de Moraes, do Supremo Tribunal Federal, que em setembro passado condenou Bolsonaro e mais 32 arguidos por golpe de Estado, ap\u00f3s exames m\u00e9dicos na pris\u00e3o.<\/li>\n<li>A decis\u00e3o aponta que Moraes deve rejeitar o pedido de transfer\u00eancia para pris\u00e3o domicili\u00e1ria, devido ao risco de fuga ou de articular desloca\u00e7\u00f5es para o estrangeiro.<\/li>\n<\/ul>\n","protected":false},"author":2,"featured_media":220643,"comment_status":"closed","ping_status":"closed","sticky":false,"template":"","format":"standard","meta":{"footnotes":""},"categories":[1],"tags":[2547,147,937,803,2832,30],"class_list":["post-220642","post","type-post","status-publish","format-standard","has-post-thumbnail","hentry","category-noticias","tag-brasil","tag-crime","tag-golpe-de-estado","tag-justica","tag-politica","tag-presidente"],"yoast_head":"<!-- This site is optimized with the Yoast SEO plugin v27.2 - https:\/\/yoast.com\/product\/yoast-seo-wordpress\/ -->\n<title>PGR do Brasil op\u00f5e-se \u00e0 concess\u00e3o de pris\u00e3o domicili\u00e1ria a Jair Bolsonaro - Portal Tela Portugal<\/title>\n<meta name=\"robots\" content=\"index, follow, max-snippet:-1, max-image-preview:large, max-video-preview:-1\" \/>\n<meta property=\"og:locale\" content=\"pt_PT\" \/>\n<meta property=\"og:type\" content=\"article\" \/>\n<meta property=\"og:title\" content=\"PGR do Brasil op\u00f5e-se \u00e0 concess\u00e3o de pris\u00e3o domicili\u00e1ria a Jair Bolsonaro - Portal Tela Portugal\" \/>\n<meta property=\"og:description\" content=\"O Procurador-Geral da Rep\u00fablica, Paulo Gonet, manifestou-se contra a concess\u00e3o de pris\u00e3o domicili\u00e1ria a Jair Bolsonaro. Bolsonaro cumpre uma pena de 27 anos e 3 meses no 19. Batalh\u00e3o da Pol\u00edcia Militar de Bras\u00edlia, junto \u00e0 chamada Papudinha, perto do Complexo Penitenci\u00e1rio da Papuda. O parecer afirma que a pris\u00e3o atual tem condi\u00e7\u00f5es de atender a necessidades m\u00e9dicas, incluindo emerg\u00eancias, com atendimento m\u00e9dico 24 horas e uma unidade do Servi\u00e7o de Atendimento M\u00e9dico de Urg\u00eancia (SAMU) e do INEM dispon\u00edvel. O parecer foi solicitado pelo juiz Alexandre de Moraes, do Supremo Tribunal Federal, que em setembro passado condenou Bolsonaro e mais 32 arguidos por golpe de Estado, ap\u00f3s exames m\u00e9dicos na pris\u00e3o. A decis\u00e3o aponta que Moraes deve rejeitar o pedido de transfer\u00eancia para pris\u00e3o domicili\u00e1ria, devido ao risco de fuga ou de articular desloca\u00e7\u00f5es para o estrangeiro.\" \/>\n<meta property=\"og:url\" content=\"https:\/\/portaltela.pt\/noticias\/2026\/02\/21\/pgr-do-brasil-opoe-se-a-concessao-de-prisao-domiciliaria-a-jair-bolsonaro\/\" \/>\n<meta property=\"og:site_name\" content=\"Portal Tela Portugal\" \/>\n<meta property=\"article:published_time\" content=\"2026-02-21T14:43:00+00:00\" \/>\n<meta name=\"author\" content=\"Telinha\" \/>\n<meta name=\"twitter:card\" content=\"summary_large_image\" \/>\n<meta name=\"twitter:label1\" content=\"Escrito por\" \/>\n\t<meta name=\"twitter:data1\" content=\"Telinha\" \/>\n\t<meta name=\"twitter:label2\" content=\"Tempo estimado de leitura\" \/>\n\t<meta name=\"twitter:data2\" content=\"1 minuto\" \/>\n<script type=\"application\/ld+json\" class=\"yoast-schema-graph\">{\"@context\":\"https:\/\/schema.org\",\"@graph\":[{\"@type\":\"Article\",\"@id\":\"https:\/\/portaltela.pt\/noticias\/2026\/02\/21\/pgr-do-brasil-opoe-se-a-concessao-de-prisao-domiciliaria-a-jair-bolsonaro\/#article\",\"isPartOf\":{\"@id\":\"https:\/\/portaltela.pt\/noticias\/2026\/02\/21\/pgr-do-brasil-opoe-se-a-concessao-de-prisao-domiciliaria-a-jair-bolsonaro\/\"},\"author\":{\"name\":\"Telinha\",\"@id\":\"https:\/\/portaltela.pt\/#\/schema\/person\/c4278d4a6028830caff9ee44b42d32ed\"},\"headline\":\"PGR do Brasil op\u00f5e-se \u00e0 concess\u00e3o de pris\u00e3o domicili\u00e1ria a Jair Bolsonaro\",\"datePublished\":\"2026-02-21T14:43:00+00:00\",\"mainEntityOfPage\":{\"@id\":\"https:\/\/portaltela.pt\/noticias\/2026\/02\/21\/pgr-do-brasil-opoe-se-a-concessao-de-prisao-domiciliaria-a-jair-bolsonaro\/\"},\"wordCount\":274,\"image\":{\"@id\":\"https:\/\/portaltela.pt\/noticias\/2026\/02\/21\/pgr-do-brasil-opoe-se-a-concessao-de-prisao-domiciliaria-a-jair-bolsonaro\/#primaryimage\"},\"thumbnailUrl\":\"https:\/\/portaltela.pt\/s.01k8rhncp4jt1\/2026\/02\/img_1500x1000uu2025-12-29-18-47-12-2257048-1.jpg\",\"keywords\":[\"Brasil\",\"crime\",\"golpe de Estado\",\"justi\u00e7a\",\"pol\u00edtica\",\"presidente\"],\"articleSection\":[\"Not\u00edcias\"],\"inLanguage\":\"pt-PT\"},{\"@type\":\"WebPage\",\"@id\":\"https:\/\/portaltela.pt\/noticias\/2026\/02\/21\/pgr-do-brasil-opoe-se-a-concessao-de-prisao-domiciliaria-a-jair-bolsonaro\/\",\"url\":\"https:\/\/portaltela.pt\/noticias\/2026\/02\/21\/pgr-do-brasil-opoe-se-a-concessao-de-prisao-domiciliaria-a-jair-bolsonaro\/\",\"name\":\"PGR do Brasil op\u00f5e-se \u00e0 concess\u00e3o de pris\u00e3o domicili\u00e1ria a Jair Bolsonaro - Portal Tela Portugal\",\"isPartOf\":{\"@id\":\"https:\/\/portaltela.pt\/#website\"},\"primaryImageOfPage\":{\"@id\":\"https:\/\/portaltela.pt\/noticias\/2026\/02\/21\/pgr-do-brasil-opoe-se-a-concessao-de-prisao-domiciliaria-a-jair-bolsonaro\/#primaryimage\"},\"image\":{\"@id\":\"https:\/\/portaltela.pt\/noticias\/2026\/02\/21\/pgr-do-brasil-opoe-se-a-concessao-de-prisao-domiciliaria-a-jair-bolsonaro\/#primaryimage\"},\"thumbnailUrl\":\"https:\/\/portaltela.pt\/s.01k8rhncp4jt1\/2026\/02\/img_1500x1000uu2025-12-29-18-47-12-2257048-1.jpg\",\"datePublished\":\"2026-02-21T14:43:00+00:00\",\"author\":{\"@id\":\"https:\/\/portaltela.pt\/#\/schema\/person\/c4278d4a6028830caff9ee44b42d32ed\"},\"breadcrumb\":{\"@id\":\"https:\/\/portaltela.pt\/noticias\/2026\/02\/21\/pgr-do-brasil-opoe-se-a-concessao-de-prisao-domiciliaria-a-jair-bolsonaro\/#breadcrumb\"},\"inLanguage\":\"pt-PT\",\"potentialAction\":[{\"@type\":\"ReadAction\",\"target\":[\"https:\/\/portaltela.pt\/noticias\/2026\/02\/21\/pgr-do-brasil-opoe-se-a-concessao-de-prisao-domiciliaria-a-jair-bolsonaro\/\"]}]},{\"@type\":\"ImageObject\",\"inLanguage\":\"pt-PT\",\"@id\":\"https:\/\/portaltela.pt\/noticias\/2026\/02\/21\/pgr-do-brasil-opoe-se-a-concessao-de-prisao-domiciliaria-a-jair-bolsonaro\/#primaryimage\",\"url\":\"https:\/\/portaltela.pt\/s.01k8rhncp4jt1\/2026\/02\/img_1500x1000uu2025-12-29-18-47-12-2257048-1.jpg\",\"contentUrl\":\"https:\/\/portaltela.pt\/s.01k8rhncp4jt1\/2026\/02\/img_1500x1000uu2025-12-29-18-47-12-2257048-1.jpg\",\"width\":796,\"height\":448,\"caption\":\"Jair Bolsonaro cumpre pena de 27 anos e 3 meses de pris\u00e3o\"},{\"@type\":\"BreadcrumbList\",\"@id\":\"https:\/\/portaltela.pt\/noticias\/2026\/02\/21\/pgr-do-brasil-opoe-se-a-concessao-de-prisao-domiciliaria-a-jair-bolsonaro\/#breadcrumb\",\"itemListElement\":[{\"@type\":\"ListItem\",\"position\":1,\"name\":\"In\u00edcio\",\"item\":\"https:\/\/portaltela.pt\/\"},{\"@type\":\"ListItem\",\"position\":2,\"name\":\"PGR do Brasil op\u00f5e-se \u00e0 concess\u00e3o de pris\u00e3o domicili\u00e1ria a Jair Bolsonaro\"}]},{\"@type\":\"WebSite\",\"@id\":\"https:\/\/portaltela.pt\/#website\",\"url\":\"https:\/\/portaltela.pt\/\",\"name\":\"Portal Tela Portugal\",\"description\":\"\",\"potentialAction\":[{\"@type\":\"SearchAction\",\"target\":{\"@type\":\"EntryPoint\",\"urlTemplate\":\"https:\/\/portaltela.pt\/?s={search_term_string}\"},\"query-input\":{\"@type\":\"PropertyValueSpecification\",\"valueRequired\":true,\"valueName\":\"search_term_string\"}}],\"inLanguage\":\"pt-PT\"},{\"@type\":\"Person\",\"@id\":\"https:\/\/portaltela.pt\/#\/schema\/person\/c4278d4a6028830caff9ee44b42d32ed\",\"name\":\"Telinha\",\"image\":{\"@type\":\"ImageObject\",\"inLanguage\":\"pt-PT\",\"@id\":\"https:\/\/portaltela.pt\/s.01k8rhncp4jt1\/2025\/11\/talking-bot-125x125.png\",\"url\":\"https:\/\/portaltela.pt\/s.01k8rhncp4jt1\/2025\/11\/talking-bot-125x125.png\",\"contentUrl\":\"https:\/\/portaltela.pt\/s.01k8rhncp4jt1\/2025\/11\/talking-bot-125x125.png\",\"caption\":\"Telinha\"},\"sameAs\":[\"https:\/\/portaltela.pt\/\"],\"url\":\"https:\/\/portaltela.pt\/por\/367410592786\/\"}]}<\/script>\n<!-- \/ Yoast SEO plugin. -->","yoast_head_json":{"title":"PGR do Brasil op\u00f5e-se \u00e0 concess\u00e3o de pris\u00e3o domicili\u00e1ria a Jair Bolsonaro - Portal Tela Portugal","robots":{"index":"index","follow":"follow","max-snippet":"max-snippet:-1","max-image-preview":"max-image-preview:large","max-video-preview":"max-video-preview:-1"},"og_locale":"pt_PT","og_type":"article","og_title":"PGR do Brasil op\u00f5e-se \u00e0 concess\u00e3o de pris\u00e3o domicili\u00e1ria a Jair Bolsonaro - Portal Tela Portugal","og_description":"O Procurador-Geral da Rep\u00fablica, Paulo Gonet, manifestou-se contra a concess\u00e3o de pris\u00e3o domicili\u00e1ria a Jair Bolsonaro. Bolsonaro cumpre uma pena de 27 anos e 3 meses no 19. Batalh\u00e3o da Pol\u00edcia Militar de Bras\u00edlia, junto \u00e0 chamada Papudinha, perto do Complexo Penitenci\u00e1rio da Papuda. O parecer afirma que a pris\u00e3o atual tem condi\u00e7\u00f5es de atender a necessidades m\u00e9dicas, incluindo emerg\u00eancias, com atendimento m\u00e9dico 24 horas e uma unidade do Servi\u00e7o de Atendimento M\u00e9dico de Urg\u00eancia (SAMU) e do INEM dispon\u00edvel. O parecer foi solicitado pelo juiz Alexandre de Moraes, do Supremo Tribunal Federal, que em setembro passado condenou Bolsonaro e mais 32 arguidos por golpe de Estado, ap\u00f3s exames m\u00e9dicos na pris\u00e3o. A decis\u00e3o aponta que Moraes deve rejeitar o pedido de transfer\u00eancia para pris\u00e3o domicili\u00e1ria, devido ao risco de fuga ou de articular desloca\u00e7\u00f5es para o estrangeiro.","og_url":"https:\/\/portaltela.pt\/noticias\/2026\/02\/21\/pgr-do-brasil-opoe-se-a-concessao-de-prisao-domiciliaria-a-jair-bolsonaro\/","og_site_name":"Portal Tela Portugal","article_published_time":"2026-02-21T14:43:00+00:00","author":"Telinha","twitter_card":"summary_large_image","twitter_misc":{"Escrito por":"Telinha","Tempo estimado de leitura":"1 minuto"},"schema":{"@context":"https:\/\/schema.org","@graph":[{"@type":"Article","@id":"https:\/\/portaltela.pt\/noticias\/2026\/02\/21\/pgr-do-brasil-opoe-se-a-concessao-de-prisao-domiciliaria-a-jair-bolsonaro\/#article","isPartOf":{"@id":"https:\/\/portaltela.pt\/noticias\/2026\/02\/21\/pgr-do-brasil-opoe-se-a-concessao-de-prisao-domiciliaria-a-jair-bolsonaro\/"},"author":{"name":"Telinha","@id":"https:\/\/portaltela.pt\/#\/schema\/person\/c4278d4a6028830caff9ee44b42d32ed"},"headline":"PGR do Brasil op\u00f5e-se \u00e0 concess\u00e3o de pris\u00e3o domicili\u00e1ria a Jair Bolsonaro","datePublished":"2026-02-21T14:43:00+00:00","mainEntityOfPage":{"@id":"https:\/\/portaltela.pt\/noticias\/2026\/02\/21\/pgr-do-brasil-opoe-se-a-concessao-de-prisao-domiciliaria-a-jair-bolsonaro\/"},"wordCount":274,"image":{"@id":"https:\/\/portaltela.pt\/noticias\/2026\/02\/21\/pgr-do-brasil-opoe-se-a-concessao-de-prisao-domiciliaria-a-jair-bolsonaro\/#primaryimage"},"thumbnailUrl":"https:\/\/portaltela.pt\/s.01k8rhncp4jt1\/2026\/02\/img_1500x1000uu2025-12-29-18-47-12-2257048-1.jpg","keywords":["Brasil","crime","golpe de Estado","justi\u00e7a","pol\u00edtica","presidente"],"articleSection":["Not\u00edcias"],"inLanguage":"pt-PT"},{"@type":"WebPage","@id":"https:\/\/portaltela.pt\/noticias\/2026\/02\/21\/pgr-do-brasil-opoe-se-a-concessao-de-prisao-domiciliaria-a-jair-bolsonaro\/","url":"https:\/\/portaltela.pt\/noticias\/2026\/02\/21\/pgr-do-brasil-opoe-se-a-concessao-de-prisao-domiciliaria-a-jair-bolsonaro\/","name":"PGR do Brasil op\u00f5e-se \u00e0 concess\u00e3o de pris\u00e3o domicili\u00e1ria a Jair Bolsonaro - Portal Tela Portugal","isPartOf":{"@id":"https:\/\/portaltela.pt\/#website"},"primaryImageOfPage":{"@id":"https:\/\/portaltela.pt\/noticias\/2026\/02\/21\/pgr-do-brasil-opoe-se-a-concessao-de-prisao-domiciliaria-a-jair-bolsonaro\/#primaryimage"},"image":{"@id":"https:\/\/portaltela.pt\/noticias\/2026\/02\/21\/pgr-do-brasil-opoe-se-a-concessao-de-prisao-domiciliaria-a-jair-bolsonaro\/#primaryimage"},"thumbnailUrl":"https:\/\/portaltela.pt\/s.01k8rhncp4jt1\/2026\/02\/img_1500x1000uu2025-12-29-18-47-12-2257048-1.jpg","datePublished":"2026-02-21T14:43:00+00:00","author":{"@id":"https:\/\/portaltela.pt\/#\/schema\/person\/c4278d4a6028830caff9ee44b42d32ed"},"breadcrumb":{"@id":"https:\/\/portaltela.pt\/noticias\/2026\/02\/21\/pgr-do-brasil-opoe-se-a-concessao-de-prisao-domiciliaria-a-jair-bolsonaro\/#breadcrumb"},"inLanguage":"pt-PT","potentialAction":[{"@type":"ReadAction","target":["https:\/\/portaltela.pt\/noticias\/2026\/02\/21\/pgr-do-brasil-opoe-se-a-concessao-de-prisao-domiciliaria-a-jair-bolsonaro\/"]}]},{"@type":"ImageObject","inLanguage":"pt-PT","@id":"https:\/\/portaltela.pt\/noticias\/2026\/02\/21\/pgr-do-brasil-opoe-se-a-concessao-de-prisao-domiciliaria-a-jair-bolsonaro\/#primaryimage","url":"https:\/\/portaltela.pt\/s.01k8rhncp4jt1\/2026\/02\/img_1500x1000uu2025-12-29-18-47-12-2257048-1.jpg","contentUrl":"https:\/\/portaltela.pt\/s.01k8rhncp4jt1\/2026\/02\/img_1500x1000uu2025-12-29-18-47-12-2257048-1.jpg","width":796,"height":448,"caption":"Jair Bolsonaro cumpre pena de 27 anos e 3 meses de pris\u00e3o"},{"@type":"BreadcrumbList","@id":"https:\/\/portaltela.pt\/noticias\/2026\/02\/21\/pgr-do-brasil-opoe-se-a-concessao-de-prisao-domiciliaria-a-jair-bolsonaro\/#breadcrumb","itemListElement":[{"@type":"ListItem","position":1,"name":"In\u00edcio","item":"https:\/\/portaltela.pt\/"},{"@type":"ListItem","position":2,"name":"PGR do Brasil op\u00f5e-se \u00e0 concess\u00e3o de pris\u00e3o domicili\u00e1ria a Jair Bolsonaro"}]},{"@type":"WebSite","@id":"https:\/\/portaltela.pt\/#website","url":"https:\/\/portaltela.pt\/","name":"Portal Tela Portugal","description":"","potentialAction":[{"@type":"SearchAction","target":{"@type":"EntryPoint","urlTemplate":"https:\/\/portaltela.pt\/?s={search_term_string}"},"query-input":{"@type":"PropertyValueSpecification","valueRequired":true,"valueName":"search_term_string"}}],"inLanguage":"pt-PT"},{"@type":"Person","@id":"https:\/\/portaltela.pt\/#\/schema\/person\/c4278d4a6028830caff9ee44b42d32ed","name":"Telinha","image":{"@type":"ImageObject","inLanguage":"pt-PT","@id":"https:\/\/portaltela.pt\/s.01k8rhncp4jt1\/2025\/11\/talking-bot-125x125.png","url":"https:\/\/portaltela.pt\/s.01k8rhncp4jt1\/2025\/11\/talking-bot-125x125.png","contentUrl":"https:\/\/portaltela.pt\/s.01k8rhncp4jt1\/2025\/11\/talking-bot-125x125.png","caption":"Telinha"},"sameAs":["https:\/\/portaltela.pt\/"],"url":"https:\/\/portaltela.pt\/por\/367410592786\/"}]}},"_links":{"self":[{"href":"https:\/\/portaltela.pt\/api\/wp\/v2\/posts\/220642","targetHints":{"allow":["GET"]}}],"collection":[{"href":"https:\/\/portaltela.pt\/api\/wp\/v2\/posts"}],"about":[{"href":"https:\/\/portaltela.pt\/api\/wp\/v2\/types\/post"}],"author":[{"embeddable":true,"href":"https:\/\/portaltela.pt\/api\/wp\/v2\/users\/2"}],"replies":[{"embeddable":true,"href":"https:\/\/portaltela.pt\/api\/wp\/v2\/comments?post=220642"}],"version-history":[{"count":0,"href":"https:\/\/portaltela.pt\/api\/wp\/v2\/posts\/220642\/revisions"}],"wp:featuredmedia":[{"embeddable":true,"href":"https:\/\/portaltela.pt\/api\/wp\/v2\/media\/220643"}],"wp:attachment":[{"href":"https:\/\/portaltela.pt\/api\/wp\/v2\/media?parent=220642"}],"wp:term":[{"taxonomy":"category","embeddable":true,"href":"https:\/\/portaltela.pt\/api\/wp\/v2\/categories?post=220642"},{"taxonomy":"post_tag","embeddable":true,"href":"https:\/\/portaltela.pt\/api\/wp\/v2\/tags?post=220642"}],"curies":[{"name":"wp","href":"https:\/\/api.w.org\/{rel}","templated":true}]}}