{"id":220598,"date":"2026-02-21T10:44:15","date_gmt":"2026-02-21T13:44:15","guid":{"rendered":"https:\/\/portaltela.pt\/noticias\/2026\/02\/21\/caso-rendeiro-e-skinheads-luis-neves-novo-chefe-do-mai-na-madeira\/"},"modified":"2026-02-21T10:44:15","modified_gmt":"2026-02-21T13:44:15","slug":"caso-rendeiro-e-skinheads-luis-neves-novo-chefe-do-mai-na-madeira","status":"publish","type":"post","link":"https:\/\/portaltela.pt\/noticias\/politica\/2026\/02\/21\/caso-rendeiro-e-skinheads-luis-neves-novo-chefe-do-mai-na-madeira\/","title":{"rendered":"Caso Rendeiro e skinheads: Lu\u00eds Neves, novo chefe do MAI na Madeira"},"content":{"rendered":"<p>Lu\u00eds Neves \u00e9 o novo ministro da Administra\u00e7\u00e3o Interna. Aos 60 anos, tomou posse ap\u00f3s oito anos \u00e0 frente da Pol\u00edcia Judici\u00e1ria (PJ) e tr\u00eas d\u00e9cadas ao servi\u00e7o da investiga\u00e7\u00e3o criminal. Vai substituir Maria de Lurdes Amaral, que deixou o cargo na sequ\u00eancia de cr\u00edticas \u00e0 atua\u00e7\u00e3o na crise da depress\u00e3o de janeiro.<\/p>\n<p>O nome de Neves foi anunciado por Lu\u00eds Montenegro como parte da remodela\u00e7\u00e3o governamental. O jurista de forma\u00e7\u00e3o iniciou a carreira na advocacia e entrou na PJ em 1995, sendo nomeado diretor pela primeira vez em 2018, numa altura do governo socialista de Ant\u00f3nio Costa.<\/p>\n<p>Na PJ, Neves especializou-se em crime violento, terrorismo e extremismo, dirigindo unidades como a UNCT e a antiga DCCB. Foram-lhe atribu\u00eddas investiga\u00e7\u00f5es de maior impacto, incluindo redes de ETA, a deten\u00e7\u00e3o de skinheads e o l\u00edder da extrema-direita M\u00e1rio Machado.<\/p>\n<p>Entre os casos marcantes, destaca-se o desmantelamento de c\u00e9lulas da ETA em Portugal e a deten\u00e7\u00e3o de Ant\u00f3nio Rendeiro, l\u00edder de uma rede financeira, que ocorreu na \u00c1frica do Sul, ap\u00f3s meses de busca internacional. Liderou ainda opera\u00e7\u00f5es relevantes contra gangues leste e criminalidade violenta.<\/p>\n<p>Sob a lideran\u00e7a de Neves, a PJ coordenou a opera\u00e7\u00e3o na Madeira envolvendo mais de uma centena de inspetores, com deten\u00e7\u00f5es por suspeitas de corrup\u00e7\u00e3o, prevarica\u00e7\u00e3o, abuso de poder e tr\u00e1fico de influ\u00eancia. Entre os detidos esteve o presidente da C\u00e2mara do Funchal.<\/p>\n<p>A queixa de Neves inclui ainda a deten\u00e7\u00e3o do antigo banqueiro Jo\u00e3o Rendeiro, capturado na \u00c1frica do Sul ap\u00f3s longos meses de busca, numa a\u00e7\u00e3o que encerrou uma fase de fuga internacional. O caso est\u00e1 associado a condena\u00e7\u00e3o por burla qualificada.<\/p>\n<p>A gest\u00e3o de Neves tamb\u00e9m ficou marcada pela moderniza\u00e7\u00e3o da PJ, refor\u00e7o de quadros, integra\u00e7\u00e3o de t\u00e9cnicos do SEF e aumento salarial por subs\u00eddio de risco, gerando contesta\u00e7\u00e3o de PSP e GNR em negocia\u00e7\u00f5es salariais.<\/p>\n<p>Em audi\u00e7\u00f5es parlamentares, Neves negou rela\u00e7\u00e3o entre crime e imigra\u00e7\u00e3o, afirmando que a criminalidade violenta \u00e9 menor entre imigrantes. Criticou a dissemina\u00e7\u00e3o de \u201cfake news\u201d que geram p\u00e2nico no pa\u00eds.<\/p>\n<p>O novo ministro enfrenta desafios ao n\u00edvel da Prote\u00e7\u00e3o Civil e da reforma prometida para o final de 2025, com o Governo a anunciar a decis\u00e3o de a adiar para depois dos fogos. O SIRESP e a organiza\u00e7\u00e3o de evacua\u00e7\u00f5es est\u00e3o entre os pontos em foco.<\/p>\n<p>Al\u00e9m disso, h\u00e1 negocia\u00e7\u00f5es em curso com sindicatos da PSP e associa\u00e7\u00f5es da GNR, j\u00e1 marcadas por protestos. A lideran\u00e7a policial tem de lidar com tens\u00f5es laborais e com a necessidade de equipas adequadas para as opera\u00e7\u00f5es.<\/p>\n<p>Na sequ\u00eancia da transi\u00e7\u00e3o, Neves ter\u00e1 tamb\u00e9m de atentar aos atrasos e falhas no funcionamento de aeroportos, nomeadamente em Lisboa, onde o controlo de fronteiras europeu dever\u00e1 regressar em abril.<\/p>\n","protected":false},"excerpt":{"rendered":"<ul>\n<li>Lu\u00eds Neves, aos 60 anos, \u00e9 o novo ministro da Administra\u00e7\u00e3o Interna, substituindo Maria L\u00facia Amaral.<\/li>\n<li>Ex-diretor da Pol\u00edcia Judici\u00e1ria desde 2018, iniciou a carreira na PJ em 1995 e tem experi\u00eancia em investiga\u00e7\u00e3o de crime violento, terrorismo e extremismo; j\u00e1 liderou a Unidade Nacional contra o Terrorismo (UNCT) e a antiga Dire\u00e7\u00e3o Central de Combate ao Banditismo (DCCB).<\/li>\n<li>Participou em casos de grande relev\u00e2ncia, como o desmantelamento de c\u00e9lulas da ETA, a deten\u00e7\u00e3o de dirigentes de extrema direita e, mais recentemente, a deten\u00e7\u00e3o de Jo\u00e3o Rendeiro em \u00c1frica.<\/li>\n<li>Sob a sua lideran\u00e7a, a PJ coordenou a megaopera\u00e7\u00e3o na Madeira com v\u00e1rias deten\u00e7\u00f5es, incluindo o presidente da C\u00e2mara do Funchal e o arguido presidente do executivo regional, envolvendo alegadas infra\u00e7\u00f5es como corrup\u00e7\u00e3o e abuso de poder.<\/li>\n<li>Enfrenta a miss\u00e3o de reformar a Prote\u00e7\u00e3o Civil e o SIRESP, gerir negocia\u00e7\u00f5es com sindicatos da PSP e GNR, e resolver problemas nos aeroportos, nomeadamente no sistema de controlo de fronteiras em Lisboa.<\/li>\n<\/ul>\n","protected":false},"author":2,"featured_media":220604,"comment_status":"closed","ping_status":"closed","sticky":false,"template":"","format":"standard","meta":{"footnotes":""},"categories":[1,5],"tags":[5806,147,3446,859,1802,250],"class_list":["post-220598","post","type-post","status-publish","format-standard","has-post-thumbnail","hentry","category-noticias","category-politica","tag-a-administracao-interna","tag-crime","tag-extremismo","tag-madeira","tag-policia-judiciaria","tag-seguranca-publica"],"yoast_head":"<!-- This site is optimized with the Yoast SEO plugin v27.2 - https:\/\/yoast.com\/product\/yoast-seo-wordpress\/ -->\n<title>Caso Rendeiro e skinheads: Lu\u00eds Neves, novo chefe do MAI na Madeira - Portal Tela Portugal<\/title>\n<meta name=\"robots\" content=\"index, follow, max-snippet:-1, max-image-preview:large, max-video-preview:-1\" \/>\n<meta property=\"og:locale\" content=\"pt_PT\" \/>\n<meta property=\"og:type\" content=\"article\" \/>\n<meta property=\"og:title\" content=\"Caso Rendeiro e skinheads: Lu\u00eds Neves, novo chefe do MAI na Madeira - Portal Tela Portugal\" \/>\n<meta property=\"og:description\" content=\"Lu\u00eds Neves, aos 60 anos, \u00e9 o novo ministro da Administra\u00e7\u00e3o Interna, substituindo Maria L\u00facia Amaral. Ex-diretor da Pol\u00edcia Judici\u00e1ria desde 2018, iniciou a carreira na PJ em 1995 e tem experi\u00eancia em investiga\u00e7\u00e3o de crime violento, terrorismo e extremismo; j\u00e1 liderou a Unidade Nacional contra o Terrorismo (UNCT) e a antiga Dire\u00e7\u00e3o Central de Combate ao Banditismo (DCCB). Participou em casos de grande relev\u00e2ncia, como o desmantelamento de c\u00e9lulas da ETA, a deten\u00e7\u00e3o de dirigentes de extrema direita e, mais recentemente, a deten\u00e7\u00e3o de Jo\u00e3o Rendeiro em \u00c1frica. Sob a sua lideran\u00e7a, a PJ coordenou a megaopera\u00e7\u00e3o na Madeira com v\u00e1rias deten\u00e7\u00f5es, incluindo o presidente da C\u00e2mara do Funchal e o arguido presidente do executivo regional, envolvendo alegadas infra\u00e7\u00f5es como corrup\u00e7\u00e3o e abuso de poder. Enfrenta a miss\u00e3o de reformar a Prote\u00e7\u00e3o Civil e o SIRESP, gerir negocia\u00e7\u00f5es com sindicatos da PSP e GNR, e resolver problemas nos aeroportos, nomeadamente no sistema de controlo de fronteiras em Lisboa.\" \/>\n<meta property=\"og:url\" content=\"https:\/\/portaltela.pt\/noticias\/2026\/02\/21\/caso-rendeiro-e-skinheads-luis-neves-novo-chefe-do-mai-na-madeira\/\" \/>\n<meta property=\"og:site_name\" content=\"Portal Tela Portugal\" \/>\n<meta property=\"article:published_time\" content=\"2026-02-21T13:44:15+00:00\" \/>\n<meta name=\"author\" content=\"Telinha\" \/>\n<meta name=\"twitter:card\" content=\"summary_large_image\" \/>\n<meta name=\"twitter:label1\" content=\"Escrito por\" \/>\n\t<meta name=\"twitter:data1\" content=\"Telinha\" \/>\n\t<meta name=\"twitter:label2\" content=\"Tempo estimado de leitura\" \/>\n\t<meta name=\"twitter:data2\" content=\"3 minutos\" \/>\n<script type=\"application\/ld+json\" class=\"yoast-schema-graph\">{\"@context\":\"https:\/\/schema.org\",\"@graph\":[{\"@type\":\"Article\",\"@id\":\"https:\/\/portaltela.pt\/noticias\/2026\/02\/21\/caso-rendeiro-e-skinheads-luis-neves-novo-chefe-do-mai-na-madeira\/#article\",\"isPartOf\":{\"@id\":\"https:\/\/portaltela.pt\/noticias\/2026\/02\/21\/caso-rendeiro-e-skinheads-luis-neves-novo-chefe-do-mai-na-madeira\/\"},\"author\":{\"name\":\"Telinha\",\"@id\":\"https:\/\/portaltela.pt\/#\/schema\/person\/c4278d4a6028830caff9ee44b42d32ed\"},\"headline\":\"Caso Rendeiro e skinheads: Lu\u00eds Neves, novo chefe do MAI na Madeira\",\"datePublished\":\"2026-02-21T13:44:15+00:00\",\"mainEntityOfPage\":{\"@id\":\"https:\/\/portaltela.pt\/noticias\/2026\/02\/21\/caso-rendeiro-e-skinheads-luis-neves-novo-chefe-do-mai-na-madeira\/\"},\"wordCount\":521,\"image\":{\"@id\":\"https:\/\/portaltela.pt\/noticias\/2026\/02\/21\/caso-rendeiro-e-skinheads-luis-neves-novo-chefe-do-mai-na-madeira\/#primaryimage\"},\"thumbnailUrl\":\"https:\/\/portaltela.pt\/s.01k8rhncp4jt1\/2026\/02\/img_1500x1000uu2023-03-29-20-26-12-1312668.jpg\",\"keywords\":[\"A Administra\u00e7\u00e3o Interna\",\"crime\",\"extremismo\",\"Madeira\",\"Pol\u00edcia Judici\u00e1ria\",\"seguran\u00e7a p\u00fablica\"],\"articleSection\":[\"Not\u00edcias\",\"Pol\u00edtica\"],\"inLanguage\":\"pt-PT\"},{\"@type\":\"WebPage\",\"@id\":\"https:\/\/portaltela.pt\/noticias\/2026\/02\/21\/caso-rendeiro-e-skinheads-luis-neves-novo-chefe-do-mai-na-madeira\/\",\"url\":\"https:\/\/portaltela.pt\/noticias\/2026\/02\/21\/caso-rendeiro-e-skinheads-luis-neves-novo-chefe-do-mai-na-madeira\/\",\"name\":\"Caso Rendeiro e skinheads: Lu\u00eds Neves, novo chefe do MAI na Madeira - Portal Tela Portugal\",\"isPartOf\":{\"@id\":\"https:\/\/portaltela.pt\/#website\"},\"primaryImageOfPage\":{\"@id\":\"https:\/\/portaltela.pt\/noticias\/2026\/02\/21\/caso-rendeiro-e-skinheads-luis-neves-novo-chefe-do-mai-na-madeira\/#primaryimage\"},\"image\":{\"@id\":\"https:\/\/portaltela.pt\/noticias\/2026\/02\/21\/caso-rendeiro-e-skinheads-luis-neves-novo-chefe-do-mai-na-madeira\/#primaryimage\"},\"thumbnailUrl\":\"https:\/\/portaltela.pt\/s.01k8rhncp4jt1\/2026\/02\/img_1500x1000uu2023-03-29-20-26-12-1312668.jpg\",\"datePublished\":\"2026-02-21T13:44:15+00:00\",\"author\":{\"@id\":\"https:\/\/portaltela.pt\/#\/schema\/person\/c4278d4a6028830caff9ee44b42d32ed\"},\"breadcrumb\":{\"@id\":\"https:\/\/portaltela.pt\/noticias\/2026\/02\/21\/caso-rendeiro-e-skinheads-luis-neves-novo-chefe-do-mai-na-madeira\/#breadcrumb\"},\"inLanguage\":\"pt-PT\",\"potentialAction\":[{\"@type\":\"ReadAction\",\"target\":[\"https:\/\/portaltela.pt\/noticias\/2026\/02\/21\/caso-rendeiro-e-skinheads-luis-neves-novo-chefe-do-mai-na-madeira\/\"]}]},{\"@type\":\"ImageObject\",\"inLanguage\":\"pt-PT\",\"@id\":\"https:\/\/portaltela.pt\/noticias\/2026\/02\/21\/caso-rendeiro-e-skinheads-luis-neves-novo-chefe-do-mai-na-madeira\/#primaryimage\",\"url\":\"https:\/\/portaltela.pt\/s.01k8rhncp4jt1\/2026\/02\/img_1500x1000uu2023-03-29-20-26-12-1312668.jpg\",\"contentUrl\":\"https:\/\/portaltela.pt\/s.01k8rhncp4jt1\/2026\/02\/img_1500x1000uu2023-03-29-20-26-12-1312668.jpg\",\"width\":796,\"height\":448,\"caption\":\"Lu\u00eds Neves era Diretor Nacional da PJ desde 2018\"},{\"@type\":\"BreadcrumbList\",\"@id\":\"https:\/\/portaltela.pt\/noticias\/2026\/02\/21\/caso-rendeiro-e-skinheads-luis-neves-novo-chefe-do-mai-na-madeira\/#breadcrumb\",\"itemListElement\":[{\"@type\":\"ListItem\",\"position\":1,\"name\":\"In\u00edcio\",\"item\":\"https:\/\/portaltela.pt\/\"},{\"@type\":\"ListItem\",\"position\":2,\"name\":\"Caso Rendeiro e skinheads: Lu\u00eds Neves, novo chefe do MAI na Madeira\"}]},{\"@type\":\"WebSite\",\"@id\":\"https:\/\/portaltela.pt\/#website\",\"url\":\"https:\/\/portaltela.pt\/\",\"name\":\"Portal Tela Portugal\",\"description\":\"\",\"potentialAction\":[{\"@type\":\"SearchAction\",\"target\":{\"@type\":\"EntryPoint\",\"urlTemplate\":\"https:\/\/portaltela.pt\/?s={search_term_string}\"},\"query-input\":{\"@type\":\"PropertyValueSpecification\",\"valueRequired\":true,\"valueName\":\"search_term_string\"}}],\"inLanguage\":\"pt-PT\"},{\"@type\":\"Person\",\"@id\":\"https:\/\/portaltela.pt\/#\/schema\/person\/c4278d4a6028830caff9ee44b42d32ed\",\"name\":\"Telinha\",\"image\":{\"@type\":\"ImageObject\",\"inLanguage\":\"pt-PT\",\"@id\":\"https:\/\/portaltela.pt\/s.01k8rhncp4jt1\/2025\/11\/talking-bot-125x125.png\",\"url\":\"https:\/\/portaltela.pt\/s.01k8rhncp4jt1\/2025\/11\/talking-bot-125x125.png\",\"contentUrl\":\"https:\/\/portaltela.pt\/s.01k8rhncp4jt1\/2025\/11\/talking-bot-125x125.png\",\"caption\":\"Telinha\"},\"sameAs\":[\"https:\/\/portaltela.pt\/\"],\"url\":\"https:\/\/portaltela.pt\/por\/367410592786\/\"}]}<\/script>\n<!-- \/ Yoast SEO plugin. -->","yoast_head_json":{"title":"Caso Rendeiro e skinheads: Lu\u00eds Neves, novo chefe do MAI na Madeira - Portal Tela Portugal","robots":{"index":"index","follow":"follow","max-snippet":"max-snippet:-1","max-image-preview":"max-image-preview:large","max-video-preview":"max-video-preview:-1"},"og_locale":"pt_PT","og_type":"article","og_title":"Caso Rendeiro e skinheads: Lu\u00eds Neves, novo chefe do MAI na Madeira - Portal Tela Portugal","og_description":"Lu\u00eds Neves, aos 60 anos, \u00e9 o novo ministro da Administra\u00e7\u00e3o Interna, substituindo Maria L\u00facia Amaral. Ex-diretor da Pol\u00edcia Judici\u00e1ria desde 2018, iniciou a carreira na PJ em 1995 e tem experi\u00eancia em investiga\u00e7\u00e3o de crime violento, terrorismo e extremismo; j\u00e1 liderou a Unidade Nacional contra o Terrorismo (UNCT) e a antiga Dire\u00e7\u00e3o Central de Combate ao Banditismo (DCCB). Participou em casos de grande relev\u00e2ncia, como o desmantelamento de c\u00e9lulas da ETA, a deten\u00e7\u00e3o de dirigentes de extrema direita e, mais recentemente, a deten\u00e7\u00e3o de Jo\u00e3o Rendeiro em \u00c1frica. Sob a sua lideran\u00e7a, a PJ coordenou a megaopera\u00e7\u00e3o na Madeira com v\u00e1rias deten\u00e7\u00f5es, incluindo o presidente da C\u00e2mara do Funchal e o arguido presidente do executivo regional, envolvendo alegadas infra\u00e7\u00f5es como corrup\u00e7\u00e3o e abuso de poder. Enfrenta a miss\u00e3o de reformar a Prote\u00e7\u00e3o Civil e o SIRESP, gerir negocia\u00e7\u00f5es com sindicatos da PSP e GNR, e resolver problemas nos aeroportos, nomeadamente no sistema de controlo de fronteiras em Lisboa.","og_url":"https:\/\/portaltela.pt\/noticias\/2026\/02\/21\/caso-rendeiro-e-skinheads-luis-neves-novo-chefe-do-mai-na-madeira\/","og_site_name":"Portal Tela Portugal","article_published_time":"2026-02-21T13:44:15+00:00","author":"Telinha","twitter_card":"summary_large_image","twitter_misc":{"Escrito por":"Telinha","Tempo estimado de leitura":"3 minutos"},"schema":{"@context":"https:\/\/schema.org","@graph":[{"@type":"Article","@id":"https:\/\/portaltela.pt\/noticias\/2026\/02\/21\/caso-rendeiro-e-skinheads-luis-neves-novo-chefe-do-mai-na-madeira\/#article","isPartOf":{"@id":"https:\/\/portaltela.pt\/noticias\/2026\/02\/21\/caso-rendeiro-e-skinheads-luis-neves-novo-chefe-do-mai-na-madeira\/"},"author":{"name":"Telinha","@id":"https:\/\/portaltela.pt\/#\/schema\/person\/c4278d4a6028830caff9ee44b42d32ed"},"headline":"Caso Rendeiro e skinheads: Lu\u00eds Neves, novo chefe do MAI na Madeira","datePublished":"2026-02-21T13:44:15+00:00","mainEntityOfPage":{"@id":"https:\/\/portaltela.pt\/noticias\/2026\/02\/21\/caso-rendeiro-e-skinheads-luis-neves-novo-chefe-do-mai-na-madeira\/"},"wordCount":521,"image":{"@id":"https:\/\/portaltela.pt\/noticias\/2026\/02\/21\/caso-rendeiro-e-skinheads-luis-neves-novo-chefe-do-mai-na-madeira\/#primaryimage"},"thumbnailUrl":"https:\/\/portaltela.pt\/s.01k8rhncp4jt1\/2026\/02\/img_1500x1000uu2023-03-29-20-26-12-1312668.jpg","keywords":["A Administra\u00e7\u00e3o Interna","crime","extremismo","Madeira","Pol\u00edcia Judici\u00e1ria","seguran\u00e7a p\u00fablica"],"articleSection":["Not\u00edcias","Pol\u00edtica"],"inLanguage":"pt-PT"},{"@type":"WebPage","@id":"https:\/\/portaltela.pt\/noticias\/2026\/02\/21\/caso-rendeiro-e-skinheads-luis-neves-novo-chefe-do-mai-na-madeira\/","url":"https:\/\/portaltela.pt\/noticias\/2026\/02\/21\/caso-rendeiro-e-skinheads-luis-neves-novo-chefe-do-mai-na-madeira\/","name":"Caso Rendeiro e skinheads: Lu\u00eds Neves, novo chefe do MAI na Madeira - Portal Tela Portugal","isPartOf":{"@id":"https:\/\/portaltela.pt\/#website"},"primaryImageOfPage":{"@id":"https:\/\/portaltela.pt\/noticias\/2026\/02\/21\/caso-rendeiro-e-skinheads-luis-neves-novo-chefe-do-mai-na-madeira\/#primaryimage"},"image":{"@id":"https:\/\/portaltela.pt\/noticias\/2026\/02\/21\/caso-rendeiro-e-skinheads-luis-neves-novo-chefe-do-mai-na-madeira\/#primaryimage"},"thumbnailUrl":"https:\/\/portaltela.pt\/s.01k8rhncp4jt1\/2026\/02\/img_1500x1000uu2023-03-29-20-26-12-1312668.jpg","datePublished":"2026-02-21T13:44:15+00:00","author":{"@id":"https:\/\/portaltela.pt\/#\/schema\/person\/c4278d4a6028830caff9ee44b42d32ed"},"breadcrumb":{"@id":"https:\/\/portaltela.pt\/noticias\/2026\/02\/21\/caso-rendeiro-e-skinheads-luis-neves-novo-chefe-do-mai-na-madeira\/#breadcrumb"},"inLanguage":"pt-PT","potentialAction":[{"@type":"ReadAction","target":["https:\/\/portaltela.pt\/noticias\/2026\/02\/21\/caso-rendeiro-e-skinheads-luis-neves-novo-chefe-do-mai-na-madeira\/"]}]},{"@type":"ImageObject","inLanguage":"pt-PT","@id":"https:\/\/portaltela.pt\/noticias\/2026\/02\/21\/caso-rendeiro-e-skinheads-luis-neves-novo-chefe-do-mai-na-madeira\/#primaryimage","url":"https:\/\/portaltela.pt\/s.01k8rhncp4jt1\/2026\/02\/img_1500x1000uu2023-03-29-20-26-12-1312668.jpg","contentUrl":"https:\/\/portaltela.pt\/s.01k8rhncp4jt1\/2026\/02\/img_1500x1000uu2023-03-29-20-26-12-1312668.jpg","width":796,"height":448,"caption":"Lu\u00eds Neves era Diretor Nacional da PJ desde 2018"},{"@type":"BreadcrumbList","@id":"https:\/\/portaltela.pt\/noticias\/2026\/02\/21\/caso-rendeiro-e-skinheads-luis-neves-novo-chefe-do-mai-na-madeira\/#breadcrumb","itemListElement":[{"@type":"ListItem","position":1,"name":"In\u00edcio","item":"https:\/\/portaltela.pt\/"},{"@type":"ListItem","position":2,"name":"Caso Rendeiro e skinheads: Lu\u00eds Neves, novo chefe do MAI na Madeira"}]},{"@type":"WebSite","@id":"https:\/\/portaltela.pt\/#website","url":"https:\/\/portaltela.pt\/","name":"Portal Tela Portugal","description":"","potentialAction":[{"@type":"SearchAction","target":{"@type":"EntryPoint","urlTemplate":"https:\/\/portaltela.pt\/?s={search_term_string}"},"query-input":{"@type":"PropertyValueSpecification","valueRequired":true,"valueName":"search_term_string"}}],"inLanguage":"pt-PT"},{"@type":"Person","@id":"https:\/\/portaltela.pt\/#\/schema\/person\/c4278d4a6028830caff9ee44b42d32ed","name":"Telinha","image":{"@type":"ImageObject","inLanguage":"pt-PT","@id":"https:\/\/portaltela.pt\/s.01k8rhncp4jt1\/2025\/11\/talking-bot-125x125.png","url":"https:\/\/portaltela.pt\/s.01k8rhncp4jt1\/2025\/11\/talking-bot-125x125.png","contentUrl":"https:\/\/portaltela.pt\/s.01k8rhncp4jt1\/2025\/11\/talking-bot-125x125.png","caption":"Telinha"},"sameAs":["https:\/\/portaltela.pt\/"],"url":"https:\/\/portaltela.pt\/por\/367410592786\/"}]}},"_links":{"self":[{"href":"https:\/\/portaltela.pt\/api\/wp\/v2\/posts\/220598","targetHints":{"allow":["GET"]}}],"collection":[{"href":"https:\/\/portaltela.pt\/api\/wp\/v2\/posts"}],"about":[{"href":"https:\/\/portaltela.pt\/api\/wp\/v2\/types\/post"}],"author":[{"embeddable":true,"href":"https:\/\/portaltela.pt\/api\/wp\/v2\/users\/2"}],"replies":[{"embeddable":true,"href":"https:\/\/portaltela.pt\/api\/wp\/v2\/comments?post=220598"}],"version-history":[{"count":0,"href":"https:\/\/portaltela.pt\/api\/wp\/v2\/posts\/220598\/revisions"}],"wp:featuredmedia":[{"embeddable":true,"href":"https:\/\/portaltela.pt\/api\/wp\/v2\/media\/220604"}],"wp:attachment":[{"href":"https:\/\/portaltela.pt\/api\/wp\/v2\/media?parent=220598"}],"wp:term":[{"taxonomy":"category","embeddable":true,"href":"https:\/\/portaltela.pt\/api\/wp\/v2\/categories?post=220598"},{"taxonomy":"post_tag","embeddable":true,"href":"https:\/\/portaltela.pt\/api\/wp\/v2\/tags?post=220598"}],"curies":[{"name":"wp","href":"https:\/\/api.w.org\/{rel}","templated":true}]}}