{"id":220592,"date":"2026-02-21T10:31:20","date_gmt":"2026-02-21T13:31:20","guid":{"rendered":"https:\/\/portaltela.pt\/noticias\/2026\/02\/21\/bad-bunny-estreia-se-em-palco-no-brasil\/"},"modified":"2026-02-21T10:31:20","modified_gmt":"2026-02-21T13:31:20","slug":"bad-bunny-estreia-se-em-palco-no-brasil","status":"publish","type":"post","link":"https:\/\/portaltela.pt\/noticias\/2026\/02\/21\/bad-bunny-estreia-se-em-palco-no-brasil\/","title":{"rendered":"Bad Bunny estreia-se em palco no Brasil"},"content":{"rendered":"<p>O m\u00fasico porto-riquenho Bad Bunny estreou-se no Brasil pela primeira vez, em uma atua\u00e7\u00e3o que contou com casa cheia. O concerto ocorreu num local de grande capacidade, com expectativa elevada entre os f\u00e3s brasileiros.<\/p>\n<p>Durante o espet\u00e1culo, o artista apresentou os seus maiores hits, numa atua\u00e7\u00e3o energia que manteve o p\u00fablico envolvido do in\u00edcio ao fim. A performance destacou a mistura de estilos que caracteriza a sua m\u00fasica.<\/p>\n<p>A estreia no Brasil gerou boa repercuss\u00e3o entre f\u00e3s e imprensa, fortalecendo a conex\u00e3o de Bad Bunny com o p\u00fablico latino-americano. O artista \u00e9 reconhecido internacionalmente no reggaeton e na m\u00fasica urbana.<\/p>\n<h3>Desempenho e repercuss\u00e3o<\/h3>\n<p>A apresenta\u00e7\u00e3o foi descrita como um sucesso pela produ\u00e7\u00e3o e pelos f\u00e3s, que aguardam novas datas no pa\u00eds. A expectativa j\u00e1 se volta para futuros shows e para a continuidade da liga\u00e7\u00e3o com o p\u00fablico brasileiro.<\/p>\n","protected":false},"excerpt":{"rendered":"<ul>\n<li>Bad Bunny atua pela primeira vez no Brasil, em concerto com casa cheia.<\/li>\n<li>A apresenta\u00e7\u00e3o ocorreu num espa\u00e7o de grande capacidade, com f\u00e3s brasileiros muito entusiasmados.<\/li>\n<li>O artista interpretou os seus maiores \u00eaxitos, agradando o p\u00fablico presente.<\/li>\n<li>O show \u00e9 descrito como um sucesso, aumentando a expectativa de novas atua\u00e7\u00f5es no pa\u00eds.<\/li>\n<li>O porto-riquenho \u00e9 considerado um dos maiores nomes da m\u00fasica urbana e do reggaeton, fortalecendo a liga\u00e7\u00e3o com o p\u00fablico latino-americano e gerando expectativa de retorno ao Brasil.<\/li>\n<\/ul>\n","protected":false},"author":2,"featured_media":220596,"comment_status":"closed","ping_status":"closed","sticky":false,"template":"","format":"standard","meta":{"footnotes":""},"categories":[12,1],"tags":[4291,2547,593,81,122,5062],"class_list":["post-220592","post","type-post","status-publish","format-standard","has-post-thumbnail","hentry","category-entretenimento","category-noticias","tag-bad-bunny","tag-brasil","tag-concertos","tag-internacionais","tag-musica","tag-musica-urbana"],"yoast_head":"<!-- This site is optimized with the Yoast SEO plugin v27.2 - https:\/\/yoast.com\/product\/yoast-seo-wordpress\/ -->\n<title>Bad Bunny estreia-se em palco no Brasil - Portal Tela Portugal<\/title>\n<meta name=\"robots\" content=\"index, follow, max-snippet:-1, max-image-preview:large, max-video-preview:-1\" \/>\n<meta property=\"og:locale\" content=\"pt_PT\" \/>\n<meta property=\"og:type\" content=\"article\" \/>\n<meta property=\"og:title\" content=\"Bad Bunny estreia-se em palco no Brasil - Portal Tela Portugal\" \/>\n<meta property=\"og:description\" content=\"Bad Bunny atua pela primeira vez no Brasil, em concerto com casa cheia. A apresenta\u00e7\u00e3o ocorreu num espa\u00e7o de grande capacidade, com f\u00e3s brasileiros muito entusiasmados. O artista interpretou os seus maiores \u00eaxitos, agradando o p\u00fablico presente. O show \u00e9 descrito como um sucesso, aumentando a expectativa de novas atua\u00e7\u00f5es no pa\u00eds. O porto-riquenho \u00e9 considerado um dos maiores nomes da m\u00fasica urbana e do reggaeton, fortalecendo a liga\u00e7\u00e3o com o p\u00fablico latino-americano e gerando expectativa de retorno ao Brasil.\" \/>\n<meta property=\"og:url\" content=\"https:\/\/portaltela.pt\/noticias\/2026\/02\/21\/bad-bunny-estreia-se-em-palco-no-brasil\/\" \/>\n<meta property=\"og:site_name\" content=\"Portal Tela Portugal\" \/>\n<meta property=\"article:published_time\" content=\"2026-02-21T13:31:20+00:00\" \/>\n<meta name=\"author\" content=\"Telinha\" \/>\n<meta name=\"twitter:card\" content=\"summary_large_image\" \/>\n<meta name=\"twitter:label1\" content=\"Escrito por\" \/>\n\t<meta name=\"twitter:data1\" content=\"Telinha\" \/>\n\t<meta name=\"twitter:label2\" content=\"Tempo estimado de leitura\" \/>\n\t<meta name=\"twitter:data2\" content=\"1 minuto\" \/>\n<script type=\"application\/ld+json\" class=\"yoast-schema-graph\">{\"@context\":\"https:\/\/schema.org\",\"@graph\":[{\"@type\":\"Article\",\"@id\":\"https:\/\/portaltela.pt\/noticias\/2026\/02\/21\/bad-bunny-estreia-se-em-palco-no-brasil\/#article\",\"isPartOf\":{\"@id\":\"https:\/\/portaltela.pt\/noticias\/2026\/02\/21\/bad-bunny-estreia-se-em-palco-no-brasil\/\"},\"author\":{\"name\":\"Telinha\",\"@id\":\"https:\/\/portaltela.pt\/#\/schema\/person\/c4278d4a6028830caff9ee44b42d32ed\"},\"headline\":\"Bad Bunny estreia-se em palco no Brasil\",\"datePublished\":\"2026-02-21T13:31:20+00:00\",\"mainEntityOfPage\":{\"@id\":\"https:\/\/portaltela.pt\/noticias\/2026\/02\/21\/bad-bunny-estreia-se-em-palco-no-brasil\/\"},\"wordCount\":165,\"image\":{\"@id\":\"https:\/\/portaltela.pt\/noticias\/2026\/02\/21\/bad-bunny-estreia-se-em-palco-no-brasil\/#primaryimage\"},\"thumbnailUrl\":\"https:\/\/portaltela.pt\/s.01k8rhncp4jt1\/2026\/02\/img_1200x721uu2026-02-21-13-30-06-2422866.jpg\",\"keywords\":[\"Bad Bunny\",\"Brasil\",\"concertos\",\"internacionais\",\"m\u00fasica\",\"m\u00fasica urbana\"],\"articleSection\":[\"Entretenimento\",\"Not\u00edcias\"],\"inLanguage\":\"pt-PT\"},{\"@type\":\"WebPage\",\"@id\":\"https:\/\/portaltela.pt\/noticias\/2026\/02\/21\/bad-bunny-estreia-se-em-palco-no-brasil\/\",\"url\":\"https:\/\/portaltela.pt\/noticias\/2026\/02\/21\/bad-bunny-estreia-se-em-palco-no-brasil\/\",\"name\":\"Bad Bunny estreia-se em palco no Brasil - Portal Tela Portugal\",\"isPartOf\":{\"@id\":\"https:\/\/portaltela.pt\/#website\"},\"primaryImageOfPage\":{\"@id\":\"https:\/\/portaltela.pt\/noticias\/2026\/02\/21\/bad-bunny-estreia-se-em-palco-no-brasil\/#primaryimage\"},\"image\":{\"@id\":\"https:\/\/portaltela.pt\/noticias\/2026\/02\/21\/bad-bunny-estreia-se-em-palco-no-brasil\/#primaryimage\"},\"thumbnailUrl\":\"https:\/\/portaltela.pt\/s.01k8rhncp4jt1\/2026\/02\/img_1200x721uu2026-02-21-13-30-06-2422866.jpg\",\"datePublished\":\"2026-02-21T13:31:20+00:00\",\"author\":{\"@id\":\"https:\/\/portaltela.pt\/#\/schema\/person\/c4278d4a6028830caff9ee44b42d32ed\"},\"breadcrumb\":{\"@id\":\"https:\/\/portaltela.pt\/noticias\/2026\/02\/21\/bad-bunny-estreia-se-em-palco-no-brasil\/#breadcrumb\"},\"inLanguage\":\"pt-PT\",\"potentialAction\":[{\"@type\":\"ReadAction\",\"target\":[\"https:\/\/portaltela.pt\/noticias\/2026\/02\/21\/bad-bunny-estreia-se-em-palco-no-brasil\/\"]}]},{\"@type\":\"ImageObject\",\"inLanguage\":\"pt-PT\",\"@id\":\"https:\/\/portaltela.pt\/noticias\/2026\/02\/21\/bad-bunny-estreia-se-em-palco-no-brasil\/#primaryimage\",\"url\":\"https:\/\/portaltela.pt\/s.01k8rhncp4jt1\/2026\/02\/img_1200x721uu2026-02-21-13-30-06-2422866.jpg\",\"contentUrl\":\"https:\/\/portaltela.pt\/s.01k8rhncp4jt1\/2026\/02\/img_1200x721uu2026-02-21-13-30-06-2422866.jpg\",\"width\":796,\"height\":448,\"caption\":\"Bad Bunny estreia-se em palco no Brasil\"},{\"@type\":\"BreadcrumbList\",\"@id\":\"https:\/\/portaltela.pt\/noticias\/2026\/02\/21\/bad-bunny-estreia-se-em-palco-no-brasil\/#breadcrumb\",\"itemListElement\":[{\"@type\":\"ListItem\",\"position\":1,\"name\":\"In\u00edcio\",\"item\":\"https:\/\/portaltela.pt\/\"},{\"@type\":\"ListItem\",\"position\":2,\"name\":\"Bad Bunny estreia-se em palco no Brasil\"}]},{\"@type\":\"WebSite\",\"@id\":\"https:\/\/portaltela.pt\/#website\",\"url\":\"https:\/\/portaltela.pt\/\",\"name\":\"Portal Tela Portugal\",\"description\":\"\",\"potentialAction\":[{\"@type\":\"SearchAction\",\"target\":{\"@type\":\"EntryPoint\",\"urlTemplate\":\"https:\/\/portaltela.pt\/?s={search_term_string}\"},\"query-input\":{\"@type\":\"PropertyValueSpecification\",\"valueRequired\":true,\"valueName\":\"search_term_string\"}}],\"inLanguage\":\"pt-PT\"},{\"@type\":\"Person\",\"@id\":\"https:\/\/portaltela.pt\/#\/schema\/person\/c4278d4a6028830caff9ee44b42d32ed\",\"name\":\"Telinha\",\"image\":{\"@type\":\"ImageObject\",\"inLanguage\":\"pt-PT\",\"@id\":\"https:\/\/portaltela.pt\/s.01k8rhncp4jt1\/2025\/11\/talking-bot-125x125.png\",\"url\":\"https:\/\/portaltela.pt\/s.01k8rhncp4jt1\/2025\/11\/talking-bot-125x125.png\",\"contentUrl\":\"https:\/\/portaltela.pt\/s.01k8rhncp4jt1\/2025\/11\/talking-bot-125x125.png\",\"caption\":\"Telinha\"},\"sameAs\":[\"https:\/\/portaltela.pt\/\"],\"url\":\"https:\/\/portaltela.pt\/por\/367410592786\/\"}]}<\/script>\n<!-- \/ Yoast SEO plugin. -->","yoast_head_json":{"title":"Bad Bunny estreia-se em palco no Brasil - Portal Tela Portugal","robots":{"index":"index","follow":"follow","max-snippet":"max-snippet:-1","max-image-preview":"max-image-preview:large","max-video-preview":"max-video-preview:-1"},"og_locale":"pt_PT","og_type":"article","og_title":"Bad Bunny estreia-se em palco no Brasil - Portal Tela Portugal","og_description":"Bad Bunny atua pela primeira vez no Brasil, em concerto com casa cheia. A apresenta\u00e7\u00e3o ocorreu num espa\u00e7o de grande capacidade, com f\u00e3s brasileiros muito entusiasmados. O artista interpretou os seus maiores \u00eaxitos, agradando o p\u00fablico presente. O show \u00e9 descrito como um sucesso, aumentando a expectativa de novas atua\u00e7\u00f5es no pa\u00eds. O porto-riquenho \u00e9 considerado um dos maiores nomes da m\u00fasica urbana e do reggaeton, fortalecendo a liga\u00e7\u00e3o com o p\u00fablico latino-americano e gerando expectativa de retorno ao Brasil.","og_url":"https:\/\/portaltela.pt\/noticias\/2026\/02\/21\/bad-bunny-estreia-se-em-palco-no-brasil\/","og_site_name":"Portal Tela Portugal","article_published_time":"2026-02-21T13:31:20+00:00","author":"Telinha","twitter_card":"summary_large_image","twitter_misc":{"Escrito por":"Telinha","Tempo estimado de leitura":"1 minuto"},"schema":{"@context":"https:\/\/schema.org","@graph":[{"@type":"Article","@id":"https:\/\/portaltela.pt\/noticias\/2026\/02\/21\/bad-bunny-estreia-se-em-palco-no-brasil\/#article","isPartOf":{"@id":"https:\/\/portaltela.pt\/noticias\/2026\/02\/21\/bad-bunny-estreia-se-em-palco-no-brasil\/"},"author":{"name":"Telinha","@id":"https:\/\/portaltela.pt\/#\/schema\/person\/c4278d4a6028830caff9ee44b42d32ed"},"headline":"Bad Bunny estreia-se em palco no Brasil","datePublished":"2026-02-21T13:31:20+00:00","mainEntityOfPage":{"@id":"https:\/\/portaltela.pt\/noticias\/2026\/02\/21\/bad-bunny-estreia-se-em-palco-no-brasil\/"},"wordCount":165,"image":{"@id":"https:\/\/portaltela.pt\/noticias\/2026\/02\/21\/bad-bunny-estreia-se-em-palco-no-brasil\/#primaryimage"},"thumbnailUrl":"https:\/\/portaltela.pt\/s.01k8rhncp4jt1\/2026\/02\/img_1200x721uu2026-02-21-13-30-06-2422866.jpg","keywords":["Bad Bunny","Brasil","concertos","internacionais","m\u00fasica","m\u00fasica urbana"],"articleSection":["Entretenimento","Not\u00edcias"],"inLanguage":"pt-PT"},{"@type":"WebPage","@id":"https:\/\/portaltela.pt\/noticias\/2026\/02\/21\/bad-bunny-estreia-se-em-palco-no-brasil\/","url":"https:\/\/portaltela.pt\/noticias\/2026\/02\/21\/bad-bunny-estreia-se-em-palco-no-brasil\/","name":"Bad Bunny estreia-se em palco no Brasil - Portal Tela Portugal","isPartOf":{"@id":"https:\/\/portaltela.pt\/#website"},"primaryImageOfPage":{"@id":"https:\/\/portaltela.pt\/noticias\/2026\/02\/21\/bad-bunny-estreia-se-em-palco-no-brasil\/#primaryimage"},"image":{"@id":"https:\/\/portaltela.pt\/noticias\/2026\/02\/21\/bad-bunny-estreia-se-em-palco-no-brasil\/#primaryimage"},"thumbnailUrl":"https:\/\/portaltela.pt\/s.01k8rhncp4jt1\/2026\/02\/img_1200x721uu2026-02-21-13-30-06-2422866.jpg","datePublished":"2026-02-21T13:31:20+00:00","author":{"@id":"https:\/\/portaltela.pt\/#\/schema\/person\/c4278d4a6028830caff9ee44b42d32ed"},"breadcrumb":{"@id":"https:\/\/portaltela.pt\/noticias\/2026\/02\/21\/bad-bunny-estreia-se-em-palco-no-brasil\/#breadcrumb"},"inLanguage":"pt-PT","potentialAction":[{"@type":"ReadAction","target":["https:\/\/portaltela.pt\/noticias\/2026\/02\/21\/bad-bunny-estreia-se-em-palco-no-brasil\/"]}]},{"@type":"ImageObject","inLanguage":"pt-PT","@id":"https:\/\/portaltela.pt\/noticias\/2026\/02\/21\/bad-bunny-estreia-se-em-palco-no-brasil\/#primaryimage","url":"https:\/\/portaltela.pt\/s.01k8rhncp4jt1\/2026\/02\/img_1200x721uu2026-02-21-13-30-06-2422866.jpg","contentUrl":"https:\/\/portaltela.pt\/s.01k8rhncp4jt1\/2026\/02\/img_1200x721uu2026-02-21-13-30-06-2422866.jpg","width":796,"height":448,"caption":"Bad Bunny estreia-se em palco no Brasil"},{"@type":"BreadcrumbList","@id":"https:\/\/portaltela.pt\/noticias\/2026\/02\/21\/bad-bunny-estreia-se-em-palco-no-brasil\/#breadcrumb","itemListElement":[{"@type":"ListItem","position":1,"name":"In\u00edcio","item":"https:\/\/portaltela.pt\/"},{"@type":"ListItem","position":2,"name":"Bad Bunny estreia-se em palco no Brasil"}]},{"@type":"WebSite","@id":"https:\/\/portaltela.pt\/#website","url":"https:\/\/portaltela.pt\/","name":"Portal Tela Portugal","description":"","potentialAction":[{"@type":"SearchAction","target":{"@type":"EntryPoint","urlTemplate":"https:\/\/portaltela.pt\/?s={search_term_string}"},"query-input":{"@type":"PropertyValueSpecification","valueRequired":true,"valueName":"search_term_string"}}],"inLanguage":"pt-PT"},{"@type":"Person","@id":"https:\/\/portaltela.pt\/#\/schema\/person\/c4278d4a6028830caff9ee44b42d32ed","name":"Telinha","image":{"@type":"ImageObject","inLanguage":"pt-PT","@id":"https:\/\/portaltela.pt\/s.01k8rhncp4jt1\/2025\/11\/talking-bot-125x125.png","url":"https:\/\/portaltela.pt\/s.01k8rhncp4jt1\/2025\/11\/talking-bot-125x125.png","contentUrl":"https:\/\/portaltela.pt\/s.01k8rhncp4jt1\/2025\/11\/talking-bot-125x125.png","caption":"Telinha"},"sameAs":["https:\/\/portaltela.pt\/"],"url":"https:\/\/portaltela.pt\/por\/367410592786\/"}]}},"_links":{"self":[{"href":"https:\/\/portaltela.pt\/api\/wp\/v2\/posts\/220592","targetHints":{"allow":["GET"]}}],"collection":[{"href":"https:\/\/portaltela.pt\/api\/wp\/v2\/posts"}],"about":[{"href":"https:\/\/portaltela.pt\/api\/wp\/v2\/types\/post"}],"author":[{"embeddable":true,"href":"https:\/\/portaltela.pt\/api\/wp\/v2\/users\/2"}],"replies":[{"embeddable":true,"href":"https:\/\/portaltela.pt\/api\/wp\/v2\/comments?post=220592"}],"version-history":[{"count":0,"href":"https:\/\/portaltela.pt\/api\/wp\/v2\/posts\/220592\/revisions"}],"wp:featuredmedia":[{"embeddable":true,"href":"https:\/\/portaltela.pt\/api\/wp\/v2\/media\/220596"}],"wp:attachment":[{"href":"https:\/\/portaltela.pt\/api\/wp\/v2\/media?parent=220592"}],"wp:term":[{"taxonomy":"category","embeddable":true,"href":"https:\/\/portaltela.pt\/api\/wp\/v2\/categories?post=220592"},{"taxonomy":"post_tag","embeddable":true,"href":"https:\/\/portaltela.pt\/api\/wp\/v2\/tags?post=220592"}],"curies":[{"name":"wp","href":"https:\/\/api.w.org\/{rel}","templated":true}]}}