{"id":220560,"date":"2026-02-21T09:53:00","date_gmt":"2026-02-21T12:53:00","guid":{"rendered":"https:\/\/portaltela.pt\/noticias\/2026\/02\/21\/johannes-klaebo-conquista-11-o-ouro-olimpico-e-o-sexto-em-italia\/"},"modified":"2026-02-21T09:53:00","modified_gmt":"2026-02-21T12:53:00","slug":"johannes-klaebo-conquista-11-o-ouro-olimpico-e-o-sexto-em-italia","status":"publish","type":"post","link":"https:\/\/portaltela.pt\/desporto\/2026\/02\/21\/johannes-klaebo-conquista-11-o-ouro-olimpico-e-o-sexto-em-italia\/","title":{"rendered":"Johannes Klaebo conquista 11.\u00ba ouro ol\u00edmpico e o sexto em It\u00e1lia"},"content":{"rendered":"<p>No JO2026, realizado em It\u00e1lia, o noruegu\u00eas Johannes Klaebo soma o 11\u00ba ouro ol\u00edmpico. A confirma\u00e7\u00e3o chega no contexto de uma competi\u00e7\u00e3o que destaca a consist\u00eancia do atleta na disciplina.<\/p>\n<p>A marca refor\u00e7a ainda a sua presen\u00e7a entre os mais medalhados, j\u00e1 que Klaebo conquista a sexta medalha de ouro em edi\u00e7\u00f5es disputadas em It\u00e1lia.<\/p>\n<p>Detalhes adicionais sobre a prova, os advers\u00e1rios e as circunst\u00e2ncias da vit\u00f3ria n\u00e3o foram tornados p\u00fablicos no conte\u00fado dispon\u00edvel.<\/p>\n","protected":false},"excerpt":{"rendered":"<ul>\n<li>O noruegu\u00eas Johannes Klaebo soma o 11.\u00ba ouro ol\u00edmpico.<\/li>\n<li>A conquista \u00e9 o sexto ouro do atleta em It\u00e1lia.<\/li>\n<li>A not\u00edcia refere-se aos Jogos Ol\u00edmpicos de 2026 (JO2026).<\/li>\n<\/ul>\n","protected":false},"author":2,"featured_media":220563,"comment_status":"closed","ping_status":"closed","sticky":false,"template":"","format":"standard","meta":{"footnotes":""},"categories":[21],"tags":[152,5963,1857,2125,84],"class_list":["post-220560","post","type-post","status-publish","format-standard","has-post-thumbnail","hentry","category-desporto","tag-desporto","tag-esportes-olimpicos","tag-italia","tag-noruega","tag-olimpiadas"],"yoast_head":"<!-- This site is optimized with the Yoast SEO plugin v27.2 - https:\/\/yoast.com\/product\/yoast-seo-wordpress\/ -->\n<title>Johannes Klaebo conquista 11.\u00ba ouro ol\u00edmpico e o sexto em It\u00e1lia - Portal Tela Portugal<\/title>\n<meta name=\"robots\" content=\"index, follow, max-snippet:-1, max-image-preview:large, max-video-preview:-1\" \/>\n<meta property=\"og:locale\" content=\"pt_PT\" \/>\n<meta property=\"og:type\" content=\"article\" \/>\n<meta property=\"og:title\" content=\"Johannes Klaebo conquista 11.\u00ba ouro ol\u00edmpico e o sexto em It\u00e1lia - Portal Tela Portugal\" \/>\n<meta property=\"og:description\" content=\"O noruegu\u00eas Johannes Klaebo soma o 11.\u00ba ouro ol\u00edmpico. A conquista \u00e9 o sexto ouro do atleta em It\u00e1lia. A not\u00edcia refere-se aos Jogos Ol\u00edmpicos de 2026 (JO2026).\" \/>\n<meta property=\"og:url\" content=\"https:\/\/portaltela.pt\/noticias\/2026\/02\/21\/johannes-klaebo-conquista-11-o-ouro-olimpico-e-o-sexto-em-italia\/\" \/>\n<meta property=\"og:site_name\" content=\"Portal Tela Portugal\" \/>\n<meta property=\"article:published_time\" content=\"2026-02-21T12:53:00+00:00\" \/>\n<meta name=\"author\" content=\"Telinha\" \/>\n<meta name=\"twitter:card\" content=\"summary_large_image\" \/>\n<meta name=\"twitter:label1\" content=\"Escrito por\" \/>\n\t<meta name=\"twitter:data1\" content=\"Telinha\" \/>\n<script type=\"application\/ld+json\" class=\"yoast-schema-graph\">{\"@context\":\"https:\/\/schema.org\",\"@graph\":[{\"@type\":\"Article\",\"@id\":\"https:\/\/portaltela.pt\/noticias\/2026\/02\/21\/johannes-klaebo-conquista-11-o-ouro-olimpico-e-o-sexto-em-italia\/#article\",\"isPartOf\":{\"@id\":\"https:\/\/portaltela.pt\/noticias\/2026\/02\/21\/johannes-klaebo-conquista-11-o-ouro-olimpico-e-o-sexto-em-italia\/\"},\"author\":{\"name\":\"Telinha\",\"@id\":\"https:\/\/portaltela.pt\/#\/schema\/person\/c4278d4a6028830caff9ee44b42d32ed\"},\"headline\":\"Johannes Klaebo conquista 11.\u00ba ouro ol\u00edmpico e o sexto em It\u00e1lia\",\"datePublished\":\"2026-02-21T12:53:00+00:00\",\"mainEntityOfPage\":{\"@id\":\"https:\/\/portaltela.pt\/noticias\/2026\/02\/21\/johannes-klaebo-conquista-11-o-ouro-olimpico-e-o-sexto-em-italia\/\"},\"wordCount\":102,\"image\":{\"@id\":\"https:\/\/portaltela.pt\/noticias\/2026\/02\/21\/johannes-klaebo-conquista-11-o-ouro-olimpico-e-o-sexto-em-italia\/#primaryimage\"},\"thumbnailUrl\":\"https:\/\/portaltela.pt\/s.01k8rhncp4jt1\/2026\/02\/CACHE_780X1200_ANALOG_WATERMARKED_46613032_534670527289677.jpg\",\"keywords\":[\"desporto\",\"esportes ol\u00edmpicos\",\"It\u00e1lia\",\"Noruega\",\"olimp\u00edadas\"],\"articleSection\":[\"Desporto\"],\"inLanguage\":\"pt-PT\"},{\"@type\":\"WebPage\",\"@id\":\"https:\/\/portaltela.pt\/noticias\/2026\/02\/21\/johannes-klaebo-conquista-11-o-ouro-olimpico-e-o-sexto-em-italia\/\",\"url\":\"https:\/\/portaltela.pt\/noticias\/2026\/02\/21\/johannes-klaebo-conquista-11-o-ouro-olimpico-e-o-sexto-em-italia\/\",\"name\":\"Johannes Klaebo conquista 11.\u00ba ouro ol\u00edmpico e o sexto em It\u00e1lia - Portal Tela Portugal\",\"isPartOf\":{\"@id\":\"https:\/\/portaltela.pt\/#website\"},\"primaryImageOfPage\":{\"@id\":\"https:\/\/portaltela.pt\/noticias\/2026\/02\/21\/johannes-klaebo-conquista-11-o-ouro-olimpico-e-o-sexto-em-italia\/#primaryimage\"},\"image\":{\"@id\":\"https:\/\/portaltela.pt\/noticias\/2026\/02\/21\/johannes-klaebo-conquista-11-o-ouro-olimpico-e-o-sexto-em-italia\/#primaryimage\"},\"thumbnailUrl\":\"https:\/\/portaltela.pt\/s.01k8rhncp4jt1\/2026\/02\/CACHE_780X1200_ANALOG_WATERMARKED_46613032_534670527289677.jpg\",\"datePublished\":\"2026-02-21T12:53:00+00:00\",\"author\":{\"@id\":\"https:\/\/portaltela.pt\/#\/schema\/person\/c4278d4a6028830caff9ee44b42d32ed\"},\"breadcrumb\":{\"@id\":\"https:\/\/portaltela.pt\/noticias\/2026\/02\/21\/johannes-klaebo-conquista-11-o-ouro-olimpico-e-o-sexto-em-italia\/#breadcrumb\"},\"inLanguage\":\"pt-PT\",\"potentialAction\":[{\"@type\":\"ReadAction\",\"target\":[\"https:\/\/portaltela.pt\/noticias\/2026\/02\/21\/johannes-klaebo-conquista-11-o-ouro-olimpico-e-o-sexto-em-italia\/\"]}]},{\"@type\":\"ImageObject\",\"inLanguage\":\"pt-PT\",\"@id\":\"https:\/\/portaltela.pt\/noticias\/2026\/02\/21\/johannes-klaebo-conquista-11-o-ouro-olimpico-e-o-sexto-em-italia\/#primaryimage\",\"url\":\"https:\/\/portaltela.pt\/s.01k8rhncp4jt1\/2026\/02\/CACHE_780X1200_ANALOG_WATERMARKED_46613032_534670527289677.jpg\",\"contentUrl\":\"https:\/\/portaltela.pt\/s.01k8rhncp4jt1\/2026\/02\/CACHE_780X1200_ANALOG_WATERMARKED_46613032_534670527289677.jpg\",\"width\":796,\"height\":448,\"caption\":\"JO2026: Noruegu\u00eas Johannes Klaebo soma 11.\u00ba ouro ol\u00edmpico e sexto em It\u00e1lia\"},{\"@type\":\"BreadcrumbList\",\"@id\":\"https:\/\/portaltela.pt\/noticias\/2026\/02\/21\/johannes-klaebo-conquista-11-o-ouro-olimpico-e-o-sexto-em-italia\/#breadcrumb\",\"itemListElement\":[{\"@type\":\"ListItem\",\"position\":1,\"name\":\"In\u00edcio\",\"item\":\"https:\/\/portaltela.pt\/\"},{\"@type\":\"ListItem\",\"position\":2,\"name\":\"Johannes Klaebo conquista 11.\u00ba ouro ol\u00edmpico e o sexto em It\u00e1lia\"}]},{\"@type\":\"WebSite\",\"@id\":\"https:\/\/portaltela.pt\/#website\",\"url\":\"https:\/\/portaltela.pt\/\",\"name\":\"Portal Tela Portugal\",\"description\":\"\",\"potentialAction\":[{\"@type\":\"SearchAction\",\"target\":{\"@type\":\"EntryPoint\",\"urlTemplate\":\"https:\/\/portaltela.pt\/?s={search_term_string}\"},\"query-input\":{\"@type\":\"PropertyValueSpecification\",\"valueRequired\":true,\"valueName\":\"search_term_string\"}}],\"inLanguage\":\"pt-PT\"},{\"@type\":\"Person\",\"@id\":\"https:\/\/portaltela.pt\/#\/schema\/person\/c4278d4a6028830caff9ee44b42d32ed\",\"name\":\"Telinha\",\"image\":{\"@type\":\"ImageObject\",\"inLanguage\":\"pt-PT\",\"@id\":\"https:\/\/portaltela.pt\/s.01k8rhncp4jt1\/2025\/11\/talking-bot-125x125.png\",\"url\":\"https:\/\/portaltela.pt\/s.01k8rhncp4jt1\/2025\/11\/talking-bot-125x125.png\",\"contentUrl\":\"https:\/\/portaltela.pt\/s.01k8rhncp4jt1\/2025\/11\/talking-bot-125x125.png\",\"caption\":\"Telinha\"},\"sameAs\":[\"https:\/\/portaltela.pt\/\"],\"url\":\"https:\/\/portaltela.pt\/por\/367410592786\/\"}]}<\/script>\n<!-- \/ Yoast SEO plugin. -->","yoast_head_json":{"title":"Johannes Klaebo conquista 11.\u00ba ouro ol\u00edmpico e o sexto em It\u00e1lia - Portal Tela Portugal","robots":{"index":"index","follow":"follow","max-snippet":"max-snippet:-1","max-image-preview":"max-image-preview:large","max-video-preview":"max-video-preview:-1"},"og_locale":"pt_PT","og_type":"article","og_title":"Johannes Klaebo conquista 11.\u00ba ouro ol\u00edmpico e o sexto em It\u00e1lia - Portal Tela Portugal","og_description":"O noruegu\u00eas Johannes Klaebo soma o 11.\u00ba ouro ol\u00edmpico. A conquista \u00e9 o sexto ouro do atleta em It\u00e1lia. A not\u00edcia refere-se aos Jogos Ol\u00edmpicos de 2026 (JO2026).","og_url":"https:\/\/portaltela.pt\/noticias\/2026\/02\/21\/johannes-klaebo-conquista-11-o-ouro-olimpico-e-o-sexto-em-italia\/","og_site_name":"Portal Tela Portugal","article_published_time":"2026-02-21T12:53:00+00:00","author":"Telinha","twitter_card":"summary_large_image","twitter_misc":{"Escrito por":"Telinha"},"schema":{"@context":"https:\/\/schema.org","@graph":[{"@type":"Article","@id":"https:\/\/portaltela.pt\/noticias\/2026\/02\/21\/johannes-klaebo-conquista-11-o-ouro-olimpico-e-o-sexto-em-italia\/#article","isPartOf":{"@id":"https:\/\/portaltela.pt\/noticias\/2026\/02\/21\/johannes-klaebo-conquista-11-o-ouro-olimpico-e-o-sexto-em-italia\/"},"author":{"name":"Telinha","@id":"https:\/\/portaltela.pt\/#\/schema\/person\/c4278d4a6028830caff9ee44b42d32ed"},"headline":"Johannes Klaebo conquista 11.\u00ba ouro ol\u00edmpico e o sexto em It\u00e1lia","datePublished":"2026-02-21T12:53:00+00:00","mainEntityOfPage":{"@id":"https:\/\/portaltela.pt\/noticias\/2026\/02\/21\/johannes-klaebo-conquista-11-o-ouro-olimpico-e-o-sexto-em-italia\/"},"wordCount":102,"image":{"@id":"https:\/\/portaltela.pt\/noticias\/2026\/02\/21\/johannes-klaebo-conquista-11-o-ouro-olimpico-e-o-sexto-em-italia\/#primaryimage"},"thumbnailUrl":"https:\/\/portaltela.pt\/s.01k8rhncp4jt1\/2026\/02\/CACHE_780X1200_ANALOG_WATERMARKED_46613032_534670527289677.jpg","keywords":["desporto","esportes ol\u00edmpicos","It\u00e1lia","Noruega","olimp\u00edadas"],"articleSection":["Desporto"],"inLanguage":"pt-PT"},{"@type":"WebPage","@id":"https:\/\/portaltela.pt\/noticias\/2026\/02\/21\/johannes-klaebo-conquista-11-o-ouro-olimpico-e-o-sexto-em-italia\/","url":"https:\/\/portaltela.pt\/noticias\/2026\/02\/21\/johannes-klaebo-conquista-11-o-ouro-olimpico-e-o-sexto-em-italia\/","name":"Johannes Klaebo conquista 11.\u00ba ouro ol\u00edmpico e o sexto em It\u00e1lia - Portal Tela Portugal","isPartOf":{"@id":"https:\/\/portaltela.pt\/#website"},"primaryImageOfPage":{"@id":"https:\/\/portaltela.pt\/noticias\/2026\/02\/21\/johannes-klaebo-conquista-11-o-ouro-olimpico-e-o-sexto-em-italia\/#primaryimage"},"image":{"@id":"https:\/\/portaltela.pt\/noticias\/2026\/02\/21\/johannes-klaebo-conquista-11-o-ouro-olimpico-e-o-sexto-em-italia\/#primaryimage"},"thumbnailUrl":"https:\/\/portaltela.pt\/s.01k8rhncp4jt1\/2026\/02\/CACHE_780X1200_ANALOG_WATERMARKED_46613032_534670527289677.jpg","datePublished":"2026-02-21T12:53:00+00:00","author":{"@id":"https:\/\/portaltela.pt\/#\/schema\/person\/c4278d4a6028830caff9ee44b42d32ed"},"breadcrumb":{"@id":"https:\/\/portaltela.pt\/noticias\/2026\/02\/21\/johannes-klaebo-conquista-11-o-ouro-olimpico-e-o-sexto-em-italia\/#breadcrumb"},"inLanguage":"pt-PT","potentialAction":[{"@type":"ReadAction","target":["https:\/\/portaltela.pt\/noticias\/2026\/02\/21\/johannes-klaebo-conquista-11-o-ouro-olimpico-e-o-sexto-em-italia\/"]}]},{"@type":"ImageObject","inLanguage":"pt-PT","@id":"https:\/\/portaltela.pt\/noticias\/2026\/02\/21\/johannes-klaebo-conquista-11-o-ouro-olimpico-e-o-sexto-em-italia\/#primaryimage","url":"https:\/\/portaltela.pt\/s.01k8rhncp4jt1\/2026\/02\/CACHE_780X1200_ANALOG_WATERMARKED_46613032_534670527289677.jpg","contentUrl":"https:\/\/portaltela.pt\/s.01k8rhncp4jt1\/2026\/02\/CACHE_780X1200_ANALOG_WATERMARKED_46613032_534670527289677.jpg","width":796,"height":448,"caption":"JO2026: Noruegu\u00eas Johannes Klaebo soma 11.\u00ba ouro ol\u00edmpico e sexto em It\u00e1lia"},{"@type":"BreadcrumbList","@id":"https:\/\/portaltela.pt\/noticias\/2026\/02\/21\/johannes-klaebo-conquista-11-o-ouro-olimpico-e-o-sexto-em-italia\/#breadcrumb","itemListElement":[{"@type":"ListItem","position":1,"name":"In\u00edcio","item":"https:\/\/portaltela.pt\/"},{"@type":"ListItem","position":2,"name":"Johannes Klaebo conquista 11.\u00ba ouro ol\u00edmpico e o sexto em It\u00e1lia"}]},{"@type":"WebSite","@id":"https:\/\/portaltela.pt\/#website","url":"https:\/\/portaltela.pt\/","name":"Portal Tela Portugal","description":"","potentialAction":[{"@type":"SearchAction","target":{"@type":"EntryPoint","urlTemplate":"https:\/\/portaltela.pt\/?s={search_term_string}"},"query-input":{"@type":"PropertyValueSpecification","valueRequired":true,"valueName":"search_term_string"}}],"inLanguage":"pt-PT"},{"@type":"Person","@id":"https:\/\/portaltela.pt\/#\/schema\/person\/c4278d4a6028830caff9ee44b42d32ed","name":"Telinha","image":{"@type":"ImageObject","inLanguage":"pt-PT","@id":"https:\/\/portaltela.pt\/s.01k8rhncp4jt1\/2025\/11\/talking-bot-125x125.png","url":"https:\/\/portaltela.pt\/s.01k8rhncp4jt1\/2025\/11\/talking-bot-125x125.png","contentUrl":"https:\/\/portaltela.pt\/s.01k8rhncp4jt1\/2025\/11\/talking-bot-125x125.png","caption":"Telinha"},"sameAs":["https:\/\/portaltela.pt\/"],"url":"https:\/\/portaltela.pt\/por\/367410592786\/"}]}},"_links":{"self":[{"href":"https:\/\/portaltela.pt\/api\/wp\/v2\/posts\/220560","targetHints":{"allow":["GET"]}}],"collection":[{"href":"https:\/\/portaltela.pt\/api\/wp\/v2\/posts"}],"about":[{"href":"https:\/\/portaltela.pt\/api\/wp\/v2\/types\/post"}],"author":[{"embeddable":true,"href":"https:\/\/portaltela.pt\/api\/wp\/v2\/users\/2"}],"replies":[{"embeddable":true,"href":"https:\/\/portaltela.pt\/api\/wp\/v2\/comments?post=220560"}],"version-history":[{"count":0,"href":"https:\/\/portaltela.pt\/api\/wp\/v2\/posts\/220560\/revisions"}],"wp:featuredmedia":[{"embeddable":true,"href":"https:\/\/portaltela.pt\/api\/wp\/v2\/media\/220563"}],"wp:attachment":[{"href":"https:\/\/portaltela.pt\/api\/wp\/v2\/media?parent=220560"}],"wp:term":[{"taxonomy":"category","embeddable":true,"href":"https:\/\/portaltela.pt\/api\/wp\/v2\/categories?post=220560"},{"taxonomy":"post_tag","embeddable":true,"href":"https:\/\/portaltela.pt\/api\/wp\/v2\/tags?post=220560"}],"curies":[{"name":"wp","href":"https:\/\/api.w.org\/{rel}","templated":true}]}}