{"id":220536,"date":"2026-02-21T09:33:37","date_gmt":"2026-02-21T12:33:37","guid":{"rendered":"https:\/\/portaltela.pt\/noticias\/2026\/02\/21\/sindicato-acusa-uls-alto-ave-de-impor-trabalho-suplementar-nos-centros-de-saude\/"},"modified":"2026-02-21T09:33:37","modified_gmt":"2026-02-21T12:33:37","slug":"sindicato-acusa-uls-alto-ave-de-impor-trabalho-suplementar-nos-centros-de-saude","status":"publish","type":"post","link":"https:\/\/portaltela.pt\/noticias\/2026\/02\/21\/sindicato-acusa-uls-alto-ave-de-impor-trabalho-suplementar-nos-centros-de-saude\/","title":{"rendered":"Sindicato acusa ULS Alto Ave de impor trabalho suplementar nos centros de sa\u00fade"},"content":{"rendered":"<p>O Sindicato dos M\u00e9dicos do Norte (SMN) acusa a ULS Alto Ave (ULSAA) de impor trabalho suplementar nos cuidados de sa\u00fade prim\u00e1rios e afirma que manter\u00e1 a greve at\u00e9 30 de junho caso n\u00e3o haja negocia\u00e7\u00f5es. A greve, anunciada ap\u00f3s o pr\u00e9-aviso entregue a 5 de fevereiro, abrange todos os m\u00e9dicos, independentemente de grau ou v\u00ednculo.<\/p>\n<p>A dirigente Joana Bordalo e S\u00e1 disse, \u00e0 Lusa, que um conselho de administra\u00e7\u00e3o com falhas de planeamento tenta impor o trabalho extraordin\u00e1rio como regra, prejudicando os utentes que acabam por acudir \u00e0s urg\u00eancias. Para ela, o trabalho \u00e9 extraordin\u00e1rio e n\u00e3o pode substituir uma organiza\u00e7\u00e3o e planeamento adequados.<\/p>\n<p>Segundo o SMN, o Servi\u00e7o de Atendimento Prolongado de Guimar\u00e3es est\u00e1 encerrado devido \u00e0 greve, com outros servi\u00e7os a operar sob constrangimentos. A dire\u00e7\u00e3o da ULSAA ainda n\u00e3o respondeu oficialmente ao pedido de rea\u00e7\u00e3o da ag\u00eancia Lusa.<\/p>\n<h3>Contexto e impacto<\/h3>\n<p>O sindicato afirma que as consultas di\u00e1rias nos centros de sa\u00fade n\u00e3o podem funcionar \u00e0 custa da exaust\u00e3o m\u00e9dica, sem garantir qualidade e seguran\u00e7a. A greve, que decorre entre as 00:00 de 19 de fevereiro de 2026 e as 24:00 de 30 de junho de 2026, visa justamente salvaguardar o funcionamento saud\u00e1vel dos cuidados de sa\u00fade prim\u00e1rios e evitar desloca\u00e7\u00f5es desnecess\u00e1rias \u00e0s urg\u00eancias.<\/p>\n<p>Joana Bordalo e S\u00e1 acusou o conselho de administra\u00e7\u00e3o de coa\u00e7\u00e3o aos profissionais e de amea\u00e7as de processos disciplinares. Mant\u00e9m que a greve prosseguir\u00e1 caso a administra\u00e7\u00e3o da ULSAA n\u00e3o reveja a postura anunciada. A ministra da Sa\u00fade, Ana Paula Martins, \u00e9 mencionada como respons\u00e1vel por existir uma solu\u00e7\u00e3o, caso haja vontade pol\u00edtica de resolver o conflito.<\/p>\n<p>A ULS Alto Ave foi contactada pela Lusa para comentar o caso e ainda n\u00e3o forneceu uma resposta. O sindicato refor\u00e7a que a posi\u00e7\u00e3o do corpo cl\u00ednico n\u00e3o se trata de uma recusa de servi\u00e7o, mas de uma rea\u00e7\u00e3o a condi\u00e7\u00f5es de trabalho que n\u00e3o asseguram qualidade nem seguran\u00e7a.<\/p>\n","protected":false},"excerpt":{"rendered":"<ul>\n<li>O Sindicato dos M\u00e9dicos do Norte acusa a ULS Alto Ave de impor trabalho suplementar nos cuidados de sa\u00fade prim\u00e1rios e promete manter a greve at\u00e9 30 de junho de 2026 se n\u00e3o houver negocia\u00e7\u00f5es.<\/li>\n<li>A greve abrange todos os m\u00e9dicos, independentemente do grau, fun\u00e7\u00e3o ou v\u00ednculo, com paragem total do trabalho suplementar entre as 00:00 de 19 de fevereiro de 2026 e as 24:00 de 30 de junho de 2026.<\/li>\n<li>O SAC (Servi\u00e7o de Atendimento Prolongado) de Guimar\u00e3es est\u00e1 encerrado e outros servi\u00e7os funcionam com constrangimentos devido \u00e0 greve, segundo a presidente do SMN, Joana Bordalo e S\u00e1.<\/li>\n<li>O SMN acusa o conselho de administra\u00e7\u00e3o de coa\u00e7\u00e3o e de amea\u00e7as com processos disciplinares e afirma que a greve continuar\u00e1 sem altera\u00e7\u00e3o na postura da gest\u00e3o.<\/li>\n<li>Joana Bordalo e S\u00e1 afirmou que, se houver cuidados de sa\u00fade prim\u00e1rios fortes, com m\u00e9dicos de fam\u00edlia a trabalhar em equipa, se evitam desloca\u00e7\u00f5es desnecess\u00e1rias \u00e0s urg\u00eancias.<\/li>\n<\/ul>\n","protected":false},"author":2,"featured_media":220538,"comment_status":"closed","ping_status":"closed","sticky":false,"template":"","format":"standard","meta":{"footnotes":""},"categories":[1],"tags":[5371,1164,172,1221,2824,1072],"class_list":["post-220536","post","type-post","status-publish","format-standard","has-post-thumbnail","hentry","category-noticias","tag-cuidados-de-saude","tag-greve","tag-saude","tag-servicos-publicos","tag-setor-publico","tag-trabalho-suplementar"],"yoast_head":"<!-- This site is optimized with the Yoast SEO plugin v27.2 - https:\/\/yoast.com\/product\/yoast-seo-wordpress\/ -->\n<title>Sindicato acusa ULS Alto Ave de impor trabalho suplementar nos centros de sa\u00fade - Portal Tela Portugal<\/title>\n<meta name=\"robots\" content=\"index, follow, max-snippet:-1, max-image-preview:large, max-video-preview:-1\" \/>\n<meta property=\"og:locale\" content=\"pt_PT\" \/>\n<meta property=\"og:type\" content=\"article\" \/>\n<meta property=\"og:title\" content=\"Sindicato acusa ULS Alto Ave de impor trabalho suplementar nos centros de sa\u00fade - Portal Tela Portugal\" \/>\n<meta property=\"og:description\" content=\"O Sindicato dos M\u00e9dicos do Norte acusa a ULS Alto Ave de impor trabalho suplementar nos cuidados de sa\u00fade prim\u00e1rios e promete manter a greve at\u00e9 30 de junho de 2026 se n\u00e3o houver negocia\u00e7\u00f5es. A greve abrange todos os m\u00e9dicos, independentemente do grau, fun\u00e7\u00e3o ou v\u00ednculo, com paragem total do trabalho suplementar entre as 00:00 de 19 de fevereiro de 2026 e as 24:00 de 30 de junho de 2026. O SAC (Servi\u00e7o de Atendimento Prolongado) de Guimar\u00e3es est\u00e1 encerrado e outros servi\u00e7os funcionam com constrangimentos devido \u00e0 greve, segundo a presidente do SMN, Joana Bordalo e S\u00e1. O SMN acusa o conselho de administra\u00e7\u00e3o de coa\u00e7\u00e3o e de amea\u00e7as com processos disciplinares e afirma que a greve continuar\u00e1 sem altera\u00e7\u00e3o na postura da gest\u00e3o. Joana Bordalo e S\u00e1 afirmou que, se houver cuidados de sa\u00fade prim\u00e1rios fortes, com m\u00e9dicos de fam\u00edlia a trabalhar em equipa, se evitam desloca\u00e7\u00f5es desnecess\u00e1rias \u00e0s urg\u00eancias.\" \/>\n<meta property=\"og:url\" content=\"https:\/\/portaltela.pt\/noticias\/2026\/02\/21\/sindicato-acusa-uls-alto-ave-de-impor-trabalho-suplementar-nos-centros-de-saude\/\" \/>\n<meta property=\"og:site_name\" content=\"Portal Tela Portugal\" \/>\n<meta property=\"article:published_time\" content=\"2026-02-21T12:33:37+00:00\" \/>\n<meta name=\"author\" content=\"Telinha\" \/>\n<meta name=\"twitter:card\" content=\"summary_large_image\" \/>\n<meta name=\"twitter:label1\" content=\"Escrito por\" \/>\n\t<meta name=\"twitter:data1\" content=\"Telinha\" \/>\n\t<meta name=\"twitter:label2\" content=\"Tempo estimado de leitura\" \/>\n\t<meta name=\"twitter:data2\" content=\"2 minutos\" \/>\n<script type=\"application\/ld+json\" class=\"yoast-schema-graph\">{\"@context\":\"https:\/\/schema.org\",\"@graph\":[{\"@type\":\"Article\",\"@id\":\"https:\/\/portaltela.pt\/noticias\/2026\/02\/21\/sindicato-acusa-uls-alto-ave-de-impor-trabalho-suplementar-nos-centros-de-saude\/#article\",\"isPartOf\":{\"@id\":\"https:\/\/portaltela.pt\/noticias\/2026\/02\/21\/sindicato-acusa-uls-alto-ave-de-impor-trabalho-suplementar-nos-centros-de-saude\/\"},\"author\":{\"name\":\"Telinha\",\"@id\":\"https:\/\/portaltela.pt\/#\/schema\/person\/c4278d4a6028830caff9ee44b42d32ed\"},\"headline\":\"Sindicato acusa ULS Alto Ave de impor trabalho suplementar nos centros de sa\u00fade\",\"datePublished\":\"2026-02-21T12:33:37+00:00\",\"mainEntityOfPage\":{\"@id\":\"https:\/\/portaltela.pt\/noticias\/2026\/02\/21\/sindicato-acusa-uls-alto-ave-de-impor-trabalho-suplementar-nos-centros-de-saude\/\"},\"wordCount\":369,\"image\":{\"@id\":\"https:\/\/portaltela.pt\/noticias\/2026\/02\/21\/sindicato-acusa-uls-alto-ave-de-impor-trabalho-suplementar-nos-centros-de-saude\/#primaryimage\"},\"thumbnailUrl\":\"https:\/\/portaltela.pt\/s.01k8rhncp4jt1\/2026\/02\/img_1500x1000uu2026-02-21-12-30-54-2268132.jpg\",\"keywords\":[\"cuidados de sa\u00fade\",\"greve\",\"sa\u00fade\",\"servi\u00e7os p\u00fablicos\",\"setor p\u00fablico\",\"trabalho suplementar\"],\"articleSection\":[\"Not\u00edcias\"],\"inLanguage\":\"pt-PT\"},{\"@type\":\"WebPage\",\"@id\":\"https:\/\/portaltela.pt\/noticias\/2026\/02\/21\/sindicato-acusa-uls-alto-ave-de-impor-trabalho-suplementar-nos-centros-de-saude\/\",\"url\":\"https:\/\/portaltela.pt\/noticias\/2026\/02\/21\/sindicato-acusa-uls-alto-ave-de-impor-trabalho-suplementar-nos-centros-de-saude\/\",\"name\":\"Sindicato acusa ULS Alto Ave de impor trabalho suplementar nos centros de sa\u00fade - Portal Tela Portugal\",\"isPartOf\":{\"@id\":\"https:\/\/portaltela.pt\/#website\"},\"primaryImageOfPage\":{\"@id\":\"https:\/\/portaltela.pt\/noticias\/2026\/02\/21\/sindicato-acusa-uls-alto-ave-de-impor-trabalho-suplementar-nos-centros-de-saude\/#primaryimage\"},\"image\":{\"@id\":\"https:\/\/portaltela.pt\/noticias\/2026\/02\/21\/sindicato-acusa-uls-alto-ave-de-impor-trabalho-suplementar-nos-centros-de-saude\/#primaryimage\"},\"thumbnailUrl\":\"https:\/\/portaltela.pt\/s.01k8rhncp4jt1\/2026\/02\/img_1500x1000uu2026-02-21-12-30-54-2268132.jpg\",\"datePublished\":\"2026-02-21T12:33:37+00:00\",\"author\":{\"@id\":\"https:\/\/portaltela.pt\/#\/schema\/person\/c4278d4a6028830caff9ee44b42d32ed\"},\"breadcrumb\":{\"@id\":\"https:\/\/portaltela.pt\/noticias\/2026\/02\/21\/sindicato-acusa-uls-alto-ave-de-impor-trabalho-suplementar-nos-centros-de-saude\/#breadcrumb\"},\"inLanguage\":\"pt-PT\",\"potentialAction\":[{\"@type\":\"ReadAction\",\"target\":[\"https:\/\/portaltela.pt\/noticias\/2026\/02\/21\/sindicato-acusa-uls-alto-ave-de-impor-trabalho-suplementar-nos-centros-de-saude\/\"]}]},{\"@type\":\"ImageObject\",\"inLanguage\":\"pt-PT\",\"@id\":\"https:\/\/portaltela.pt\/noticias\/2026\/02\/21\/sindicato-acusa-uls-alto-ave-de-impor-trabalho-suplementar-nos-centros-de-saude\/#primaryimage\",\"url\":\"https:\/\/portaltela.pt\/s.01k8rhncp4jt1\/2026\/02\/img_1500x1000uu2026-02-21-12-30-54-2268132.jpg\",\"contentUrl\":\"https:\/\/portaltela.pt\/s.01k8rhncp4jt1\/2026\/02\/img_1500x1000uu2026-02-21-12-30-54-2268132.jpg\",\"width\":796,\"height\":448,\"caption\":\"Sindicato acusa ULS Alto Ave de impor trabalho suplementar nos centros de sa\u00fade\"},{\"@type\":\"BreadcrumbList\",\"@id\":\"https:\/\/portaltela.pt\/noticias\/2026\/02\/21\/sindicato-acusa-uls-alto-ave-de-impor-trabalho-suplementar-nos-centros-de-saude\/#breadcrumb\",\"itemListElement\":[{\"@type\":\"ListItem\",\"position\":1,\"name\":\"In\u00edcio\",\"item\":\"https:\/\/portaltela.pt\/\"},{\"@type\":\"ListItem\",\"position\":2,\"name\":\"Sindicato acusa ULS Alto Ave de impor trabalho suplementar nos centros de sa\u00fade\"}]},{\"@type\":\"WebSite\",\"@id\":\"https:\/\/portaltela.pt\/#website\",\"url\":\"https:\/\/portaltela.pt\/\",\"name\":\"Portal Tela Portugal\",\"description\":\"\",\"potentialAction\":[{\"@type\":\"SearchAction\",\"target\":{\"@type\":\"EntryPoint\",\"urlTemplate\":\"https:\/\/portaltela.pt\/?s={search_term_string}\"},\"query-input\":{\"@type\":\"PropertyValueSpecification\",\"valueRequired\":true,\"valueName\":\"search_term_string\"}}],\"inLanguage\":\"pt-PT\"},{\"@type\":\"Person\",\"@id\":\"https:\/\/portaltela.pt\/#\/schema\/person\/c4278d4a6028830caff9ee44b42d32ed\",\"name\":\"Telinha\",\"image\":{\"@type\":\"ImageObject\",\"inLanguage\":\"pt-PT\",\"@id\":\"https:\/\/portaltela.pt\/s.01k8rhncp4jt1\/2025\/11\/talking-bot-125x125.png\",\"url\":\"https:\/\/portaltela.pt\/s.01k8rhncp4jt1\/2025\/11\/talking-bot-125x125.png\",\"contentUrl\":\"https:\/\/portaltela.pt\/s.01k8rhncp4jt1\/2025\/11\/talking-bot-125x125.png\",\"caption\":\"Telinha\"},\"sameAs\":[\"https:\/\/portaltela.pt\/\"],\"url\":\"https:\/\/portaltela.pt\/por\/367410592786\/\"}]}<\/script>\n<!-- \/ Yoast SEO plugin. -->","yoast_head_json":{"title":"Sindicato acusa ULS Alto Ave de impor trabalho suplementar nos centros de sa\u00fade - Portal Tela Portugal","robots":{"index":"index","follow":"follow","max-snippet":"max-snippet:-1","max-image-preview":"max-image-preview:large","max-video-preview":"max-video-preview:-1"},"og_locale":"pt_PT","og_type":"article","og_title":"Sindicato acusa ULS Alto Ave de impor trabalho suplementar nos centros de sa\u00fade - Portal Tela Portugal","og_description":"O Sindicato dos M\u00e9dicos do Norte acusa a ULS Alto Ave de impor trabalho suplementar nos cuidados de sa\u00fade prim\u00e1rios e promete manter a greve at\u00e9 30 de junho de 2026 se n\u00e3o houver negocia\u00e7\u00f5es. A greve abrange todos os m\u00e9dicos, independentemente do grau, fun\u00e7\u00e3o ou v\u00ednculo, com paragem total do trabalho suplementar entre as 00:00 de 19 de fevereiro de 2026 e as 24:00 de 30 de junho de 2026. O SAC (Servi\u00e7o de Atendimento Prolongado) de Guimar\u00e3es est\u00e1 encerrado e outros servi\u00e7os funcionam com constrangimentos devido \u00e0 greve, segundo a presidente do SMN, Joana Bordalo e S\u00e1. O SMN acusa o conselho de administra\u00e7\u00e3o de coa\u00e7\u00e3o e de amea\u00e7as com processos disciplinares e afirma que a greve continuar\u00e1 sem altera\u00e7\u00e3o na postura da gest\u00e3o. Joana Bordalo e S\u00e1 afirmou que, se houver cuidados de sa\u00fade prim\u00e1rios fortes, com m\u00e9dicos de fam\u00edlia a trabalhar em equipa, se evitam desloca\u00e7\u00f5es desnecess\u00e1rias \u00e0s urg\u00eancias.","og_url":"https:\/\/portaltela.pt\/noticias\/2026\/02\/21\/sindicato-acusa-uls-alto-ave-de-impor-trabalho-suplementar-nos-centros-de-saude\/","og_site_name":"Portal Tela Portugal","article_published_time":"2026-02-21T12:33:37+00:00","author":"Telinha","twitter_card":"summary_large_image","twitter_misc":{"Escrito por":"Telinha","Tempo estimado de leitura":"2 minutos"},"schema":{"@context":"https:\/\/schema.org","@graph":[{"@type":"Article","@id":"https:\/\/portaltela.pt\/noticias\/2026\/02\/21\/sindicato-acusa-uls-alto-ave-de-impor-trabalho-suplementar-nos-centros-de-saude\/#article","isPartOf":{"@id":"https:\/\/portaltela.pt\/noticias\/2026\/02\/21\/sindicato-acusa-uls-alto-ave-de-impor-trabalho-suplementar-nos-centros-de-saude\/"},"author":{"name":"Telinha","@id":"https:\/\/portaltela.pt\/#\/schema\/person\/c4278d4a6028830caff9ee44b42d32ed"},"headline":"Sindicato acusa ULS Alto Ave de impor trabalho suplementar nos centros de sa\u00fade","datePublished":"2026-02-21T12:33:37+00:00","mainEntityOfPage":{"@id":"https:\/\/portaltela.pt\/noticias\/2026\/02\/21\/sindicato-acusa-uls-alto-ave-de-impor-trabalho-suplementar-nos-centros-de-saude\/"},"wordCount":369,"image":{"@id":"https:\/\/portaltela.pt\/noticias\/2026\/02\/21\/sindicato-acusa-uls-alto-ave-de-impor-trabalho-suplementar-nos-centros-de-saude\/#primaryimage"},"thumbnailUrl":"https:\/\/portaltela.pt\/s.01k8rhncp4jt1\/2026\/02\/img_1500x1000uu2026-02-21-12-30-54-2268132.jpg","keywords":["cuidados de sa\u00fade","greve","sa\u00fade","servi\u00e7os p\u00fablicos","setor p\u00fablico","trabalho suplementar"],"articleSection":["Not\u00edcias"],"inLanguage":"pt-PT"},{"@type":"WebPage","@id":"https:\/\/portaltela.pt\/noticias\/2026\/02\/21\/sindicato-acusa-uls-alto-ave-de-impor-trabalho-suplementar-nos-centros-de-saude\/","url":"https:\/\/portaltela.pt\/noticias\/2026\/02\/21\/sindicato-acusa-uls-alto-ave-de-impor-trabalho-suplementar-nos-centros-de-saude\/","name":"Sindicato acusa ULS Alto Ave de impor trabalho suplementar nos centros de sa\u00fade - Portal Tela Portugal","isPartOf":{"@id":"https:\/\/portaltela.pt\/#website"},"primaryImageOfPage":{"@id":"https:\/\/portaltela.pt\/noticias\/2026\/02\/21\/sindicato-acusa-uls-alto-ave-de-impor-trabalho-suplementar-nos-centros-de-saude\/#primaryimage"},"image":{"@id":"https:\/\/portaltela.pt\/noticias\/2026\/02\/21\/sindicato-acusa-uls-alto-ave-de-impor-trabalho-suplementar-nos-centros-de-saude\/#primaryimage"},"thumbnailUrl":"https:\/\/portaltela.pt\/s.01k8rhncp4jt1\/2026\/02\/img_1500x1000uu2026-02-21-12-30-54-2268132.jpg","datePublished":"2026-02-21T12:33:37+00:00","author":{"@id":"https:\/\/portaltela.pt\/#\/schema\/person\/c4278d4a6028830caff9ee44b42d32ed"},"breadcrumb":{"@id":"https:\/\/portaltela.pt\/noticias\/2026\/02\/21\/sindicato-acusa-uls-alto-ave-de-impor-trabalho-suplementar-nos-centros-de-saude\/#breadcrumb"},"inLanguage":"pt-PT","potentialAction":[{"@type":"ReadAction","target":["https:\/\/portaltela.pt\/noticias\/2026\/02\/21\/sindicato-acusa-uls-alto-ave-de-impor-trabalho-suplementar-nos-centros-de-saude\/"]}]},{"@type":"ImageObject","inLanguage":"pt-PT","@id":"https:\/\/portaltela.pt\/noticias\/2026\/02\/21\/sindicato-acusa-uls-alto-ave-de-impor-trabalho-suplementar-nos-centros-de-saude\/#primaryimage","url":"https:\/\/portaltela.pt\/s.01k8rhncp4jt1\/2026\/02\/img_1500x1000uu2026-02-21-12-30-54-2268132.jpg","contentUrl":"https:\/\/portaltela.pt\/s.01k8rhncp4jt1\/2026\/02\/img_1500x1000uu2026-02-21-12-30-54-2268132.jpg","width":796,"height":448,"caption":"Sindicato acusa ULS Alto Ave de impor trabalho suplementar nos centros de sa\u00fade"},{"@type":"BreadcrumbList","@id":"https:\/\/portaltela.pt\/noticias\/2026\/02\/21\/sindicato-acusa-uls-alto-ave-de-impor-trabalho-suplementar-nos-centros-de-saude\/#breadcrumb","itemListElement":[{"@type":"ListItem","position":1,"name":"In\u00edcio","item":"https:\/\/portaltela.pt\/"},{"@type":"ListItem","position":2,"name":"Sindicato acusa ULS Alto Ave de impor trabalho suplementar nos centros de sa\u00fade"}]},{"@type":"WebSite","@id":"https:\/\/portaltela.pt\/#website","url":"https:\/\/portaltela.pt\/","name":"Portal Tela Portugal","description":"","potentialAction":[{"@type":"SearchAction","target":{"@type":"EntryPoint","urlTemplate":"https:\/\/portaltela.pt\/?s={search_term_string}"},"query-input":{"@type":"PropertyValueSpecification","valueRequired":true,"valueName":"search_term_string"}}],"inLanguage":"pt-PT"},{"@type":"Person","@id":"https:\/\/portaltela.pt\/#\/schema\/person\/c4278d4a6028830caff9ee44b42d32ed","name":"Telinha","image":{"@type":"ImageObject","inLanguage":"pt-PT","@id":"https:\/\/portaltela.pt\/s.01k8rhncp4jt1\/2025\/11\/talking-bot-125x125.png","url":"https:\/\/portaltela.pt\/s.01k8rhncp4jt1\/2025\/11\/talking-bot-125x125.png","contentUrl":"https:\/\/portaltela.pt\/s.01k8rhncp4jt1\/2025\/11\/talking-bot-125x125.png","caption":"Telinha"},"sameAs":["https:\/\/portaltela.pt\/"],"url":"https:\/\/portaltela.pt\/por\/367410592786\/"}]}},"_links":{"self":[{"href":"https:\/\/portaltela.pt\/api\/wp\/v2\/posts\/220536","targetHints":{"allow":["GET"]}}],"collection":[{"href":"https:\/\/portaltela.pt\/api\/wp\/v2\/posts"}],"about":[{"href":"https:\/\/portaltela.pt\/api\/wp\/v2\/types\/post"}],"author":[{"embeddable":true,"href":"https:\/\/portaltela.pt\/api\/wp\/v2\/users\/2"}],"replies":[{"embeddable":true,"href":"https:\/\/portaltela.pt\/api\/wp\/v2\/comments?post=220536"}],"version-history":[{"count":0,"href":"https:\/\/portaltela.pt\/api\/wp\/v2\/posts\/220536\/revisions"}],"wp:featuredmedia":[{"embeddable":true,"href":"https:\/\/portaltela.pt\/api\/wp\/v2\/media\/220538"}],"wp:attachment":[{"href":"https:\/\/portaltela.pt\/api\/wp\/v2\/media?parent=220536"}],"wp:term":[{"taxonomy":"category","embeddable":true,"href":"https:\/\/portaltela.pt\/api\/wp\/v2\/categories?post=220536"},{"taxonomy":"post_tag","embeddable":true,"href":"https:\/\/portaltela.pt\/api\/wp\/v2\/tags?post=220536"}],"curies":[{"name":"wp","href":"https:\/\/api.w.org\/{rel}","templated":true}]}}