{"id":220522,"date":"2026-02-21T09:26:09","date_gmt":"2026-02-21T12:26:09","guid":{"rendered":"https:\/\/portaltela.pt\/noticias\/2026\/02\/21\/philipsen-regressa-a-volta-ao-algarve-em-busca-de-passo-extra-na-aptidao\/"},"modified":"2026-02-21T09:26:09","modified_gmt":"2026-02-21T12:26:09","slug":"philipsen-regressa-a-volta-ao-algarve-em-busca-de-passo-extra-na-aptidao","status":"publish","type":"post","link":"https:\/\/portaltela.pt\/desporto\/2026\/02\/21\/philipsen-regressa-a-volta-ao-algarve-em-busca-de-passo-extra-na-aptidao\/","title":{"rendered":"Philipsen regressa \u00e0 Volta ao Algarve em busca de passo extra na aptid\u00e3o"},"content":{"rendered":"<p>Jasper Philipsen voltou \u00e0 Volta ao Algarve ap\u00f3s sete anos, optando pela prova portuguesa para iniciar a temporada. O sprintista da Alpecin-Premier Tech encara a corrida como um passo extra para melhorar a condi\u00e7\u00e3o f\u00edsica rumo \u00e0s cl\u00e1ssicas.<\/p>\n<p>O belga de 27 anos afirmou, por meio da ag\u00eancia Lusa, que o tempo est\u00e1 bom e que a prova oferece o equil\u00edbrio entre esfor\u00e7o e recupera\u00e7\u00e3o. A meta principal da \u00e9poca s\u00e3o as cl\u00e1ssicas, com foco nas provas de um dia que se seguem.<\/p>\n<p>A Volta ao Algarve, que arrancou j\u00e1 na quarta-feira em Vila Real de Santo Ant\u00f3nio, decorre at\u00e9 ao domingo, com final no Malh\u00e3o. Philipsen terminou a primeira etapa em Tavira em quarto lugar, ap\u00f3s perder impulso numa curva.<\/p>\n<h3>Volta ao Algarve como treino de prepara\u00e7\u00e3o<\/h3>\n<p>O ciclista recorda a sua participa\u00e7\u00e3o anterior na prova, destacando o apoio da equipa na luta pela geral e o prazer de disputar etapas de alto n\u00edvel. O objetivo \u00e9 manter a forma para as etapas seguintes, incluindo a chegada a Lagos, onde a organiza\u00e7\u00e3o pretende guiar o pelot\u00e3o com cuidado.<\/p>\n<p>Entre as prioridades est\u00e3o a experi\u00eancia de sprint com o apoio de lan\u00e7adores e a leitura do tra\u00e7ado, considerado favor\u00e1vel a um sprint bem aproveitado, caso as sensa\u00e7\u00f5es estejam positivas. Philipsen potenciou a inten\u00e7\u00e3o de chegar aos objetivos com concentra\u00e7\u00e3o e consist\u00eancia.<\/p>\n","protected":false},"excerpt":{"rendered":"<ul>\n<li>Jasper Philipsen regressou \u00e0 Volta ao Algarve ap\u00f3s sete anos, como parte do seu treino de estreia de 2026 rumo \u00e0s cl\u00e1ssicas.<\/li>\n<li>O sprinter da Alpecin-Premier Tech considera a prova um \u201cbom passo extra para aperfei\u00e7oar a condi\u00e7\u00e3o f\u00edsica\u201d e aponta as cl\u00e1ssicas como um dos principais objetivos da \u00e9poca.<\/li>\n<li>Philipsen destacou que as cl\u00e1ssicas, como Mil\u00e3o-Sanremo e Paris-Roubaix, s\u00e3o o foco principal da temporada, com o calend\u00e1rio a incluir o Fim de Semana de Abertura e v\u00e1rias provas de um dia.<\/li>\n<li>Na edi\u00e7\u00e3o deste ano, terminou a primeira etapa em Tavira em quarto lugar; hoje procura a luta pela vit\u00f3ria na chegada a Lagos, com 171,5 quil\u00f4metros na quarta etapa, em Albufeira.<\/li>\n<li>O ciclista belga, conhecido entre os f\u00e3s como &#8220;Jasper Disaster&#8221;, recordou a participa\u00e7\u00e3o anterior na Algarve, onde ajudou Pogacar a vencer a geral da prova.<\/li>\n<\/ul>\n","protected":false},"author":2,"featured_media":220525,"comment_status":"closed","ping_status":"closed","sticky":false,"template":"","format":"standard","meta":{"footnotes":""},"categories":[21],"tags":[923,3504,1287,81,4099,1731],"class_list":["post-220522","post","type-post","status-publish","format-standard","has-post-thumbnail","hentry","category-desporto","tag-ciclismo","tag-corridas","tag-equipas","tag-internacionais","tag-provas","tag-treino"],"yoast_head":"<!-- This site is optimized with the Yoast SEO plugin v27.2 - https:\/\/yoast.com\/product\/yoast-seo-wordpress\/ -->\n<title>Philipsen regressa \u00e0 Volta ao Algarve em busca de passo extra na aptid\u00e3o - Portal Tela Portugal<\/title>\n<meta name=\"robots\" content=\"index, follow, max-snippet:-1, max-image-preview:large, max-video-preview:-1\" \/>\n<meta property=\"og:locale\" content=\"pt_PT\" \/>\n<meta property=\"og:type\" content=\"article\" \/>\n<meta property=\"og:title\" content=\"Philipsen regressa \u00e0 Volta ao Algarve em busca de passo extra na aptid\u00e3o - Portal Tela Portugal\" \/>\n<meta property=\"og:description\" content=\"Jasper Philipsen regressou \u00e0 Volta ao Algarve ap\u00f3s sete anos, como parte do seu treino de estreia de 2026 rumo \u00e0s cl\u00e1ssicas. O sprinter da Alpecin-Premier Tech considera a prova um \u201cbom passo extra para aperfei\u00e7oar a condi\u00e7\u00e3o f\u00edsica\u201d e aponta as cl\u00e1ssicas como um dos principais objetivos da \u00e9poca. Philipsen destacou que as cl\u00e1ssicas, como Mil\u00e3o-Sanremo e Paris-Roubaix, s\u00e3o o foco principal da temporada, com o calend\u00e1rio a incluir o Fim de Semana de Abertura e v\u00e1rias provas de um dia. Na edi\u00e7\u00e3o deste ano, terminou a primeira etapa em Tavira em quarto lugar; hoje procura a luta pela vit\u00f3ria na chegada a Lagos, com 171,5 quil\u00f4metros na quarta etapa, em Albufeira. O ciclista belga, conhecido entre os f\u00e3s como &quot;Jasper Disaster&quot;, recordou a participa\u00e7\u00e3o anterior na Algarve, onde ajudou Pogacar a vencer a geral da prova.\" \/>\n<meta property=\"og:url\" content=\"https:\/\/portaltela.pt\/noticias\/2026\/02\/21\/philipsen-regressa-a-volta-ao-algarve-em-busca-de-passo-extra-na-aptidao\/\" \/>\n<meta property=\"og:site_name\" content=\"Portal Tela Portugal\" \/>\n<meta property=\"article:published_time\" content=\"2026-02-21T12:26:09+00:00\" \/>\n<meta name=\"author\" content=\"Telinha\" \/>\n<meta name=\"twitter:card\" content=\"summary_large_image\" \/>\n<meta name=\"twitter:label1\" content=\"Escrito por\" \/>\n\t<meta name=\"twitter:data1\" content=\"Telinha\" \/>\n\t<meta name=\"twitter:label2\" content=\"Tempo estimado de leitura\" \/>\n\t<meta name=\"twitter:data2\" content=\"1 minuto\" \/>\n<script type=\"application\/ld+json\" class=\"yoast-schema-graph\">{\"@context\":\"https:\/\/schema.org\",\"@graph\":[{\"@type\":\"Article\",\"@id\":\"https:\/\/portaltela.pt\/noticias\/2026\/02\/21\/philipsen-regressa-a-volta-ao-algarve-em-busca-de-passo-extra-na-aptidao\/#article\",\"isPartOf\":{\"@id\":\"https:\/\/portaltela.pt\/noticias\/2026\/02\/21\/philipsen-regressa-a-volta-ao-algarve-em-busca-de-passo-extra-na-aptidao\/\"},\"author\":{\"name\":\"Telinha\",\"@id\":\"https:\/\/portaltela.pt\/#\/schema\/person\/c4278d4a6028830caff9ee44b42d32ed\"},\"headline\":\"Philipsen regressa \u00e0 Volta ao Algarve em busca de passo extra na aptid\u00e3o\",\"datePublished\":\"2026-02-21T12:26:09+00:00\",\"mainEntityOfPage\":{\"@id\":\"https:\/\/portaltela.pt\/noticias\/2026\/02\/21\/philipsen-regressa-a-volta-ao-algarve-em-busca-de-passo-extra-na-aptidao\/\"},\"wordCount\":258,\"image\":{\"@id\":\"https:\/\/portaltela.pt\/noticias\/2026\/02\/21\/philipsen-regressa-a-volta-ao-algarve-em-busca-de-passo-extra-na-aptidao\/#primaryimage\"},\"thumbnailUrl\":\"https:\/\/portaltela.pt\/s.01k8rhncp4jt1\/2026\/02\/img_920x518uu2026-02-11-22-46-14-2421069-1.jpg\",\"keywords\":[\"ciclismo\",\"corridas\",\"equipas\",\"internacionais\",\"provas\",\"treino\"],\"articleSection\":[\"Desporto\"],\"inLanguage\":\"pt-PT\"},{\"@type\":\"WebPage\",\"@id\":\"https:\/\/portaltela.pt\/noticias\/2026\/02\/21\/philipsen-regressa-a-volta-ao-algarve-em-busca-de-passo-extra-na-aptidao\/\",\"url\":\"https:\/\/portaltela.pt\/noticias\/2026\/02\/21\/philipsen-regressa-a-volta-ao-algarve-em-busca-de-passo-extra-na-aptidao\/\",\"name\":\"Philipsen regressa \u00e0 Volta ao Algarve em busca de passo extra na aptid\u00e3o - Portal Tela Portugal\",\"isPartOf\":{\"@id\":\"https:\/\/portaltela.pt\/#website\"},\"primaryImageOfPage\":{\"@id\":\"https:\/\/portaltela.pt\/noticias\/2026\/02\/21\/philipsen-regressa-a-volta-ao-algarve-em-busca-de-passo-extra-na-aptidao\/#primaryimage\"},\"image\":{\"@id\":\"https:\/\/portaltela.pt\/noticias\/2026\/02\/21\/philipsen-regressa-a-volta-ao-algarve-em-busca-de-passo-extra-na-aptidao\/#primaryimage\"},\"thumbnailUrl\":\"https:\/\/portaltela.pt\/s.01k8rhncp4jt1\/2026\/02\/img_920x518uu2026-02-11-22-46-14-2421069-1.jpg\",\"datePublished\":\"2026-02-21T12:26:09+00:00\",\"author\":{\"@id\":\"https:\/\/portaltela.pt\/#\/schema\/person\/c4278d4a6028830caff9ee44b42d32ed\"},\"breadcrumb\":{\"@id\":\"https:\/\/portaltela.pt\/noticias\/2026\/02\/21\/philipsen-regressa-a-volta-ao-algarve-em-busca-de-passo-extra-na-aptidao\/#breadcrumb\"},\"inLanguage\":\"pt-PT\",\"potentialAction\":[{\"@type\":\"ReadAction\",\"target\":[\"https:\/\/portaltela.pt\/noticias\/2026\/02\/21\/philipsen-regressa-a-volta-ao-algarve-em-busca-de-passo-extra-na-aptidao\/\"]}]},{\"@type\":\"ImageObject\",\"inLanguage\":\"pt-PT\",\"@id\":\"https:\/\/portaltela.pt\/noticias\/2026\/02\/21\/philipsen-regressa-a-volta-ao-algarve-em-busca-de-passo-extra-na-aptidao\/#primaryimage\",\"url\":\"https:\/\/portaltela.pt\/s.01k8rhncp4jt1\/2026\/02\/img_920x518uu2026-02-11-22-46-14-2421069-1.jpg\",\"contentUrl\":\"https:\/\/portaltela.pt\/s.01k8rhncp4jt1\/2026\/02\/img_920x518uu2026-02-11-22-46-14-2421069-1.jpg\",\"width\":796,\"height\":448,\"caption\":\"Jasper Philipsen regressou \u00e0 Volta ao Algarve ap\u00f3s sete anos\"},{\"@type\":\"BreadcrumbList\",\"@id\":\"https:\/\/portaltela.pt\/noticias\/2026\/02\/21\/philipsen-regressa-a-volta-ao-algarve-em-busca-de-passo-extra-na-aptidao\/#breadcrumb\",\"itemListElement\":[{\"@type\":\"ListItem\",\"position\":1,\"name\":\"In\u00edcio\",\"item\":\"https:\/\/portaltela.pt\/\"},{\"@type\":\"ListItem\",\"position\":2,\"name\":\"Philipsen regressa \u00e0 Volta ao Algarve em busca de passo extra na aptid\u00e3o\"}]},{\"@type\":\"WebSite\",\"@id\":\"https:\/\/portaltela.pt\/#website\",\"url\":\"https:\/\/portaltela.pt\/\",\"name\":\"Portal Tela Portugal\",\"description\":\"\",\"potentialAction\":[{\"@type\":\"SearchAction\",\"target\":{\"@type\":\"EntryPoint\",\"urlTemplate\":\"https:\/\/portaltela.pt\/?s={search_term_string}\"},\"query-input\":{\"@type\":\"PropertyValueSpecification\",\"valueRequired\":true,\"valueName\":\"search_term_string\"}}],\"inLanguage\":\"pt-PT\"},{\"@type\":\"Person\",\"@id\":\"https:\/\/portaltela.pt\/#\/schema\/person\/c4278d4a6028830caff9ee44b42d32ed\",\"name\":\"Telinha\",\"image\":{\"@type\":\"ImageObject\",\"inLanguage\":\"pt-PT\",\"@id\":\"https:\/\/portaltela.pt\/s.01k8rhncp4jt1\/2025\/11\/talking-bot-125x125.png\",\"url\":\"https:\/\/portaltela.pt\/s.01k8rhncp4jt1\/2025\/11\/talking-bot-125x125.png\",\"contentUrl\":\"https:\/\/portaltela.pt\/s.01k8rhncp4jt1\/2025\/11\/talking-bot-125x125.png\",\"caption\":\"Telinha\"},\"sameAs\":[\"https:\/\/portaltela.pt\/\"],\"url\":\"https:\/\/portaltela.pt\/por\/367410592786\/\"}]}<\/script>\n<!-- \/ Yoast SEO plugin. -->","yoast_head_json":{"title":"Philipsen regressa \u00e0 Volta ao Algarve em busca de passo extra na aptid\u00e3o - Portal Tela Portugal","robots":{"index":"index","follow":"follow","max-snippet":"max-snippet:-1","max-image-preview":"max-image-preview:large","max-video-preview":"max-video-preview:-1"},"og_locale":"pt_PT","og_type":"article","og_title":"Philipsen regressa \u00e0 Volta ao Algarve em busca de passo extra na aptid\u00e3o - Portal Tela Portugal","og_description":"Jasper Philipsen regressou \u00e0 Volta ao Algarve ap\u00f3s sete anos, como parte do seu treino de estreia de 2026 rumo \u00e0s cl\u00e1ssicas. O sprinter da Alpecin-Premier Tech considera a prova um \u201cbom passo extra para aperfei\u00e7oar a condi\u00e7\u00e3o f\u00edsica\u201d e aponta as cl\u00e1ssicas como um dos principais objetivos da \u00e9poca. Philipsen destacou que as cl\u00e1ssicas, como Mil\u00e3o-Sanremo e Paris-Roubaix, s\u00e3o o foco principal da temporada, com o calend\u00e1rio a incluir o Fim de Semana de Abertura e v\u00e1rias provas de um dia. Na edi\u00e7\u00e3o deste ano, terminou a primeira etapa em Tavira em quarto lugar; hoje procura a luta pela vit\u00f3ria na chegada a Lagos, com 171,5 quil\u00f4metros na quarta etapa, em Albufeira. O ciclista belga, conhecido entre os f\u00e3s como \"Jasper Disaster\", recordou a participa\u00e7\u00e3o anterior na Algarve, onde ajudou Pogacar a vencer a geral da prova.","og_url":"https:\/\/portaltela.pt\/noticias\/2026\/02\/21\/philipsen-regressa-a-volta-ao-algarve-em-busca-de-passo-extra-na-aptidao\/","og_site_name":"Portal Tela Portugal","article_published_time":"2026-02-21T12:26:09+00:00","author":"Telinha","twitter_card":"summary_large_image","twitter_misc":{"Escrito por":"Telinha","Tempo estimado de leitura":"1 minuto"},"schema":{"@context":"https:\/\/schema.org","@graph":[{"@type":"Article","@id":"https:\/\/portaltela.pt\/noticias\/2026\/02\/21\/philipsen-regressa-a-volta-ao-algarve-em-busca-de-passo-extra-na-aptidao\/#article","isPartOf":{"@id":"https:\/\/portaltela.pt\/noticias\/2026\/02\/21\/philipsen-regressa-a-volta-ao-algarve-em-busca-de-passo-extra-na-aptidao\/"},"author":{"name":"Telinha","@id":"https:\/\/portaltela.pt\/#\/schema\/person\/c4278d4a6028830caff9ee44b42d32ed"},"headline":"Philipsen regressa \u00e0 Volta ao Algarve em busca de passo extra na aptid\u00e3o","datePublished":"2026-02-21T12:26:09+00:00","mainEntityOfPage":{"@id":"https:\/\/portaltela.pt\/noticias\/2026\/02\/21\/philipsen-regressa-a-volta-ao-algarve-em-busca-de-passo-extra-na-aptidao\/"},"wordCount":258,"image":{"@id":"https:\/\/portaltela.pt\/noticias\/2026\/02\/21\/philipsen-regressa-a-volta-ao-algarve-em-busca-de-passo-extra-na-aptidao\/#primaryimage"},"thumbnailUrl":"https:\/\/portaltela.pt\/s.01k8rhncp4jt1\/2026\/02\/img_920x518uu2026-02-11-22-46-14-2421069-1.jpg","keywords":["ciclismo","corridas","equipas","internacionais","provas","treino"],"articleSection":["Desporto"],"inLanguage":"pt-PT"},{"@type":"WebPage","@id":"https:\/\/portaltela.pt\/noticias\/2026\/02\/21\/philipsen-regressa-a-volta-ao-algarve-em-busca-de-passo-extra-na-aptidao\/","url":"https:\/\/portaltela.pt\/noticias\/2026\/02\/21\/philipsen-regressa-a-volta-ao-algarve-em-busca-de-passo-extra-na-aptidao\/","name":"Philipsen regressa \u00e0 Volta ao Algarve em busca de passo extra na aptid\u00e3o - Portal Tela Portugal","isPartOf":{"@id":"https:\/\/portaltela.pt\/#website"},"primaryImageOfPage":{"@id":"https:\/\/portaltela.pt\/noticias\/2026\/02\/21\/philipsen-regressa-a-volta-ao-algarve-em-busca-de-passo-extra-na-aptidao\/#primaryimage"},"image":{"@id":"https:\/\/portaltela.pt\/noticias\/2026\/02\/21\/philipsen-regressa-a-volta-ao-algarve-em-busca-de-passo-extra-na-aptidao\/#primaryimage"},"thumbnailUrl":"https:\/\/portaltela.pt\/s.01k8rhncp4jt1\/2026\/02\/img_920x518uu2026-02-11-22-46-14-2421069-1.jpg","datePublished":"2026-02-21T12:26:09+00:00","author":{"@id":"https:\/\/portaltela.pt\/#\/schema\/person\/c4278d4a6028830caff9ee44b42d32ed"},"breadcrumb":{"@id":"https:\/\/portaltela.pt\/noticias\/2026\/02\/21\/philipsen-regressa-a-volta-ao-algarve-em-busca-de-passo-extra-na-aptidao\/#breadcrumb"},"inLanguage":"pt-PT","potentialAction":[{"@type":"ReadAction","target":["https:\/\/portaltela.pt\/noticias\/2026\/02\/21\/philipsen-regressa-a-volta-ao-algarve-em-busca-de-passo-extra-na-aptidao\/"]}]},{"@type":"ImageObject","inLanguage":"pt-PT","@id":"https:\/\/portaltela.pt\/noticias\/2026\/02\/21\/philipsen-regressa-a-volta-ao-algarve-em-busca-de-passo-extra-na-aptidao\/#primaryimage","url":"https:\/\/portaltela.pt\/s.01k8rhncp4jt1\/2026\/02\/img_920x518uu2026-02-11-22-46-14-2421069-1.jpg","contentUrl":"https:\/\/portaltela.pt\/s.01k8rhncp4jt1\/2026\/02\/img_920x518uu2026-02-11-22-46-14-2421069-1.jpg","width":796,"height":448,"caption":"Jasper Philipsen regressou \u00e0 Volta ao Algarve ap\u00f3s sete anos"},{"@type":"BreadcrumbList","@id":"https:\/\/portaltela.pt\/noticias\/2026\/02\/21\/philipsen-regressa-a-volta-ao-algarve-em-busca-de-passo-extra-na-aptidao\/#breadcrumb","itemListElement":[{"@type":"ListItem","position":1,"name":"In\u00edcio","item":"https:\/\/portaltela.pt\/"},{"@type":"ListItem","position":2,"name":"Philipsen regressa \u00e0 Volta ao Algarve em busca de passo extra na aptid\u00e3o"}]},{"@type":"WebSite","@id":"https:\/\/portaltela.pt\/#website","url":"https:\/\/portaltela.pt\/","name":"Portal Tela Portugal","description":"","potentialAction":[{"@type":"SearchAction","target":{"@type":"EntryPoint","urlTemplate":"https:\/\/portaltela.pt\/?s={search_term_string}"},"query-input":{"@type":"PropertyValueSpecification","valueRequired":true,"valueName":"search_term_string"}}],"inLanguage":"pt-PT"},{"@type":"Person","@id":"https:\/\/portaltela.pt\/#\/schema\/person\/c4278d4a6028830caff9ee44b42d32ed","name":"Telinha","image":{"@type":"ImageObject","inLanguage":"pt-PT","@id":"https:\/\/portaltela.pt\/s.01k8rhncp4jt1\/2025\/11\/talking-bot-125x125.png","url":"https:\/\/portaltela.pt\/s.01k8rhncp4jt1\/2025\/11\/talking-bot-125x125.png","contentUrl":"https:\/\/portaltela.pt\/s.01k8rhncp4jt1\/2025\/11\/talking-bot-125x125.png","caption":"Telinha"},"sameAs":["https:\/\/portaltela.pt\/"],"url":"https:\/\/portaltela.pt\/por\/367410592786\/"}]}},"_links":{"self":[{"href":"https:\/\/portaltela.pt\/api\/wp\/v2\/posts\/220522","targetHints":{"allow":["GET"]}}],"collection":[{"href":"https:\/\/portaltela.pt\/api\/wp\/v2\/posts"}],"about":[{"href":"https:\/\/portaltela.pt\/api\/wp\/v2\/types\/post"}],"author":[{"embeddable":true,"href":"https:\/\/portaltela.pt\/api\/wp\/v2\/users\/2"}],"replies":[{"embeddable":true,"href":"https:\/\/portaltela.pt\/api\/wp\/v2\/comments?post=220522"}],"version-history":[{"count":0,"href":"https:\/\/portaltela.pt\/api\/wp\/v2\/posts\/220522\/revisions"}],"wp:featuredmedia":[{"embeddable":true,"href":"https:\/\/portaltela.pt\/api\/wp\/v2\/media\/220525"}],"wp:attachment":[{"href":"https:\/\/portaltela.pt\/api\/wp\/v2\/media?parent=220522"}],"wp:term":[{"taxonomy":"category","embeddable":true,"href":"https:\/\/portaltela.pt\/api\/wp\/v2\/categories?post=220522"},{"taxonomy":"post_tag","embeddable":true,"href":"https:\/\/portaltela.pt\/api\/wp\/v2\/tags?post=220522"}],"curies":[{"name":"wp","href":"https:\/\/api.w.org\/{rel}","templated":true}]}}