{"id":220467,"date":"2026-02-21T07:26:00","date_gmt":"2026-02-21T10:26:00","guid":{"rendered":"https:\/\/portaltela.pt\/noticias\/2026\/02\/21\/menino-de-2-anos-morre-apos-receber-coracao-danificado\/"},"modified":"2026-02-21T07:26:00","modified_gmt":"2026-02-21T10:26:00","slug":"menino-de-2-anos-morre-apos-receber-coracao-danificado","status":"publish","type":"post","link":"https:\/\/portaltela.pt\/noticias\/2026\/02\/21\/menino-de-2-anos-morre-apos-receber-coracao-danificado\/","title":{"rendered":"Menino de 2 anos morre ap\u00f3s receber cora\u00e7\u00e3o danificado"},"content":{"rendered":"<p>Domenico, menino de 2 anos, morreu no s\u00e1bado de manh\u00e3 no Hospital Monaldi, em N\u00e1poles. O cora\u00e7\u00e3o transplantado em dezembro apresentava tecido necr\u00f3tico devido a um transporte defeituoso. A fam\u00edlia est\u00e1 a enfrentar uma fase de dor e pesar.<\/p>\n<p>A dire\u00e7\u00e3o do hospital confirmou o falecimento do jovem, ocorrido ap\u00f3s um agravamento s\u00fabito do estado cl\u00ednico. A not\u00edcia foi anunciada pela fam\u00edlia e pelo hospital, que expressou condol\u00eancias \u00e0 fam\u00edlia.<\/p>\n<p>Durante a manh\u00e3, o Cardeal Mimmo Battaglia esteve no hospital, rezou ao lado da m\u00e3e e conferiu a Extrema Un\u00e7\u00e3o ao menino. A presen\u00e7a religiosa ocorreu no contexto do several dias de tratamento intensivo.<\/p>\n<p>O processo de investiga\u00e7\u00e3o est\u00e1 em curso. O Minist\u00e9rio P\u00fablico de N\u00e1poles abriu um inqu\u00e9rito para les\u00f5es culposas e seis pessoas s\u00e3o indicadas at\u00e9 o momento. Podem existir mais envolvidos entre profissionais de sa\u00fade.<\/p>\n<p>Fontes locais indicam que a apreens\u00e3o do corpo do beb\u00e9 j\u00e1 ocorreu no hospital, com apoio dos Carabinieri. O corpo permanece sob supervis\u00e3o policial, enquanto decorre a aut\u00f3psia solicitada pela Procuradoria de N\u00e1poles.<\/p>\n<p>A equipa m\u00e9dica e a dire\u00e7\u00e3o hospitalar j\u00e1 tinham decidido suspender terapias desnecess\u00e1rias para aliviar o sofrimento. O objetivo era interromper tratamentos que n\u00e3o ofereciam benef\u00edcio ao estado cl\u00ednico.<\/p>\n","protected":false},"excerpt":{"rendered":"<ul>\n<li>Domenico, de 2 anos, morreu no Hospital Monaldi, em N\u00e1poles, no s\u00e1bado de manh\u00e3, 21 de fevereiro de 2026, ap\u00f3s ter sido transplantado um cora\u00e7\u00e3o com tecido necr\u00f3tico em 23 de dezembro de 2025.<\/li>\n<li>O cora\u00e7\u00e3o foi transplantado em Bolzano e, devido a um transporte defeituoso, houve danos ao \u00f3rg\u00e3o, levando ao agravamento do estado cl\u00ednico da crian\u00e7a.<\/li>\n<li>O Minist\u00e9rio P\u00fablico de N\u00e1poles abriu um processo; seis pessoas est\u00e3o a ser investigadas por les\u00f5es culposas, com potencial envolvimento de outros profissionais de sa\u00fade, e ser\u00e1 ordenada aut\u00f3psia pela Procuradoria de N\u00e1poles.<\/li>\n<li>Segundo fontes locais, os carabineiros do Nas j\u00e1 se encontram no Hospital Monaldi para ordenar a apreens\u00e3o do corpo, que permanecia ligado a uma m\u00e1quina Ecmo.<\/li>\n<li>A fam\u00edlia (atrav\u00e9s do advogado) afirmou ter feito tudo para salvar o beb\u00e9; terapias desnecess\u00e1rias foram suspensas para aliviar o sofrimento, e o Cardeal Mimmo Battaglia participou na visita ao hospital.<\/li>\n<\/ul>\n","protected":false},"author":2,"featured_media":220473,"comment_status":"closed","ping_status":"closed","sticky":false,"template":"","format":"standard","meta":{"footnotes":""},"categories":[1],"tags":[177,215,2538,1236,172,5128],"class_list":["post-220467","post","type-post","status-publish","format-standard","has-post-thumbnail","hentry","category-noticias","tag-crimes","tag-investigacao","tag-lesoes","tag-napoles","tag-saude","tag-transplantes"],"yoast_head":"<!-- This site is optimized with the Yoast SEO plugin v27.2 - https:\/\/yoast.com\/product\/yoast-seo-wordpress\/ -->\n<title>Menino de 2 anos morre ap\u00f3s receber cora\u00e7\u00e3o danificado - Portal Tela Portugal<\/title>\n<meta name=\"robots\" content=\"index, follow, max-snippet:-1, max-image-preview:large, max-video-preview:-1\" \/>\n<meta property=\"og:locale\" content=\"pt_PT\" \/>\n<meta property=\"og:type\" content=\"article\" \/>\n<meta property=\"og:title\" content=\"Menino de 2 anos morre ap\u00f3s receber cora\u00e7\u00e3o danificado - Portal Tela Portugal\" \/>\n<meta property=\"og:description\" content=\"Domenico, de 2 anos, morreu no Hospital Monaldi, em N\u00e1poles, no s\u00e1bado de manh\u00e3, 21 de fevereiro de 2026, ap\u00f3s ter sido transplantado um cora\u00e7\u00e3o com tecido necr\u00f3tico em 23 de dezembro de 2025. O cora\u00e7\u00e3o foi transplantado em Bolzano e, devido a um transporte defeituoso, houve danos ao \u00f3rg\u00e3o, levando ao agravamento do estado cl\u00ednico da crian\u00e7a. O Minist\u00e9rio P\u00fablico de N\u00e1poles abriu um processo; seis pessoas est\u00e3o a ser investigadas por les\u00f5es culposas, com potencial envolvimento de outros profissionais de sa\u00fade, e ser\u00e1 ordenada aut\u00f3psia pela Procuradoria de N\u00e1poles. Segundo fontes locais, os carabineiros do Nas j\u00e1 se encontram no Hospital Monaldi para ordenar a apreens\u00e3o do corpo, que permanecia ligado a uma m\u00e1quina Ecmo. A fam\u00edlia (atrav\u00e9s do advogado) afirmou ter feito tudo para salvar o beb\u00e9; terapias desnecess\u00e1rias foram suspensas para aliviar o sofrimento, e o Cardeal Mimmo Battaglia participou na visita ao hospital.\" \/>\n<meta property=\"og:url\" content=\"https:\/\/portaltela.pt\/noticias\/2026\/02\/21\/menino-de-2-anos-morre-apos-receber-coracao-danificado\/\" \/>\n<meta property=\"og:site_name\" content=\"Portal Tela Portugal\" \/>\n<meta property=\"article:published_time\" content=\"2026-02-21T10:26:00+00:00\" \/>\n<meta name=\"author\" content=\"Telinha\" \/>\n<meta name=\"twitter:card\" content=\"summary_large_image\" \/>\n<meta name=\"twitter:label1\" content=\"Escrito por\" \/>\n\t<meta name=\"twitter:data1\" content=\"Telinha\" \/>\n\t<meta name=\"twitter:label2\" content=\"Tempo estimado de leitura\" \/>\n\t<meta name=\"twitter:data2\" content=\"1 minuto\" \/>\n<script type=\"application\/ld+json\" class=\"yoast-schema-graph\">{\"@context\":\"https:\/\/schema.org\",\"@graph\":[{\"@type\":\"Article\",\"@id\":\"https:\/\/portaltela.pt\/noticias\/2026\/02\/21\/menino-de-2-anos-morre-apos-receber-coracao-danificado\/#article\",\"isPartOf\":{\"@id\":\"https:\/\/portaltela.pt\/noticias\/2026\/02\/21\/menino-de-2-anos-morre-apos-receber-coracao-danificado\/\"},\"author\":{\"name\":\"Telinha\",\"@id\":\"https:\/\/portaltela.pt\/#\/schema\/person\/c4278d4a6028830caff9ee44b42d32ed\"},\"headline\":\"Menino de 2 anos morre ap\u00f3s receber cora\u00e7\u00e3o danificado\",\"datePublished\":\"2026-02-21T10:26:00+00:00\",\"mainEntityOfPage\":{\"@id\":\"https:\/\/portaltela.pt\/noticias\/2026\/02\/21\/menino-de-2-anos-morre-apos-receber-coracao-danificado\/\"},\"wordCount\":242,\"image\":{\"@id\":\"https:\/\/portaltela.pt\/noticias\/2026\/02\/21\/menino-de-2-anos-morre-apos-receber-coracao-danificado\/#primaryimage\"},\"thumbnailUrl\":\"https:\/\/portaltela.pt\/s.01k8rhncp4jt1\/2026\/02\/1536x864_cmsv2_87a37aa5-45c4-5245-9cad-33b9a5a368d5-9660235.jpg\",\"keywords\":[\"crimes\",\"investiga\u00e7\u00e3o\",\"les\u00f5es\",\"N\u00e1poles\",\"sa\u00fade\",\"transplantes\"],\"articleSection\":[\"Not\u00edcias\"],\"inLanguage\":\"pt-PT\"},{\"@type\":\"WebPage\",\"@id\":\"https:\/\/portaltela.pt\/noticias\/2026\/02\/21\/menino-de-2-anos-morre-apos-receber-coracao-danificado\/\",\"url\":\"https:\/\/portaltela.pt\/noticias\/2026\/02\/21\/menino-de-2-anos-morre-apos-receber-coracao-danificado\/\",\"name\":\"Menino de 2 anos morre ap\u00f3s receber cora\u00e7\u00e3o danificado - Portal Tela Portugal\",\"isPartOf\":{\"@id\":\"https:\/\/portaltela.pt\/#website\"},\"primaryImageOfPage\":{\"@id\":\"https:\/\/portaltela.pt\/noticias\/2026\/02\/21\/menino-de-2-anos-morre-apos-receber-coracao-danificado\/#primaryimage\"},\"image\":{\"@id\":\"https:\/\/portaltela.pt\/noticias\/2026\/02\/21\/menino-de-2-anos-morre-apos-receber-coracao-danificado\/#primaryimage\"},\"thumbnailUrl\":\"https:\/\/portaltela.pt\/s.01k8rhncp4jt1\/2026\/02\/1536x864_cmsv2_87a37aa5-45c4-5245-9cad-33b9a5a368d5-9660235.jpg\",\"datePublished\":\"2026-02-21T10:26:00+00:00\",\"author\":{\"@id\":\"https:\/\/portaltela.pt\/#\/schema\/person\/c4278d4a6028830caff9ee44b42d32ed\"},\"breadcrumb\":{\"@id\":\"https:\/\/portaltela.pt\/noticias\/2026\/02\/21\/menino-de-2-anos-morre-apos-receber-coracao-danificado\/#breadcrumb\"},\"inLanguage\":\"pt-PT\",\"potentialAction\":[{\"@type\":\"ReadAction\",\"target\":[\"https:\/\/portaltela.pt\/noticias\/2026\/02\/21\/menino-de-2-anos-morre-apos-receber-coracao-danificado\/\"]}]},{\"@type\":\"ImageObject\",\"inLanguage\":\"pt-PT\",\"@id\":\"https:\/\/portaltela.pt\/noticias\/2026\/02\/21\/menino-de-2-anos-morre-apos-receber-coracao-danificado\/#primaryimage\",\"url\":\"https:\/\/portaltela.pt\/s.01k8rhncp4jt1\/2026\/02\/1536x864_cmsv2_87a37aa5-45c4-5245-9cad-33b9a5a368d5-9660235.jpg\",\"contentUrl\":\"https:\/\/portaltela.pt\/s.01k8rhncp4jt1\/2026\/02\/1536x864_cmsv2_87a37aa5-45c4-5245-9cad-33b9a5a368d5-9660235.jpg\",\"width\":796,\"height\":448,\"caption\":\"N\u00e1poles ultramarino\"},{\"@type\":\"BreadcrumbList\",\"@id\":\"https:\/\/portaltela.pt\/noticias\/2026\/02\/21\/menino-de-2-anos-morre-apos-receber-coracao-danificado\/#breadcrumb\",\"itemListElement\":[{\"@type\":\"ListItem\",\"position\":1,\"name\":\"In\u00edcio\",\"item\":\"https:\/\/portaltela.pt\/\"},{\"@type\":\"ListItem\",\"position\":2,\"name\":\"Menino de 2 anos morre ap\u00f3s receber cora\u00e7\u00e3o danificado\"}]},{\"@type\":\"WebSite\",\"@id\":\"https:\/\/portaltela.pt\/#website\",\"url\":\"https:\/\/portaltela.pt\/\",\"name\":\"Portal Tela Portugal\",\"description\":\"\",\"potentialAction\":[{\"@type\":\"SearchAction\",\"target\":{\"@type\":\"EntryPoint\",\"urlTemplate\":\"https:\/\/portaltela.pt\/?s={search_term_string}\"},\"query-input\":{\"@type\":\"PropertyValueSpecification\",\"valueRequired\":true,\"valueName\":\"search_term_string\"}}],\"inLanguage\":\"pt-PT\"},{\"@type\":\"Person\",\"@id\":\"https:\/\/portaltela.pt\/#\/schema\/person\/c4278d4a6028830caff9ee44b42d32ed\",\"name\":\"Telinha\",\"image\":{\"@type\":\"ImageObject\",\"inLanguage\":\"pt-PT\",\"@id\":\"https:\/\/portaltela.pt\/s.01k8rhncp4jt1\/2025\/11\/talking-bot-125x125.png\",\"url\":\"https:\/\/portaltela.pt\/s.01k8rhncp4jt1\/2025\/11\/talking-bot-125x125.png\",\"contentUrl\":\"https:\/\/portaltela.pt\/s.01k8rhncp4jt1\/2025\/11\/talking-bot-125x125.png\",\"caption\":\"Telinha\"},\"sameAs\":[\"https:\/\/portaltela.pt\/\"],\"url\":\"https:\/\/portaltela.pt\/por\/367410592786\/\"}]}<\/script>\n<!-- \/ Yoast SEO plugin. -->","yoast_head_json":{"title":"Menino de 2 anos morre ap\u00f3s receber cora\u00e7\u00e3o danificado - Portal Tela Portugal","robots":{"index":"index","follow":"follow","max-snippet":"max-snippet:-1","max-image-preview":"max-image-preview:large","max-video-preview":"max-video-preview:-1"},"og_locale":"pt_PT","og_type":"article","og_title":"Menino de 2 anos morre ap\u00f3s receber cora\u00e7\u00e3o danificado - Portal Tela Portugal","og_description":"Domenico, de 2 anos, morreu no Hospital Monaldi, em N\u00e1poles, no s\u00e1bado de manh\u00e3, 21 de fevereiro de 2026, ap\u00f3s ter sido transplantado um cora\u00e7\u00e3o com tecido necr\u00f3tico em 23 de dezembro de 2025. O cora\u00e7\u00e3o foi transplantado em Bolzano e, devido a um transporte defeituoso, houve danos ao \u00f3rg\u00e3o, levando ao agravamento do estado cl\u00ednico da crian\u00e7a. O Minist\u00e9rio P\u00fablico de N\u00e1poles abriu um processo; seis pessoas est\u00e3o a ser investigadas por les\u00f5es culposas, com potencial envolvimento de outros profissionais de sa\u00fade, e ser\u00e1 ordenada aut\u00f3psia pela Procuradoria de N\u00e1poles. Segundo fontes locais, os carabineiros do Nas j\u00e1 se encontram no Hospital Monaldi para ordenar a apreens\u00e3o do corpo, que permanecia ligado a uma m\u00e1quina Ecmo. A fam\u00edlia (atrav\u00e9s do advogado) afirmou ter feito tudo para salvar o beb\u00e9; terapias desnecess\u00e1rias foram suspensas para aliviar o sofrimento, e o Cardeal Mimmo Battaglia participou na visita ao hospital.","og_url":"https:\/\/portaltela.pt\/noticias\/2026\/02\/21\/menino-de-2-anos-morre-apos-receber-coracao-danificado\/","og_site_name":"Portal Tela Portugal","article_published_time":"2026-02-21T10:26:00+00:00","author":"Telinha","twitter_card":"summary_large_image","twitter_misc":{"Escrito por":"Telinha","Tempo estimado de leitura":"1 minuto"},"schema":{"@context":"https:\/\/schema.org","@graph":[{"@type":"Article","@id":"https:\/\/portaltela.pt\/noticias\/2026\/02\/21\/menino-de-2-anos-morre-apos-receber-coracao-danificado\/#article","isPartOf":{"@id":"https:\/\/portaltela.pt\/noticias\/2026\/02\/21\/menino-de-2-anos-morre-apos-receber-coracao-danificado\/"},"author":{"name":"Telinha","@id":"https:\/\/portaltela.pt\/#\/schema\/person\/c4278d4a6028830caff9ee44b42d32ed"},"headline":"Menino de 2 anos morre ap\u00f3s receber cora\u00e7\u00e3o danificado","datePublished":"2026-02-21T10:26:00+00:00","mainEntityOfPage":{"@id":"https:\/\/portaltela.pt\/noticias\/2026\/02\/21\/menino-de-2-anos-morre-apos-receber-coracao-danificado\/"},"wordCount":242,"image":{"@id":"https:\/\/portaltela.pt\/noticias\/2026\/02\/21\/menino-de-2-anos-morre-apos-receber-coracao-danificado\/#primaryimage"},"thumbnailUrl":"https:\/\/portaltela.pt\/s.01k8rhncp4jt1\/2026\/02\/1536x864_cmsv2_87a37aa5-45c4-5245-9cad-33b9a5a368d5-9660235.jpg","keywords":["crimes","investiga\u00e7\u00e3o","les\u00f5es","N\u00e1poles","sa\u00fade","transplantes"],"articleSection":["Not\u00edcias"],"inLanguage":"pt-PT"},{"@type":"WebPage","@id":"https:\/\/portaltela.pt\/noticias\/2026\/02\/21\/menino-de-2-anos-morre-apos-receber-coracao-danificado\/","url":"https:\/\/portaltela.pt\/noticias\/2026\/02\/21\/menino-de-2-anos-morre-apos-receber-coracao-danificado\/","name":"Menino de 2 anos morre ap\u00f3s receber cora\u00e7\u00e3o danificado - Portal Tela Portugal","isPartOf":{"@id":"https:\/\/portaltela.pt\/#website"},"primaryImageOfPage":{"@id":"https:\/\/portaltela.pt\/noticias\/2026\/02\/21\/menino-de-2-anos-morre-apos-receber-coracao-danificado\/#primaryimage"},"image":{"@id":"https:\/\/portaltela.pt\/noticias\/2026\/02\/21\/menino-de-2-anos-morre-apos-receber-coracao-danificado\/#primaryimage"},"thumbnailUrl":"https:\/\/portaltela.pt\/s.01k8rhncp4jt1\/2026\/02\/1536x864_cmsv2_87a37aa5-45c4-5245-9cad-33b9a5a368d5-9660235.jpg","datePublished":"2026-02-21T10:26:00+00:00","author":{"@id":"https:\/\/portaltela.pt\/#\/schema\/person\/c4278d4a6028830caff9ee44b42d32ed"},"breadcrumb":{"@id":"https:\/\/portaltela.pt\/noticias\/2026\/02\/21\/menino-de-2-anos-morre-apos-receber-coracao-danificado\/#breadcrumb"},"inLanguage":"pt-PT","potentialAction":[{"@type":"ReadAction","target":["https:\/\/portaltela.pt\/noticias\/2026\/02\/21\/menino-de-2-anos-morre-apos-receber-coracao-danificado\/"]}]},{"@type":"ImageObject","inLanguage":"pt-PT","@id":"https:\/\/portaltela.pt\/noticias\/2026\/02\/21\/menino-de-2-anos-morre-apos-receber-coracao-danificado\/#primaryimage","url":"https:\/\/portaltela.pt\/s.01k8rhncp4jt1\/2026\/02\/1536x864_cmsv2_87a37aa5-45c4-5245-9cad-33b9a5a368d5-9660235.jpg","contentUrl":"https:\/\/portaltela.pt\/s.01k8rhncp4jt1\/2026\/02\/1536x864_cmsv2_87a37aa5-45c4-5245-9cad-33b9a5a368d5-9660235.jpg","width":796,"height":448,"caption":"N\u00e1poles ultramarino"},{"@type":"BreadcrumbList","@id":"https:\/\/portaltela.pt\/noticias\/2026\/02\/21\/menino-de-2-anos-morre-apos-receber-coracao-danificado\/#breadcrumb","itemListElement":[{"@type":"ListItem","position":1,"name":"In\u00edcio","item":"https:\/\/portaltela.pt\/"},{"@type":"ListItem","position":2,"name":"Menino de 2 anos morre ap\u00f3s receber cora\u00e7\u00e3o danificado"}]},{"@type":"WebSite","@id":"https:\/\/portaltela.pt\/#website","url":"https:\/\/portaltela.pt\/","name":"Portal Tela Portugal","description":"","potentialAction":[{"@type":"SearchAction","target":{"@type":"EntryPoint","urlTemplate":"https:\/\/portaltela.pt\/?s={search_term_string}"},"query-input":{"@type":"PropertyValueSpecification","valueRequired":true,"valueName":"search_term_string"}}],"inLanguage":"pt-PT"},{"@type":"Person","@id":"https:\/\/portaltela.pt\/#\/schema\/person\/c4278d4a6028830caff9ee44b42d32ed","name":"Telinha","image":{"@type":"ImageObject","inLanguage":"pt-PT","@id":"https:\/\/portaltela.pt\/s.01k8rhncp4jt1\/2025\/11\/talking-bot-125x125.png","url":"https:\/\/portaltela.pt\/s.01k8rhncp4jt1\/2025\/11\/talking-bot-125x125.png","contentUrl":"https:\/\/portaltela.pt\/s.01k8rhncp4jt1\/2025\/11\/talking-bot-125x125.png","caption":"Telinha"},"sameAs":["https:\/\/portaltela.pt\/"],"url":"https:\/\/portaltela.pt\/por\/367410592786\/"}]}},"_links":{"self":[{"href":"https:\/\/portaltela.pt\/api\/wp\/v2\/posts\/220467","targetHints":{"allow":["GET"]}}],"collection":[{"href":"https:\/\/portaltela.pt\/api\/wp\/v2\/posts"}],"about":[{"href":"https:\/\/portaltela.pt\/api\/wp\/v2\/types\/post"}],"author":[{"embeddable":true,"href":"https:\/\/portaltela.pt\/api\/wp\/v2\/users\/2"}],"replies":[{"embeddable":true,"href":"https:\/\/portaltela.pt\/api\/wp\/v2\/comments?post=220467"}],"version-history":[{"count":0,"href":"https:\/\/portaltela.pt\/api\/wp\/v2\/posts\/220467\/revisions"}],"wp:featuredmedia":[{"embeddable":true,"href":"https:\/\/portaltela.pt\/api\/wp\/v2\/media\/220473"}],"wp:attachment":[{"href":"https:\/\/portaltela.pt\/api\/wp\/v2\/media?parent=220467"}],"wp:term":[{"taxonomy":"category","embeddable":true,"href":"https:\/\/portaltela.pt\/api\/wp\/v2\/categories?post=220467"},{"taxonomy":"post_tag","embeddable":true,"href":"https:\/\/portaltela.pt\/api\/wp\/v2\/tags?post=220467"}],"curies":[{"name":"wp","href":"https:\/\/api.w.org\/{rel}","templated":true}]}}