{"id":220437,"date":"2026-02-21T07:50:00","date_gmt":"2026-02-21T10:50:00","guid":{"rendered":"https:\/\/portaltela.pt\/noticias\/2026\/02\/21\/caso-epstein-sarah-ferguson-em-silencio-e-sem-informacoes-novas\/"},"modified":"2026-02-21T07:50:00","modified_gmt":"2026-02-21T10:50:00","slug":"caso-epstein-sarah-ferguson-em-silencio-e-sem-informacoes-novas","status":"publish","type":"post","link":"https:\/\/portaltela.pt\/noticias\/2026\/02\/21\/caso-epstein-sarah-ferguson-em-silencio-e-sem-informacoes-novas\/","title":{"rendered":"Caso Epstein: Sarah Ferguson em sil\u00eancio e sem informa\u00e7\u00f5es novas"},"content":{"rendered":"<p>Sarah Ferguson, antiga duquesa de York, est\u00e1 envolvida no caso Epstein, com novos documentos a revelar liga\u00e7\u00f5es pessoais e empresariais ao ped\u00f3filo. A imprensa brit\u00e2nica diz que Ferguson deixou o Reino Unido, indo para um destino secreto, mantendo-se em sil\u00eancio.<\/p>\n<p>As mensagens entre Ferguson e Jeffrey Epstein mostram v\u00ednculos que perduraram ap\u00f3s a condena\u00e7\u00e3o do empres\u00e1rio. Registos indicam visitas a Epstein em Miami em 2009, cinco dias ap\u00f3s a liberta\u00e7\u00e3o, e contatos frequentes desde ent\u00e3o.<\/p>\n<p>Documentos apontam para participa\u00e7\u00f5es financeiras de Ferguson em neg\u00f3cios ligados a Epstein, incluindo pedidos de dinheiro e at\u00e9 a oferta de emprego. Registos indicam uma rela\u00e7\u00e3o que durou cerca de 15 anos, contestada em parte pela fam\u00edlia.<\/p>\n<p>O casal ex-m\u00f4nio do Pr\u00edncipe Andr\u00e9 foi alvo de rea\u00e7\u00f5es oficiais. O rei Carlos III expressou preocupa\u00e7\u00e3o, mantendo a f\u00e9 num processo justo e na coopera\u00e7\u00e3o com as autoridades.<\/p>\n<p>Segundo fontes pr\u00f3ximas, Beatrice e Eugenie n\u00e3o teriam conhecimento do paradeiro da m\u00e3e, e as filhas da ex-duquesa n\u00e3o teriam sido informadas sobre o novo destino.<\/p>\n<p>Antes, um porta-voz de Ferguson afirmou que a rela\u00e7\u00e3o com Epstein tinha terminado assim que as acusa\u00e7\u00f5es se tornaram conhecidas. Agora, os novos documentos desafiam essa vers\u00e3o, revelando contatos cont\u00ednuos.<\/p>\n<p>O caso Epstein j\u00e1 provocou mudan\u00e7as em institui\u00e7\u00f5es de caridade e neg\u00f3cios ligados ao judici\u00e1rio brit\u00e2nico. N\u00e3o h\u00e1 confirma\u00e7\u00e3o oficial sobre desfechos para Ferguson ou para outras figuras associadas.<\/p>\n","protected":false},"excerpt":{"rendered":"<ul>\n<li>Sarah Ferguson, antiga duquesa de York, continua envolvida no caso Epstein, com novos documentos a exporem liga\u00e7\u00f5es pessoais e empresariais com o ped\u00f3filo.<\/li>\n<li>Aos 66 anos, Ferguson ter\u00e1 deixado o Reino Unido para um destino secreto, mantendo-se em sil\u00eancio e sem registo do paradeiro.<\/li>\n<li>Os arquivos revelam que, mesmo ap\u00f3s a condena\u00e7\u00e3o de Epstein, houve contactos entre Ferguson e o criminoso, al\u00e9m de liga\u00e7\u00f5es financeiras que se estenderam por cerca de quinze anos.<\/li>\n<li>Entre as mensagens divulgadas est\u00e3o refer\u00eancias a voos para Miami em 2009 e a men\u00e7\u00f5es a poss\u00edveis benef\u00edcios para as filhas de Ferguson, Beatrice e Eugenie, incluindo um alegado \u201cfim de semana de sexo\u201d.<\/li>\n<li>Ap\u00f3s a deten\u00e7\u00e3o do pr\u00edncipe Andr\u00e9, o rei Carlos III expressou preocupa\u00e7\u00e3o e afirmou colaborar com as autoridades; surgem especula\u00e7\u00f5es de que Ferguson possa estar sob escrut\u00ednio como parte do processo.<\/li>\n<\/ul>\n","protected":false},"author":2,"featured_media":220440,"comment_status":"closed","ping_status":"closed","sticky":false,"template":"","format":"standard","meta":{"footnotes":""},"categories":[1],"tags":[1084,6221,6112,64,2111,4963],"class_list":["post-220437","post","type-post","status-publish","format-standard","has-post-thumbnail","hentry","category-noticias","tag-acao-social","tag-carlos-iii","tag-casos-internacionais","tag-familia","tag-reino-unido","tag-sarah-ferguson"],"yoast_head":"<!-- This site is optimized with the Yoast SEO plugin v27.2 - https:\/\/yoast.com\/product\/yoast-seo-wordpress\/ -->\n<title>Caso Epstein: Sarah Ferguson em sil\u00eancio e sem informa\u00e7\u00f5es novas - Portal Tela Portugal<\/title>\n<meta name=\"robots\" content=\"index, follow, max-snippet:-1, max-image-preview:large, max-video-preview:-1\" \/>\n<meta property=\"og:locale\" content=\"pt_PT\" \/>\n<meta property=\"og:type\" content=\"article\" \/>\n<meta property=\"og:title\" content=\"Caso Epstein: Sarah Ferguson em sil\u00eancio e sem informa\u00e7\u00f5es novas - Portal Tela Portugal\" \/>\n<meta property=\"og:description\" content=\"Sarah Ferguson, antiga duquesa de York, continua envolvida no caso Epstein, com novos documentos a exporem liga\u00e7\u00f5es pessoais e empresariais com o ped\u00f3filo. Aos 66 anos, Ferguson ter\u00e1 deixado o Reino Unido para um destino secreto, mantendo-se em sil\u00eancio e sem registo do paradeiro. Os arquivos revelam que, mesmo ap\u00f3s a condena\u00e7\u00e3o de Epstein, houve contactos entre Ferguson e o criminoso, al\u00e9m de liga\u00e7\u00f5es financeiras que se estenderam por cerca de quinze anos. Entre as mensagens divulgadas est\u00e3o refer\u00eancias a voos para Miami em 2009 e a men\u00e7\u00f5es a poss\u00edveis benef\u00edcios para as filhas de Ferguson, Beatrice e Eugenie, incluindo um alegado \u201cfim de semana de sexo\u201d. Ap\u00f3s a deten\u00e7\u00e3o do pr\u00edncipe Andr\u00e9, o rei Carlos III expressou preocupa\u00e7\u00e3o e afirmou colaborar com as autoridades; surgem especula\u00e7\u00f5es de que Ferguson possa estar sob escrut\u00ednio como parte do processo.\" \/>\n<meta property=\"og:url\" content=\"https:\/\/portaltela.pt\/noticias\/2026\/02\/21\/caso-epstein-sarah-ferguson-em-silencio-e-sem-informacoes-novas\/\" \/>\n<meta property=\"og:site_name\" content=\"Portal Tela Portugal\" \/>\n<meta property=\"article:published_time\" content=\"2026-02-21T10:50:00+00:00\" \/>\n<meta name=\"author\" content=\"Telinha\" \/>\n<meta name=\"twitter:card\" content=\"summary_large_image\" \/>\n<meta name=\"twitter:label1\" content=\"Escrito por\" \/>\n\t<meta name=\"twitter:data1\" content=\"Telinha\" \/>\n\t<meta name=\"twitter:label2\" content=\"Tempo estimado de leitura\" \/>\n\t<meta name=\"twitter:data2\" content=\"1 minuto\" \/>\n<script type=\"application\/ld+json\" class=\"yoast-schema-graph\">{\"@context\":\"https:\/\/schema.org\",\"@graph\":[{\"@type\":\"Article\",\"@id\":\"https:\/\/portaltela.pt\/noticias\/2026\/02\/21\/caso-epstein-sarah-ferguson-em-silencio-e-sem-informacoes-novas\/#article\",\"isPartOf\":{\"@id\":\"https:\/\/portaltela.pt\/noticias\/2026\/02\/21\/caso-epstein-sarah-ferguson-em-silencio-e-sem-informacoes-novas\/\"},\"author\":{\"name\":\"Telinha\",\"@id\":\"https:\/\/portaltela.pt\/#\/schema\/person\/c4278d4a6028830caff9ee44b42d32ed\"},\"headline\":\"Caso Epstein: Sarah Ferguson em sil\u00eancio e sem informa\u00e7\u00f5es novas\",\"datePublished\":\"2026-02-21T10:50:00+00:00\",\"mainEntityOfPage\":{\"@id\":\"https:\/\/portaltela.pt\/noticias\/2026\/02\/21\/caso-epstein-sarah-ferguson-em-silencio-e-sem-informacoes-novas\/\"},\"wordCount\":271,\"image\":{\"@id\":\"https:\/\/portaltela.pt\/noticias\/2026\/02\/21\/caso-epstein-sarah-ferguson-em-silencio-e-sem-informacoes-novas\/#primaryimage\"},\"thumbnailUrl\":\"https:\/\/portaltela.pt\/s.01k8rhncp4jt1\/2026\/02\/img_1280x721uu2026-02-21-10-43-41-2268122.jpg\",\"keywords\":[\"A\u00e7\u00e3o Social\",\"Carlos III\",\"casos internacionais\",\"fam\u00edlia\",\"Reino Unido\",\"Sarah Ferguson\"],\"articleSection\":[\"Not\u00edcias\"],\"inLanguage\":\"pt-PT\"},{\"@type\":\"WebPage\",\"@id\":\"https:\/\/portaltela.pt\/noticias\/2026\/02\/21\/caso-epstein-sarah-ferguson-em-silencio-e-sem-informacoes-novas\/\",\"url\":\"https:\/\/portaltela.pt\/noticias\/2026\/02\/21\/caso-epstein-sarah-ferguson-em-silencio-e-sem-informacoes-novas\/\",\"name\":\"Caso Epstein: Sarah Ferguson em sil\u00eancio e sem informa\u00e7\u00f5es novas - Portal Tela Portugal\",\"isPartOf\":{\"@id\":\"https:\/\/portaltela.pt\/#website\"},\"primaryImageOfPage\":{\"@id\":\"https:\/\/portaltela.pt\/noticias\/2026\/02\/21\/caso-epstein-sarah-ferguson-em-silencio-e-sem-informacoes-novas\/#primaryimage\"},\"image\":{\"@id\":\"https:\/\/portaltela.pt\/noticias\/2026\/02\/21\/caso-epstein-sarah-ferguson-em-silencio-e-sem-informacoes-novas\/#primaryimage\"},\"thumbnailUrl\":\"https:\/\/portaltela.pt\/s.01k8rhncp4jt1\/2026\/02\/img_1280x721uu2026-02-21-10-43-41-2268122.jpg\",\"datePublished\":\"2026-02-21T10:50:00+00:00\",\"author\":{\"@id\":\"https:\/\/portaltela.pt\/#\/schema\/person\/c4278d4a6028830caff9ee44b42d32ed\"},\"breadcrumb\":{\"@id\":\"https:\/\/portaltela.pt\/noticias\/2026\/02\/21\/caso-epstein-sarah-ferguson-em-silencio-e-sem-informacoes-novas\/#breadcrumb\"},\"inLanguage\":\"pt-PT\",\"potentialAction\":[{\"@type\":\"ReadAction\",\"target\":[\"https:\/\/portaltela.pt\/noticias\/2026\/02\/21\/caso-epstein-sarah-ferguson-em-silencio-e-sem-informacoes-novas\/\"]}]},{\"@type\":\"ImageObject\",\"inLanguage\":\"pt-PT\",\"@id\":\"https:\/\/portaltela.pt\/noticias\/2026\/02\/21\/caso-epstein-sarah-ferguson-em-silencio-e-sem-informacoes-novas\/#primaryimage\",\"url\":\"https:\/\/portaltela.pt\/s.01k8rhncp4jt1\/2026\/02\/img_1280x721uu2026-02-21-10-43-41-2268122.jpg\",\"contentUrl\":\"https:\/\/portaltela.pt\/s.01k8rhncp4jt1\/2026\/02\/img_1280x721uu2026-02-21-10-43-41-2268122.jpg\",\"width\":796,\"height\":448,\"caption\":\"Sarah Ferguson e pr\u00edncipe Andr\u00e9\"},{\"@type\":\"BreadcrumbList\",\"@id\":\"https:\/\/portaltela.pt\/noticias\/2026\/02\/21\/caso-epstein-sarah-ferguson-em-silencio-e-sem-informacoes-novas\/#breadcrumb\",\"itemListElement\":[{\"@type\":\"ListItem\",\"position\":1,\"name\":\"In\u00edcio\",\"item\":\"https:\/\/portaltela.pt\/\"},{\"@type\":\"ListItem\",\"position\":2,\"name\":\"Caso Epstein: Sarah Ferguson em sil\u00eancio e sem informa\u00e7\u00f5es novas\"}]},{\"@type\":\"WebSite\",\"@id\":\"https:\/\/portaltela.pt\/#website\",\"url\":\"https:\/\/portaltela.pt\/\",\"name\":\"Portal Tela Portugal\",\"description\":\"\",\"potentialAction\":[{\"@type\":\"SearchAction\",\"target\":{\"@type\":\"EntryPoint\",\"urlTemplate\":\"https:\/\/portaltela.pt\/?s={search_term_string}\"},\"query-input\":{\"@type\":\"PropertyValueSpecification\",\"valueRequired\":true,\"valueName\":\"search_term_string\"}}],\"inLanguage\":\"pt-PT\"},{\"@type\":\"Person\",\"@id\":\"https:\/\/portaltela.pt\/#\/schema\/person\/c4278d4a6028830caff9ee44b42d32ed\",\"name\":\"Telinha\",\"image\":{\"@type\":\"ImageObject\",\"inLanguage\":\"pt-PT\",\"@id\":\"https:\/\/portaltela.pt\/s.01k8rhncp4jt1\/2025\/11\/talking-bot-125x125.png\",\"url\":\"https:\/\/portaltela.pt\/s.01k8rhncp4jt1\/2025\/11\/talking-bot-125x125.png\",\"contentUrl\":\"https:\/\/portaltela.pt\/s.01k8rhncp4jt1\/2025\/11\/talking-bot-125x125.png\",\"caption\":\"Telinha\"},\"sameAs\":[\"https:\/\/portaltela.pt\/\"],\"url\":\"https:\/\/portaltela.pt\/por\/367410592786\/\"}]}<\/script>\n<!-- \/ Yoast SEO plugin. -->","yoast_head_json":{"title":"Caso Epstein: Sarah Ferguson em sil\u00eancio e sem informa\u00e7\u00f5es novas - Portal Tela Portugal","robots":{"index":"index","follow":"follow","max-snippet":"max-snippet:-1","max-image-preview":"max-image-preview:large","max-video-preview":"max-video-preview:-1"},"og_locale":"pt_PT","og_type":"article","og_title":"Caso Epstein: Sarah Ferguson em sil\u00eancio e sem informa\u00e7\u00f5es novas - Portal Tela Portugal","og_description":"Sarah Ferguson, antiga duquesa de York, continua envolvida no caso Epstein, com novos documentos a exporem liga\u00e7\u00f5es pessoais e empresariais com o ped\u00f3filo. Aos 66 anos, Ferguson ter\u00e1 deixado o Reino Unido para um destino secreto, mantendo-se em sil\u00eancio e sem registo do paradeiro. Os arquivos revelam que, mesmo ap\u00f3s a condena\u00e7\u00e3o de Epstein, houve contactos entre Ferguson e o criminoso, al\u00e9m de liga\u00e7\u00f5es financeiras que se estenderam por cerca de quinze anos. Entre as mensagens divulgadas est\u00e3o refer\u00eancias a voos para Miami em 2009 e a men\u00e7\u00f5es a poss\u00edveis benef\u00edcios para as filhas de Ferguson, Beatrice e Eugenie, incluindo um alegado \u201cfim de semana de sexo\u201d. Ap\u00f3s a deten\u00e7\u00e3o do pr\u00edncipe Andr\u00e9, o rei Carlos III expressou preocupa\u00e7\u00e3o e afirmou colaborar com as autoridades; surgem especula\u00e7\u00f5es de que Ferguson possa estar sob escrut\u00ednio como parte do processo.","og_url":"https:\/\/portaltela.pt\/noticias\/2026\/02\/21\/caso-epstein-sarah-ferguson-em-silencio-e-sem-informacoes-novas\/","og_site_name":"Portal Tela Portugal","article_published_time":"2026-02-21T10:50:00+00:00","author":"Telinha","twitter_card":"summary_large_image","twitter_misc":{"Escrito por":"Telinha","Tempo estimado de leitura":"1 minuto"},"schema":{"@context":"https:\/\/schema.org","@graph":[{"@type":"Article","@id":"https:\/\/portaltela.pt\/noticias\/2026\/02\/21\/caso-epstein-sarah-ferguson-em-silencio-e-sem-informacoes-novas\/#article","isPartOf":{"@id":"https:\/\/portaltela.pt\/noticias\/2026\/02\/21\/caso-epstein-sarah-ferguson-em-silencio-e-sem-informacoes-novas\/"},"author":{"name":"Telinha","@id":"https:\/\/portaltela.pt\/#\/schema\/person\/c4278d4a6028830caff9ee44b42d32ed"},"headline":"Caso Epstein: Sarah Ferguson em sil\u00eancio e sem informa\u00e7\u00f5es novas","datePublished":"2026-02-21T10:50:00+00:00","mainEntityOfPage":{"@id":"https:\/\/portaltela.pt\/noticias\/2026\/02\/21\/caso-epstein-sarah-ferguson-em-silencio-e-sem-informacoes-novas\/"},"wordCount":271,"image":{"@id":"https:\/\/portaltela.pt\/noticias\/2026\/02\/21\/caso-epstein-sarah-ferguson-em-silencio-e-sem-informacoes-novas\/#primaryimage"},"thumbnailUrl":"https:\/\/portaltela.pt\/s.01k8rhncp4jt1\/2026\/02\/img_1280x721uu2026-02-21-10-43-41-2268122.jpg","keywords":["A\u00e7\u00e3o Social","Carlos III","casos internacionais","fam\u00edlia","Reino Unido","Sarah Ferguson"],"articleSection":["Not\u00edcias"],"inLanguage":"pt-PT"},{"@type":"WebPage","@id":"https:\/\/portaltela.pt\/noticias\/2026\/02\/21\/caso-epstein-sarah-ferguson-em-silencio-e-sem-informacoes-novas\/","url":"https:\/\/portaltela.pt\/noticias\/2026\/02\/21\/caso-epstein-sarah-ferguson-em-silencio-e-sem-informacoes-novas\/","name":"Caso Epstein: Sarah Ferguson em sil\u00eancio e sem informa\u00e7\u00f5es novas - Portal Tela Portugal","isPartOf":{"@id":"https:\/\/portaltela.pt\/#website"},"primaryImageOfPage":{"@id":"https:\/\/portaltela.pt\/noticias\/2026\/02\/21\/caso-epstein-sarah-ferguson-em-silencio-e-sem-informacoes-novas\/#primaryimage"},"image":{"@id":"https:\/\/portaltela.pt\/noticias\/2026\/02\/21\/caso-epstein-sarah-ferguson-em-silencio-e-sem-informacoes-novas\/#primaryimage"},"thumbnailUrl":"https:\/\/portaltela.pt\/s.01k8rhncp4jt1\/2026\/02\/img_1280x721uu2026-02-21-10-43-41-2268122.jpg","datePublished":"2026-02-21T10:50:00+00:00","author":{"@id":"https:\/\/portaltela.pt\/#\/schema\/person\/c4278d4a6028830caff9ee44b42d32ed"},"breadcrumb":{"@id":"https:\/\/portaltela.pt\/noticias\/2026\/02\/21\/caso-epstein-sarah-ferguson-em-silencio-e-sem-informacoes-novas\/#breadcrumb"},"inLanguage":"pt-PT","potentialAction":[{"@type":"ReadAction","target":["https:\/\/portaltela.pt\/noticias\/2026\/02\/21\/caso-epstein-sarah-ferguson-em-silencio-e-sem-informacoes-novas\/"]}]},{"@type":"ImageObject","inLanguage":"pt-PT","@id":"https:\/\/portaltela.pt\/noticias\/2026\/02\/21\/caso-epstein-sarah-ferguson-em-silencio-e-sem-informacoes-novas\/#primaryimage","url":"https:\/\/portaltela.pt\/s.01k8rhncp4jt1\/2026\/02\/img_1280x721uu2026-02-21-10-43-41-2268122.jpg","contentUrl":"https:\/\/portaltela.pt\/s.01k8rhncp4jt1\/2026\/02\/img_1280x721uu2026-02-21-10-43-41-2268122.jpg","width":796,"height":448,"caption":"Sarah Ferguson e pr\u00edncipe Andr\u00e9"},{"@type":"BreadcrumbList","@id":"https:\/\/portaltela.pt\/noticias\/2026\/02\/21\/caso-epstein-sarah-ferguson-em-silencio-e-sem-informacoes-novas\/#breadcrumb","itemListElement":[{"@type":"ListItem","position":1,"name":"In\u00edcio","item":"https:\/\/portaltela.pt\/"},{"@type":"ListItem","position":2,"name":"Caso Epstein: Sarah Ferguson em sil\u00eancio e sem informa\u00e7\u00f5es novas"}]},{"@type":"WebSite","@id":"https:\/\/portaltela.pt\/#website","url":"https:\/\/portaltela.pt\/","name":"Portal Tela Portugal","description":"","potentialAction":[{"@type":"SearchAction","target":{"@type":"EntryPoint","urlTemplate":"https:\/\/portaltela.pt\/?s={search_term_string}"},"query-input":{"@type":"PropertyValueSpecification","valueRequired":true,"valueName":"search_term_string"}}],"inLanguage":"pt-PT"},{"@type":"Person","@id":"https:\/\/portaltela.pt\/#\/schema\/person\/c4278d4a6028830caff9ee44b42d32ed","name":"Telinha","image":{"@type":"ImageObject","inLanguage":"pt-PT","@id":"https:\/\/portaltela.pt\/s.01k8rhncp4jt1\/2025\/11\/talking-bot-125x125.png","url":"https:\/\/portaltela.pt\/s.01k8rhncp4jt1\/2025\/11\/talking-bot-125x125.png","contentUrl":"https:\/\/portaltela.pt\/s.01k8rhncp4jt1\/2025\/11\/talking-bot-125x125.png","caption":"Telinha"},"sameAs":["https:\/\/portaltela.pt\/"],"url":"https:\/\/portaltela.pt\/por\/367410592786\/"}]}},"_links":{"self":[{"href":"https:\/\/portaltela.pt\/api\/wp\/v2\/posts\/220437","targetHints":{"allow":["GET"]}}],"collection":[{"href":"https:\/\/portaltela.pt\/api\/wp\/v2\/posts"}],"about":[{"href":"https:\/\/portaltela.pt\/api\/wp\/v2\/types\/post"}],"author":[{"embeddable":true,"href":"https:\/\/portaltela.pt\/api\/wp\/v2\/users\/2"}],"replies":[{"embeddable":true,"href":"https:\/\/portaltela.pt\/api\/wp\/v2\/comments?post=220437"}],"version-history":[{"count":0,"href":"https:\/\/portaltela.pt\/api\/wp\/v2\/posts\/220437\/revisions"}],"wp:featuredmedia":[{"embeddable":true,"href":"https:\/\/portaltela.pt\/api\/wp\/v2\/media\/220440"}],"wp:attachment":[{"href":"https:\/\/portaltela.pt\/api\/wp\/v2\/media?parent=220437"}],"wp:term":[{"taxonomy":"category","embeddable":true,"href":"https:\/\/portaltela.pt\/api\/wp\/v2\/categories?post=220437"},{"taxonomy":"post_tag","embeddable":true,"href":"https:\/\/portaltela.pt\/api\/wp\/v2\/tags?post=220437"}],"curies":[{"name":"wp","href":"https:\/\/api.w.org\/{rel}","templated":true}]}}