{"id":220435,"date":"2026-02-21T07:12:00","date_gmt":"2026-02-21T10:12:00","guid":{"rendered":"https:\/\/portaltela.pt\/noticias\/2026\/02\/21\/franca-autoriza-abate-de-200-lobos-para-proteger-gado-debate-em-portugal\/"},"modified":"2026-02-21T07:12:00","modified_gmt":"2026-02-21T10:12:00","slug":"franca-autoriza-abate-de-200-lobos-para-proteger-gado-debate-em-portugal","status":"publish","type":"post","link":"https:\/\/portaltela.pt\/noticias\/2026\/02\/21\/franca-autoriza-abate-de-200-lobos-para-proteger-gado-debate-em-portugal\/","title":{"rendered":"Fran\u00e7a autoriza abate de 200 lobos para proteger gado; debate em Portugal"},"content":{"rendered":"<p>Fran\u00e7a autorizou o abate de cerca de 200 lobos, num esfor\u00e7o para proteger gado e reduzir ataques a rebanhos. A medida, anunciada pela ministra da Agricultura, Annie Genevard, surge numa altura em que o n\u00famero de lobos no pa\u00eds excede os 1000 animais.<\/p>\n<p>A decis\u00e3o aumenta o teto de abate para 21% do efetivo estimado, pouco acima de 200 lobos, face ao anterior limite de 19%. Pode ainda ser revisto para 23%, conforme a governante. As autoridades justificam o objetivo com danos crescentes \u00e0s explora\u00e7\u00f5es pecu\u00e1rias.<\/p>\n<p>O Alto Marne, regi\u00e3o a leste, \u00e9 apontada como principal foco de ataques, com relatos de que 850 ovelhas foram mortas no ano anterior. Agricultores defendem medidas urgentes para travar a expans\u00e3o de matilhas pr\u00f3ximas de \u00e1reas agr\u00edcolas e urbanas.<\/p>\n<h3>Contexto Europeu<\/h3>\n<p>Em 2023-2023, a Comiss\u00e3o Europeia abriu a porta \u00e0 redu\u00e7\u00e3o do estatuto de prote\u00e7\u00e3o do lobo de estritamente protegido para protegido. Em maio, eurodeputados aprovaram a flexibiliza\u00e7\u00e3o, desde que sejam tomadas salvaguardas para evitar o risco de extin\u00e7\u00e3o local.<\/p>\n<p>Dados de 2023 indicam cerca de 20 300 lobos na UE, o que justificou a revis\u00e3o normativa segundo Bruxelas. Cientistas criticam a avalia\u00e7\u00e3o, apontando poss\u00edveis motiva\u00e7\u00f5es pol\u00edticas na mudan\u00e7a a tempo das elei\u00e7\u00f5es europeias.<\/p>\n<h3>Perspectivas em Portugal<\/h3>\n<p>Em Portugal, o lobo-ib\u00e9rico continua protegido, com o Norte a manter a presen\u00e7a mais significativa. O censo 2019-2021 mostrou redu\u00e7\u00e3o de presen\u00e7a de 23% e queda de 8% em alcateias face a 2002-2003. A defesa da prote\u00e7\u00e3o tem gerado debate p\u00fablico.<\/p>\n<p>A Plataforma Lobo Ib\u00e9rico defende uma estrat\u00e9gia de conserva\u00e7\u00e3o baseada em ci\u00eancia e apoio \u00e0 pecu\u00e1ria extensiva. Observa ainda falhas no sistema de compensa\u00e7\u00e3o por preju\u00edzos e na distin\u00e7\u00e3o entre causas de mortalidade.<\/p>\n<h3>Medidas de apoio e desafios<\/h3>\n<p>Desde 2015 existe apoio financeiro para c\u00e3es de prote\u00e7\u00e3o de gado, mas persiste a car\u00eancia de incentivos para veda\u00e7\u00f5es e infraestruturas. A organiza\u00e7\u00e3o destaca programas como Alcateia 2025-2035 e iniciativas de pastoreio como \u00fateis para a coexist\u00eancia.<\/p>\n<p>O debate p\u00fablico em Portugal tem mostrado tens\u00f5es entre produtores e grupos de prote\u00e7\u00e3o animal, com propostas diversas sobre o futuro da prote\u00e7\u00e3o do lobo. A ado\u00e7\u00e3o de pol\u00edticas equilibradas \u00e9 apontada como essencial para a sustentabilidade da pecu\u00e1ria.<\/p>\n","protected":false},"excerpt":{"rendered":"<ul>\n<li>Autoridades francesas autorizaram o abate de cerca de 200 lobos, aumentando o limite para 21% (pouco mais de 200) com perspetiva de subir para 23%.<\/li>\n<li>Em Fran\u00e7a, a popula\u00e7\u00e3o de lobos est\u00e1 acima de 1.000 animais, e os ataques a gado t\u00eam aumentado, especialmente no Alto Marne, onde se registaram dezenas de mortes de ovelhas no \u00faltimo ano.<\/li>\n<li>Alegando danos \u00e0s explora\u00e7\u00f5es pecu\u00e1rias, o Governo franc\u00eas justifica o abate por press\u00e3o das matilhas junto a zonas agr\u00edcolas e \u00e1reas urbanas, num contexto de debate europeu sobre prote\u00e7\u00e3o da esp\u00e9cie.<\/li>\n<li>A Comiss\u00e3o Europeia aprovou, em maio, a redu\u00e7\u00e3o do estatuto de prote\u00e7\u00e3o do lobo de estritamente protegido para protegido, permitindo ca\u00e7a em alguns pa\u00edses, com medidas para evitar que a esp\u00e9cie se torne amea\u00e7ada; cientistas contestam a avalia\u00e7\u00e3o.<\/li>\n<li>Em Portugal, o debate sobre o lobo-ib\u00e9rico mant\u00e9m-se ativo; a Plataforma Lobo Ib\u00e9rico defende uma estrat\u00e9gia de coexist\u00eancia baseada em ci\u00eancia e maior apoio \u00e0 pecu\u00e1ria, apontando falhas no sistema de indemniza\u00e7\u00f5es e na identifica\u00e7\u00e3o de predadores.<\/li>\n<\/ul>\n","protected":false},"author":2,"featured_media":220436,"comment_status":"closed","ping_status":"closed","sticky":false,"template":"","format":"standard","meta":{"footnotes":""},"categories":[1],"tags":[3091,4880,1856,5923,3499,1014],"class_list":["post-220435","post","type-post","status-publish","format-standard","has-post-thumbnail","hentry","category-noticias","tag-animais","tag-conservacao-ambiental","tag-franca","tag-lobos","tag-pecuaria","tag-portugal"],"yoast_head":"<!-- This site is optimized with the Yoast SEO plugin v27.2 - https:\/\/yoast.com\/product\/yoast-seo-wordpress\/ -->\n<title>Fran\u00e7a autoriza abate de 200 lobos para proteger gado; debate em Portugal - Portal Tela Portugal<\/title>\n<meta name=\"robots\" content=\"index, follow, max-snippet:-1, max-image-preview:large, max-video-preview:-1\" \/>\n<meta property=\"og:locale\" content=\"pt_PT\" \/>\n<meta property=\"og:type\" content=\"article\" \/>\n<meta property=\"og:title\" content=\"Fran\u00e7a autoriza abate de 200 lobos para proteger gado; debate em Portugal - Portal Tela Portugal\" \/>\n<meta property=\"og:description\" content=\"Autoridades francesas autorizaram o abate de cerca de 200 lobos, aumentando o limite para 21% (pouco mais de 200) com perspetiva de subir para 23%. Em Fran\u00e7a, a popula\u00e7\u00e3o de lobos est\u00e1 acima de 1.000 animais, e os ataques a gado t\u00eam aumentado, especialmente no Alto Marne, onde se registaram dezenas de mortes de ovelhas no \u00faltimo ano. Alegando danos \u00e0s explora\u00e7\u00f5es pecu\u00e1rias, o Governo franc\u00eas justifica o abate por press\u00e3o das matilhas junto a zonas agr\u00edcolas e \u00e1reas urbanas, num contexto de debate europeu sobre prote\u00e7\u00e3o da esp\u00e9cie. A Comiss\u00e3o Europeia aprovou, em maio, a redu\u00e7\u00e3o do estatuto de prote\u00e7\u00e3o do lobo de estritamente protegido para protegido, permitindo ca\u00e7a em alguns pa\u00edses, com medidas para evitar que a esp\u00e9cie se torne amea\u00e7ada; cientistas contestam a avalia\u00e7\u00e3o. Em Portugal, o debate sobre o lobo-ib\u00e9rico mant\u00e9m-se ativo; a Plataforma Lobo Ib\u00e9rico defende uma estrat\u00e9gia de coexist\u00eancia baseada em ci\u00eancia e maior apoio \u00e0 pecu\u00e1ria, apontando falhas no sistema de indemniza\u00e7\u00f5es e na identifica\u00e7\u00e3o de predadores.\" \/>\n<meta property=\"og:url\" content=\"https:\/\/portaltela.pt\/noticias\/2026\/02\/21\/franca-autoriza-abate-de-200-lobos-para-proteger-gado-debate-em-portugal\/\" \/>\n<meta property=\"og:site_name\" content=\"Portal Tela Portugal\" \/>\n<meta property=\"article:published_time\" content=\"2026-02-21T10:12:00+00:00\" \/>\n<meta name=\"author\" content=\"Telinha\" \/>\n<meta name=\"twitter:card\" content=\"summary_large_image\" \/>\n<meta name=\"twitter:label1\" content=\"Escrito por\" \/>\n\t<meta name=\"twitter:data1\" content=\"Telinha\" \/>\n\t<meta name=\"twitter:label2\" content=\"Tempo estimado de leitura\" \/>\n\t<meta name=\"twitter:data2\" content=\"2 minutos\" \/>\n<script type=\"application\/ld+json\" class=\"yoast-schema-graph\">{\"@context\":\"https:\/\/schema.org\",\"@graph\":[{\"@type\":\"Article\",\"@id\":\"https:\/\/portaltela.pt\/noticias\/2026\/02\/21\/franca-autoriza-abate-de-200-lobos-para-proteger-gado-debate-em-portugal\/#article\",\"isPartOf\":{\"@id\":\"https:\/\/portaltela.pt\/noticias\/2026\/02\/21\/franca-autoriza-abate-de-200-lobos-para-proteger-gado-debate-em-portugal\/\"},\"author\":{\"name\":\"Telinha\",\"@id\":\"https:\/\/portaltela.pt\/#\/schema\/person\/c4278d4a6028830caff9ee44b42d32ed\"},\"headline\":\"Fran\u00e7a autoriza abate de 200 lobos para proteger gado; debate em Portugal\",\"datePublished\":\"2026-02-21T10:12:00+00:00\",\"mainEntityOfPage\":{\"@id\":\"https:\/\/portaltela.pt\/noticias\/2026\/02\/21\/franca-autoriza-abate-de-200-lobos-para-proteger-gado-debate-em-portugal\/\"},\"wordCount\":404,\"image\":{\"@id\":\"https:\/\/portaltela.pt\/noticias\/2026\/02\/21\/franca-autoriza-abate-de-200-lobos-para-proteger-gado-debate-em-portugal\/#primaryimage\"},\"thumbnailUrl\":\"https:\/\/portaltela.pt\/s.01k8rhncp4jt1\/2026\/02\/2068697.jpg\",\"keywords\":[\"animais\",\"conserva\u00e7\u00e3o ambiental\",\"Fran\u00e7a\",\"lobos\",\"pecu\u00e1ria\",\"Portugal\"],\"articleSection\":[\"Not\u00edcias\"],\"inLanguage\":\"pt-PT\"},{\"@type\":\"WebPage\",\"@id\":\"https:\/\/portaltela.pt\/noticias\/2026\/02\/21\/franca-autoriza-abate-de-200-lobos-para-proteger-gado-debate-em-portugal\/\",\"url\":\"https:\/\/portaltela.pt\/noticias\/2026\/02\/21\/franca-autoriza-abate-de-200-lobos-para-proteger-gado-debate-em-portugal\/\",\"name\":\"Fran\u00e7a autoriza abate de 200 lobos para proteger gado; debate em Portugal - Portal Tela Portugal\",\"isPartOf\":{\"@id\":\"https:\/\/portaltela.pt\/#website\"},\"primaryImageOfPage\":{\"@id\":\"https:\/\/portaltela.pt\/noticias\/2026\/02\/21\/franca-autoriza-abate-de-200-lobos-para-proteger-gado-debate-em-portugal\/#primaryimage\"},\"image\":{\"@id\":\"https:\/\/portaltela.pt\/noticias\/2026\/02\/21\/franca-autoriza-abate-de-200-lobos-para-proteger-gado-debate-em-portugal\/#primaryimage\"},\"thumbnailUrl\":\"https:\/\/portaltela.pt\/s.01k8rhncp4jt1\/2026\/02\/2068697.jpg\",\"datePublished\":\"2026-02-21T10:12:00+00:00\",\"author\":{\"@id\":\"https:\/\/portaltela.pt\/#\/schema\/person\/c4278d4a6028830caff9ee44b42d32ed\"},\"breadcrumb\":{\"@id\":\"https:\/\/portaltela.pt\/noticias\/2026\/02\/21\/franca-autoriza-abate-de-200-lobos-para-proteger-gado-debate-em-portugal\/#breadcrumb\"},\"inLanguage\":\"pt-PT\",\"potentialAction\":[{\"@type\":\"ReadAction\",\"target\":[\"https:\/\/portaltela.pt\/noticias\/2026\/02\/21\/franca-autoriza-abate-de-200-lobos-para-proteger-gado-debate-em-portugal\/\"]}]},{\"@type\":\"ImageObject\",\"inLanguage\":\"pt-PT\",\"@id\":\"https:\/\/portaltela.pt\/noticias\/2026\/02\/21\/franca-autoriza-abate-de-200-lobos-para-proteger-gado-debate-em-portugal\/#primaryimage\",\"url\":\"https:\/\/portaltela.pt\/s.01k8rhncp4jt1\/2026\/02\/2068697.jpg\",\"contentUrl\":\"https:\/\/portaltela.pt\/s.01k8rhncp4jt1\/2026\/02\/2068697.jpg\",\"width\":796,\"height\":448,\"caption\":\"Protesto de criadores de ovinos em Fran\u00e7a exigindo protec\u00e7\u00f5es contra ataques de lobo\"},{\"@type\":\"BreadcrumbList\",\"@id\":\"https:\/\/portaltela.pt\/noticias\/2026\/02\/21\/franca-autoriza-abate-de-200-lobos-para-proteger-gado-debate-em-portugal\/#breadcrumb\",\"itemListElement\":[{\"@type\":\"ListItem\",\"position\":1,\"name\":\"In\u00edcio\",\"item\":\"https:\/\/portaltela.pt\/\"},{\"@type\":\"ListItem\",\"position\":2,\"name\":\"Fran\u00e7a autoriza abate de 200 lobos para proteger gado; debate em Portugal\"}]},{\"@type\":\"WebSite\",\"@id\":\"https:\/\/portaltela.pt\/#website\",\"url\":\"https:\/\/portaltela.pt\/\",\"name\":\"Portal Tela Portugal\",\"description\":\"\",\"potentialAction\":[{\"@type\":\"SearchAction\",\"target\":{\"@type\":\"EntryPoint\",\"urlTemplate\":\"https:\/\/portaltela.pt\/?s={search_term_string}\"},\"query-input\":{\"@type\":\"PropertyValueSpecification\",\"valueRequired\":true,\"valueName\":\"search_term_string\"}}],\"inLanguage\":\"pt-PT\"},{\"@type\":\"Person\",\"@id\":\"https:\/\/portaltela.pt\/#\/schema\/person\/c4278d4a6028830caff9ee44b42d32ed\",\"name\":\"Telinha\",\"image\":{\"@type\":\"ImageObject\",\"inLanguage\":\"pt-PT\",\"@id\":\"https:\/\/portaltela.pt\/s.01k8rhncp4jt1\/2025\/11\/talking-bot-125x125.png\",\"url\":\"https:\/\/portaltela.pt\/s.01k8rhncp4jt1\/2025\/11\/talking-bot-125x125.png\",\"contentUrl\":\"https:\/\/portaltela.pt\/s.01k8rhncp4jt1\/2025\/11\/talking-bot-125x125.png\",\"caption\":\"Telinha\"},\"sameAs\":[\"https:\/\/portaltela.pt\/\"],\"url\":\"https:\/\/portaltela.pt\/por\/367410592786\/\"}]}<\/script>\n<!-- \/ Yoast SEO plugin. -->","yoast_head_json":{"title":"Fran\u00e7a autoriza abate de 200 lobos para proteger gado; debate em Portugal - Portal Tela Portugal","robots":{"index":"index","follow":"follow","max-snippet":"max-snippet:-1","max-image-preview":"max-image-preview:large","max-video-preview":"max-video-preview:-1"},"og_locale":"pt_PT","og_type":"article","og_title":"Fran\u00e7a autoriza abate de 200 lobos para proteger gado; debate em Portugal - Portal Tela Portugal","og_description":"Autoridades francesas autorizaram o abate de cerca de 200 lobos, aumentando o limite para 21% (pouco mais de 200) com perspetiva de subir para 23%. Em Fran\u00e7a, a popula\u00e7\u00e3o de lobos est\u00e1 acima de 1.000 animais, e os ataques a gado t\u00eam aumentado, especialmente no Alto Marne, onde se registaram dezenas de mortes de ovelhas no \u00faltimo ano. Alegando danos \u00e0s explora\u00e7\u00f5es pecu\u00e1rias, o Governo franc\u00eas justifica o abate por press\u00e3o das matilhas junto a zonas agr\u00edcolas e \u00e1reas urbanas, num contexto de debate europeu sobre prote\u00e7\u00e3o da esp\u00e9cie. A Comiss\u00e3o Europeia aprovou, em maio, a redu\u00e7\u00e3o do estatuto de prote\u00e7\u00e3o do lobo de estritamente protegido para protegido, permitindo ca\u00e7a em alguns pa\u00edses, com medidas para evitar que a esp\u00e9cie se torne amea\u00e7ada; cientistas contestam a avalia\u00e7\u00e3o. Em Portugal, o debate sobre o lobo-ib\u00e9rico mant\u00e9m-se ativo; a Plataforma Lobo Ib\u00e9rico defende uma estrat\u00e9gia de coexist\u00eancia baseada em ci\u00eancia e maior apoio \u00e0 pecu\u00e1ria, apontando falhas no sistema de indemniza\u00e7\u00f5es e na identifica\u00e7\u00e3o de predadores.","og_url":"https:\/\/portaltela.pt\/noticias\/2026\/02\/21\/franca-autoriza-abate-de-200-lobos-para-proteger-gado-debate-em-portugal\/","og_site_name":"Portal Tela Portugal","article_published_time":"2026-02-21T10:12:00+00:00","author":"Telinha","twitter_card":"summary_large_image","twitter_misc":{"Escrito por":"Telinha","Tempo estimado de leitura":"2 minutos"},"schema":{"@context":"https:\/\/schema.org","@graph":[{"@type":"Article","@id":"https:\/\/portaltela.pt\/noticias\/2026\/02\/21\/franca-autoriza-abate-de-200-lobos-para-proteger-gado-debate-em-portugal\/#article","isPartOf":{"@id":"https:\/\/portaltela.pt\/noticias\/2026\/02\/21\/franca-autoriza-abate-de-200-lobos-para-proteger-gado-debate-em-portugal\/"},"author":{"name":"Telinha","@id":"https:\/\/portaltela.pt\/#\/schema\/person\/c4278d4a6028830caff9ee44b42d32ed"},"headline":"Fran\u00e7a autoriza abate de 200 lobos para proteger gado; debate em Portugal","datePublished":"2026-02-21T10:12:00+00:00","mainEntityOfPage":{"@id":"https:\/\/portaltela.pt\/noticias\/2026\/02\/21\/franca-autoriza-abate-de-200-lobos-para-proteger-gado-debate-em-portugal\/"},"wordCount":404,"image":{"@id":"https:\/\/portaltela.pt\/noticias\/2026\/02\/21\/franca-autoriza-abate-de-200-lobos-para-proteger-gado-debate-em-portugal\/#primaryimage"},"thumbnailUrl":"https:\/\/portaltela.pt\/s.01k8rhncp4jt1\/2026\/02\/2068697.jpg","keywords":["animais","conserva\u00e7\u00e3o ambiental","Fran\u00e7a","lobos","pecu\u00e1ria","Portugal"],"articleSection":["Not\u00edcias"],"inLanguage":"pt-PT"},{"@type":"WebPage","@id":"https:\/\/portaltela.pt\/noticias\/2026\/02\/21\/franca-autoriza-abate-de-200-lobos-para-proteger-gado-debate-em-portugal\/","url":"https:\/\/portaltela.pt\/noticias\/2026\/02\/21\/franca-autoriza-abate-de-200-lobos-para-proteger-gado-debate-em-portugal\/","name":"Fran\u00e7a autoriza abate de 200 lobos para proteger gado; debate em Portugal - Portal Tela Portugal","isPartOf":{"@id":"https:\/\/portaltela.pt\/#website"},"primaryImageOfPage":{"@id":"https:\/\/portaltela.pt\/noticias\/2026\/02\/21\/franca-autoriza-abate-de-200-lobos-para-proteger-gado-debate-em-portugal\/#primaryimage"},"image":{"@id":"https:\/\/portaltela.pt\/noticias\/2026\/02\/21\/franca-autoriza-abate-de-200-lobos-para-proteger-gado-debate-em-portugal\/#primaryimage"},"thumbnailUrl":"https:\/\/portaltela.pt\/s.01k8rhncp4jt1\/2026\/02\/2068697.jpg","datePublished":"2026-02-21T10:12:00+00:00","author":{"@id":"https:\/\/portaltela.pt\/#\/schema\/person\/c4278d4a6028830caff9ee44b42d32ed"},"breadcrumb":{"@id":"https:\/\/portaltela.pt\/noticias\/2026\/02\/21\/franca-autoriza-abate-de-200-lobos-para-proteger-gado-debate-em-portugal\/#breadcrumb"},"inLanguage":"pt-PT","potentialAction":[{"@type":"ReadAction","target":["https:\/\/portaltela.pt\/noticias\/2026\/02\/21\/franca-autoriza-abate-de-200-lobos-para-proteger-gado-debate-em-portugal\/"]}]},{"@type":"ImageObject","inLanguage":"pt-PT","@id":"https:\/\/portaltela.pt\/noticias\/2026\/02\/21\/franca-autoriza-abate-de-200-lobos-para-proteger-gado-debate-em-portugal\/#primaryimage","url":"https:\/\/portaltela.pt\/s.01k8rhncp4jt1\/2026\/02\/2068697.jpg","contentUrl":"https:\/\/portaltela.pt\/s.01k8rhncp4jt1\/2026\/02\/2068697.jpg","width":796,"height":448,"caption":"Protesto de criadores de ovinos em Fran\u00e7a exigindo protec\u00e7\u00f5es contra ataques de lobo"},{"@type":"BreadcrumbList","@id":"https:\/\/portaltela.pt\/noticias\/2026\/02\/21\/franca-autoriza-abate-de-200-lobos-para-proteger-gado-debate-em-portugal\/#breadcrumb","itemListElement":[{"@type":"ListItem","position":1,"name":"In\u00edcio","item":"https:\/\/portaltela.pt\/"},{"@type":"ListItem","position":2,"name":"Fran\u00e7a autoriza abate de 200 lobos para proteger gado; debate em Portugal"}]},{"@type":"WebSite","@id":"https:\/\/portaltela.pt\/#website","url":"https:\/\/portaltela.pt\/","name":"Portal Tela Portugal","description":"","potentialAction":[{"@type":"SearchAction","target":{"@type":"EntryPoint","urlTemplate":"https:\/\/portaltela.pt\/?s={search_term_string}"},"query-input":{"@type":"PropertyValueSpecification","valueRequired":true,"valueName":"search_term_string"}}],"inLanguage":"pt-PT"},{"@type":"Person","@id":"https:\/\/portaltela.pt\/#\/schema\/person\/c4278d4a6028830caff9ee44b42d32ed","name":"Telinha","image":{"@type":"ImageObject","inLanguage":"pt-PT","@id":"https:\/\/portaltela.pt\/s.01k8rhncp4jt1\/2025\/11\/talking-bot-125x125.png","url":"https:\/\/portaltela.pt\/s.01k8rhncp4jt1\/2025\/11\/talking-bot-125x125.png","contentUrl":"https:\/\/portaltela.pt\/s.01k8rhncp4jt1\/2025\/11\/talking-bot-125x125.png","caption":"Telinha"},"sameAs":["https:\/\/portaltela.pt\/"],"url":"https:\/\/portaltela.pt\/por\/367410592786\/"}]}},"_links":{"self":[{"href":"https:\/\/portaltela.pt\/api\/wp\/v2\/posts\/220435","targetHints":{"allow":["GET"]}}],"collection":[{"href":"https:\/\/portaltela.pt\/api\/wp\/v2\/posts"}],"about":[{"href":"https:\/\/portaltela.pt\/api\/wp\/v2\/types\/post"}],"author":[{"embeddable":true,"href":"https:\/\/portaltela.pt\/api\/wp\/v2\/users\/2"}],"replies":[{"embeddable":true,"href":"https:\/\/portaltela.pt\/api\/wp\/v2\/comments?post=220435"}],"version-history":[{"count":0,"href":"https:\/\/portaltela.pt\/api\/wp\/v2\/posts\/220435\/revisions"}],"wp:featuredmedia":[{"embeddable":true,"href":"https:\/\/portaltela.pt\/api\/wp\/v2\/media\/220436"}],"wp:attachment":[{"href":"https:\/\/portaltela.pt\/api\/wp\/v2\/media?parent=220435"}],"wp:term":[{"taxonomy":"category","embeddable":true,"href":"https:\/\/portaltela.pt\/api\/wp\/v2\/categories?post=220435"},{"taxonomy":"post_tag","embeddable":true,"href":"https:\/\/portaltela.pt\/api\/wp\/v2\/tags?post=220435"}],"curies":[{"name":"wp","href":"https:\/\/api.w.org\/{rel}","templated":true}]}}