{"id":220427,"date":"2026-02-21T07:35:00","date_gmt":"2026-02-21T10:35:00","guid":{"rendered":"https:\/\/portaltela.pt\/noticias\/2026\/02\/21\/goleadores-do-futebol-distrital-cruzaram-caminhos-com-nesta-e-bas-dost\/"},"modified":"2026-02-21T07:35:00","modified_gmt":"2026-02-21T10:35:00","slug":"goleadores-do-futebol-distrital-cruzaram-caminhos-com-nesta-e-bas-dost","status":"publish","type":"post","link":"https:\/\/portaltela.pt\/desporto\/futebol\/2026\/02\/21\/goleadores-do-futebol-distrital-cruzaram-caminhos-com-nesta-e-bas-dost\/","title":{"rendered":"Goleadores do futebol distrital cruzaram caminhos com Nesta e Bas Dost"},"content":{"rendered":"<p>O JN apresenta os goleadores dos principais campeonatos distritais de futebol, com tr\u00eas nomes em evid\u00eancia: M\u00e1rio Correia (Ovarense), Jovane Camar\u00e1 (Guarda FC) e Jo\u00e3o Nuno (SC R\u00e9gua). O crit\u00e9rio de desempate para a lista, em caso de igualdade de golos, recaiu sobre os minutos jogados. O foco recai sobre quem revelou maior regularidade no remate direto \u00e0 baliza.<\/p>\n<p>Em Aveiro, M\u00e1rio Correia, 24 anos, \u00e9 o principal marcador da Ovarense, com 23 golos na Elite de Aveiro. O avan\u00e7ado j\u00e1 passou pelo Le\u00e7a, regressando ao n.\u00ba 9 da equipa varina para cumprir um objetivo de desempenho elevado. Correia sublinha que a satisfa\u00e7\u00e3o de jogar tem sido determinante para o seu rendimento, numa competi\u00e7\u00e3o considerada competitiva e com perspetivas de evolu\u00e7\u00e3o para o clube.<\/p>\n<p>A caminho do objetivo, o ranking re\u00fane ainda Jovane Camar\u00e1, do Guarda FC, e Jo\u00e3o Nuno, do SC R\u00e9gua, como nomes de destaque. O conjunto de distritos tem visto, ao longo da temporada, v\u00e1rios goleadores a manter uma produ\u00e7\u00e3o consistente, contribuindo para o interesse e a competitividade das provas locais.<\/p>\n<p>Entre dados biogr\u00e1ficos, o foco mant\u00e9m-se na presta\u00e7\u00e3o desportiva: Correia equilibra o treino com um mestrado em automa\u00e7\u00e3o em engenharia eletrot\u00e9cnica, apontando para uma gest\u00e3o dupla entre carreira acad\u00e9mica e carreira desportiva. O levantamento do jornal tra\u00e7a o retrato de goleadores que, para al\u00e9m do talento, combinam compromisso com o clube e com o estudo.<\/p>\n","protected":false},"excerpt":{"rendered":"<ul>\n<li>M\u00e1rio Correia tem 23 golos pela Ovarense na Elite de Aveiro.<\/li>\n<li>O jogador, de 24 anos, j\u00e1 passou pelo Le\u00e7a e considera a Ovarense um projeto ambicioso e feliz para continuar a jogar.<\/li>\n<li>\u00c9 apelidado de \u201cGyokeres de Ovar\u201d e est\u00e1 a tirar um mestrado em automa\u00e7\u00e3o em engenharia eletrot\u00e9cnica.<\/li>\n<li>Em caso de igualdade de golos, o desempate fica pelos minutos de jogo.<\/li>\n<li>Os tr\u00eas nomes que aparecem no topo s\u00e3o M\u00e1rio Correia (Ovarense), Jovane Camar\u00e1 (Guarda FC) e Jo\u00e3o Nuno (SC R\u00e9gua).<\/li>\n<\/ul>\n","protected":false},"author":2,"featured_media":220434,"comment_status":"closed","ping_status":"closed","sticky":false,"template":"","format":"standard","meta":{"footnotes":""},"categories":[21,24],"tags":[1059,152,32,1113,3210,1391],"class_list":["post-220427","post","type-post","status-publish","format-standard","has-post-thumbnail","hentry","category-desporto","category-futebol","tag-aveiro","tag-desporto","tag-futebol","tag-guarda","tag-ovar","tag-regua"],"yoast_head":"<!-- This site is optimized with the Yoast SEO plugin v27.2 - https:\/\/yoast.com\/product\/yoast-seo-wordpress\/ -->\n<title>Goleadores do futebol distrital cruzaram caminhos com Nesta e Bas Dost - Portal Tela Portugal<\/title>\n<meta name=\"robots\" content=\"index, follow, max-snippet:-1, max-image-preview:large, max-video-preview:-1\" \/>\n<meta property=\"og:locale\" content=\"pt_PT\" \/>\n<meta property=\"og:type\" content=\"article\" \/>\n<meta property=\"og:title\" content=\"Goleadores do futebol distrital cruzaram caminhos com Nesta e Bas Dost - Portal Tela Portugal\" \/>\n<meta property=\"og:description\" content=\"M\u00e1rio Correia tem 23 golos pela Ovarense na Elite de Aveiro. O jogador, de 24 anos, j\u00e1 passou pelo Le\u00e7a e considera a Ovarense um projeto ambicioso e feliz para continuar a jogar. \u00c9 apelidado de \u201cGyokeres de Ovar\u201d e est\u00e1 a tirar um mestrado em automa\u00e7\u00e3o em engenharia eletrot\u00e9cnica. Em caso de igualdade de golos, o desempate fica pelos minutos de jogo. Os tr\u00eas nomes que aparecem no topo s\u00e3o M\u00e1rio Correia (Ovarense), Jovane Camar\u00e1 (Guarda FC) e Jo\u00e3o Nuno (SC R\u00e9gua).\" \/>\n<meta property=\"og:url\" content=\"https:\/\/portaltela.pt\/noticias\/2026\/02\/21\/goleadores-do-futebol-distrital-cruzaram-caminhos-com-nesta-e-bas-dost\/\" \/>\n<meta property=\"og:site_name\" content=\"Portal Tela Portugal\" \/>\n<meta property=\"article:published_time\" content=\"2026-02-21T10:35:00+00:00\" \/>\n<meta name=\"author\" content=\"Telinha\" \/>\n<meta name=\"twitter:card\" content=\"summary_large_image\" \/>\n<meta name=\"twitter:label1\" content=\"Escrito por\" \/>\n\t<meta name=\"twitter:data1\" content=\"Telinha\" \/>\n\t<meta name=\"twitter:label2\" content=\"Tempo estimado de leitura\" \/>\n\t<meta name=\"twitter:data2\" content=\"1 minuto\" \/>\n<script type=\"application\/ld+json\" class=\"yoast-schema-graph\">{\"@context\":\"https:\/\/schema.org\",\"@graph\":[{\"@type\":\"Article\",\"@id\":\"https:\/\/portaltela.pt\/noticias\/2026\/02\/21\/goleadores-do-futebol-distrital-cruzaram-caminhos-com-nesta-e-bas-dost\/#article\",\"isPartOf\":{\"@id\":\"https:\/\/portaltela.pt\/noticias\/2026\/02\/21\/goleadores-do-futebol-distrital-cruzaram-caminhos-com-nesta-e-bas-dost\/\"},\"author\":{\"name\":\"Telinha\",\"@id\":\"https:\/\/portaltela.pt\/#\/schema\/person\/c4278d4a6028830caff9ee44b42d32ed\"},\"headline\":\"Goleadores do futebol distrital cruzaram caminhos com Nesta e Bas Dost\",\"datePublished\":\"2026-02-21T10:35:00+00:00\",\"mainEntityOfPage\":{\"@id\":\"https:\/\/portaltela.pt\/noticias\/2026\/02\/21\/goleadores-do-futebol-distrital-cruzaram-caminhos-com-nesta-e-bas-dost\/\"},\"wordCount\":261,\"image\":{\"@id\":\"https:\/\/portaltela.pt\/noticias\/2026\/02\/21\/goleadores-do-futebol-distrital-cruzaram-caminhos-com-nesta-e-bas-dost\/#primaryimage\"},\"thumbnailUrl\":\"https:\/\/portaltela.pt\/s.01k8rhncp4jt1\/2026\/02\/image-1554.jpg\",\"keywords\":[\"Aveiro\",\"desporto\",\"futebol\",\"Guarda\",\"Ovar\",\"R\u00e9gua\"],\"articleSection\":[\"Desporto\",\"Futebol\"],\"inLanguage\":\"pt-PT\"},{\"@type\":\"WebPage\",\"@id\":\"https:\/\/portaltela.pt\/noticias\/2026\/02\/21\/goleadores-do-futebol-distrital-cruzaram-caminhos-com-nesta-e-bas-dost\/\",\"url\":\"https:\/\/portaltela.pt\/noticias\/2026\/02\/21\/goleadores-do-futebol-distrital-cruzaram-caminhos-com-nesta-e-bas-dost\/\",\"name\":\"Goleadores do futebol distrital cruzaram caminhos com Nesta e Bas Dost - Portal Tela Portugal\",\"isPartOf\":{\"@id\":\"https:\/\/portaltela.pt\/#website\"},\"primaryImageOfPage\":{\"@id\":\"https:\/\/portaltela.pt\/noticias\/2026\/02\/21\/goleadores-do-futebol-distrital-cruzaram-caminhos-com-nesta-e-bas-dost\/#primaryimage\"},\"image\":{\"@id\":\"https:\/\/portaltela.pt\/noticias\/2026\/02\/21\/goleadores-do-futebol-distrital-cruzaram-caminhos-com-nesta-e-bas-dost\/#primaryimage\"},\"thumbnailUrl\":\"https:\/\/portaltela.pt\/s.01k8rhncp4jt1\/2026\/02\/image-1554.jpg\",\"datePublished\":\"2026-02-21T10:35:00+00:00\",\"author\":{\"@id\":\"https:\/\/portaltela.pt\/#\/schema\/person\/c4278d4a6028830caff9ee44b42d32ed\"},\"breadcrumb\":{\"@id\":\"https:\/\/portaltela.pt\/noticias\/2026\/02\/21\/goleadores-do-futebol-distrital-cruzaram-caminhos-com-nesta-e-bas-dost\/#breadcrumb\"},\"inLanguage\":\"pt-PT\",\"potentialAction\":[{\"@type\":\"ReadAction\",\"target\":[\"https:\/\/portaltela.pt\/noticias\/2026\/02\/21\/goleadores-do-futebol-distrital-cruzaram-caminhos-com-nesta-e-bas-dost\/\"]}]},{\"@type\":\"ImageObject\",\"inLanguage\":\"pt-PT\",\"@id\":\"https:\/\/portaltela.pt\/noticias\/2026\/02\/21\/goleadores-do-futebol-distrital-cruzaram-caminhos-com-nesta-e-bas-dost\/#primaryimage\",\"url\":\"https:\/\/portaltela.pt\/s.01k8rhncp4jt1\/2026\/02\/image-1554.jpg\",\"contentUrl\":\"https:\/\/portaltela.pt\/s.01k8rhncp4jt1\/2026\/02\/image-1554.jpg\",\"width\":796,\"height\":448,\"caption\":\"M\u00e1rio Correia tem 23 golos ao servi\u00e7o da Ovarense\"},{\"@type\":\"BreadcrumbList\",\"@id\":\"https:\/\/portaltela.pt\/noticias\/2026\/02\/21\/goleadores-do-futebol-distrital-cruzaram-caminhos-com-nesta-e-bas-dost\/#breadcrumb\",\"itemListElement\":[{\"@type\":\"ListItem\",\"position\":1,\"name\":\"In\u00edcio\",\"item\":\"https:\/\/portaltela.pt\/\"},{\"@type\":\"ListItem\",\"position\":2,\"name\":\"Goleadores do futebol distrital cruzaram caminhos com Nesta e Bas Dost\"}]},{\"@type\":\"WebSite\",\"@id\":\"https:\/\/portaltela.pt\/#website\",\"url\":\"https:\/\/portaltela.pt\/\",\"name\":\"Portal Tela Portugal\",\"description\":\"\",\"potentialAction\":[{\"@type\":\"SearchAction\",\"target\":{\"@type\":\"EntryPoint\",\"urlTemplate\":\"https:\/\/portaltela.pt\/?s={search_term_string}\"},\"query-input\":{\"@type\":\"PropertyValueSpecification\",\"valueRequired\":true,\"valueName\":\"search_term_string\"}}],\"inLanguage\":\"pt-PT\"},{\"@type\":\"Person\",\"@id\":\"https:\/\/portaltela.pt\/#\/schema\/person\/c4278d4a6028830caff9ee44b42d32ed\",\"name\":\"Telinha\",\"image\":{\"@type\":\"ImageObject\",\"inLanguage\":\"pt-PT\",\"@id\":\"https:\/\/portaltela.pt\/s.01k8rhncp4jt1\/2025\/11\/talking-bot-125x125.png\",\"url\":\"https:\/\/portaltela.pt\/s.01k8rhncp4jt1\/2025\/11\/talking-bot-125x125.png\",\"contentUrl\":\"https:\/\/portaltela.pt\/s.01k8rhncp4jt1\/2025\/11\/talking-bot-125x125.png\",\"caption\":\"Telinha\"},\"sameAs\":[\"https:\/\/portaltela.pt\/\"],\"url\":\"https:\/\/portaltela.pt\/por\/367410592786\/\"}]}<\/script>\n<!-- \/ Yoast SEO plugin. -->","yoast_head_json":{"title":"Goleadores do futebol distrital cruzaram caminhos com Nesta e Bas Dost - Portal Tela Portugal","robots":{"index":"index","follow":"follow","max-snippet":"max-snippet:-1","max-image-preview":"max-image-preview:large","max-video-preview":"max-video-preview:-1"},"og_locale":"pt_PT","og_type":"article","og_title":"Goleadores do futebol distrital cruzaram caminhos com Nesta e Bas Dost - Portal Tela Portugal","og_description":"M\u00e1rio Correia tem 23 golos pela Ovarense na Elite de Aveiro. O jogador, de 24 anos, j\u00e1 passou pelo Le\u00e7a e considera a Ovarense um projeto ambicioso e feliz para continuar a jogar. \u00c9 apelidado de \u201cGyokeres de Ovar\u201d e est\u00e1 a tirar um mestrado em automa\u00e7\u00e3o em engenharia eletrot\u00e9cnica. Em caso de igualdade de golos, o desempate fica pelos minutos de jogo. Os tr\u00eas nomes que aparecem no topo s\u00e3o M\u00e1rio Correia (Ovarense), Jovane Camar\u00e1 (Guarda FC) e Jo\u00e3o Nuno (SC R\u00e9gua).","og_url":"https:\/\/portaltela.pt\/noticias\/2026\/02\/21\/goleadores-do-futebol-distrital-cruzaram-caminhos-com-nesta-e-bas-dost\/","og_site_name":"Portal Tela Portugal","article_published_time":"2026-02-21T10:35:00+00:00","author":"Telinha","twitter_card":"summary_large_image","twitter_misc":{"Escrito por":"Telinha","Tempo estimado de leitura":"1 minuto"},"schema":{"@context":"https:\/\/schema.org","@graph":[{"@type":"Article","@id":"https:\/\/portaltela.pt\/noticias\/2026\/02\/21\/goleadores-do-futebol-distrital-cruzaram-caminhos-com-nesta-e-bas-dost\/#article","isPartOf":{"@id":"https:\/\/portaltela.pt\/noticias\/2026\/02\/21\/goleadores-do-futebol-distrital-cruzaram-caminhos-com-nesta-e-bas-dost\/"},"author":{"name":"Telinha","@id":"https:\/\/portaltela.pt\/#\/schema\/person\/c4278d4a6028830caff9ee44b42d32ed"},"headline":"Goleadores do futebol distrital cruzaram caminhos com Nesta e Bas Dost","datePublished":"2026-02-21T10:35:00+00:00","mainEntityOfPage":{"@id":"https:\/\/portaltela.pt\/noticias\/2026\/02\/21\/goleadores-do-futebol-distrital-cruzaram-caminhos-com-nesta-e-bas-dost\/"},"wordCount":261,"image":{"@id":"https:\/\/portaltela.pt\/noticias\/2026\/02\/21\/goleadores-do-futebol-distrital-cruzaram-caminhos-com-nesta-e-bas-dost\/#primaryimage"},"thumbnailUrl":"https:\/\/portaltela.pt\/s.01k8rhncp4jt1\/2026\/02\/image-1554.jpg","keywords":["Aveiro","desporto","futebol","Guarda","Ovar","R\u00e9gua"],"articleSection":["Desporto","Futebol"],"inLanguage":"pt-PT"},{"@type":"WebPage","@id":"https:\/\/portaltela.pt\/noticias\/2026\/02\/21\/goleadores-do-futebol-distrital-cruzaram-caminhos-com-nesta-e-bas-dost\/","url":"https:\/\/portaltela.pt\/noticias\/2026\/02\/21\/goleadores-do-futebol-distrital-cruzaram-caminhos-com-nesta-e-bas-dost\/","name":"Goleadores do futebol distrital cruzaram caminhos com Nesta e Bas Dost - Portal Tela Portugal","isPartOf":{"@id":"https:\/\/portaltela.pt\/#website"},"primaryImageOfPage":{"@id":"https:\/\/portaltela.pt\/noticias\/2026\/02\/21\/goleadores-do-futebol-distrital-cruzaram-caminhos-com-nesta-e-bas-dost\/#primaryimage"},"image":{"@id":"https:\/\/portaltela.pt\/noticias\/2026\/02\/21\/goleadores-do-futebol-distrital-cruzaram-caminhos-com-nesta-e-bas-dost\/#primaryimage"},"thumbnailUrl":"https:\/\/portaltela.pt\/s.01k8rhncp4jt1\/2026\/02\/image-1554.jpg","datePublished":"2026-02-21T10:35:00+00:00","author":{"@id":"https:\/\/portaltela.pt\/#\/schema\/person\/c4278d4a6028830caff9ee44b42d32ed"},"breadcrumb":{"@id":"https:\/\/portaltela.pt\/noticias\/2026\/02\/21\/goleadores-do-futebol-distrital-cruzaram-caminhos-com-nesta-e-bas-dost\/#breadcrumb"},"inLanguage":"pt-PT","potentialAction":[{"@type":"ReadAction","target":["https:\/\/portaltela.pt\/noticias\/2026\/02\/21\/goleadores-do-futebol-distrital-cruzaram-caminhos-com-nesta-e-bas-dost\/"]}]},{"@type":"ImageObject","inLanguage":"pt-PT","@id":"https:\/\/portaltela.pt\/noticias\/2026\/02\/21\/goleadores-do-futebol-distrital-cruzaram-caminhos-com-nesta-e-bas-dost\/#primaryimage","url":"https:\/\/portaltela.pt\/s.01k8rhncp4jt1\/2026\/02\/image-1554.jpg","contentUrl":"https:\/\/portaltela.pt\/s.01k8rhncp4jt1\/2026\/02\/image-1554.jpg","width":796,"height":448,"caption":"M\u00e1rio Correia tem 23 golos ao servi\u00e7o da Ovarense"},{"@type":"BreadcrumbList","@id":"https:\/\/portaltela.pt\/noticias\/2026\/02\/21\/goleadores-do-futebol-distrital-cruzaram-caminhos-com-nesta-e-bas-dost\/#breadcrumb","itemListElement":[{"@type":"ListItem","position":1,"name":"In\u00edcio","item":"https:\/\/portaltela.pt\/"},{"@type":"ListItem","position":2,"name":"Goleadores do futebol distrital cruzaram caminhos com Nesta e Bas Dost"}]},{"@type":"WebSite","@id":"https:\/\/portaltela.pt\/#website","url":"https:\/\/portaltela.pt\/","name":"Portal Tela Portugal","description":"","potentialAction":[{"@type":"SearchAction","target":{"@type":"EntryPoint","urlTemplate":"https:\/\/portaltela.pt\/?s={search_term_string}"},"query-input":{"@type":"PropertyValueSpecification","valueRequired":true,"valueName":"search_term_string"}}],"inLanguage":"pt-PT"},{"@type":"Person","@id":"https:\/\/portaltela.pt\/#\/schema\/person\/c4278d4a6028830caff9ee44b42d32ed","name":"Telinha","image":{"@type":"ImageObject","inLanguage":"pt-PT","@id":"https:\/\/portaltela.pt\/s.01k8rhncp4jt1\/2025\/11\/talking-bot-125x125.png","url":"https:\/\/portaltela.pt\/s.01k8rhncp4jt1\/2025\/11\/talking-bot-125x125.png","contentUrl":"https:\/\/portaltela.pt\/s.01k8rhncp4jt1\/2025\/11\/talking-bot-125x125.png","caption":"Telinha"},"sameAs":["https:\/\/portaltela.pt\/"],"url":"https:\/\/portaltela.pt\/por\/367410592786\/"}]}},"_links":{"self":[{"href":"https:\/\/portaltela.pt\/api\/wp\/v2\/posts\/220427","targetHints":{"allow":["GET"]}}],"collection":[{"href":"https:\/\/portaltela.pt\/api\/wp\/v2\/posts"}],"about":[{"href":"https:\/\/portaltela.pt\/api\/wp\/v2\/types\/post"}],"author":[{"embeddable":true,"href":"https:\/\/portaltela.pt\/api\/wp\/v2\/users\/2"}],"replies":[{"embeddable":true,"href":"https:\/\/portaltela.pt\/api\/wp\/v2\/comments?post=220427"}],"version-history":[{"count":0,"href":"https:\/\/portaltela.pt\/api\/wp\/v2\/posts\/220427\/revisions"}],"wp:featuredmedia":[{"embeddable":true,"href":"https:\/\/portaltela.pt\/api\/wp\/v2\/media\/220434"}],"wp:attachment":[{"href":"https:\/\/portaltela.pt\/api\/wp\/v2\/media?parent=220427"}],"wp:term":[{"taxonomy":"category","embeddable":true,"href":"https:\/\/portaltela.pt\/api\/wp\/v2\/categories?post=220427"},{"taxonomy":"post_tag","embeddable":true,"href":"https:\/\/portaltela.pt\/api\/wp\/v2\/tags?post=220427"}],"curies":[{"name":"wp","href":"https:\/\/api.w.org\/{rel}","templated":true}]}}