{"id":220424,"date":"2026-02-21T07:39:00","date_gmt":"2026-02-21T10:39:00","guid":{"rendered":"https:\/\/portaltela.pt\/noticias\/2026\/02\/21\/meteorologia-transito-e-tempo-dificultam-o-trabalho-de-estafetas\/"},"modified":"2026-02-21T07:39:00","modified_gmt":"2026-02-21T10:39:00","slug":"meteorologia-transito-e-tempo-dificultam-o-trabalho-de-estafetas","status":"publish","type":"post","link":"https:\/\/portaltela.pt\/noticias\/2026\/02\/21\/meteorologia-transito-e-tempo-dificultam-o-trabalho-de-estafetas\/","title":{"rendered":"Meteorologia, tr\u00e2nsito e tempo dificultam o trabalho de estafetas"},"content":{"rendered":"<p>Um estafeta da DHL Express, em Braga, descreve os principais obst\u00e1culos di\u00e1rios que condicionam as entregas. O relato refor\u00e7a que o ritmo \u00e9 consequ\u00eancia direta do tr\u00e2nsito e das condicionantes meteorol\u00f3gicas. O objetivo \u00e9 cumprir o tempo de entrega.<\/p>\n<p>M\u00e1rio Monteiro, com 27 anos de experi\u00eancia, aponta que a constante press\u00e3o \u00e9 alimentada pela combina\u00e7\u00e3o entre vias congestionadas e altera\u00e7\u00f5es do tempo. As condi\u00e7\u00f5es adversas aumentam a complexidade do planeamento de rotas e de prazos.<\/p>\n<p>O stress associado ao servi\u00e7o s\u00f3 desaparece ao final do turno, quando o estafeta regressa \u00e0 base. A import\u00e2ncia do regresso seguro \u00e9 destacada como fator-chave para a satisfa\u00e7\u00e3o com o dever cumprido. Foto: Leonel de Castro, Braga.<\/p>\n<h3>Desafios log\u00edsticos<\/h3>\n<p>As dificuldades come\u00e7am com a organiza\u00e7\u00e3o das entregas ao longo do dia. Local de opera\u00e7\u00e3o, hor\u00e1rios de pico e geografia urbana influenciam o desempenho da equipa.<\/p>\n<h3>Perspectiva profissional<\/h3>\n<p>O testemunho de M\u00e1rio ilustra a persist\u00eancia de quem trabalha em entregas r\u00e1pidas. A prioridade \u00e9 manter a confiabilidade das entregas, mesmo diante de imprevistos meteorol\u00f3gicos e de tr\u00e2nsito.<\/p>\n","protected":false},"excerpt":{"rendered":"<ul>\n<li>Meteorologia, tr\u00e2nsito e tempo s\u00e3o os maiores inimigos dos estafetas, dificultando as entregas no tempo desejado.<\/li>\n<li>O desafio di\u00e1rio \u00e9 partilhado por M\u00e1rio Monteiro, estafeta da DHL Express h\u00e1 27 anos.<\/li>\n<li>O stress apenas desaparece no final do dia, quando o trabalhador regressa \u00e0 base.<\/li>\n<li>A not\u00edcia mostra que o esfor\u00e7o \u00e9 centrado na cumprir prazos e concluir as entregas com sucesso.<\/li>\n<\/ul>\n","protected":false},"author":2,"featured_media":220431,"comment_status":"closed","ping_status":"closed","sticky":false,"template":"","format":"standard","meta":{"footnotes":""},"categories":[1],"tags":[1207,4216,3983,961,4364,1629],"class_list":["post-220424","post","type-post","status-publish","format-standard","has-post-thumbnail","hentry","category-noticias","tag-braga","tag-condicoes-de-transito","tag-entregas","tag-logistica","tag-meteorologia","tag-transito"],"yoast_head":"<!-- This site is optimized with the Yoast SEO plugin v27.2 - https:\/\/yoast.com\/product\/yoast-seo-wordpress\/ -->\n<title>Meteorologia, tr\u00e2nsito e tempo dificultam o trabalho de estafetas - Portal Tela Portugal<\/title>\n<meta name=\"robots\" content=\"index, follow, max-snippet:-1, max-image-preview:large, max-video-preview:-1\" \/>\n<meta property=\"og:locale\" content=\"pt_PT\" \/>\n<meta property=\"og:type\" content=\"article\" \/>\n<meta property=\"og:title\" content=\"Meteorologia, tr\u00e2nsito e tempo dificultam o trabalho de estafetas - Portal Tela Portugal\" \/>\n<meta property=\"og:description\" content=\"Meteorologia, tr\u00e2nsito e tempo s\u00e3o os maiores inimigos dos estafetas, dificultando as entregas no tempo desejado. O desafio di\u00e1rio \u00e9 partilhado por M\u00e1rio Monteiro, estafeta da DHL Express h\u00e1 27 anos. O stress apenas desaparece no final do dia, quando o trabalhador regressa \u00e0 base. A not\u00edcia mostra que o esfor\u00e7o \u00e9 centrado na cumprir prazos e concluir as entregas com sucesso.\" \/>\n<meta property=\"og:url\" content=\"https:\/\/portaltela.pt\/noticias\/2026\/02\/21\/meteorologia-transito-e-tempo-dificultam-o-trabalho-de-estafetas\/\" \/>\n<meta property=\"og:site_name\" content=\"Portal Tela Portugal\" \/>\n<meta property=\"article:published_time\" content=\"2026-02-21T10:39:00+00:00\" \/>\n<meta name=\"author\" content=\"Telinha\" \/>\n<meta name=\"twitter:card\" content=\"summary_large_image\" \/>\n<meta name=\"twitter:label1\" content=\"Escrito por\" \/>\n\t<meta name=\"twitter:data1\" content=\"Telinha\" \/>\n\t<meta name=\"twitter:label2\" content=\"Tempo estimado de leitura\" \/>\n\t<meta name=\"twitter:data2\" content=\"1 minuto\" \/>\n<script type=\"application\/ld+json\" class=\"yoast-schema-graph\">{\"@context\":\"https:\/\/schema.org\",\"@graph\":[{\"@type\":\"Article\",\"@id\":\"https:\/\/portaltela.pt\/noticias\/2026\/02\/21\/meteorologia-transito-e-tempo-dificultam-o-trabalho-de-estafetas\/#article\",\"isPartOf\":{\"@id\":\"https:\/\/portaltela.pt\/noticias\/2026\/02\/21\/meteorologia-transito-e-tempo-dificultam-o-trabalho-de-estafetas\/\"},\"author\":{\"name\":\"Telinha\",\"@id\":\"https:\/\/portaltela.pt\/#\/schema\/person\/c4278d4a6028830caff9ee44b42d32ed\"},\"headline\":\"Meteorologia, tr\u00e2nsito e tempo dificultam o trabalho de estafetas\",\"datePublished\":\"2026-02-21T10:39:00+00:00\",\"mainEntityOfPage\":{\"@id\":\"https:\/\/portaltela.pt\/noticias\/2026\/02\/21\/meteorologia-transito-e-tempo-dificultam-o-trabalho-de-estafetas\/\"},\"wordCount\":200,\"image\":{\"@id\":\"https:\/\/portaltela.pt\/noticias\/2026\/02\/21\/meteorologia-transito-e-tempo-dificultam-o-trabalho-de-estafetas\/#primaryimage\"},\"thumbnailUrl\":\"https:\/\/portaltela.pt\/s.01k8rhncp4jt1\/2026\/02\/image-1553.jpg\",\"keywords\":[\"Braga\",\"condi\u00e7\u00f5es de tr\u00e2nsito\",\"entregas\",\"Log\u00edstica\",\"meteorologia\",\"tr\u00e2nsito\"],\"articleSection\":[\"Not\u00edcias\"],\"inLanguage\":\"pt-PT\"},{\"@type\":\"WebPage\",\"@id\":\"https:\/\/portaltela.pt\/noticias\/2026\/02\/21\/meteorologia-transito-e-tempo-dificultam-o-trabalho-de-estafetas\/\",\"url\":\"https:\/\/portaltela.pt\/noticias\/2026\/02\/21\/meteorologia-transito-e-tempo-dificultam-o-trabalho-de-estafetas\/\",\"name\":\"Meteorologia, tr\u00e2nsito e tempo dificultam o trabalho de estafetas - Portal Tela Portugal\",\"isPartOf\":{\"@id\":\"https:\/\/portaltela.pt\/#website\"},\"primaryImageOfPage\":{\"@id\":\"https:\/\/portaltela.pt\/noticias\/2026\/02\/21\/meteorologia-transito-e-tempo-dificultam-o-trabalho-de-estafetas\/#primaryimage\"},\"image\":{\"@id\":\"https:\/\/portaltela.pt\/noticias\/2026\/02\/21\/meteorologia-transito-e-tempo-dificultam-o-trabalho-de-estafetas\/#primaryimage\"},\"thumbnailUrl\":\"https:\/\/portaltela.pt\/s.01k8rhncp4jt1\/2026\/02\/image-1553.jpg\",\"datePublished\":\"2026-02-21T10:39:00+00:00\",\"author\":{\"@id\":\"https:\/\/portaltela.pt\/#\/schema\/person\/c4278d4a6028830caff9ee44b42d32ed\"},\"breadcrumb\":{\"@id\":\"https:\/\/portaltela.pt\/noticias\/2026\/02\/21\/meteorologia-transito-e-tempo-dificultam-o-trabalho-de-estafetas\/#breadcrumb\"},\"inLanguage\":\"pt-PT\",\"potentialAction\":[{\"@type\":\"ReadAction\",\"target\":[\"https:\/\/portaltela.pt\/noticias\/2026\/02\/21\/meteorologia-transito-e-tempo-dificultam-o-trabalho-de-estafetas\/\"]}]},{\"@type\":\"ImageObject\",\"inLanguage\":\"pt-PT\",\"@id\":\"https:\/\/portaltela.pt\/noticias\/2026\/02\/21\/meteorologia-transito-e-tempo-dificultam-o-trabalho-de-estafetas\/#primaryimage\",\"url\":\"https:\/\/portaltela.pt\/s.01k8rhncp4jt1\/2026\/02\/image-1553.jpg\",\"contentUrl\":\"https:\/\/portaltela.pt\/s.01k8rhncp4jt1\/2026\/02\/image-1553.jpg\",\"width\":796,\"height\":448,\"caption\":\"M\u00e1rio entrega uma encomenda em Braga\"},{\"@type\":\"BreadcrumbList\",\"@id\":\"https:\/\/portaltela.pt\/noticias\/2026\/02\/21\/meteorologia-transito-e-tempo-dificultam-o-trabalho-de-estafetas\/#breadcrumb\",\"itemListElement\":[{\"@type\":\"ListItem\",\"position\":1,\"name\":\"In\u00edcio\",\"item\":\"https:\/\/portaltela.pt\/\"},{\"@type\":\"ListItem\",\"position\":2,\"name\":\"Meteorologia, tr\u00e2nsito e tempo dificultam o trabalho de estafetas\"}]},{\"@type\":\"WebSite\",\"@id\":\"https:\/\/portaltela.pt\/#website\",\"url\":\"https:\/\/portaltela.pt\/\",\"name\":\"Portal Tela Portugal\",\"description\":\"\",\"potentialAction\":[{\"@type\":\"SearchAction\",\"target\":{\"@type\":\"EntryPoint\",\"urlTemplate\":\"https:\/\/portaltela.pt\/?s={search_term_string}\"},\"query-input\":{\"@type\":\"PropertyValueSpecification\",\"valueRequired\":true,\"valueName\":\"search_term_string\"}}],\"inLanguage\":\"pt-PT\"},{\"@type\":\"Person\",\"@id\":\"https:\/\/portaltela.pt\/#\/schema\/person\/c4278d4a6028830caff9ee44b42d32ed\",\"name\":\"Telinha\",\"image\":{\"@type\":\"ImageObject\",\"inLanguage\":\"pt-PT\",\"@id\":\"https:\/\/portaltela.pt\/s.01k8rhncp4jt1\/2025\/11\/talking-bot-125x125.png\",\"url\":\"https:\/\/portaltela.pt\/s.01k8rhncp4jt1\/2025\/11\/talking-bot-125x125.png\",\"contentUrl\":\"https:\/\/portaltela.pt\/s.01k8rhncp4jt1\/2025\/11\/talking-bot-125x125.png\",\"caption\":\"Telinha\"},\"sameAs\":[\"https:\/\/portaltela.pt\/\"],\"url\":\"https:\/\/portaltela.pt\/por\/367410592786\/\"}]}<\/script>\n<!-- \/ Yoast SEO plugin. -->","yoast_head_json":{"title":"Meteorologia, tr\u00e2nsito e tempo dificultam o trabalho de estafetas - Portal Tela Portugal","robots":{"index":"index","follow":"follow","max-snippet":"max-snippet:-1","max-image-preview":"max-image-preview:large","max-video-preview":"max-video-preview:-1"},"og_locale":"pt_PT","og_type":"article","og_title":"Meteorologia, tr\u00e2nsito e tempo dificultam o trabalho de estafetas - Portal Tela Portugal","og_description":"Meteorologia, tr\u00e2nsito e tempo s\u00e3o os maiores inimigos dos estafetas, dificultando as entregas no tempo desejado. O desafio di\u00e1rio \u00e9 partilhado por M\u00e1rio Monteiro, estafeta da DHL Express h\u00e1 27 anos. O stress apenas desaparece no final do dia, quando o trabalhador regressa \u00e0 base. A not\u00edcia mostra que o esfor\u00e7o \u00e9 centrado na cumprir prazos e concluir as entregas com sucesso.","og_url":"https:\/\/portaltela.pt\/noticias\/2026\/02\/21\/meteorologia-transito-e-tempo-dificultam-o-trabalho-de-estafetas\/","og_site_name":"Portal Tela Portugal","article_published_time":"2026-02-21T10:39:00+00:00","author":"Telinha","twitter_card":"summary_large_image","twitter_misc":{"Escrito por":"Telinha","Tempo estimado de leitura":"1 minuto"},"schema":{"@context":"https:\/\/schema.org","@graph":[{"@type":"Article","@id":"https:\/\/portaltela.pt\/noticias\/2026\/02\/21\/meteorologia-transito-e-tempo-dificultam-o-trabalho-de-estafetas\/#article","isPartOf":{"@id":"https:\/\/portaltela.pt\/noticias\/2026\/02\/21\/meteorologia-transito-e-tempo-dificultam-o-trabalho-de-estafetas\/"},"author":{"name":"Telinha","@id":"https:\/\/portaltela.pt\/#\/schema\/person\/c4278d4a6028830caff9ee44b42d32ed"},"headline":"Meteorologia, tr\u00e2nsito e tempo dificultam o trabalho de estafetas","datePublished":"2026-02-21T10:39:00+00:00","mainEntityOfPage":{"@id":"https:\/\/portaltela.pt\/noticias\/2026\/02\/21\/meteorologia-transito-e-tempo-dificultam-o-trabalho-de-estafetas\/"},"wordCount":200,"image":{"@id":"https:\/\/portaltela.pt\/noticias\/2026\/02\/21\/meteorologia-transito-e-tempo-dificultam-o-trabalho-de-estafetas\/#primaryimage"},"thumbnailUrl":"https:\/\/portaltela.pt\/s.01k8rhncp4jt1\/2026\/02\/image-1553.jpg","keywords":["Braga","condi\u00e7\u00f5es de tr\u00e2nsito","entregas","Log\u00edstica","meteorologia","tr\u00e2nsito"],"articleSection":["Not\u00edcias"],"inLanguage":"pt-PT"},{"@type":"WebPage","@id":"https:\/\/portaltela.pt\/noticias\/2026\/02\/21\/meteorologia-transito-e-tempo-dificultam-o-trabalho-de-estafetas\/","url":"https:\/\/portaltela.pt\/noticias\/2026\/02\/21\/meteorologia-transito-e-tempo-dificultam-o-trabalho-de-estafetas\/","name":"Meteorologia, tr\u00e2nsito e tempo dificultam o trabalho de estafetas - Portal Tela Portugal","isPartOf":{"@id":"https:\/\/portaltela.pt\/#website"},"primaryImageOfPage":{"@id":"https:\/\/portaltela.pt\/noticias\/2026\/02\/21\/meteorologia-transito-e-tempo-dificultam-o-trabalho-de-estafetas\/#primaryimage"},"image":{"@id":"https:\/\/portaltela.pt\/noticias\/2026\/02\/21\/meteorologia-transito-e-tempo-dificultam-o-trabalho-de-estafetas\/#primaryimage"},"thumbnailUrl":"https:\/\/portaltela.pt\/s.01k8rhncp4jt1\/2026\/02\/image-1553.jpg","datePublished":"2026-02-21T10:39:00+00:00","author":{"@id":"https:\/\/portaltela.pt\/#\/schema\/person\/c4278d4a6028830caff9ee44b42d32ed"},"breadcrumb":{"@id":"https:\/\/portaltela.pt\/noticias\/2026\/02\/21\/meteorologia-transito-e-tempo-dificultam-o-trabalho-de-estafetas\/#breadcrumb"},"inLanguage":"pt-PT","potentialAction":[{"@type":"ReadAction","target":["https:\/\/portaltela.pt\/noticias\/2026\/02\/21\/meteorologia-transito-e-tempo-dificultam-o-trabalho-de-estafetas\/"]}]},{"@type":"ImageObject","inLanguage":"pt-PT","@id":"https:\/\/portaltela.pt\/noticias\/2026\/02\/21\/meteorologia-transito-e-tempo-dificultam-o-trabalho-de-estafetas\/#primaryimage","url":"https:\/\/portaltela.pt\/s.01k8rhncp4jt1\/2026\/02\/image-1553.jpg","contentUrl":"https:\/\/portaltela.pt\/s.01k8rhncp4jt1\/2026\/02\/image-1553.jpg","width":796,"height":448,"caption":"M\u00e1rio entrega uma encomenda em Braga"},{"@type":"BreadcrumbList","@id":"https:\/\/portaltela.pt\/noticias\/2026\/02\/21\/meteorologia-transito-e-tempo-dificultam-o-trabalho-de-estafetas\/#breadcrumb","itemListElement":[{"@type":"ListItem","position":1,"name":"In\u00edcio","item":"https:\/\/portaltela.pt\/"},{"@type":"ListItem","position":2,"name":"Meteorologia, tr\u00e2nsito e tempo dificultam o trabalho de estafetas"}]},{"@type":"WebSite","@id":"https:\/\/portaltela.pt\/#website","url":"https:\/\/portaltela.pt\/","name":"Portal Tela Portugal","description":"","potentialAction":[{"@type":"SearchAction","target":{"@type":"EntryPoint","urlTemplate":"https:\/\/portaltela.pt\/?s={search_term_string}"},"query-input":{"@type":"PropertyValueSpecification","valueRequired":true,"valueName":"search_term_string"}}],"inLanguage":"pt-PT"},{"@type":"Person","@id":"https:\/\/portaltela.pt\/#\/schema\/person\/c4278d4a6028830caff9ee44b42d32ed","name":"Telinha","image":{"@type":"ImageObject","inLanguage":"pt-PT","@id":"https:\/\/portaltela.pt\/s.01k8rhncp4jt1\/2025\/11\/talking-bot-125x125.png","url":"https:\/\/portaltela.pt\/s.01k8rhncp4jt1\/2025\/11\/talking-bot-125x125.png","contentUrl":"https:\/\/portaltela.pt\/s.01k8rhncp4jt1\/2025\/11\/talking-bot-125x125.png","caption":"Telinha"},"sameAs":["https:\/\/portaltela.pt\/"],"url":"https:\/\/portaltela.pt\/por\/367410592786\/"}]}},"_links":{"self":[{"href":"https:\/\/portaltela.pt\/api\/wp\/v2\/posts\/220424","targetHints":{"allow":["GET"]}}],"collection":[{"href":"https:\/\/portaltela.pt\/api\/wp\/v2\/posts"}],"about":[{"href":"https:\/\/portaltela.pt\/api\/wp\/v2\/types\/post"}],"author":[{"embeddable":true,"href":"https:\/\/portaltela.pt\/api\/wp\/v2\/users\/2"}],"replies":[{"embeddable":true,"href":"https:\/\/portaltela.pt\/api\/wp\/v2\/comments?post=220424"}],"version-history":[{"count":0,"href":"https:\/\/portaltela.pt\/api\/wp\/v2\/posts\/220424\/revisions"}],"wp:featuredmedia":[{"embeddable":true,"href":"https:\/\/portaltela.pt\/api\/wp\/v2\/media\/220431"}],"wp:attachment":[{"href":"https:\/\/portaltela.pt\/api\/wp\/v2\/media?parent=220424"}],"wp:term":[{"taxonomy":"category","embeddable":true,"href":"https:\/\/portaltela.pt\/api\/wp\/v2\/categories?post=220424"},{"taxonomy":"post_tag","embeddable":true,"href":"https:\/\/portaltela.pt\/api\/wp\/v2\/tags?post=220424"}],"curies":[{"name":"wp","href":"https:\/\/api.w.org\/{rel}","templated":true}]}}